{"id":46775,"date":"2024-04-30T05:20:36","date_gmt":"2024-04-30T05:20:36","guid":{"rendered":"https:\/\/continuamosmx.com\/?p=46775"},"modified":"2024-04-30T05:20:37","modified_gmt":"2024-04-30T05:20:37","slug":"juana-carrillo-se-compromete-a-fortalecer-seguridad-ciudadana","status":"publish","type":"post","link":"https:\/\/continuamosmx.com\/index.php\/2024\/04\/30\/juana-carrillo-se-compromete-a-fortalecer-seguridad-ciudadana\/","title":{"rendered":"JUANA CARRILLO SE COMPROMETE A FORTALECER SEGURIDAD CIUDADANA"},"content":{"rendered":"\n<p><strong>*Adem\u00e1s buscar\u00e1 erradicar la corrupci\u00f3n que permea a la instituci\u00f3n que est\u00e1 a las \u00f3rdenes de Aldo Ledezma.<\/strong><\/p>\n\n\n\n<p>Por Jorge Contreras<\/p>\n\n\n\n<p>CUAUTITL\u00c1N, M\u00e9x.- En un encuentro con los residentes del fraccionamiento Los Morales, la candidata a la presidencia municipal de la \u00abTierra de Juan Diego\u00bb, por el partido Morena, Juana Carrillo Luna, reafirm\u00f3 su compromiso firme con la seguridad de los ciudadanos.<\/p>\n\n\n\n<p>Carrillo Luna destac\u00f3 la urgente necesidad de mejorar las condiciones laborales de la polic\u00eda local, as\u00ed como garantizar salarios justos y una capacitaci\u00f3n continua para los agentes.<\/p>\n\n\n\n<p>Asimismo, subray\u00f3 su determinaci\u00f3n para erradicar la corrupci\u00f3n dentro de la polic\u00eda municipal, concentrando los recursos del municipio en estrategias de prevenci\u00f3n del delito.<\/p>\n\n\n\n<p>Como medida innovadora, la candidata present\u00f3 la aplicaci\u00f3n C.U.I.D.A.R-TEG (Centro de mando \u00danico Integral de Articulaci\u00f3n Respaldado por Tecnolog\u00eda Georeferenciada), que promete ofrecer una respuesta inmediata a emergencias y mejorar la comunicaci\u00f3n entre los ciudadanos y las autoridades locales. Adem\u00e1s, esta aplicaci\u00f3n permitir\u00e1 la supervisi\u00f3n y control de la actuaci\u00f3n de los elementos de seguridad p\u00fablica.<\/p>\n\n\n\n<p>En un esfuerzo por proteger a las mujeres, Carrillo propuso la implementaci\u00f3n de corredores seguros en la ciudad.<\/p>\n\n\n\n<p>Con estas propuestas s\u00f3lidas y su compromiso firme con el cambio, Juanita Carrillo busca llevar a Cuautitl\u00e1n hacia un futuro de seguridad y prosperidad para todos sus habitantes.<\/p>\n","protected":false},"excerpt":{"rendered":"<p>*Adem\u00e1s buscar\u00e1 erradicar la corrupci\u00f3n que permea a la instituci\u00f3n que est\u00e1 a las \u00f3rdenes de Aldo Ledezma. Por Jorge Contreras CUAUTITL\u00c1N, M\u00e9x.- En un encuentro con los residentes del fraccionamiento Los Morales, la candidata a la presidencia municipal de la \u00abTierra de Juan Diego\u00bb, por el partido Morena, Juana Carrillo Luna, reafirm\u00f3 su compromiso [&hellip;]<\/p>\n","protected":false},"author":6,"featured_media":46776,"comment_status":"open","ping_status":"open","sticky":false,"template":"","format":"standard","meta":{"footnotes":""},"categories":[29,4],"tags":[],"class_list":["post-46775","post","type-post","status-publish","format-standard","has-post-thumbnail","hentry","category-cuautitlan","category-locales"],"yoast_head":"<!-- This site is optimized with the Yoast SEO plugin v27.5 - https:\/\/yoast.com\/product\/yoast-seo-wordpress\/ -->\n<title>JUANA CARRILLO SE COMPROMETE A FORTALECER SEGURIDAD CIUDADANA -<\/title>\n<meta name=\"robots\" content=\"index, follow, max-snippet:-1, max-image-preview:large, max-video-preview:-1\" \/>\n<link rel=\"canonical\" href=\"https:\/\/continuamosmx.com\/index.php\/2024\/04\/30\/juana-carrillo-se-compromete-a-fortalecer-seguridad-ciudadana\/\" \/>\n<meta property=\"og:locale\" content=\"es_ES\" \/>\n<meta property=\"og:type\" content=\"article\" \/>\n<meta property=\"og:title\" content=\"JUANA CARRILLO SE COMPROMETE A FORTALECER SEGURIDAD CIUDADANA -\" \/>\n<meta property=\"og:description\" content=\"*Adem\u00e1s buscar\u00e1 erradicar la corrupci\u00f3n que permea a la instituci\u00f3n que est\u00e1 a las \u00f3rdenes de Aldo Ledezma. Por Jorge Contreras CUAUTITL\u00c1N, M\u00e9x.- En un encuentro con los residentes del fraccionamiento Los Morales, la candidata a la presidencia municipal de la \u00abTierra de Juan Diego\u00bb, por el partido Morena, Juana Carrillo Luna, reafirm\u00f3 su compromiso [&hellip;]\" \/>\n<meta property=\"og:url\" content=\"https:\/\/continuamosmx.com\/index.php\/2024\/04\/30\/juana-carrillo-se-compromete-a-fortalecer-seguridad-ciudadana\/\" \/>\n<meta property=\"article:published_time\" content=\"2024-04-30T05:20:36+00:00\" \/>\n<meta property=\"article:modified_time\" content=\"2024-04-30T05:20:37+00:00\" \/>\n<meta property=\"og:image\" content=\"https:\/\/continuamosmx.com\/wp-content\/uploads\/2024\/04\/juacuau.jpg\" \/>\n\t<meta property=\"og:image:width\" content=\"1280\" \/>\n\t<meta property=\"og:image:height\" content=\"853\" \/>\n\t<meta property=\"og:image:type\" content=\"image\/jpeg\" \/>\n<meta name=\"author\" content=\"Continuamos MX\" \/>\n<meta name=\"twitter:card\" content=\"summary_large_image\" \/>\n<meta name=\"twitter:label1\" content=\"Escrito por\" \/>\n\t<meta name=\"twitter:data1\" content=\"Continuamos MX\" \/>\n\t<meta name=\"twitter:label2\" content=\"Tiempo de lectura\" \/>\n\t<meta name=\"twitter:data2\" content=\"1 minuto\" \/>\n<script type=\"application\/ld+json\" class=\"yoast-schema-graph\">{\"@context\":\"https:\\\/\\\/schema.org\",\"@graph\":[{\"@type\":\"Article\",\"@id\":\"https:\\\/\\\/continuamosmx.com\\\/index.php\\\/2024\\\/04\\\/30\\\/juana-carrillo-se-compromete-a-fortalecer-seguridad-ciudadana\\\/#article\",\"isPartOf\":{\"@id\":\"https:\\\/\\\/continuamosmx.com\\\/index.php\\\/2024\\\/04\\\/30\\\/juana-carrillo-se-compromete-a-fortalecer-seguridad-ciudadana\\\/\"},\"author\":{\"name\":\"Continuamos MX\",\"@id\":\"https:\\\/\\\/continuamosmx.com\\\/#\\\/schema\\\/person\\\/5eb5356acb1fad784da407d14f0e8d89\"},\"headline\":\"JUANA CARRILLO SE COMPROMETE A FORTALECER SEGURIDAD CIUDADANA\",\"datePublished\":\"2024-04-30T05:20:36+00:00\",\"dateModified\":\"2024-04-30T05:20:37+00:00\",\"mainEntityOfPage\":{\"@id\":\"https:\\\/\\\/continuamosmx.com\\\/index.php\\\/2024\\\/04\\\/30\\\/juana-carrillo-se-compromete-a-fortalecer-seguridad-ciudadana\\\/\"},\"wordCount\":252,\"commentCount\":0,\"publisher\":{\"@id\":\"https:\\\/\\\/continuamosmx.com\\\/#organization\"},\"image\":{\"@id\":\"https:\\\/\\\/continuamosmx.com\\\/index.php\\\/2024\\\/04\\\/30\\\/juana-carrillo-se-compromete-a-fortalecer-seguridad-ciudadana\\\/#primaryimage\"},\"thumbnailUrl\":\"https:\\\/\\\/continuamosmx.com\\\/wp-content\\\/uploads\\\/2024\\\/04\\\/juacuau.jpg\",\"articleSection\":[\"CUAUTITL\u00c1N\",\"LOCALES\"],\"inLanguage\":\"es\"},{\"@type\":\"WebPage\",\"@id\":\"https:\\\/\\\/continuamosmx.com\\\/index.php\\\/2024\\\/04\\\/30\\\/juana-carrillo-se-compromete-a-fortalecer-seguridad-ciudadana\\\/\",\"url\":\"https:\\\/\\\/continuamosmx.com\\\/index.php\\\/2024\\\/04\\\/30\\\/juana-carrillo-se-compromete-a-fortalecer-seguridad-ciudadana\\\/\",\"name\":\"JUANA CARRILLO SE COMPROMETE A FORTALECER SEGURIDAD CIUDADANA -\",\"isPartOf\":{\"@id\":\"https:\\\/\\\/continuamosmx.com\\\/#website\"},\"primaryImageOfPage\":{\"@id\":\"https:\\\/\\\/continuamosmx.com\\\/index.php\\\/2024\\\/04\\\/30\\\/juana-carrillo-se-compromete-a-fortalecer-seguridad-ciudadana\\\/#primaryimage\"},\"image\":{\"@id\":\"https:\\\/\\\/continuamosmx.com\\\/index.php\\\/2024\\\/04\\\/30\\\/juana-carrillo-se-compromete-a-fortalecer-seguridad-ciudadana\\\/#primaryimage\"},\"thumbnailUrl\":\"https:\\\/\\\/continuamosmx.com\\\/wp-content\\\/uploads\\\/2024\\\/04\\\/juacuau.jpg\",\"datePublished\":\"2024-04-30T05:20:36+00:00\",\"dateModified\":\"2024-04-30T05:20:37+00:00\",\"breadcrumb\":{\"@id\":\"https:\\\/\\\/continuamosmx.com\\\/index.php\\\/2024\\\/04\\\/30\\\/juana-carrillo-se-compromete-a-fortalecer-seguridad-ciudadana\\\/#breadcrumb\"},\"inLanguage\":\"es\",\"potentialAction\":[{\"@type\":\"ReadAction\",\"target\":[\"https:\\\/\\\/continuamosmx.com\\\/index.php\\\/2024\\\/04\\\/30\\\/juana-carrillo-se-compromete-a-fortalecer-seguridad-ciudadana\\\/\"]}]},{\"@type\":\"ImageObject\",\"inLanguage\":\"es\",\"@id\":\"https:\\\/\\\/continuamosmx.com\\\/index.php\\\/2024\\\/04\\\/30\\\/juana-carrillo-se-compromete-a-fortalecer-seguridad-ciudadana\\\/#primaryimage\",\"url\":\"https:\\\/\\\/continuamosmx.com\\\/wp-content\\\/uploads\\\/2024\\\/04\\\/juacuau.jpg\",\"contentUrl\":\"https:\\\/\\\/continuamosmx.com\\\/wp-content\\\/uploads\\\/2024\\\/04\\\/juacuau.jpg\",\"width\":1280,\"height\":853},{\"@type\":\"BreadcrumbList\",\"@id\":\"https:\\\/\\\/continuamosmx.com\\\/index.php\\\/2024\\\/04\\\/30\\\/juana-carrillo-se-compromete-a-fortalecer-seguridad-ciudadana\\\/#breadcrumb\",\"itemListElement\":[{\"@type\":\"ListItem\",\"position\":1,\"name\":\"Inicio\",\"item\":\"https:\\\/\\\/continuamosmx.com\\\/\"},{\"@type\":\"ListItem\",\"position\":2,\"name\":\"JUANA CARRILLO SE COMPROMETE A FORTALECER SEGURIDAD CIUDADANA\"}]},{\"@type\":\"WebSite\",\"@id\":\"https:\\\/\\\/continuamosmx.com\\\/#website\",\"url\":\"https:\\\/\\\/continuamosmx.com\\\/\",\"name\":\"www.continuamosmx.com\",\"description\":\"\",\"publisher\":{\"@id\":\"https:\\\/\\\/continuamosmx.com\\\/#organization\"},\"potentialAction\":[{\"@type\":\"SearchAction\",\"target\":{\"@type\":\"EntryPoint\",\"urlTemplate\":\"https:\\\/\\\/continuamosmx.com\\\/?s={search_term_string}\"},\"query-input\":{\"@type\":\"PropertyValueSpecification\",\"valueRequired\":true,\"valueName\":\"search_term_string\"}}],\"inLanguage\":\"es\"},{\"@type\":\"Organization\",\"@id\":\"https:\\\/\\\/continuamosmx.com\\\/#organization\",\"name\":\"ContinuamosMX\",\"url\":\"https:\\\/\\\/continuamosmx.com\\\/\",\"logo\":{\"@type\":\"ImageObject\",\"inLanguage\":\"es\",\"@id\":\"https:\\\/\\\/continuamosmx.com\\\/#\\\/schema\\\/logo\\\/image\\\/\",\"url\":\"https:\\\/\\\/continuamosmx.com\\\/wp-content\\\/uploads\\\/2023\\\/04\\\/cropped-LOGO-CONTI-NUEVO.png\",\"contentUrl\":\"https:\\\/\\\/continuamosmx.com\\\/wp-content\\\/uploads\\\/2023\\\/04\\\/cropped-LOGO-CONTI-NUEVO.png\",\"width\":1257,\"height\":430,\"caption\":\"ContinuamosMX\"},\"image\":{\"@id\":\"https:\\\/\\\/continuamosmx.com\\\/#\\\/schema\\\/logo\\\/image\\\/\"}},{\"@type\":\"Person\",\"@id\":\"https:\\\/\\\/continuamosmx.com\\\/#\\\/schema\\\/person\\\/5eb5356acb1fad784da407d14f0e8d89\",\"name\":\"Continuamos MX\",\"image\":{\"@type\":\"ImageObject\",\"inLanguage\":\"es\",\"@id\":\"https:\\\/\\\/secure.gravatar.com\\\/avatar\\\/30d4f9723476a15f4da34d35fb3501f08d2357016c76051c6a85c354c7489589?s=96&d=mm&r=g\",\"url\":\"https:\\\/\\\/secure.gravatar.com\\\/avatar\\\/30d4f9723476a15f4da34d35fb3501f08d2357016c76051c6a85c354c7489589?s=96&d=mm&r=g\",\"contentUrl\":\"https:\\\/\\\/secure.gravatar.com\\\/avatar\\\/30d4f9723476a15f4da34d35fb3501f08d2357016c76051c6a85c354c7489589?s=96&d=mm&r=g\",\"caption\":\"Continuamos MX\"},\"sameAs\":[\"http:\\\/\\\/www.continuamos.mx\"],\"url\":\"https:\\\/\\\/continuamosmx.com\\\/index.php\\\/author\\\/continuamos\\\/\"}]}<\/script>\n<!-- \/ Yoast SEO plugin. -->","yoast_head_json":{"title":"JUANA CARRILLO SE COMPROMETE A FORTALECER SEGURIDAD CIUDADANA -","robots":{"index":"index","follow":"follow","max-snippet":"max-snippet:-1","max-image-preview":"max-image-preview:large","max-video-preview":"max-video-preview:-1"},"canonical":"https:\/\/continuamosmx.com\/index.php\/2024\/04\/30\/juana-carrillo-se-compromete-a-fortalecer-seguridad-ciudadana\/","og_locale":"es_ES","og_type":"article","og_title":"JUANA CARRILLO SE COMPROMETE A FORTALECER SEGURIDAD CIUDADANA -","og_description":"*Adem\u00e1s buscar\u00e1 erradicar la corrupci\u00f3n que permea a la instituci\u00f3n que est\u00e1 a las \u00f3rdenes de Aldo Ledezma. Por Jorge Contreras CUAUTITL\u00c1N, M\u00e9x.- En un encuentro con los residentes del fraccionamiento Los Morales, la candidata a la presidencia municipal de la \u00abTierra de Juan Diego\u00bb, por el partido Morena, Juana Carrillo Luna, reafirm\u00f3 su compromiso [&hellip;]","og_url":"https:\/\/continuamosmx.com\/index.php\/2024\/04\/30\/juana-carrillo-se-compromete-a-fortalecer-seguridad-ciudadana\/","article_published_time":"2024-04-30T05:20:36+00:00","article_modified_time":"2024-04-30T05:20:37+00:00","og_image":[{"width":1280,"height":853,"url":"https:\/\/continuamosmx.com\/wp-content\/uploads\/2024\/04\/juacuau.jpg","type":"image\/jpeg"}],"author":"Continuamos MX","twitter_card":"summary_large_image","twitter_misc":{"Escrito por":"Continuamos MX","Tiempo de lectura":"1 minuto"},"schema":{"@context":"https:\/\/schema.org","@graph":[{"@type":"Article","@id":"https:\/\/continuamosmx.com\/index.php\/2024\/04\/30\/juana-carrillo-se-compromete-a-fortalecer-seguridad-ciudadana\/#article","isPartOf":{"@id":"https:\/\/continuamosmx.com\/index.php\/2024\/04\/30\/juana-carrillo-se-compromete-a-fortalecer-seguridad-ciudadana\/"},"author":{"name":"Continuamos MX","@id":"https:\/\/continuamosmx.com\/#\/schema\/person\/5eb5356acb1fad784da407d14f0e8d89"},"headline":"JUANA CARRILLO SE COMPROMETE A FORTALECER SEGURIDAD CIUDADANA","datePublished":"2024-04-30T05:20:36+00:00","dateModified":"2024-04-30T05:20:37+00:00","mainEntityOfPage":{"@id":"https:\/\/continuamosmx.com\/index.php\/2024\/04\/30\/juana-carrillo-se-compromete-a-fortalecer-seguridad-ciudadana\/"},"wordCount":252,"commentCount":0,"publisher":{"@id":"https:\/\/continuamosmx.com\/#organization"},"image":{"@id":"https:\/\/continuamosmx.com\/index.php\/2024\/04\/30\/juana-carrillo-se-compromete-a-fortalecer-seguridad-ciudadana\/#primaryimage"},"thumbnailUrl":"https:\/\/continuamosmx.com\/wp-content\/uploads\/2024\/04\/juacuau.jpg","articleSection":["CUAUTITL\u00c1N","LOCALES"],"inLanguage":"es"},{"@type":"WebPage","@id":"https:\/\/continuamosmx.com\/index.php\/2024\/04\/30\/juana-carrillo-se-compromete-a-fortalecer-seguridad-ciudadana\/","url":"https:\/\/continuamosmx.com\/index.php\/2024\/04\/30\/juana-carrillo-se-compromete-a-fortalecer-seguridad-ciudadana\/","name":"JUANA CARRILLO SE COMPROMETE A FORTALECER SEGURIDAD CIUDADANA -","isPartOf":{"@id":"https:\/\/continuamosmx.com\/#website"},"primaryImageOfPage":{"@id":"https:\/\/continuamosmx.com\/index.php\/2024\/04\/30\/juana-carrillo-se-compromete-a-fortalecer-seguridad-ciudadana\/#primaryimage"},"image":{"@id":"https:\/\/continuamosmx.com\/index.php\/2024\/04\/30\/juana-carrillo-se-compromete-a-fortalecer-seguridad-ciudadana\/#primaryimage"},"thumbnailUrl":"https:\/\/continuamosmx.com\/wp-content\/uploads\/2024\/04\/juacuau.jpg","datePublished":"2024-04-30T05:20:36+00:00","dateModified":"2024-04-30T05:20:37+00:00","breadcrumb":{"@id":"https:\/\/continuamosmx.com\/index.php\/2024\/04\/30\/juana-carrillo-se-compromete-a-fortalecer-seguridad-ciudadana\/#breadcrumb"},"inLanguage":"es","potentialAction":[{"@type":"ReadAction","target":["https:\/\/continuamosmx.com\/index.php\/2024\/04\/30\/juana-carrillo-se-compromete-a-fortalecer-seguridad-ciudadana\/"]}]},{"@type":"ImageObject","inLanguage":"es","@id":"https:\/\/continuamosmx.com\/index.php\/2024\/04\/30\/juana-carrillo-se-compromete-a-fortalecer-seguridad-ciudadana\/#primaryimage","url":"https:\/\/continuamosmx.com\/wp-content\/uploads\/2024\/04\/juacuau.jpg","contentUrl":"https:\/\/continuamosmx.com\/wp-content\/uploads\/2024\/04\/juacuau.jpg","width":1280,"height":853},{"@type":"BreadcrumbList","@id":"https:\/\/continuamosmx.com\/index.php\/2024\/04\/30\/juana-carrillo-se-compromete-a-fortalecer-seguridad-ciudadana\/#breadcrumb","itemListElement":[{"@type":"ListItem","position":1,"name":"Inicio","item":"https:\/\/continuamosmx.com\/"},{"@type":"ListItem","position":2,"name":"JUANA CARRILLO SE COMPROMETE A FORTALECER SEGURIDAD CIUDADANA"}]},{"@type":"WebSite","@id":"https:\/\/continuamosmx.com\/#website","url":"https:\/\/continuamosmx.com\/","name":"www.continuamosmx.com","description":"","publisher":{"@id":"https:\/\/continuamosmx.com\/#organization"},"potentialAction":[{"@type":"SearchAction","target":{"@type":"EntryPoint","urlTemplate":"https:\/\/continuamosmx.com\/?s={search_term_string}"},"query-input":{"@type":"PropertyValueSpecification","valueRequired":true,"valueName":"search_term_string"}}],"inLanguage":"es"},{"@type":"Organization","@id":"https:\/\/continuamosmx.com\/#organization","name":"ContinuamosMX","url":"https:\/\/continuamosmx.com\/","logo":{"@type":"ImageObject","inLanguage":"es","@id":"https:\/\/continuamosmx.com\/#\/schema\/logo\/image\/","url":"https:\/\/continuamosmx.com\/wp-content\/uploads\/2023\/04\/cropped-LOGO-CONTI-NUEVO.png","contentUrl":"https:\/\/continuamosmx.com\/wp-content\/uploads\/2023\/04\/cropped-LOGO-CONTI-NUEVO.png","width":1257,"height":430,"caption":"ContinuamosMX"},"image":{"@id":"https:\/\/continuamosmx.com\/#\/schema\/logo\/image\/"}},{"@type":"Person","@id":"https:\/\/continuamosmx.com\/#\/schema\/person\/5eb5356acb1fad784da407d14f0e8d89","name":"Continuamos MX","image":{"@type":"ImageObject","inLanguage":"es","@id":"https:\/\/secure.gravatar.com\/avatar\/30d4f9723476a15f4da34d35fb3501f08d2357016c76051c6a85c354c7489589?s=96&d=mm&r=g","url":"https:\/\/secure.gravatar.com\/avatar\/30d4f9723476a15f4da34d35fb3501f08d2357016c76051c6a85c354c7489589?s=96&d=mm&r=g","contentUrl":"https:\/\/secure.gravatar.com\/avatar\/30d4f9723476a15f4da34d35fb3501f08d2357016c76051c6a85c354c7489589?s=96&d=mm&r=g","caption":"Continuamos MX"},"sameAs":["http:\/\/www.continuamos.mx"],"url":"https:\/\/continuamosmx.com\/index.php\/author\/continuamos\/"}]}},"_links":{"self":[{"href":"https:\/\/continuamosmx.com\/index.php\/wp-json\/wp\/v2\/posts\/46775","targetHints":{"allow":["GET"]}}],"collection":[{"href":"https:\/\/continuamosmx.com\/index.php\/wp-json\/wp\/v2\/posts"}],"about":[{"href":"https:\/\/continuamosmx.com\/index.php\/wp-json\/wp\/v2\/types\/post"}],"author":[{"embeddable":true,"href":"https:\/\/continuamosmx.com\/index.php\/wp-json\/wp\/v2\/users\/6"}],"replies":[{"embeddable":true,"href":"https:\/\/continuamosmx.com\/index.php\/wp-json\/wp\/v2\/comments?post=46775"}],"version-history":[{"count":1,"href":"https:\/\/continuamosmx.com\/index.php\/wp-json\/wp\/v2\/posts\/46775\/revisions"}],"predecessor-version":[{"id":46777,"href":"https:\/\/continuamosmx.com\/index.php\/wp-json\/wp\/v2\/posts\/46775\/revisions\/46777"}],"wp:featuredmedia":[{"embeddable":true,"href":"https:\/\/continuamosmx.com\/index.php\/wp-json\/wp\/v2\/media\/46776"}],"wp:attachment":[{"href":"https:\/\/continuamosmx.com\/index.php\/wp-json\/wp\/v2\/media?parent=46775"}],"wp:term":[{"taxonomy":"category","embeddable":true,"href":"https:\/\/continuamosmx.com\/index.php\/wp-json\/wp\/v2\/categories?post=46775"},{"taxonomy":"post_tag","embeddable":true,"href":"https:\/\/continuamosmx.com\/index.php\/wp-json\/wp\/v2\/tags?post=46775"}],"curies":[{"name":"wp","href":"https:\/\/api.w.org\/{rel}","templated":true}]}}