{"id":46764,"date":"2024-04-29T17:51:41","date_gmt":"2024-04-29T17:51:41","guid":{"rendered":"https:\/\/continuamosmx.com\/?p=46764"},"modified":"2024-04-29T17:51:41","modified_gmt":"2024-04-29T17:51:41","slug":"alma-alcantara-inicia-su-campana-en-busca-de-la-alcaldia-de-tezoyuca","status":"publish","type":"post","link":"https:\/\/continuamosmx.com\/index.php\/2024\/04\/29\/alma-alcantara-inicia-su-campana-en-busca-de-la-alcaldia-de-tezoyuca\/","title":{"rendered":"ALMA ALC\u00c1NTARA INICIA SU CAMPA\u00d1A EN BUSCA DE LA ALCALDIA DE TEZOYUCA"},"content":{"rendered":"\n<p><strong>*Los ejes rectores de su campa\u00f1a ser\u00e1 la salud, educaci\u00f3n, seguridad, arte, cultura y deporte<\/strong><\/p>\n\n\n\n<p>TEZOYUCA, M\u00e9x. &#8211; Al arrancar su campa\u00f1a en busca de la alcald\u00eda por el Movimiento de Regeneraci\u00f3n Nacional (MORENA), Alma Alc\u00e1ntara afirm\u00f3 que: \u00abme comprometo a defender con alma y coraz\u00f3n a nuestro municipio para guiarlo hacia un cambio verdadero.<\/p>\n\n\n\n<p>Frente a la casa de campa\u00f1a y acompa\u00f1ado de decenas de simpatizantes, tanto de MORENA, del PT y del Partido Verde, Alma Alc\u00e1ntara delineo su plan de desarrollo para Tezoyuca, d\u00e1ndole prioridad a: la salud, educaci\u00f3n, seguridad, arte, cultura y deporte, para todas la edades y g\u00e9neros.<\/p>\n\n\n\n<p>Asimismo, obra obra p\u00fablica y la ampliaci\u00f3n de programas sociales, todo ello en busca de comenzar una nueva transformaci\u00f3n, ya que en el municipio; \u00ablas condiciones en las que vivimos me han causado mucha preocupacion. Vivimos en un entorno lleno de bastante incertidumbre, de inseguridad, de angustia y miedo, por ello he dicidido participar en esta contienda electoral\u00bb.<\/p>\n\n\n\n<p>\u00abTezoyuca requiere de alguien que retome las riendas de la justicia, del progreso y del avance que se necesita para ser nuevamente de Tezoyuca un municipio sin violencia, sin injusticias, sin amenazas; sino con principios trabajo y progreso\u00bb.<\/p>\n\n\n\n<p>Despu\u00e9s de su discurso, los simpatizantes de Alma Alc\u00e1ntara realizaron una marcha por varias calles del Barrio de Santiago, de donde es oriunda la aspirante de Morena y despu\u00e9s de saludar a la gente que sal\u00eda de sus casas a saludar y desear suerte a su vecina, se toparon con la Calle Precursores de la Revoluci\u00f3n, la cual \u00abcoincidentemente\u00bb la est\u00e1n repavimentando, en una obra \u00abtotalmente electorera, pero lo m\u00e1s lamentable de muy mala calidad que se ve a simple vista\u00bb.<\/p>\n\n\n\n<p>Sobre ello, la morenista enfatiz\u00f3; \u00abUtilizaremos el presupuesto p\u00fablico para favorecer verdaderamente a las comunidades con obras que sean de gran utilidad y que no s\u00f3lo sean obras para apantallar y justificar el gasto p\u00fablico\u00bb.<\/p>\n\n\n\n<p>Al final de la marcha, al ser entrevistada Alma Alc\u00e1ntara dijo que los abogados ver\u00e1n la cuesti\u00f3n de haber iniciado de manera anticipada la campa\u00f1a el PAN, ya que el IEEM no hab\u00eda a\u00fan dado el banderazo de salida y el candidato de ese partido abri\u00f3 su campa\u00f1a, en tanto que se mostr\u00f3 optimista de ir avanzando, ya que no duda que la Cuarta Transformaci\u00f3n llegar\u00e1 este 2 de junio al municipio para tener un verdadero cambio.<\/p>\n","protected":false},"excerpt":{"rendered":"<p>*Los ejes rectores de su campa\u00f1a ser\u00e1 la salud, educaci\u00f3n, seguridad, arte, cultura y deporte TEZOYUCA, M\u00e9x. &#8211; Al arrancar su campa\u00f1a en busca de la alcald\u00eda por el Movimiento de Regeneraci\u00f3n Nacional (MORENA), Alma Alc\u00e1ntara afirm\u00f3 que: \u00abme comprometo a defender con alma y coraz\u00f3n a nuestro municipio para guiarlo hacia un cambio verdadero. [&hellip;]<\/p>\n","protected":false},"author":6,"featured_media":46765,"comment_status":"open","ping_status":"open","sticky":false,"template":"","format":"standard","meta":{"footnotes":""},"categories":[4,46],"tags":[],"class_list":["post-46764","post","type-post","status-publish","format-standard","has-post-thumbnail","hentry","category-locales","category-tezoyuca"],"yoast_head":"<!-- This site is optimized with the Yoast SEO plugin v27.4 - https:\/\/yoast.com\/product\/yoast-seo-wordpress\/ -->\n<title>ALMA ALC\u00c1NTARA INICIA SU CAMPA\u00d1A EN BUSCA DE LA ALCALDIA DE TEZOYUCA -<\/title>\n<meta name=\"robots\" content=\"index, follow, max-snippet:-1, max-image-preview:large, max-video-preview:-1\" \/>\n<link rel=\"canonical\" href=\"https:\/\/continuamosmx.com\/index.php\/2024\/04\/29\/alma-alcantara-inicia-su-campana-en-busca-de-la-alcaldia-de-tezoyuca\/\" \/>\n<meta property=\"og:locale\" content=\"es_ES\" \/>\n<meta property=\"og:type\" content=\"article\" \/>\n<meta property=\"og:title\" content=\"ALMA ALC\u00c1NTARA INICIA SU CAMPA\u00d1A EN BUSCA DE LA ALCALDIA DE TEZOYUCA -\" \/>\n<meta property=\"og:description\" content=\"*Los ejes rectores de su campa\u00f1a ser\u00e1 la salud, educaci\u00f3n, seguridad, arte, cultura y deporte TEZOYUCA, M\u00e9x. &#8211; Al arrancar su campa\u00f1a en busca de la alcald\u00eda por el Movimiento de Regeneraci\u00f3n Nacional (MORENA), Alma Alc\u00e1ntara afirm\u00f3 que: \u00abme comprometo a defender con alma y coraz\u00f3n a nuestro municipio para guiarlo hacia un cambio verdadero. [&hellip;]\" \/>\n<meta property=\"og:url\" content=\"https:\/\/continuamosmx.com\/index.php\/2024\/04\/29\/alma-alcantara-inicia-su-campana-en-busca-de-la-alcaldia-de-tezoyuca\/\" \/>\n<meta property=\"article:published_time\" content=\"2024-04-29T17:51:41+00:00\" \/>\n<meta property=\"og:image\" content=\"https:\/\/continuamosmx.com\/wp-content\/uploads\/2024\/04\/AL2.jpg\" \/>\n\t<meta property=\"og:image:width\" content=\"1600\" \/>\n\t<meta property=\"og:image:height\" content=\"1200\" \/>\n\t<meta property=\"og:image:type\" content=\"image\/jpeg\" \/>\n<meta name=\"author\" content=\"Continuamos MX\" \/>\n<meta name=\"twitter:card\" content=\"summary_large_image\" \/>\n<meta name=\"twitter:label1\" content=\"Escrito por\" \/>\n\t<meta name=\"twitter:data1\" content=\"Continuamos MX\" \/>\n\t<meta name=\"twitter:label2\" content=\"Tiempo de lectura\" \/>\n\t<meta name=\"twitter:data2\" content=\"2 minutos\" \/>\n<script type=\"application\/ld+json\" class=\"yoast-schema-graph\">{\"@context\":\"https:\\\/\\\/schema.org\",\"@graph\":[{\"@type\":\"Article\",\"@id\":\"https:\\\/\\\/continuamosmx.com\\\/index.php\\\/2024\\\/04\\\/29\\\/alma-alcantara-inicia-su-campana-en-busca-de-la-alcaldia-de-tezoyuca\\\/#article\",\"isPartOf\":{\"@id\":\"https:\\\/\\\/continuamosmx.com\\\/index.php\\\/2024\\\/04\\\/29\\\/alma-alcantara-inicia-su-campana-en-busca-de-la-alcaldia-de-tezoyuca\\\/\"},\"author\":{\"name\":\"Continuamos MX\",\"@id\":\"https:\\\/\\\/continuamosmx.com\\\/#\\\/schema\\\/person\\\/5eb5356acb1fad784da407d14f0e8d89\"},\"headline\":\"ALMA ALC\u00c1NTARA INICIA SU CAMPA\u00d1A EN BUSCA DE LA ALCALDIA DE TEZOYUCA\",\"datePublished\":\"2024-04-29T17:51:41+00:00\",\"mainEntityOfPage\":{\"@id\":\"https:\\\/\\\/continuamosmx.com\\\/index.php\\\/2024\\\/04\\\/29\\\/alma-alcantara-inicia-su-campana-en-busca-de-la-alcaldia-de-tezoyuca\\\/\"},\"wordCount\":439,\"commentCount\":0,\"publisher\":{\"@id\":\"https:\\\/\\\/continuamosmx.com\\\/#organization\"},\"image\":{\"@id\":\"https:\\\/\\\/continuamosmx.com\\\/index.php\\\/2024\\\/04\\\/29\\\/alma-alcantara-inicia-su-campana-en-busca-de-la-alcaldia-de-tezoyuca\\\/#primaryimage\"},\"thumbnailUrl\":\"https:\\\/\\\/continuamosmx.com\\\/wp-content\\\/uploads\\\/2024\\\/04\\\/AL2.jpg\",\"articleSection\":[\"LOCALES\",\"TEZOYUCA\"],\"inLanguage\":\"es\"},{\"@type\":\"WebPage\",\"@id\":\"https:\\\/\\\/continuamosmx.com\\\/index.php\\\/2024\\\/04\\\/29\\\/alma-alcantara-inicia-su-campana-en-busca-de-la-alcaldia-de-tezoyuca\\\/\",\"url\":\"https:\\\/\\\/continuamosmx.com\\\/index.php\\\/2024\\\/04\\\/29\\\/alma-alcantara-inicia-su-campana-en-busca-de-la-alcaldia-de-tezoyuca\\\/\",\"name\":\"ALMA ALC\u00c1NTARA INICIA SU CAMPA\u00d1A EN BUSCA DE LA ALCALDIA DE TEZOYUCA -\",\"isPartOf\":{\"@id\":\"https:\\\/\\\/continuamosmx.com\\\/#website\"},\"primaryImageOfPage\":{\"@id\":\"https:\\\/\\\/continuamosmx.com\\\/index.php\\\/2024\\\/04\\\/29\\\/alma-alcantara-inicia-su-campana-en-busca-de-la-alcaldia-de-tezoyuca\\\/#primaryimage\"},\"image\":{\"@id\":\"https:\\\/\\\/continuamosmx.com\\\/index.php\\\/2024\\\/04\\\/29\\\/alma-alcantara-inicia-su-campana-en-busca-de-la-alcaldia-de-tezoyuca\\\/#primaryimage\"},\"thumbnailUrl\":\"https:\\\/\\\/continuamosmx.com\\\/wp-content\\\/uploads\\\/2024\\\/04\\\/AL2.jpg\",\"datePublished\":\"2024-04-29T17:51:41+00:00\",\"breadcrumb\":{\"@id\":\"https:\\\/\\\/continuamosmx.com\\\/index.php\\\/2024\\\/04\\\/29\\\/alma-alcantara-inicia-su-campana-en-busca-de-la-alcaldia-de-tezoyuca\\\/#breadcrumb\"},\"inLanguage\":\"es\",\"potentialAction\":[{\"@type\":\"ReadAction\",\"target\":[\"https:\\\/\\\/continuamosmx.com\\\/index.php\\\/2024\\\/04\\\/29\\\/alma-alcantara-inicia-su-campana-en-busca-de-la-alcaldia-de-tezoyuca\\\/\"]}]},{\"@type\":\"ImageObject\",\"inLanguage\":\"es\",\"@id\":\"https:\\\/\\\/continuamosmx.com\\\/index.php\\\/2024\\\/04\\\/29\\\/alma-alcantara-inicia-su-campana-en-busca-de-la-alcaldia-de-tezoyuca\\\/#primaryimage\",\"url\":\"https:\\\/\\\/continuamosmx.com\\\/wp-content\\\/uploads\\\/2024\\\/04\\\/AL2.jpg\",\"contentUrl\":\"https:\\\/\\\/continuamosmx.com\\\/wp-content\\\/uploads\\\/2024\\\/04\\\/AL2.jpg\",\"width\":1600,\"height\":1200},{\"@type\":\"BreadcrumbList\",\"@id\":\"https:\\\/\\\/continuamosmx.com\\\/index.php\\\/2024\\\/04\\\/29\\\/alma-alcantara-inicia-su-campana-en-busca-de-la-alcaldia-de-tezoyuca\\\/#breadcrumb\",\"itemListElement\":[{\"@type\":\"ListItem\",\"position\":1,\"name\":\"Inicio\",\"item\":\"https:\\\/\\\/continuamosmx.com\\\/\"},{\"@type\":\"ListItem\",\"position\":2,\"name\":\"ALMA ALC\u00c1NTARA INICIA SU CAMPA\u00d1A EN BUSCA DE LA ALCALDIA DE TEZOYUCA\"}]},{\"@type\":\"WebSite\",\"@id\":\"https:\\\/\\\/continuamosmx.com\\\/#website\",\"url\":\"https:\\\/\\\/continuamosmx.com\\\/\",\"name\":\"www.continuamosmx.com\",\"description\":\"\",\"publisher\":{\"@id\":\"https:\\\/\\\/continuamosmx.com\\\/#organization\"},\"potentialAction\":[{\"@type\":\"SearchAction\",\"target\":{\"@type\":\"EntryPoint\",\"urlTemplate\":\"https:\\\/\\\/continuamosmx.com\\\/?s={search_term_string}\"},\"query-input\":{\"@type\":\"PropertyValueSpecification\",\"valueRequired\":true,\"valueName\":\"search_term_string\"}}],\"inLanguage\":\"es\"},{\"@type\":\"Organization\",\"@id\":\"https:\\\/\\\/continuamosmx.com\\\/#organization\",\"name\":\"ContinuamosMX\",\"url\":\"https:\\\/\\\/continuamosmx.com\\\/\",\"logo\":{\"@type\":\"ImageObject\",\"inLanguage\":\"es\",\"@id\":\"https:\\\/\\\/continuamosmx.com\\\/#\\\/schema\\\/logo\\\/image\\\/\",\"url\":\"https:\\\/\\\/continuamosmx.com\\\/wp-content\\\/uploads\\\/2023\\\/04\\\/cropped-LOGO-CONTI-NUEVO.png\",\"contentUrl\":\"https:\\\/\\\/continuamosmx.com\\\/wp-content\\\/uploads\\\/2023\\\/04\\\/cropped-LOGO-CONTI-NUEVO.png\",\"width\":1257,\"height\":430,\"caption\":\"ContinuamosMX\"},\"image\":{\"@id\":\"https:\\\/\\\/continuamosmx.com\\\/#\\\/schema\\\/logo\\\/image\\\/\"}},{\"@type\":\"Person\",\"@id\":\"https:\\\/\\\/continuamosmx.com\\\/#\\\/schema\\\/person\\\/5eb5356acb1fad784da407d14f0e8d89\",\"name\":\"Continuamos MX\",\"image\":{\"@type\":\"ImageObject\",\"inLanguage\":\"es\",\"@id\":\"https:\\\/\\\/secure.gravatar.com\\\/avatar\\\/30d4f9723476a15f4da34d35fb3501f08d2357016c76051c6a85c354c7489589?s=96&d=mm&r=g\",\"url\":\"https:\\\/\\\/secure.gravatar.com\\\/avatar\\\/30d4f9723476a15f4da34d35fb3501f08d2357016c76051c6a85c354c7489589?s=96&d=mm&r=g\",\"contentUrl\":\"https:\\\/\\\/secure.gravatar.com\\\/avatar\\\/30d4f9723476a15f4da34d35fb3501f08d2357016c76051c6a85c354c7489589?s=96&d=mm&r=g\",\"caption\":\"Continuamos MX\"},\"sameAs\":[\"http:\\\/\\\/www.continuamos.mx\"],\"url\":\"https:\\\/\\\/continuamosmx.com\\\/index.php\\\/author\\\/continuamos\\\/\"}]}<\/script>\n<!-- \/ Yoast SEO plugin. -->","yoast_head_json":{"title":"ALMA ALC\u00c1NTARA INICIA SU CAMPA\u00d1A EN BUSCA DE LA ALCALDIA DE TEZOYUCA -","robots":{"index":"index","follow":"follow","max-snippet":"max-snippet:-1","max-image-preview":"max-image-preview:large","max-video-preview":"max-video-preview:-1"},"canonical":"https:\/\/continuamosmx.com\/index.php\/2024\/04\/29\/alma-alcantara-inicia-su-campana-en-busca-de-la-alcaldia-de-tezoyuca\/","og_locale":"es_ES","og_type":"article","og_title":"ALMA ALC\u00c1NTARA INICIA SU CAMPA\u00d1A EN BUSCA DE LA ALCALDIA DE TEZOYUCA -","og_description":"*Los ejes rectores de su campa\u00f1a ser\u00e1 la salud, educaci\u00f3n, seguridad, arte, cultura y deporte TEZOYUCA, M\u00e9x. &#8211; Al arrancar su campa\u00f1a en busca de la alcald\u00eda por el Movimiento de Regeneraci\u00f3n Nacional (MORENA), Alma Alc\u00e1ntara afirm\u00f3 que: \u00abme comprometo a defender con alma y coraz\u00f3n a nuestro municipio para guiarlo hacia un cambio verdadero. [&hellip;]","og_url":"https:\/\/continuamosmx.com\/index.php\/2024\/04\/29\/alma-alcantara-inicia-su-campana-en-busca-de-la-alcaldia-de-tezoyuca\/","article_published_time":"2024-04-29T17:51:41+00:00","og_image":[{"width":1600,"height":1200,"url":"https:\/\/continuamosmx.com\/wp-content\/uploads\/2024\/04\/AL2.jpg","type":"image\/jpeg"}],"author":"Continuamos MX","twitter_card":"summary_large_image","twitter_misc":{"Escrito por":"Continuamos MX","Tiempo de lectura":"2 minutos"},"schema":{"@context":"https:\/\/schema.org","@graph":[{"@type":"Article","@id":"https:\/\/continuamosmx.com\/index.php\/2024\/04\/29\/alma-alcantara-inicia-su-campana-en-busca-de-la-alcaldia-de-tezoyuca\/#article","isPartOf":{"@id":"https:\/\/continuamosmx.com\/index.php\/2024\/04\/29\/alma-alcantara-inicia-su-campana-en-busca-de-la-alcaldia-de-tezoyuca\/"},"author":{"name":"Continuamos MX","@id":"https:\/\/continuamosmx.com\/#\/schema\/person\/5eb5356acb1fad784da407d14f0e8d89"},"headline":"ALMA ALC\u00c1NTARA INICIA SU CAMPA\u00d1A EN BUSCA DE LA ALCALDIA DE TEZOYUCA","datePublished":"2024-04-29T17:51:41+00:00","mainEntityOfPage":{"@id":"https:\/\/continuamosmx.com\/index.php\/2024\/04\/29\/alma-alcantara-inicia-su-campana-en-busca-de-la-alcaldia-de-tezoyuca\/"},"wordCount":439,"commentCount":0,"publisher":{"@id":"https:\/\/continuamosmx.com\/#organization"},"image":{"@id":"https:\/\/continuamosmx.com\/index.php\/2024\/04\/29\/alma-alcantara-inicia-su-campana-en-busca-de-la-alcaldia-de-tezoyuca\/#primaryimage"},"thumbnailUrl":"https:\/\/continuamosmx.com\/wp-content\/uploads\/2024\/04\/AL2.jpg","articleSection":["LOCALES","TEZOYUCA"],"inLanguage":"es"},{"@type":"WebPage","@id":"https:\/\/continuamosmx.com\/index.php\/2024\/04\/29\/alma-alcantara-inicia-su-campana-en-busca-de-la-alcaldia-de-tezoyuca\/","url":"https:\/\/continuamosmx.com\/index.php\/2024\/04\/29\/alma-alcantara-inicia-su-campana-en-busca-de-la-alcaldia-de-tezoyuca\/","name":"ALMA ALC\u00c1NTARA INICIA SU CAMPA\u00d1A EN BUSCA DE LA ALCALDIA DE TEZOYUCA -","isPartOf":{"@id":"https:\/\/continuamosmx.com\/#website"},"primaryImageOfPage":{"@id":"https:\/\/continuamosmx.com\/index.php\/2024\/04\/29\/alma-alcantara-inicia-su-campana-en-busca-de-la-alcaldia-de-tezoyuca\/#primaryimage"},"image":{"@id":"https:\/\/continuamosmx.com\/index.php\/2024\/04\/29\/alma-alcantara-inicia-su-campana-en-busca-de-la-alcaldia-de-tezoyuca\/#primaryimage"},"thumbnailUrl":"https:\/\/continuamosmx.com\/wp-content\/uploads\/2024\/04\/AL2.jpg","datePublished":"2024-04-29T17:51:41+00:00","breadcrumb":{"@id":"https:\/\/continuamosmx.com\/index.php\/2024\/04\/29\/alma-alcantara-inicia-su-campana-en-busca-de-la-alcaldia-de-tezoyuca\/#breadcrumb"},"inLanguage":"es","potentialAction":[{"@type":"ReadAction","target":["https:\/\/continuamosmx.com\/index.php\/2024\/04\/29\/alma-alcantara-inicia-su-campana-en-busca-de-la-alcaldia-de-tezoyuca\/"]}]},{"@type":"ImageObject","inLanguage":"es","@id":"https:\/\/continuamosmx.com\/index.php\/2024\/04\/29\/alma-alcantara-inicia-su-campana-en-busca-de-la-alcaldia-de-tezoyuca\/#primaryimage","url":"https:\/\/continuamosmx.com\/wp-content\/uploads\/2024\/04\/AL2.jpg","contentUrl":"https:\/\/continuamosmx.com\/wp-content\/uploads\/2024\/04\/AL2.jpg","width":1600,"height":1200},{"@type":"BreadcrumbList","@id":"https:\/\/continuamosmx.com\/index.php\/2024\/04\/29\/alma-alcantara-inicia-su-campana-en-busca-de-la-alcaldia-de-tezoyuca\/#breadcrumb","itemListElement":[{"@type":"ListItem","position":1,"name":"Inicio","item":"https:\/\/continuamosmx.com\/"},{"@type":"ListItem","position":2,"name":"ALMA ALC\u00c1NTARA INICIA SU CAMPA\u00d1A EN BUSCA DE LA ALCALDIA DE TEZOYUCA"}]},{"@type":"WebSite","@id":"https:\/\/continuamosmx.com\/#website","url":"https:\/\/continuamosmx.com\/","name":"www.continuamosmx.com","description":"","publisher":{"@id":"https:\/\/continuamosmx.com\/#organization"},"potentialAction":[{"@type":"SearchAction","target":{"@type":"EntryPoint","urlTemplate":"https:\/\/continuamosmx.com\/?s={search_term_string}"},"query-input":{"@type":"PropertyValueSpecification","valueRequired":true,"valueName":"search_term_string"}}],"inLanguage":"es"},{"@type":"Organization","@id":"https:\/\/continuamosmx.com\/#organization","name":"ContinuamosMX","url":"https:\/\/continuamosmx.com\/","logo":{"@type":"ImageObject","inLanguage":"es","@id":"https:\/\/continuamosmx.com\/#\/schema\/logo\/image\/","url":"https:\/\/continuamosmx.com\/wp-content\/uploads\/2023\/04\/cropped-LOGO-CONTI-NUEVO.png","contentUrl":"https:\/\/continuamosmx.com\/wp-content\/uploads\/2023\/04\/cropped-LOGO-CONTI-NUEVO.png","width":1257,"height":430,"caption":"ContinuamosMX"},"image":{"@id":"https:\/\/continuamosmx.com\/#\/schema\/logo\/image\/"}},{"@type":"Person","@id":"https:\/\/continuamosmx.com\/#\/schema\/person\/5eb5356acb1fad784da407d14f0e8d89","name":"Continuamos MX","image":{"@type":"ImageObject","inLanguage":"es","@id":"https:\/\/secure.gravatar.com\/avatar\/30d4f9723476a15f4da34d35fb3501f08d2357016c76051c6a85c354c7489589?s=96&d=mm&r=g","url":"https:\/\/secure.gravatar.com\/avatar\/30d4f9723476a15f4da34d35fb3501f08d2357016c76051c6a85c354c7489589?s=96&d=mm&r=g","contentUrl":"https:\/\/secure.gravatar.com\/avatar\/30d4f9723476a15f4da34d35fb3501f08d2357016c76051c6a85c354c7489589?s=96&d=mm&r=g","caption":"Continuamos MX"},"sameAs":["http:\/\/www.continuamos.mx"],"url":"https:\/\/continuamosmx.com\/index.php\/author\/continuamos\/"}]}},"_links":{"self":[{"href":"https:\/\/continuamosmx.com\/index.php\/wp-json\/wp\/v2\/posts\/46764","targetHints":{"allow":["GET"]}}],"collection":[{"href":"https:\/\/continuamosmx.com\/index.php\/wp-json\/wp\/v2\/posts"}],"about":[{"href":"https:\/\/continuamosmx.com\/index.php\/wp-json\/wp\/v2\/types\/post"}],"author":[{"embeddable":true,"href":"https:\/\/continuamosmx.com\/index.php\/wp-json\/wp\/v2\/users\/6"}],"replies":[{"embeddable":true,"href":"https:\/\/continuamosmx.com\/index.php\/wp-json\/wp\/v2\/comments?post=46764"}],"version-history":[{"count":1,"href":"https:\/\/continuamosmx.com\/index.php\/wp-json\/wp\/v2\/posts\/46764\/revisions"}],"predecessor-version":[{"id":46766,"href":"https:\/\/continuamosmx.com\/index.php\/wp-json\/wp\/v2\/posts\/46764\/revisions\/46766"}],"wp:featuredmedia":[{"embeddable":true,"href":"https:\/\/continuamosmx.com\/index.php\/wp-json\/wp\/v2\/media\/46765"}],"wp:attachment":[{"href":"https:\/\/continuamosmx.com\/index.php\/wp-json\/wp\/v2\/media?parent=46764"}],"wp:term":[{"taxonomy":"category","embeddable":true,"href":"https:\/\/continuamosmx.com\/index.php\/wp-json\/wp\/v2\/categories?post=46764"},{"taxonomy":"post_tag","embeddable":true,"href":"https:\/\/continuamosmx.com\/index.php\/wp-json\/wp\/v2\/tags?post=46764"}],"curies":[{"name":"wp","href":"https:\/\/api.w.org\/{rel}","templated":true}]}}