{"id":46601,"date":"2024-04-02T02:45:00","date_gmt":"2024-04-02T02:45:00","guid":{"rendered":"https:\/\/continuamosmx.com\/?p=46601"},"modified":"2024-04-02T02:46:49","modified_gmt":"2024-04-02T02:46:49","slug":"confirman-a-yoselin-mendoza-como-candidata-a-la-presidencia-municipal-de-nr","status":"publish","type":"post","link":"https:\/\/continuamosmx.com\/index.php\/2024\/04\/02\/confirman-a-yoselin-mendoza-como-candidata-a-la-presidencia-municipal-de-nr\/","title":{"rendered":"CONFIRMAN A YOSELIN MENDOZA COMO CANDIDATA A LA PRESIDENCIA MUNICIPAL DE NR"},"content":{"rendered":"\n<p><strong>*Morena revela ocho candidatos m\u00e1s para alcald\u00edas en el Estado de M\u00e9xico<\/strong><\/p>\n\n\n\n<p>REDACCI\u00d3N.<\/p>\n\n\n\n<p>VALLE DE M\u00c9XICO.- La Comisi\u00f3n Nacional de Elecciones de Morena anunci\u00f3 m\u00e1s nombres de los candidatos que encabezar\u00e1n las contiendas por las alcald\u00edas en el Estado de M\u00e9xico.<\/p>\n\n\n\n<p>Destacando entre ellos, Yoselin Mendoza, quien se perfila como la posible ganadora en Nicol\u00e1s Romero, asegurando as\u00ed la tercera victoria consecutiva para Morena en esa demarcaci\u00f3n.<\/p>\n\n\n\n<p>Hasta el momento, se han dado a conocer un total de 58 candidaturas, quedando pendientes 67 abanderados de la 4T. Los nombres revelados son los siguientes:<\/p>\n\n\n\n<ul class=\"wp-block-list\">\n<li>Ixtapan de la Sal: Edgar Ocampo<\/li>\n\n\n\n<li>Ixtlahuaca: Guadalupe D\u00edaz<\/li>\n\n\n\n<li>Nicol\u00e1s Romero: Yosel\u00edn Mendoza<\/li>\n\n\n\n<li>Temascalcingo: Javier Chaparro<\/li>\n\n\n\n<li>Tenancingo: Nancy N\u00e1poles Pacheco<\/li>\n\n\n\n<li>Teoloyucan: Luis Zenteno<\/li>\n\n\n\n<li>Tonatico: Rosa Mar\u00eda Villegas<\/li>\n\n\n\n<li>Zumpahuac\u00e1n: Antonio V\u00e1zquez<\/li>\n<\/ul>\n\n\n\n<p>Sin embargo, a\u00fan no se ha proporcionado la fecha para el anuncio de los candidatos faltantes a alcald\u00edas, entre los cuales destacan Ecatepec, Cuautitl\u00e1n Izcalli y Coacalco.<\/p>\n\n\n\n<p>La incertidumbre sobre estos nombres genera expectativa en el panorama pol\u00edtico estatal.<\/p>\n\n\n\n<p><\/p>\n","protected":false},"excerpt":{"rendered":"<p>*Morena revela ocho candidatos m\u00e1s para alcald\u00edas en el Estado de M\u00e9xico REDACCI\u00d3N. VALLE DE M\u00c9XICO.- La Comisi\u00f3n Nacional de Elecciones de Morena anunci\u00f3 m\u00e1s nombres de los candidatos que encabezar\u00e1n las contiendas por las alcald\u00edas en el Estado de M\u00e9xico. Destacando entre ellos, Yoselin Mendoza, quien se perfila como la posible ganadora en Nicol\u00e1s [&hellip;]<\/p>\n","protected":false},"author":1,"featured_media":46603,"comment_status":"open","ping_status":"open","sticky":false,"template":"","format":"standard","meta":{"footnotes":""},"categories":[121,36],"tags":[7,115,8,125,140],"class_list":["post-46601","post","type-post","status-publish","format-standard","has-post-thumbnail","hentry","category-elecciones-2024","category-nicolas-romero","tag-edomex","tag-eleccion-2024","tag-morena","tag-nicolas-romero","tag-yoselin-mendoza"],"yoast_head":"<!-- This site is optimized with the Yoast SEO plugin v27.5 - https:\/\/yoast.com\/product\/yoast-seo-wordpress\/ -->\n<title>CONFIRMAN A YOSELIN MENDOZA COMO CANDIDATA A LA PRESIDENCIA MUNICIPAL DE NR -<\/title>\n<meta name=\"robots\" content=\"index, follow, max-snippet:-1, max-image-preview:large, max-video-preview:-1\" \/>\n<link rel=\"canonical\" href=\"https:\/\/continuamosmx.com\/index.php\/2024\/04\/02\/confirman-a-yoselin-mendoza-como-candidata-a-la-presidencia-municipal-de-nr\/\" \/>\n<meta property=\"og:locale\" content=\"es_ES\" \/>\n<meta property=\"og:type\" content=\"article\" \/>\n<meta property=\"og:title\" content=\"CONFIRMAN A YOSELIN MENDOZA COMO CANDIDATA A LA PRESIDENCIA MUNICIPAL DE NR -\" \/>\n<meta property=\"og:description\" content=\"*Morena revela ocho candidatos m\u00e1s para alcald\u00edas en el Estado de M\u00e9xico REDACCI\u00d3N. VALLE DE M\u00c9XICO.- La Comisi\u00f3n Nacional de Elecciones de Morena anunci\u00f3 m\u00e1s nombres de los candidatos que encabezar\u00e1n las contiendas por las alcald\u00edas en el Estado de M\u00e9xico. Destacando entre ellos, Yoselin Mendoza, quien se perfila como la posible ganadora en Nicol\u00e1s [&hellip;]\" \/>\n<meta property=\"og:url\" content=\"https:\/\/continuamosmx.com\/index.php\/2024\/04\/02\/confirman-a-yoselin-mendoza-como-candidata-a-la-presidencia-municipal-de-nr\/\" \/>\n<meta property=\"article:published_time\" content=\"2024-04-02T02:45:00+00:00\" \/>\n<meta property=\"article:modified_time\" content=\"2024-04-02T02:46:49+00:00\" \/>\n<meta property=\"og:image\" content=\"https:\/\/continuamosmx.com\/wp-content\/uploads\/2024\/04\/FB_IMG_1712025527699.jpg\" \/>\n\t<meta property=\"og:image:width\" content=\"853\" \/>\n\t<meta property=\"og:image:height\" content=\"1280\" \/>\n\t<meta property=\"og:image:type\" content=\"image\/jpeg\" \/>\n<meta name=\"author\" content=\"ContinuamosMX\" \/>\n<meta name=\"twitter:card\" content=\"summary_large_image\" \/>\n<meta name=\"twitter:label1\" content=\"Escrito por\" \/>\n\t<meta name=\"twitter:data1\" content=\"ContinuamosMX\" \/>\n\t<meta name=\"twitter:label2\" content=\"Tiempo de lectura\" \/>\n\t<meta name=\"twitter:data2\" content=\"1 minuto\" \/>\n<script type=\"application\/ld+json\" class=\"yoast-schema-graph\">{\"@context\":\"https:\\\/\\\/schema.org\",\"@graph\":[{\"@type\":\"Article\",\"@id\":\"https:\\\/\\\/continuamosmx.com\\\/index.php\\\/2024\\\/04\\\/02\\\/confirman-a-yoselin-mendoza-como-candidata-a-la-presidencia-municipal-de-nr\\\/#article\",\"isPartOf\":{\"@id\":\"https:\\\/\\\/continuamosmx.com\\\/index.php\\\/2024\\\/04\\\/02\\\/confirman-a-yoselin-mendoza-como-candidata-a-la-presidencia-municipal-de-nr\\\/\"},\"author\":{\"name\":\"ContinuamosMX\",\"@id\":\"https:\\\/\\\/continuamosmx.com\\\/#\\\/schema\\\/person\\\/597bf43bb6e9623635929d8de706669f\"},\"headline\":\"CONFIRMAN A YOSELIN MENDOZA COMO CANDIDATA A LA PRESIDENCIA MUNICIPAL DE NR\",\"datePublished\":\"2024-04-02T02:45:00+00:00\",\"dateModified\":\"2024-04-02T02:46:49+00:00\",\"mainEntityOfPage\":{\"@id\":\"https:\\\/\\\/continuamosmx.com\\\/index.php\\\/2024\\\/04\\\/02\\\/confirman-a-yoselin-mendoza-como-candidata-a-la-presidencia-municipal-de-nr\\\/\"},\"wordCount\":196,\"commentCount\":0,\"publisher\":{\"@id\":\"https:\\\/\\\/continuamosmx.com\\\/#organization\"},\"image\":{\"@id\":\"https:\\\/\\\/continuamosmx.com\\\/index.php\\\/2024\\\/04\\\/02\\\/confirman-a-yoselin-mendoza-como-candidata-a-la-presidencia-municipal-de-nr\\\/#primaryimage\"},\"thumbnailUrl\":\"https:\\\/\\\/continuamosmx.com\\\/wp-content\\\/uploads\\\/2024\\\/04\\\/FB_IMG_1712025527699.jpg\",\"keywords\":[\"Edomex\",\"Elecci\u00f3n 2024\",\"Morena\",\"Nicol\u00e1s Romero\",\"Yoselin Mendoza\"],\"articleSection\":[\"ELECCIONES 2024\",\"NICOL\u00c1S ROMERO\"],\"inLanguage\":\"es\"},{\"@type\":\"WebPage\",\"@id\":\"https:\\\/\\\/continuamosmx.com\\\/index.php\\\/2024\\\/04\\\/02\\\/confirman-a-yoselin-mendoza-como-candidata-a-la-presidencia-municipal-de-nr\\\/\",\"url\":\"https:\\\/\\\/continuamosmx.com\\\/index.php\\\/2024\\\/04\\\/02\\\/confirman-a-yoselin-mendoza-como-candidata-a-la-presidencia-municipal-de-nr\\\/\",\"name\":\"CONFIRMAN A YOSELIN MENDOZA COMO CANDIDATA A LA PRESIDENCIA MUNICIPAL DE NR -\",\"isPartOf\":{\"@id\":\"https:\\\/\\\/continuamosmx.com\\\/#website\"},\"primaryImageOfPage\":{\"@id\":\"https:\\\/\\\/continuamosmx.com\\\/index.php\\\/2024\\\/04\\\/02\\\/confirman-a-yoselin-mendoza-como-candidata-a-la-presidencia-municipal-de-nr\\\/#primaryimage\"},\"image\":{\"@id\":\"https:\\\/\\\/continuamosmx.com\\\/index.php\\\/2024\\\/04\\\/02\\\/confirman-a-yoselin-mendoza-como-candidata-a-la-presidencia-municipal-de-nr\\\/#primaryimage\"},\"thumbnailUrl\":\"https:\\\/\\\/continuamosmx.com\\\/wp-content\\\/uploads\\\/2024\\\/04\\\/FB_IMG_1712025527699.jpg\",\"datePublished\":\"2024-04-02T02:45:00+00:00\",\"dateModified\":\"2024-04-02T02:46:49+00:00\",\"breadcrumb\":{\"@id\":\"https:\\\/\\\/continuamosmx.com\\\/index.php\\\/2024\\\/04\\\/02\\\/confirman-a-yoselin-mendoza-como-candidata-a-la-presidencia-municipal-de-nr\\\/#breadcrumb\"},\"inLanguage\":\"es\",\"potentialAction\":[{\"@type\":\"ReadAction\",\"target\":[\"https:\\\/\\\/continuamosmx.com\\\/index.php\\\/2024\\\/04\\\/02\\\/confirman-a-yoselin-mendoza-como-candidata-a-la-presidencia-municipal-de-nr\\\/\"]}]},{\"@type\":\"ImageObject\",\"inLanguage\":\"es\",\"@id\":\"https:\\\/\\\/continuamosmx.com\\\/index.php\\\/2024\\\/04\\\/02\\\/confirman-a-yoselin-mendoza-como-candidata-a-la-presidencia-municipal-de-nr\\\/#primaryimage\",\"url\":\"https:\\\/\\\/continuamosmx.com\\\/wp-content\\\/uploads\\\/2024\\\/04\\\/FB_IMG_1712025527699.jpg\",\"contentUrl\":\"https:\\\/\\\/continuamosmx.com\\\/wp-content\\\/uploads\\\/2024\\\/04\\\/FB_IMG_1712025527699.jpg\",\"width\":853,\"height\":1280},{\"@type\":\"BreadcrumbList\",\"@id\":\"https:\\\/\\\/continuamosmx.com\\\/index.php\\\/2024\\\/04\\\/02\\\/confirman-a-yoselin-mendoza-como-candidata-a-la-presidencia-municipal-de-nr\\\/#breadcrumb\",\"itemListElement\":[{\"@type\":\"ListItem\",\"position\":1,\"name\":\"Inicio\",\"item\":\"https:\\\/\\\/continuamosmx.com\\\/\"},{\"@type\":\"ListItem\",\"position\":2,\"name\":\"CONFIRMAN A YOSELIN MENDOZA COMO CANDIDATA A LA PRESIDENCIA MUNICIPAL DE NR\"}]},{\"@type\":\"WebSite\",\"@id\":\"https:\\\/\\\/continuamosmx.com\\\/#website\",\"url\":\"https:\\\/\\\/continuamosmx.com\\\/\",\"name\":\"www.continuamosmx.com\",\"description\":\"\",\"publisher\":{\"@id\":\"https:\\\/\\\/continuamosmx.com\\\/#organization\"},\"potentialAction\":[{\"@type\":\"SearchAction\",\"target\":{\"@type\":\"EntryPoint\",\"urlTemplate\":\"https:\\\/\\\/continuamosmx.com\\\/?s={search_term_string}\"},\"query-input\":{\"@type\":\"PropertyValueSpecification\",\"valueRequired\":true,\"valueName\":\"search_term_string\"}}],\"inLanguage\":\"es\"},{\"@type\":\"Organization\",\"@id\":\"https:\\\/\\\/continuamosmx.com\\\/#organization\",\"name\":\"ContinuamosMX\",\"url\":\"https:\\\/\\\/continuamosmx.com\\\/\",\"logo\":{\"@type\":\"ImageObject\",\"inLanguage\":\"es\",\"@id\":\"https:\\\/\\\/continuamosmx.com\\\/#\\\/schema\\\/logo\\\/image\\\/\",\"url\":\"https:\\\/\\\/continuamosmx.com\\\/wp-content\\\/uploads\\\/2023\\\/04\\\/cropped-LOGO-CONTI-NUEVO.png\",\"contentUrl\":\"https:\\\/\\\/continuamosmx.com\\\/wp-content\\\/uploads\\\/2023\\\/04\\\/cropped-LOGO-CONTI-NUEVO.png\",\"width\":1257,\"height\":430,\"caption\":\"ContinuamosMX\"},\"image\":{\"@id\":\"https:\\\/\\\/continuamosmx.com\\\/#\\\/schema\\\/logo\\\/image\\\/\"}},{\"@type\":\"Person\",\"@id\":\"https:\\\/\\\/continuamosmx.com\\\/#\\\/schema\\\/person\\\/597bf43bb6e9623635929d8de706669f\",\"name\":\"ContinuamosMX\",\"image\":{\"@type\":\"ImageObject\",\"inLanguage\":\"es\",\"@id\":\"https:\\\/\\\/secure.gravatar.com\\\/avatar\\\/559529727a6e1f51269882deb22b7cbf727c15cb0f7d75d495313386bc069382?s=96&d=mm&r=g\",\"url\":\"https:\\\/\\\/secure.gravatar.com\\\/avatar\\\/559529727a6e1f51269882deb22b7cbf727c15cb0f7d75d495313386bc069382?s=96&d=mm&r=g\",\"contentUrl\":\"https:\\\/\\\/secure.gravatar.com\\\/avatar\\\/559529727a6e1f51269882deb22b7cbf727c15cb0f7d75d495313386bc069382?s=96&d=mm&r=g\",\"caption\":\"ContinuamosMX\"},\"sameAs\":[\"http:\\\/\\\/continuamosmx.com\"],\"url\":\"https:\\\/\\\/continuamosmx.com\\\/index.php\\\/author\\\/cgbarnardhotmail-com\\\/\"}]}<\/script>\n<!-- \/ Yoast SEO plugin. -->","yoast_head_json":{"title":"CONFIRMAN A YOSELIN MENDOZA COMO CANDIDATA A LA PRESIDENCIA MUNICIPAL DE NR -","robots":{"index":"index","follow":"follow","max-snippet":"max-snippet:-1","max-image-preview":"max-image-preview:large","max-video-preview":"max-video-preview:-1"},"canonical":"https:\/\/continuamosmx.com\/index.php\/2024\/04\/02\/confirman-a-yoselin-mendoza-como-candidata-a-la-presidencia-municipal-de-nr\/","og_locale":"es_ES","og_type":"article","og_title":"CONFIRMAN A YOSELIN MENDOZA COMO CANDIDATA A LA PRESIDENCIA MUNICIPAL DE NR -","og_description":"*Morena revela ocho candidatos m\u00e1s para alcald\u00edas en el Estado de M\u00e9xico REDACCI\u00d3N. VALLE DE M\u00c9XICO.- La Comisi\u00f3n Nacional de Elecciones de Morena anunci\u00f3 m\u00e1s nombres de los candidatos que encabezar\u00e1n las contiendas por las alcald\u00edas en el Estado de M\u00e9xico. Destacando entre ellos, Yoselin Mendoza, quien se perfila como la posible ganadora en Nicol\u00e1s [&hellip;]","og_url":"https:\/\/continuamosmx.com\/index.php\/2024\/04\/02\/confirman-a-yoselin-mendoza-como-candidata-a-la-presidencia-municipal-de-nr\/","article_published_time":"2024-04-02T02:45:00+00:00","article_modified_time":"2024-04-02T02:46:49+00:00","og_image":[{"width":853,"height":1280,"url":"https:\/\/continuamosmx.com\/wp-content\/uploads\/2024\/04\/FB_IMG_1712025527699.jpg","type":"image\/jpeg"}],"author":"ContinuamosMX","twitter_card":"summary_large_image","twitter_misc":{"Escrito por":"ContinuamosMX","Tiempo de lectura":"1 minuto"},"schema":{"@context":"https:\/\/schema.org","@graph":[{"@type":"Article","@id":"https:\/\/continuamosmx.com\/index.php\/2024\/04\/02\/confirman-a-yoselin-mendoza-como-candidata-a-la-presidencia-municipal-de-nr\/#article","isPartOf":{"@id":"https:\/\/continuamosmx.com\/index.php\/2024\/04\/02\/confirman-a-yoselin-mendoza-como-candidata-a-la-presidencia-municipal-de-nr\/"},"author":{"name":"ContinuamosMX","@id":"https:\/\/continuamosmx.com\/#\/schema\/person\/597bf43bb6e9623635929d8de706669f"},"headline":"CONFIRMAN A YOSELIN MENDOZA COMO CANDIDATA A LA PRESIDENCIA MUNICIPAL DE NR","datePublished":"2024-04-02T02:45:00+00:00","dateModified":"2024-04-02T02:46:49+00:00","mainEntityOfPage":{"@id":"https:\/\/continuamosmx.com\/index.php\/2024\/04\/02\/confirman-a-yoselin-mendoza-como-candidata-a-la-presidencia-municipal-de-nr\/"},"wordCount":196,"commentCount":0,"publisher":{"@id":"https:\/\/continuamosmx.com\/#organization"},"image":{"@id":"https:\/\/continuamosmx.com\/index.php\/2024\/04\/02\/confirman-a-yoselin-mendoza-como-candidata-a-la-presidencia-municipal-de-nr\/#primaryimage"},"thumbnailUrl":"https:\/\/continuamosmx.com\/wp-content\/uploads\/2024\/04\/FB_IMG_1712025527699.jpg","keywords":["Edomex","Elecci\u00f3n 2024","Morena","Nicol\u00e1s Romero","Yoselin Mendoza"],"articleSection":["ELECCIONES 2024","NICOL\u00c1S ROMERO"],"inLanguage":"es"},{"@type":"WebPage","@id":"https:\/\/continuamosmx.com\/index.php\/2024\/04\/02\/confirman-a-yoselin-mendoza-como-candidata-a-la-presidencia-municipal-de-nr\/","url":"https:\/\/continuamosmx.com\/index.php\/2024\/04\/02\/confirman-a-yoselin-mendoza-como-candidata-a-la-presidencia-municipal-de-nr\/","name":"CONFIRMAN A YOSELIN MENDOZA COMO CANDIDATA A LA PRESIDENCIA MUNICIPAL DE NR -","isPartOf":{"@id":"https:\/\/continuamosmx.com\/#website"},"primaryImageOfPage":{"@id":"https:\/\/continuamosmx.com\/index.php\/2024\/04\/02\/confirman-a-yoselin-mendoza-como-candidata-a-la-presidencia-municipal-de-nr\/#primaryimage"},"image":{"@id":"https:\/\/continuamosmx.com\/index.php\/2024\/04\/02\/confirman-a-yoselin-mendoza-como-candidata-a-la-presidencia-municipal-de-nr\/#primaryimage"},"thumbnailUrl":"https:\/\/continuamosmx.com\/wp-content\/uploads\/2024\/04\/FB_IMG_1712025527699.jpg","datePublished":"2024-04-02T02:45:00+00:00","dateModified":"2024-04-02T02:46:49+00:00","breadcrumb":{"@id":"https:\/\/continuamosmx.com\/index.php\/2024\/04\/02\/confirman-a-yoselin-mendoza-como-candidata-a-la-presidencia-municipal-de-nr\/#breadcrumb"},"inLanguage":"es","potentialAction":[{"@type":"ReadAction","target":["https:\/\/continuamosmx.com\/index.php\/2024\/04\/02\/confirman-a-yoselin-mendoza-como-candidata-a-la-presidencia-municipal-de-nr\/"]}]},{"@type":"ImageObject","inLanguage":"es","@id":"https:\/\/continuamosmx.com\/index.php\/2024\/04\/02\/confirman-a-yoselin-mendoza-como-candidata-a-la-presidencia-municipal-de-nr\/#primaryimage","url":"https:\/\/continuamosmx.com\/wp-content\/uploads\/2024\/04\/FB_IMG_1712025527699.jpg","contentUrl":"https:\/\/continuamosmx.com\/wp-content\/uploads\/2024\/04\/FB_IMG_1712025527699.jpg","width":853,"height":1280},{"@type":"BreadcrumbList","@id":"https:\/\/continuamosmx.com\/index.php\/2024\/04\/02\/confirman-a-yoselin-mendoza-como-candidata-a-la-presidencia-municipal-de-nr\/#breadcrumb","itemListElement":[{"@type":"ListItem","position":1,"name":"Inicio","item":"https:\/\/continuamosmx.com\/"},{"@type":"ListItem","position":2,"name":"CONFIRMAN A YOSELIN MENDOZA COMO CANDIDATA A LA PRESIDENCIA MUNICIPAL DE NR"}]},{"@type":"WebSite","@id":"https:\/\/continuamosmx.com\/#website","url":"https:\/\/continuamosmx.com\/","name":"www.continuamosmx.com","description":"","publisher":{"@id":"https:\/\/continuamosmx.com\/#organization"},"potentialAction":[{"@type":"SearchAction","target":{"@type":"EntryPoint","urlTemplate":"https:\/\/continuamosmx.com\/?s={search_term_string}"},"query-input":{"@type":"PropertyValueSpecification","valueRequired":true,"valueName":"search_term_string"}}],"inLanguage":"es"},{"@type":"Organization","@id":"https:\/\/continuamosmx.com\/#organization","name":"ContinuamosMX","url":"https:\/\/continuamosmx.com\/","logo":{"@type":"ImageObject","inLanguage":"es","@id":"https:\/\/continuamosmx.com\/#\/schema\/logo\/image\/","url":"https:\/\/continuamosmx.com\/wp-content\/uploads\/2023\/04\/cropped-LOGO-CONTI-NUEVO.png","contentUrl":"https:\/\/continuamosmx.com\/wp-content\/uploads\/2023\/04\/cropped-LOGO-CONTI-NUEVO.png","width":1257,"height":430,"caption":"ContinuamosMX"},"image":{"@id":"https:\/\/continuamosmx.com\/#\/schema\/logo\/image\/"}},{"@type":"Person","@id":"https:\/\/continuamosmx.com\/#\/schema\/person\/597bf43bb6e9623635929d8de706669f","name":"ContinuamosMX","image":{"@type":"ImageObject","inLanguage":"es","@id":"https:\/\/secure.gravatar.com\/avatar\/559529727a6e1f51269882deb22b7cbf727c15cb0f7d75d495313386bc069382?s=96&d=mm&r=g","url":"https:\/\/secure.gravatar.com\/avatar\/559529727a6e1f51269882deb22b7cbf727c15cb0f7d75d495313386bc069382?s=96&d=mm&r=g","contentUrl":"https:\/\/secure.gravatar.com\/avatar\/559529727a6e1f51269882deb22b7cbf727c15cb0f7d75d495313386bc069382?s=96&d=mm&r=g","caption":"ContinuamosMX"},"sameAs":["http:\/\/continuamosmx.com"],"url":"https:\/\/continuamosmx.com\/index.php\/author\/cgbarnardhotmail-com\/"}]}},"_links":{"self":[{"href":"https:\/\/continuamosmx.com\/index.php\/wp-json\/wp\/v2\/posts\/46601","targetHints":{"allow":["GET"]}}],"collection":[{"href":"https:\/\/continuamosmx.com\/index.php\/wp-json\/wp\/v2\/posts"}],"about":[{"href":"https:\/\/continuamosmx.com\/index.php\/wp-json\/wp\/v2\/types\/post"}],"author":[{"embeddable":true,"href":"https:\/\/continuamosmx.com\/index.php\/wp-json\/wp\/v2\/users\/1"}],"replies":[{"embeddable":true,"href":"https:\/\/continuamosmx.com\/index.php\/wp-json\/wp\/v2\/comments?post=46601"}],"version-history":[{"count":1,"href":"https:\/\/continuamosmx.com\/index.php\/wp-json\/wp\/v2\/posts\/46601\/revisions"}],"predecessor-version":[{"id":46602,"href":"https:\/\/continuamosmx.com\/index.php\/wp-json\/wp\/v2\/posts\/46601\/revisions\/46602"}],"wp:featuredmedia":[{"embeddable":true,"href":"https:\/\/continuamosmx.com\/index.php\/wp-json\/wp\/v2\/media\/46603"}],"wp:attachment":[{"href":"https:\/\/continuamosmx.com\/index.php\/wp-json\/wp\/v2\/media?parent=46601"}],"wp:term":[{"taxonomy":"category","embeddable":true,"href":"https:\/\/continuamosmx.com\/index.php\/wp-json\/wp\/v2\/categories?post=46601"},{"taxonomy":"post_tag","embeddable":true,"href":"https:\/\/continuamosmx.com\/index.php\/wp-json\/wp\/v2\/tags?post=46601"}],"curies":[{"name":"wp","href":"https:\/\/api.w.org\/{rel}","templated":true}]}}