{"id":46561,"date":"2024-03-25T16:24:44","date_gmt":"2024-03-25T16:24:44","guid":{"rendered":"https:\/\/continuamosmx.com\/?p=46561"},"modified":"2024-03-25T16:24:45","modified_gmt":"2024-03-25T16:24:45","slug":"reconocen-en-texcoco-valores-de-benito-juarez-en-su-natalicio","status":"publish","type":"post","link":"https:\/\/continuamosmx.com\/index.php\/2024\/03\/25\/reconocen-en-texcoco-valores-de-benito-juarez-en-su-natalicio\/","title":{"rendered":"RECONOCEN EN TEXCOCO VALORES DE BENITO JU\u00c1REZ EN SU NATALICIO"},"content":{"rendered":"\n<p>*<strong>Benito Ju\u00e1rez Maza, hijo del benem\u00e9rito de las Am\u00e9ricas, gobern\u00f3 Texcoco en 1895<\/strong><\/p>\n\n\n\n<p>REDACCI\u00d3N.<\/p>\n\n\n\n<p>TEXCOCO, M\u00e9x.- Conmemora el gobierno municipal de Texcoco el CCXVIII aniversario del natalicio de Benito Ju\u00e1rez Garc\u00eda con ceremonia c\u00edvica.<\/p>\n\n\n\n<p>En homenaje al ex presidente de la Rep\u00fablica Mexicana y benem\u00e9rito de la Am\u00e9ricas, Benito Ju\u00e1rez Garc\u00eda, el gobierno municipal de Texcoco, lo reconoci\u00f3 como quien con los principios de \u201chonestidad, prosperidad y amor por su tierra\u201d cambi\u00f3 la historia del pa\u00eds.<\/p>\n\n\n\n<p>Fue el secretario del Ayuntamiento de Texcoco, Manuel Conde Torres el encargado de difundir la vida de uno de los personajes m\u00e1s importante de la historia de M\u00e9xico, Benito Ju\u00e1rez Garc\u00eda, al mencionar algunas frases importantes y que han tenido influencia en la vida gubernamental de Texcoco, \u201cEn pol\u00edtica la l\u00ednea recta es la m\u00e1s corta\u201d, ah\u00ed Conde Torres detall\u00f3 que, para estar en un cargo hay que manejarnos con rectitud, libres, felices, sin apariencias, siempre busc\u00e1ndola prosperidad ahora entre los texcocanos, si seguimos manejando as\u00ed nuestros objetivos siempre se reflejar\u00e1n en beneficio del municipio de Texcoco\u201d.<\/p>\n\n\n\n<p>El secretario del ayuntamiento de Texcoco, ante regidores, el cronista municipal, El\u00edas Taboada, alumnos y maestros de escuelas como: el Preescolar \u201cJosu\u00e9 Mirlo\u201d, primaria \u201cReforma\u201d, la Escuela Secundaria T\u00e9cnica 116, con la banda de guerra \u201cNezahualpilli\u201d, el comit\u00e9 vecinal del Carmen mencion\u00f3 que Texcoco aparece en las p\u00e1ginas de la historia de M\u00e9xico al mencionar que fue en el a\u00f1o 1895 Benito Ju\u00e1rez Maza hijo del benem\u00e9rito de la Am\u00e9ricas, fue presidente municipal de Texcoco.<\/p>\n\n\n\n<p>Por ello dijo debemos sentirnos orgullosos, somos un municipio que ha sido testigo, part\u00edcipe y cuna de la transformaci\u00f3n del pa\u00eds, al decir que se debe de seguir la ruta y el ejemplo que nos ha dejado el benem\u00e9rito de las Am\u00e9ricas Benito Ju\u00e1rez Garc\u00eda.<\/p>\n\n\n\n<p>El ni\u00f1o Arturo Rub\u00e9n Verdugo Monsalve estudiante de cuarto grado de la Escuela Primaria \u201cLa Reforma\u201d turno vespertino de Las Vegas, en un poema resalt\u00f3 la trayectoria de Benito Ju\u00e1rez.<\/p>\n\n\n\n<p>La rese\u00f1a hist\u00f3rica estuvo a cargo del cronista de Texcoco El\u00edas Taboada, quien habl\u00f3 de la vida y obra de este m\u00e1ximo personaje que naci\u00f3 un 21 de marzo de 1806 y muri\u00f3 el 18 de julio de 1872, resaltando su mandato como presidente de la Rep\u00fablica en varias ocasiones en el periodo de 1858 a 1872.<\/p>\n","protected":false},"excerpt":{"rendered":"<p>*Benito Ju\u00e1rez Maza, hijo del benem\u00e9rito de las Am\u00e9ricas, gobern\u00f3 Texcoco en 1895 REDACCI\u00d3N. TEXCOCO, M\u00e9x.- Conmemora el gobierno municipal de Texcoco el CCXVIII aniversario del natalicio de Benito Ju\u00e1rez Garc\u00eda con ceremonia c\u00edvica. En homenaje al ex presidente de la Rep\u00fablica Mexicana y benem\u00e9rito de la Am\u00e9ricas, Benito Ju\u00e1rez Garc\u00eda, el gobierno municipal de [&hellip;]<\/p>\n","protected":false},"author":1,"featured_media":46562,"comment_status":"open","ping_status":"open","sticky":false,"template":"","format":"standard","meta":{"footnotes":""},"categories":[2,6],"tags":[131,55],"class_list":["post-46561","post","type-post","status-publish","format-standard","has-post-thumbnail","hentry","category-edomex","category-texcoco","tag-natalicio-de-benito-juarez","tag-texcoco"],"yoast_head":"<!-- This site is optimized with the Yoast SEO plugin v27.5 - https:\/\/yoast.com\/product\/yoast-seo-wordpress\/ -->\n<title>RECONOCEN EN TEXCOCO VALORES DE BENITO JU\u00c1REZ EN SU NATALICIO -<\/title>\n<meta name=\"robots\" content=\"index, follow, max-snippet:-1, max-image-preview:large, max-video-preview:-1\" \/>\n<link rel=\"canonical\" href=\"https:\/\/continuamosmx.com\/index.php\/2024\/03\/25\/reconocen-en-texcoco-valores-de-benito-juarez-en-su-natalicio\/\" \/>\n<meta property=\"og:locale\" content=\"es_ES\" \/>\n<meta property=\"og:type\" content=\"article\" \/>\n<meta property=\"og:title\" content=\"RECONOCEN EN TEXCOCO VALORES DE BENITO JU\u00c1REZ EN SU NATALICIO -\" \/>\n<meta property=\"og:description\" content=\"*Benito Ju\u00e1rez Maza, hijo del benem\u00e9rito de las Am\u00e9ricas, gobern\u00f3 Texcoco en 1895 REDACCI\u00d3N. TEXCOCO, M\u00e9x.- Conmemora el gobierno municipal de Texcoco el CCXVIII aniversario del natalicio de Benito Ju\u00e1rez Garc\u00eda con ceremonia c\u00edvica. En homenaje al ex presidente de la Rep\u00fablica Mexicana y benem\u00e9rito de la Am\u00e9ricas, Benito Ju\u00e1rez Garc\u00eda, el gobierno municipal de [&hellip;]\" \/>\n<meta property=\"og:url\" content=\"https:\/\/continuamosmx.com\/index.php\/2024\/03\/25\/reconocen-en-texcoco-valores-de-benito-juarez-en-su-natalicio\/\" \/>\n<meta property=\"article:published_time\" content=\"2024-03-25T16:24:44+00:00\" \/>\n<meta property=\"article:modified_time\" content=\"2024-03-25T16:24:45+00:00\" \/>\n<meta property=\"og:image\" content=\"https:\/\/continuamosmx.com\/wp-content\/uploads\/2024\/03\/IMG-20240324-WA0226.jpg\" \/>\n\t<meta property=\"og:image:width\" content=\"1600\" \/>\n\t<meta property=\"og:image:height\" content=\"1066\" \/>\n\t<meta property=\"og:image:type\" content=\"image\/jpeg\" \/>\n<meta name=\"author\" content=\"ContinuamosMX\" \/>\n<meta name=\"twitter:card\" content=\"summary_large_image\" \/>\n<meta name=\"twitter:label1\" content=\"Escrito por\" \/>\n\t<meta name=\"twitter:data1\" content=\"ContinuamosMX\" \/>\n\t<meta name=\"twitter:label2\" content=\"Tiempo de lectura\" \/>\n\t<meta name=\"twitter:data2\" content=\"2 minutos\" \/>\n<script type=\"application\/ld+json\" class=\"yoast-schema-graph\">{\"@context\":\"https:\\\/\\\/schema.org\",\"@graph\":[{\"@type\":\"Article\",\"@id\":\"https:\\\/\\\/continuamosmx.com\\\/index.php\\\/2024\\\/03\\\/25\\\/reconocen-en-texcoco-valores-de-benito-juarez-en-su-natalicio\\\/#article\",\"isPartOf\":{\"@id\":\"https:\\\/\\\/continuamosmx.com\\\/index.php\\\/2024\\\/03\\\/25\\\/reconocen-en-texcoco-valores-de-benito-juarez-en-su-natalicio\\\/\"},\"author\":{\"name\":\"ContinuamosMX\",\"@id\":\"https:\\\/\\\/continuamosmx.com\\\/#\\\/schema\\\/person\\\/597bf43bb6e9623635929d8de706669f\"},\"headline\":\"RECONOCEN EN TEXCOCO VALORES DE BENITO JU\u00c1REZ EN SU NATALICIO\",\"datePublished\":\"2024-03-25T16:24:44+00:00\",\"dateModified\":\"2024-03-25T16:24:45+00:00\",\"mainEntityOfPage\":{\"@id\":\"https:\\\/\\\/continuamosmx.com\\\/index.php\\\/2024\\\/03\\\/25\\\/reconocen-en-texcoco-valores-de-benito-juarez-en-su-natalicio\\\/\"},\"wordCount\":429,\"commentCount\":0,\"publisher\":{\"@id\":\"https:\\\/\\\/continuamosmx.com\\\/#organization\"},\"image\":{\"@id\":\"https:\\\/\\\/continuamosmx.com\\\/index.php\\\/2024\\\/03\\\/25\\\/reconocen-en-texcoco-valores-de-benito-juarez-en-su-natalicio\\\/#primaryimage\"},\"thumbnailUrl\":\"https:\\\/\\\/continuamosmx.com\\\/wp-content\\\/uploads\\\/2024\\\/03\\\/IMG-20240324-WA0226.jpg\",\"keywords\":[\"Natalicio de Benito Ju\u00e1rez\",\"Texcoco\"],\"articleSection\":[\"EDOMEX\",\"TEXCOCO\"],\"inLanguage\":\"es\"},{\"@type\":\"WebPage\",\"@id\":\"https:\\\/\\\/continuamosmx.com\\\/index.php\\\/2024\\\/03\\\/25\\\/reconocen-en-texcoco-valores-de-benito-juarez-en-su-natalicio\\\/\",\"url\":\"https:\\\/\\\/continuamosmx.com\\\/index.php\\\/2024\\\/03\\\/25\\\/reconocen-en-texcoco-valores-de-benito-juarez-en-su-natalicio\\\/\",\"name\":\"RECONOCEN EN TEXCOCO VALORES DE BENITO JU\u00c1REZ EN SU NATALICIO -\",\"isPartOf\":{\"@id\":\"https:\\\/\\\/continuamosmx.com\\\/#website\"},\"primaryImageOfPage\":{\"@id\":\"https:\\\/\\\/continuamosmx.com\\\/index.php\\\/2024\\\/03\\\/25\\\/reconocen-en-texcoco-valores-de-benito-juarez-en-su-natalicio\\\/#primaryimage\"},\"image\":{\"@id\":\"https:\\\/\\\/continuamosmx.com\\\/index.php\\\/2024\\\/03\\\/25\\\/reconocen-en-texcoco-valores-de-benito-juarez-en-su-natalicio\\\/#primaryimage\"},\"thumbnailUrl\":\"https:\\\/\\\/continuamosmx.com\\\/wp-content\\\/uploads\\\/2024\\\/03\\\/IMG-20240324-WA0226.jpg\",\"datePublished\":\"2024-03-25T16:24:44+00:00\",\"dateModified\":\"2024-03-25T16:24:45+00:00\",\"breadcrumb\":{\"@id\":\"https:\\\/\\\/continuamosmx.com\\\/index.php\\\/2024\\\/03\\\/25\\\/reconocen-en-texcoco-valores-de-benito-juarez-en-su-natalicio\\\/#breadcrumb\"},\"inLanguage\":\"es\",\"potentialAction\":[{\"@type\":\"ReadAction\",\"target\":[\"https:\\\/\\\/continuamosmx.com\\\/index.php\\\/2024\\\/03\\\/25\\\/reconocen-en-texcoco-valores-de-benito-juarez-en-su-natalicio\\\/\"]}]},{\"@type\":\"ImageObject\",\"inLanguage\":\"es\",\"@id\":\"https:\\\/\\\/continuamosmx.com\\\/index.php\\\/2024\\\/03\\\/25\\\/reconocen-en-texcoco-valores-de-benito-juarez-en-su-natalicio\\\/#primaryimage\",\"url\":\"https:\\\/\\\/continuamosmx.com\\\/wp-content\\\/uploads\\\/2024\\\/03\\\/IMG-20240324-WA0226.jpg\",\"contentUrl\":\"https:\\\/\\\/continuamosmx.com\\\/wp-content\\\/uploads\\\/2024\\\/03\\\/IMG-20240324-WA0226.jpg\",\"width\":1600,\"height\":1066},{\"@type\":\"BreadcrumbList\",\"@id\":\"https:\\\/\\\/continuamosmx.com\\\/index.php\\\/2024\\\/03\\\/25\\\/reconocen-en-texcoco-valores-de-benito-juarez-en-su-natalicio\\\/#breadcrumb\",\"itemListElement\":[{\"@type\":\"ListItem\",\"position\":1,\"name\":\"Inicio\",\"item\":\"https:\\\/\\\/continuamosmx.com\\\/\"},{\"@type\":\"ListItem\",\"position\":2,\"name\":\"RECONOCEN EN TEXCOCO VALORES DE BENITO JU\u00c1REZ EN SU NATALICIO\"}]},{\"@type\":\"WebSite\",\"@id\":\"https:\\\/\\\/continuamosmx.com\\\/#website\",\"url\":\"https:\\\/\\\/continuamosmx.com\\\/\",\"name\":\"www.continuamosmx.com\",\"description\":\"\",\"publisher\":{\"@id\":\"https:\\\/\\\/continuamosmx.com\\\/#organization\"},\"potentialAction\":[{\"@type\":\"SearchAction\",\"target\":{\"@type\":\"EntryPoint\",\"urlTemplate\":\"https:\\\/\\\/continuamosmx.com\\\/?s={search_term_string}\"},\"query-input\":{\"@type\":\"PropertyValueSpecification\",\"valueRequired\":true,\"valueName\":\"search_term_string\"}}],\"inLanguage\":\"es\"},{\"@type\":\"Organization\",\"@id\":\"https:\\\/\\\/continuamosmx.com\\\/#organization\",\"name\":\"ContinuamosMX\",\"url\":\"https:\\\/\\\/continuamosmx.com\\\/\",\"logo\":{\"@type\":\"ImageObject\",\"inLanguage\":\"es\",\"@id\":\"https:\\\/\\\/continuamosmx.com\\\/#\\\/schema\\\/logo\\\/image\\\/\",\"url\":\"https:\\\/\\\/continuamosmx.com\\\/wp-content\\\/uploads\\\/2023\\\/04\\\/cropped-LOGO-CONTI-NUEVO.png\",\"contentUrl\":\"https:\\\/\\\/continuamosmx.com\\\/wp-content\\\/uploads\\\/2023\\\/04\\\/cropped-LOGO-CONTI-NUEVO.png\",\"width\":1257,\"height\":430,\"caption\":\"ContinuamosMX\"},\"image\":{\"@id\":\"https:\\\/\\\/continuamosmx.com\\\/#\\\/schema\\\/logo\\\/image\\\/\"}},{\"@type\":\"Person\",\"@id\":\"https:\\\/\\\/continuamosmx.com\\\/#\\\/schema\\\/person\\\/597bf43bb6e9623635929d8de706669f\",\"name\":\"ContinuamosMX\",\"image\":{\"@type\":\"ImageObject\",\"inLanguage\":\"es\",\"@id\":\"https:\\\/\\\/secure.gravatar.com\\\/avatar\\\/559529727a6e1f51269882deb22b7cbf727c15cb0f7d75d495313386bc069382?s=96&d=mm&r=g\",\"url\":\"https:\\\/\\\/secure.gravatar.com\\\/avatar\\\/559529727a6e1f51269882deb22b7cbf727c15cb0f7d75d495313386bc069382?s=96&d=mm&r=g\",\"contentUrl\":\"https:\\\/\\\/secure.gravatar.com\\\/avatar\\\/559529727a6e1f51269882deb22b7cbf727c15cb0f7d75d495313386bc069382?s=96&d=mm&r=g\",\"caption\":\"ContinuamosMX\"},\"sameAs\":[\"http:\\\/\\\/continuamosmx.com\"],\"url\":\"https:\\\/\\\/continuamosmx.com\\\/index.php\\\/author\\\/cgbarnardhotmail-com\\\/\"}]}<\/script>\n<!-- \/ Yoast SEO plugin. -->","yoast_head_json":{"title":"RECONOCEN EN TEXCOCO VALORES DE BENITO JU\u00c1REZ EN SU NATALICIO -","robots":{"index":"index","follow":"follow","max-snippet":"max-snippet:-1","max-image-preview":"max-image-preview:large","max-video-preview":"max-video-preview:-1"},"canonical":"https:\/\/continuamosmx.com\/index.php\/2024\/03\/25\/reconocen-en-texcoco-valores-de-benito-juarez-en-su-natalicio\/","og_locale":"es_ES","og_type":"article","og_title":"RECONOCEN EN TEXCOCO VALORES DE BENITO JU\u00c1REZ EN SU NATALICIO -","og_description":"*Benito Ju\u00e1rez Maza, hijo del benem\u00e9rito de las Am\u00e9ricas, gobern\u00f3 Texcoco en 1895 REDACCI\u00d3N. TEXCOCO, M\u00e9x.- Conmemora el gobierno municipal de Texcoco el CCXVIII aniversario del natalicio de Benito Ju\u00e1rez Garc\u00eda con ceremonia c\u00edvica. En homenaje al ex presidente de la Rep\u00fablica Mexicana y benem\u00e9rito de la Am\u00e9ricas, Benito Ju\u00e1rez Garc\u00eda, el gobierno municipal de [&hellip;]","og_url":"https:\/\/continuamosmx.com\/index.php\/2024\/03\/25\/reconocen-en-texcoco-valores-de-benito-juarez-en-su-natalicio\/","article_published_time":"2024-03-25T16:24:44+00:00","article_modified_time":"2024-03-25T16:24:45+00:00","og_image":[{"width":1600,"height":1066,"url":"https:\/\/continuamosmx.com\/wp-content\/uploads\/2024\/03\/IMG-20240324-WA0226.jpg","type":"image\/jpeg"}],"author":"ContinuamosMX","twitter_card":"summary_large_image","twitter_misc":{"Escrito por":"ContinuamosMX","Tiempo de lectura":"2 minutos"},"schema":{"@context":"https:\/\/schema.org","@graph":[{"@type":"Article","@id":"https:\/\/continuamosmx.com\/index.php\/2024\/03\/25\/reconocen-en-texcoco-valores-de-benito-juarez-en-su-natalicio\/#article","isPartOf":{"@id":"https:\/\/continuamosmx.com\/index.php\/2024\/03\/25\/reconocen-en-texcoco-valores-de-benito-juarez-en-su-natalicio\/"},"author":{"name":"ContinuamosMX","@id":"https:\/\/continuamosmx.com\/#\/schema\/person\/597bf43bb6e9623635929d8de706669f"},"headline":"RECONOCEN EN TEXCOCO VALORES DE BENITO JU\u00c1REZ EN SU NATALICIO","datePublished":"2024-03-25T16:24:44+00:00","dateModified":"2024-03-25T16:24:45+00:00","mainEntityOfPage":{"@id":"https:\/\/continuamosmx.com\/index.php\/2024\/03\/25\/reconocen-en-texcoco-valores-de-benito-juarez-en-su-natalicio\/"},"wordCount":429,"commentCount":0,"publisher":{"@id":"https:\/\/continuamosmx.com\/#organization"},"image":{"@id":"https:\/\/continuamosmx.com\/index.php\/2024\/03\/25\/reconocen-en-texcoco-valores-de-benito-juarez-en-su-natalicio\/#primaryimage"},"thumbnailUrl":"https:\/\/continuamosmx.com\/wp-content\/uploads\/2024\/03\/IMG-20240324-WA0226.jpg","keywords":["Natalicio de Benito Ju\u00e1rez","Texcoco"],"articleSection":["EDOMEX","TEXCOCO"],"inLanguage":"es"},{"@type":"WebPage","@id":"https:\/\/continuamosmx.com\/index.php\/2024\/03\/25\/reconocen-en-texcoco-valores-de-benito-juarez-en-su-natalicio\/","url":"https:\/\/continuamosmx.com\/index.php\/2024\/03\/25\/reconocen-en-texcoco-valores-de-benito-juarez-en-su-natalicio\/","name":"RECONOCEN EN TEXCOCO VALORES DE BENITO JU\u00c1REZ EN SU NATALICIO -","isPartOf":{"@id":"https:\/\/continuamosmx.com\/#website"},"primaryImageOfPage":{"@id":"https:\/\/continuamosmx.com\/index.php\/2024\/03\/25\/reconocen-en-texcoco-valores-de-benito-juarez-en-su-natalicio\/#primaryimage"},"image":{"@id":"https:\/\/continuamosmx.com\/index.php\/2024\/03\/25\/reconocen-en-texcoco-valores-de-benito-juarez-en-su-natalicio\/#primaryimage"},"thumbnailUrl":"https:\/\/continuamosmx.com\/wp-content\/uploads\/2024\/03\/IMG-20240324-WA0226.jpg","datePublished":"2024-03-25T16:24:44+00:00","dateModified":"2024-03-25T16:24:45+00:00","breadcrumb":{"@id":"https:\/\/continuamosmx.com\/index.php\/2024\/03\/25\/reconocen-en-texcoco-valores-de-benito-juarez-en-su-natalicio\/#breadcrumb"},"inLanguage":"es","potentialAction":[{"@type":"ReadAction","target":["https:\/\/continuamosmx.com\/index.php\/2024\/03\/25\/reconocen-en-texcoco-valores-de-benito-juarez-en-su-natalicio\/"]}]},{"@type":"ImageObject","inLanguage":"es","@id":"https:\/\/continuamosmx.com\/index.php\/2024\/03\/25\/reconocen-en-texcoco-valores-de-benito-juarez-en-su-natalicio\/#primaryimage","url":"https:\/\/continuamosmx.com\/wp-content\/uploads\/2024\/03\/IMG-20240324-WA0226.jpg","contentUrl":"https:\/\/continuamosmx.com\/wp-content\/uploads\/2024\/03\/IMG-20240324-WA0226.jpg","width":1600,"height":1066},{"@type":"BreadcrumbList","@id":"https:\/\/continuamosmx.com\/index.php\/2024\/03\/25\/reconocen-en-texcoco-valores-de-benito-juarez-en-su-natalicio\/#breadcrumb","itemListElement":[{"@type":"ListItem","position":1,"name":"Inicio","item":"https:\/\/continuamosmx.com\/"},{"@type":"ListItem","position":2,"name":"RECONOCEN EN TEXCOCO VALORES DE BENITO JU\u00c1REZ EN SU NATALICIO"}]},{"@type":"WebSite","@id":"https:\/\/continuamosmx.com\/#website","url":"https:\/\/continuamosmx.com\/","name":"www.continuamosmx.com","description":"","publisher":{"@id":"https:\/\/continuamosmx.com\/#organization"},"potentialAction":[{"@type":"SearchAction","target":{"@type":"EntryPoint","urlTemplate":"https:\/\/continuamosmx.com\/?s={search_term_string}"},"query-input":{"@type":"PropertyValueSpecification","valueRequired":true,"valueName":"search_term_string"}}],"inLanguage":"es"},{"@type":"Organization","@id":"https:\/\/continuamosmx.com\/#organization","name":"ContinuamosMX","url":"https:\/\/continuamosmx.com\/","logo":{"@type":"ImageObject","inLanguage":"es","@id":"https:\/\/continuamosmx.com\/#\/schema\/logo\/image\/","url":"https:\/\/continuamosmx.com\/wp-content\/uploads\/2023\/04\/cropped-LOGO-CONTI-NUEVO.png","contentUrl":"https:\/\/continuamosmx.com\/wp-content\/uploads\/2023\/04\/cropped-LOGO-CONTI-NUEVO.png","width":1257,"height":430,"caption":"ContinuamosMX"},"image":{"@id":"https:\/\/continuamosmx.com\/#\/schema\/logo\/image\/"}},{"@type":"Person","@id":"https:\/\/continuamosmx.com\/#\/schema\/person\/597bf43bb6e9623635929d8de706669f","name":"ContinuamosMX","image":{"@type":"ImageObject","inLanguage":"es","@id":"https:\/\/secure.gravatar.com\/avatar\/559529727a6e1f51269882deb22b7cbf727c15cb0f7d75d495313386bc069382?s=96&d=mm&r=g","url":"https:\/\/secure.gravatar.com\/avatar\/559529727a6e1f51269882deb22b7cbf727c15cb0f7d75d495313386bc069382?s=96&d=mm&r=g","contentUrl":"https:\/\/secure.gravatar.com\/avatar\/559529727a6e1f51269882deb22b7cbf727c15cb0f7d75d495313386bc069382?s=96&d=mm&r=g","caption":"ContinuamosMX"},"sameAs":["http:\/\/continuamosmx.com"],"url":"https:\/\/continuamosmx.com\/index.php\/author\/cgbarnardhotmail-com\/"}]}},"_links":{"self":[{"href":"https:\/\/continuamosmx.com\/index.php\/wp-json\/wp\/v2\/posts\/46561","targetHints":{"allow":["GET"]}}],"collection":[{"href":"https:\/\/continuamosmx.com\/index.php\/wp-json\/wp\/v2\/posts"}],"about":[{"href":"https:\/\/continuamosmx.com\/index.php\/wp-json\/wp\/v2\/types\/post"}],"author":[{"embeddable":true,"href":"https:\/\/continuamosmx.com\/index.php\/wp-json\/wp\/v2\/users\/1"}],"replies":[{"embeddable":true,"href":"https:\/\/continuamosmx.com\/index.php\/wp-json\/wp\/v2\/comments?post=46561"}],"version-history":[{"count":1,"href":"https:\/\/continuamosmx.com\/index.php\/wp-json\/wp\/v2\/posts\/46561\/revisions"}],"predecessor-version":[{"id":46563,"href":"https:\/\/continuamosmx.com\/index.php\/wp-json\/wp\/v2\/posts\/46561\/revisions\/46563"}],"wp:featuredmedia":[{"embeddable":true,"href":"https:\/\/continuamosmx.com\/index.php\/wp-json\/wp\/v2\/media\/46562"}],"wp:attachment":[{"href":"https:\/\/continuamosmx.com\/index.php\/wp-json\/wp\/v2\/media?parent=46561"}],"wp:term":[{"taxonomy":"category","embeddable":true,"href":"https:\/\/continuamosmx.com\/index.php\/wp-json\/wp\/v2\/categories?post=46561"},{"taxonomy":"post_tag","embeddable":true,"href":"https:\/\/continuamosmx.com\/index.php\/wp-json\/wp\/v2\/tags?post=46561"}],"curies":[{"name":"wp","href":"https:\/\/api.w.org\/{rel}","templated":true}]}}