{"id":46547,"date":"2024-03-25T02:52:19","date_gmt":"2024-03-25T02:52:19","guid":{"rendered":"https:\/\/continuamosmx.com\/?p=46547"},"modified":"2024-03-25T02:52:20","modified_gmt":"2024-03-25T02:52:20","slug":"unidad-y-organizacion-de-militancia-de-morena-en-tlalnepantla","status":"publish","type":"post","link":"https:\/\/continuamosmx.com\/index.php\/2024\/03\/25\/unidad-y-organizacion-de-militancia-de-morena-en-tlalnepantla\/","title":{"rendered":"UNIDAD Y ORGANIZACI\u00d3N DE MILITANCIA DE MORENA EN TLALNEPANTLA"},"content":{"rendered":"\n<p>*<strong>En Tlalnepantla, la militancia de MORENA junto a sus aliados, el PVEM y el PT, se re\u00fanen para consolidar el apoyo a Claudia Sheinbaum Pardo como candidata presidencial.<\/strong><\/p>\n\n\n\n<p>Por Jorge Contreras <\/p>\n\n\n\n<p>TLALNEPANTLA, M\u00e9x.- En un acto marcado por la unidad y la organizaci\u00f3n, el militante morenista Raciel P\u00e9rez Cruz destac\u00f3 la importancia de continuar con el proceso de cambio pol\u00edtico y social iniciado por la Cuarta Transformaci\u00f3n.<\/p>\n\n\n\n<p>P\u00e9rez Cruz subray\u00f3 que este movimiento se basa en la esperanza y la transformaci\u00f3n, en contraposici\u00f3n a la oposici\u00f3n que promueve la calumnia, la guerra sucia y la compra de votos.<\/p>\n\n\n\n<p>\u00abEl 2 de junio ser\u00e1 una lecci\u00f3n de dignidad, donde demostraremos que la esperanza es m\u00e1s poderosa que el miedo y la corrupci\u00f3n\u00bb, afirm\u00f3 P\u00e9rez Cruz.<\/p>\n\n\n\n<p>El pueblo de Tlalnepantla se prepara para mostrar que el municipio est\u00e1 en proceso de cambio y que el apoyo a Claudia Sheinbaum es un paso hacia adelante en esta direcci\u00f3n.<\/p>\n\n\n\n<p>La reuni\u00f3n de militancia de MORENA en Tlalnepantla destaca el compromiso de continuar con la transformaci\u00f3n pol\u00edtica y social impulsada por la Cuarta Transformaci\u00f3n, rechazando la calumnia y la corrupci\u00f3n. <\/p>\n\n\n\n<p>El pueblo se prepara para demostrar su apoyo a Claudia Sheinbaum Pardo como candidata presidencial el 2 de junio, enviando un mensaje de esperanza y cambio.<\/p>\n","protected":false},"excerpt":{"rendered":"<p>*En Tlalnepantla, la militancia de MORENA junto a sus aliados, el PVEM y el PT, se re\u00fanen para consolidar el apoyo a Claudia Sheinbaum Pardo como candidata presidencial. Por Jorge Contreras TLALNEPANTLA, M\u00e9x.- En un acto marcado por la unidad y la organizaci\u00f3n, el militante morenista Raciel P\u00e9rez Cruz destac\u00f3 la importancia de continuar con [&hellip;]<\/p>\n","protected":false},"author":3,"featured_media":46548,"comment_status":"open","ping_status":"open","sticky":false,"template":"","format":"standard","meta":{"footnotes":""},"categories":[79],"tags":[7,115,124,94],"class_list":["post-46547","post","type-post","status-publish","format-standard","has-post-thumbnail","hentry","category-tlalne","tag-edomex","tag-eleccion-2024","tag-raciel-perez","tag-tlalnepantla"],"yoast_head":"<!-- This site is optimized with the Yoast SEO plugin v27.4 - https:\/\/yoast.com\/product\/yoast-seo-wordpress\/ -->\n<title>UNIDAD Y ORGANIZACI\u00d3N DE MILITANCIA DE MORENA EN TLALNEPANTLA -<\/title>\n<meta name=\"robots\" content=\"index, follow, max-snippet:-1, max-image-preview:large, max-video-preview:-1\" \/>\n<link rel=\"canonical\" href=\"https:\/\/continuamosmx.com\/index.php\/2024\/03\/25\/unidad-y-organizacion-de-militancia-de-morena-en-tlalnepantla\/\" \/>\n<meta property=\"og:locale\" content=\"es_ES\" \/>\n<meta property=\"og:type\" content=\"article\" \/>\n<meta property=\"og:title\" content=\"UNIDAD Y ORGANIZACI\u00d3N DE MILITANCIA DE MORENA EN TLALNEPANTLA -\" \/>\n<meta property=\"og:description\" content=\"*En Tlalnepantla, la militancia de MORENA junto a sus aliados, el PVEM y el PT, se re\u00fanen para consolidar el apoyo a Claudia Sheinbaum Pardo como candidata presidencial. Por Jorge Contreras TLALNEPANTLA, M\u00e9x.- En un acto marcado por la unidad y la organizaci\u00f3n, el militante morenista Raciel P\u00e9rez Cruz destac\u00f3 la importancia de continuar con [&hellip;]\" \/>\n<meta property=\"og:url\" content=\"https:\/\/continuamosmx.com\/index.php\/2024\/03\/25\/unidad-y-organizacion-de-militancia-de-morena-en-tlalnepantla\/\" \/>\n<meta property=\"article:published_time\" content=\"2024-03-25T02:52:19+00:00\" \/>\n<meta property=\"article:modified_time\" content=\"2024-03-25T02:52:20+00:00\" \/>\n<meta property=\"og:image\" content=\"https:\/\/continuamosmx.com\/wp-content\/uploads\/2024\/03\/IMG-20240324-WA0201.jpg\" \/>\n\t<meta property=\"og:image:width\" content=\"1280\" \/>\n\t<meta property=\"og:image:height\" content=\"720\" \/>\n\t<meta property=\"og:image:type\" content=\"image\/jpeg\" \/>\n<meta name=\"author\" content=\"Jorge Contreras\" \/>\n<meta name=\"twitter:card\" content=\"summary_large_image\" \/>\n<meta name=\"twitter:label1\" content=\"Escrito por\" \/>\n\t<meta name=\"twitter:data1\" content=\"Jorge Contreras\" \/>\n\t<meta name=\"twitter:label2\" content=\"Tiempo de lectura\" \/>\n\t<meta name=\"twitter:data2\" content=\"1 minuto\" \/>\n<script type=\"application\/ld+json\" class=\"yoast-schema-graph\">{\"@context\":\"https:\\\/\\\/schema.org\",\"@graph\":[{\"@type\":\"Article\",\"@id\":\"https:\\\/\\\/continuamosmx.com\\\/index.php\\\/2024\\\/03\\\/25\\\/unidad-y-organizacion-de-militancia-de-morena-en-tlalnepantla\\\/#article\",\"isPartOf\":{\"@id\":\"https:\\\/\\\/continuamosmx.com\\\/index.php\\\/2024\\\/03\\\/25\\\/unidad-y-organizacion-de-militancia-de-morena-en-tlalnepantla\\\/\"},\"author\":{\"name\":\"Jorge Contreras\",\"@id\":\"https:\\\/\\\/continuamosmx.com\\\/#\\\/schema\\\/person\\\/4beac24f023a2ab129364894e61df931\"},\"headline\":\"UNIDAD Y ORGANIZACI\u00d3N DE MILITANCIA DE MORENA EN TLALNEPANTLA\",\"datePublished\":\"2024-03-25T02:52:19+00:00\",\"dateModified\":\"2024-03-25T02:52:20+00:00\",\"mainEntityOfPage\":{\"@id\":\"https:\\\/\\\/continuamosmx.com\\\/index.php\\\/2024\\\/03\\\/25\\\/unidad-y-organizacion-de-militancia-de-morena-en-tlalnepantla\\\/\"},\"wordCount\":240,\"commentCount\":0,\"publisher\":{\"@id\":\"https:\\\/\\\/continuamosmx.com\\\/#organization\"},\"image\":{\"@id\":\"https:\\\/\\\/continuamosmx.com\\\/index.php\\\/2024\\\/03\\\/25\\\/unidad-y-organizacion-de-militancia-de-morena-en-tlalnepantla\\\/#primaryimage\"},\"thumbnailUrl\":\"https:\\\/\\\/continuamosmx.com\\\/wp-content\\\/uploads\\\/2024\\\/03\\\/IMG-20240324-WA0201.jpg\",\"keywords\":[\"Edomex\",\"Elecci\u00f3n 2024\",\"Raciel P\u00e9rez\",\"Tlalnepantla\"],\"articleSection\":[\"TLALNEPANTLA\"],\"inLanguage\":\"es\"},{\"@type\":\"WebPage\",\"@id\":\"https:\\\/\\\/continuamosmx.com\\\/index.php\\\/2024\\\/03\\\/25\\\/unidad-y-organizacion-de-militancia-de-morena-en-tlalnepantla\\\/\",\"url\":\"https:\\\/\\\/continuamosmx.com\\\/index.php\\\/2024\\\/03\\\/25\\\/unidad-y-organizacion-de-militancia-de-morena-en-tlalnepantla\\\/\",\"name\":\"UNIDAD Y ORGANIZACI\u00d3N DE MILITANCIA DE MORENA EN TLALNEPANTLA -\",\"isPartOf\":{\"@id\":\"https:\\\/\\\/continuamosmx.com\\\/#website\"},\"primaryImageOfPage\":{\"@id\":\"https:\\\/\\\/continuamosmx.com\\\/index.php\\\/2024\\\/03\\\/25\\\/unidad-y-organizacion-de-militancia-de-morena-en-tlalnepantla\\\/#primaryimage\"},\"image\":{\"@id\":\"https:\\\/\\\/continuamosmx.com\\\/index.php\\\/2024\\\/03\\\/25\\\/unidad-y-organizacion-de-militancia-de-morena-en-tlalnepantla\\\/#primaryimage\"},\"thumbnailUrl\":\"https:\\\/\\\/continuamosmx.com\\\/wp-content\\\/uploads\\\/2024\\\/03\\\/IMG-20240324-WA0201.jpg\",\"datePublished\":\"2024-03-25T02:52:19+00:00\",\"dateModified\":\"2024-03-25T02:52:20+00:00\",\"breadcrumb\":{\"@id\":\"https:\\\/\\\/continuamosmx.com\\\/index.php\\\/2024\\\/03\\\/25\\\/unidad-y-organizacion-de-militancia-de-morena-en-tlalnepantla\\\/#breadcrumb\"},\"inLanguage\":\"es\",\"potentialAction\":[{\"@type\":\"ReadAction\",\"target\":[\"https:\\\/\\\/continuamosmx.com\\\/index.php\\\/2024\\\/03\\\/25\\\/unidad-y-organizacion-de-militancia-de-morena-en-tlalnepantla\\\/\"]}]},{\"@type\":\"ImageObject\",\"inLanguage\":\"es\",\"@id\":\"https:\\\/\\\/continuamosmx.com\\\/index.php\\\/2024\\\/03\\\/25\\\/unidad-y-organizacion-de-militancia-de-morena-en-tlalnepantla\\\/#primaryimage\",\"url\":\"https:\\\/\\\/continuamosmx.com\\\/wp-content\\\/uploads\\\/2024\\\/03\\\/IMG-20240324-WA0201.jpg\",\"contentUrl\":\"https:\\\/\\\/continuamosmx.com\\\/wp-content\\\/uploads\\\/2024\\\/03\\\/IMG-20240324-WA0201.jpg\",\"width\":1280,\"height\":720},{\"@type\":\"BreadcrumbList\",\"@id\":\"https:\\\/\\\/continuamosmx.com\\\/index.php\\\/2024\\\/03\\\/25\\\/unidad-y-organizacion-de-militancia-de-morena-en-tlalnepantla\\\/#breadcrumb\",\"itemListElement\":[{\"@type\":\"ListItem\",\"position\":1,\"name\":\"Inicio\",\"item\":\"https:\\\/\\\/continuamosmx.com\\\/\"},{\"@type\":\"ListItem\",\"position\":2,\"name\":\"UNIDAD Y ORGANIZACI\u00d3N DE MILITANCIA DE MORENA EN TLALNEPANTLA\"}]},{\"@type\":\"WebSite\",\"@id\":\"https:\\\/\\\/continuamosmx.com\\\/#website\",\"url\":\"https:\\\/\\\/continuamosmx.com\\\/\",\"name\":\"www.continuamosmx.com\",\"description\":\"\",\"publisher\":{\"@id\":\"https:\\\/\\\/continuamosmx.com\\\/#organization\"},\"potentialAction\":[{\"@type\":\"SearchAction\",\"target\":{\"@type\":\"EntryPoint\",\"urlTemplate\":\"https:\\\/\\\/continuamosmx.com\\\/?s={search_term_string}\"},\"query-input\":{\"@type\":\"PropertyValueSpecification\",\"valueRequired\":true,\"valueName\":\"search_term_string\"}}],\"inLanguage\":\"es\"},{\"@type\":\"Organization\",\"@id\":\"https:\\\/\\\/continuamosmx.com\\\/#organization\",\"name\":\"ContinuamosMX\",\"url\":\"https:\\\/\\\/continuamosmx.com\\\/\",\"logo\":{\"@type\":\"ImageObject\",\"inLanguage\":\"es\",\"@id\":\"https:\\\/\\\/continuamosmx.com\\\/#\\\/schema\\\/logo\\\/image\\\/\",\"url\":\"https:\\\/\\\/continuamosmx.com\\\/wp-content\\\/uploads\\\/2023\\\/04\\\/cropped-LOGO-CONTI-NUEVO.png\",\"contentUrl\":\"https:\\\/\\\/continuamosmx.com\\\/wp-content\\\/uploads\\\/2023\\\/04\\\/cropped-LOGO-CONTI-NUEVO.png\",\"width\":1257,\"height\":430,\"caption\":\"ContinuamosMX\"},\"image\":{\"@id\":\"https:\\\/\\\/continuamosmx.com\\\/#\\\/schema\\\/logo\\\/image\\\/\"}},{\"@type\":\"Person\",\"@id\":\"https:\\\/\\\/continuamosmx.com\\\/#\\\/schema\\\/person\\\/4beac24f023a2ab129364894e61df931\",\"name\":\"Jorge Contreras\",\"image\":{\"@type\":\"ImageObject\",\"inLanguage\":\"es\",\"@id\":\"https:\\\/\\\/secure.gravatar.com\\\/avatar\\\/059e35f3a7b647ee2ec5ed7dd1c86f62c6afb4c28b4486ac6139255ad290eca7?s=96&d=mm&r=g\",\"url\":\"https:\\\/\\\/secure.gravatar.com\\\/avatar\\\/059e35f3a7b647ee2ec5ed7dd1c86f62c6afb4c28b4486ac6139255ad290eca7?s=96&d=mm&r=g\",\"contentUrl\":\"https:\\\/\\\/secure.gravatar.com\\\/avatar\\\/059e35f3a7b647ee2ec5ed7dd1c86f62c6afb4c28b4486ac6139255ad290eca7?s=96&d=mm&r=g\",\"caption\":\"Jorge Contreras\"},\"url\":\"https:\\\/\\\/continuamosmx.com\\\/index.php\\\/author\\\/jorge\\\/\"}]}<\/script>\n<!-- \/ Yoast SEO plugin. -->","yoast_head_json":{"title":"UNIDAD Y ORGANIZACI\u00d3N DE MILITANCIA DE MORENA EN TLALNEPANTLA -","robots":{"index":"index","follow":"follow","max-snippet":"max-snippet:-1","max-image-preview":"max-image-preview:large","max-video-preview":"max-video-preview:-1"},"canonical":"https:\/\/continuamosmx.com\/index.php\/2024\/03\/25\/unidad-y-organizacion-de-militancia-de-morena-en-tlalnepantla\/","og_locale":"es_ES","og_type":"article","og_title":"UNIDAD Y ORGANIZACI\u00d3N DE MILITANCIA DE MORENA EN TLALNEPANTLA -","og_description":"*En Tlalnepantla, la militancia de MORENA junto a sus aliados, el PVEM y el PT, se re\u00fanen para consolidar el apoyo a Claudia Sheinbaum Pardo como candidata presidencial. Por Jorge Contreras TLALNEPANTLA, M\u00e9x.- En un acto marcado por la unidad y la organizaci\u00f3n, el militante morenista Raciel P\u00e9rez Cruz destac\u00f3 la importancia de continuar con [&hellip;]","og_url":"https:\/\/continuamosmx.com\/index.php\/2024\/03\/25\/unidad-y-organizacion-de-militancia-de-morena-en-tlalnepantla\/","article_published_time":"2024-03-25T02:52:19+00:00","article_modified_time":"2024-03-25T02:52:20+00:00","og_image":[{"width":1280,"height":720,"url":"https:\/\/continuamosmx.com\/wp-content\/uploads\/2024\/03\/IMG-20240324-WA0201.jpg","type":"image\/jpeg"}],"author":"Jorge Contreras","twitter_card":"summary_large_image","twitter_misc":{"Escrito por":"Jorge Contreras","Tiempo de lectura":"1 minuto"},"schema":{"@context":"https:\/\/schema.org","@graph":[{"@type":"Article","@id":"https:\/\/continuamosmx.com\/index.php\/2024\/03\/25\/unidad-y-organizacion-de-militancia-de-morena-en-tlalnepantla\/#article","isPartOf":{"@id":"https:\/\/continuamosmx.com\/index.php\/2024\/03\/25\/unidad-y-organizacion-de-militancia-de-morena-en-tlalnepantla\/"},"author":{"name":"Jorge Contreras","@id":"https:\/\/continuamosmx.com\/#\/schema\/person\/4beac24f023a2ab129364894e61df931"},"headline":"UNIDAD Y ORGANIZACI\u00d3N DE MILITANCIA DE MORENA EN TLALNEPANTLA","datePublished":"2024-03-25T02:52:19+00:00","dateModified":"2024-03-25T02:52:20+00:00","mainEntityOfPage":{"@id":"https:\/\/continuamosmx.com\/index.php\/2024\/03\/25\/unidad-y-organizacion-de-militancia-de-morena-en-tlalnepantla\/"},"wordCount":240,"commentCount":0,"publisher":{"@id":"https:\/\/continuamosmx.com\/#organization"},"image":{"@id":"https:\/\/continuamosmx.com\/index.php\/2024\/03\/25\/unidad-y-organizacion-de-militancia-de-morena-en-tlalnepantla\/#primaryimage"},"thumbnailUrl":"https:\/\/continuamosmx.com\/wp-content\/uploads\/2024\/03\/IMG-20240324-WA0201.jpg","keywords":["Edomex","Elecci\u00f3n 2024","Raciel P\u00e9rez","Tlalnepantla"],"articleSection":["TLALNEPANTLA"],"inLanguage":"es"},{"@type":"WebPage","@id":"https:\/\/continuamosmx.com\/index.php\/2024\/03\/25\/unidad-y-organizacion-de-militancia-de-morena-en-tlalnepantla\/","url":"https:\/\/continuamosmx.com\/index.php\/2024\/03\/25\/unidad-y-organizacion-de-militancia-de-morena-en-tlalnepantla\/","name":"UNIDAD Y ORGANIZACI\u00d3N DE MILITANCIA DE MORENA EN TLALNEPANTLA -","isPartOf":{"@id":"https:\/\/continuamosmx.com\/#website"},"primaryImageOfPage":{"@id":"https:\/\/continuamosmx.com\/index.php\/2024\/03\/25\/unidad-y-organizacion-de-militancia-de-morena-en-tlalnepantla\/#primaryimage"},"image":{"@id":"https:\/\/continuamosmx.com\/index.php\/2024\/03\/25\/unidad-y-organizacion-de-militancia-de-morena-en-tlalnepantla\/#primaryimage"},"thumbnailUrl":"https:\/\/continuamosmx.com\/wp-content\/uploads\/2024\/03\/IMG-20240324-WA0201.jpg","datePublished":"2024-03-25T02:52:19+00:00","dateModified":"2024-03-25T02:52:20+00:00","breadcrumb":{"@id":"https:\/\/continuamosmx.com\/index.php\/2024\/03\/25\/unidad-y-organizacion-de-militancia-de-morena-en-tlalnepantla\/#breadcrumb"},"inLanguage":"es","potentialAction":[{"@type":"ReadAction","target":["https:\/\/continuamosmx.com\/index.php\/2024\/03\/25\/unidad-y-organizacion-de-militancia-de-morena-en-tlalnepantla\/"]}]},{"@type":"ImageObject","inLanguage":"es","@id":"https:\/\/continuamosmx.com\/index.php\/2024\/03\/25\/unidad-y-organizacion-de-militancia-de-morena-en-tlalnepantla\/#primaryimage","url":"https:\/\/continuamosmx.com\/wp-content\/uploads\/2024\/03\/IMG-20240324-WA0201.jpg","contentUrl":"https:\/\/continuamosmx.com\/wp-content\/uploads\/2024\/03\/IMG-20240324-WA0201.jpg","width":1280,"height":720},{"@type":"BreadcrumbList","@id":"https:\/\/continuamosmx.com\/index.php\/2024\/03\/25\/unidad-y-organizacion-de-militancia-de-morena-en-tlalnepantla\/#breadcrumb","itemListElement":[{"@type":"ListItem","position":1,"name":"Inicio","item":"https:\/\/continuamosmx.com\/"},{"@type":"ListItem","position":2,"name":"UNIDAD Y ORGANIZACI\u00d3N DE MILITANCIA DE MORENA EN TLALNEPANTLA"}]},{"@type":"WebSite","@id":"https:\/\/continuamosmx.com\/#website","url":"https:\/\/continuamosmx.com\/","name":"www.continuamosmx.com","description":"","publisher":{"@id":"https:\/\/continuamosmx.com\/#organization"},"potentialAction":[{"@type":"SearchAction","target":{"@type":"EntryPoint","urlTemplate":"https:\/\/continuamosmx.com\/?s={search_term_string}"},"query-input":{"@type":"PropertyValueSpecification","valueRequired":true,"valueName":"search_term_string"}}],"inLanguage":"es"},{"@type":"Organization","@id":"https:\/\/continuamosmx.com\/#organization","name":"ContinuamosMX","url":"https:\/\/continuamosmx.com\/","logo":{"@type":"ImageObject","inLanguage":"es","@id":"https:\/\/continuamosmx.com\/#\/schema\/logo\/image\/","url":"https:\/\/continuamosmx.com\/wp-content\/uploads\/2023\/04\/cropped-LOGO-CONTI-NUEVO.png","contentUrl":"https:\/\/continuamosmx.com\/wp-content\/uploads\/2023\/04\/cropped-LOGO-CONTI-NUEVO.png","width":1257,"height":430,"caption":"ContinuamosMX"},"image":{"@id":"https:\/\/continuamosmx.com\/#\/schema\/logo\/image\/"}},{"@type":"Person","@id":"https:\/\/continuamosmx.com\/#\/schema\/person\/4beac24f023a2ab129364894e61df931","name":"Jorge Contreras","image":{"@type":"ImageObject","inLanguage":"es","@id":"https:\/\/secure.gravatar.com\/avatar\/059e35f3a7b647ee2ec5ed7dd1c86f62c6afb4c28b4486ac6139255ad290eca7?s=96&d=mm&r=g","url":"https:\/\/secure.gravatar.com\/avatar\/059e35f3a7b647ee2ec5ed7dd1c86f62c6afb4c28b4486ac6139255ad290eca7?s=96&d=mm&r=g","contentUrl":"https:\/\/secure.gravatar.com\/avatar\/059e35f3a7b647ee2ec5ed7dd1c86f62c6afb4c28b4486ac6139255ad290eca7?s=96&d=mm&r=g","caption":"Jorge Contreras"},"url":"https:\/\/continuamosmx.com\/index.php\/author\/jorge\/"}]}},"_links":{"self":[{"href":"https:\/\/continuamosmx.com\/index.php\/wp-json\/wp\/v2\/posts\/46547","targetHints":{"allow":["GET"]}}],"collection":[{"href":"https:\/\/continuamosmx.com\/index.php\/wp-json\/wp\/v2\/posts"}],"about":[{"href":"https:\/\/continuamosmx.com\/index.php\/wp-json\/wp\/v2\/types\/post"}],"author":[{"embeddable":true,"href":"https:\/\/continuamosmx.com\/index.php\/wp-json\/wp\/v2\/users\/3"}],"replies":[{"embeddable":true,"href":"https:\/\/continuamosmx.com\/index.php\/wp-json\/wp\/v2\/comments?post=46547"}],"version-history":[{"count":1,"href":"https:\/\/continuamosmx.com\/index.php\/wp-json\/wp\/v2\/posts\/46547\/revisions"}],"predecessor-version":[{"id":46549,"href":"https:\/\/continuamosmx.com\/index.php\/wp-json\/wp\/v2\/posts\/46547\/revisions\/46549"}],"wp:featuredmedia":[{"embeddable":true,"href":"https:\/\/continuamosmx.com\/index.php\/wp-json\/wp\/v2\/media\/46548"}],"wp:attachment":[{"href":"https:\/\/continuamosmx.com\/index.php\/wp-json\/wp\/v2\/media?parent=46547"}],"wp:term":[{"taxonomy":"category","embeddable":true,"href":"https:\/\/continuamosmx.com\/index.php\/wp-json\/wp\/v2\/categories?post=46547"},{"taxonomy":"post_tag","embeddable":true,"href":"https:\/\/continuamosmx.com\/index.php\/wp-json\/wp\/v2\/tags?post=46547"}],"curies":[{"name":"wp","href":"https:\/\/api.w.org\/{rel}","templated":true}]}}