{"id":46532,"date":"2024-03-22T16:37:01","date_gmt":"2024-03-22T16:37:01","guid":{"rendered":"https:\/\/continuamosmx.com\/?p=46532"},"modified":"2024-03-22T16:37:02","modified_gmt":"2024-03-22T16:37:02","slug":"dif-tlalnepantla-se-suma-a-vacunacion-antirrabica-2024","status":"publish","type":"post","link":"https:\/\/continuamosmx.com\/index.php\/2024\/03\/22\/dif-tlalnepantla-se-suma-a-vacunacion-antirrabica-2024\/","title":{"rendered":"DIF TLALNEPANTLA SE SUMA A VACUNACI\u00d3N ANTIRR\u00c1BICA 2024"},"content":{"rendered":"\n<p>*<strong>En las dos cl\u00ednicas veterinarias del DIF Municipal se aplica dicho biol\u00f3gico de forma gratuita<\/strong><\/p>\n\n\n\n<p>TLALNEPANTLA, M\u00e9x.- El Sistema Municipal DIF de la Tierra de Enmedio se sum\u00f3 a los esfuerzos para mantener a la localidad libre de rabia, al participar en la Jornada Nacional de Vacunaci\u00f3n Antirr\u00e1bica Canina y Felina 2024, a trav\u00e9s de sus dos cl\u00ednicas veterinarias.<\/p>\n\n\n\n<p>La Coordinaci\u00f3n de Control, Atenci\u00f3n y Bienestar Animal inform\u00f3 que aun cuando la vacunaci\u00f3n es un servicio que se ofrece de manera permanente en dichas cl\u00ednicas, durante esta jornada se reforzaron las acciones para garantizar que los animales de compa\u00f1\u00eda reciban dicho biol\u00f3gico.<\/p>\n\n\n\n<p>Detall\u00f3 que la vacuna antirr\u00e1bica se estar\u00e1 aplicando en las cl\u00ednicas veterinarias El Rosario, ubicada en Cultura Tolteca 62, U.H. Rosario I Sector III, y Zona Oriente, dentro del Parque Cri-Cri, hasta el pr\u00f3ximo s\u00e1bado 23 de marzo. La inmunizaci\u00f3n es para perros y gatos de un mes de nacidos, revacunaci\u00f3n a los tres meses de edad y a partir de ah\u00ed, cada a\u00f1o.<\/p>\n\n\n\n<p>La vacuna es gratuita a fin de tener un mayor alcance y que sean inmunizados la mayor cantidad de perros y gatos y con ello proteger tanto a la mascota como a las personas que conviven en la comunidad donde habita.<\/p>\n\n\n\n<p>El horario de atenci\u00f3n en ambas cl\u00ednicas es de lunes a viernes, de las 9:00 a las 17:00 horas y los s\u00e1bados hasta las 13:00 horas.<\/p>\n\n\n\n<p>La rabia es una enfermedad viral que es mortal pero prevenible y afecta a los animales, aun cuando sean dom\u00e9sticos, e inclusive al hombre; se transmite a trav\u00e9s del contacto con la saliva infectada por medio de mordeduras o ara\u00f1azos, de ah\u00ed la importancia de mantener vacunados a perros y gatos.<\/p>\n\n\n\n<p>En la entidad mexiquense se prev\u00e9 aplicar dos millones 822 mil 400 dosis, por lo que se invita a la poblaci\u00f3n a asistir al puesto de vacunaci\u00f3n m\u00e1s cercano a su domicilio.<\/p>\n","protected":false},"excerpt":{"rendered":"<p>*En las dos cl\u00ednicas veterinarias del DIF Municipal se aplica dicho biol\u00f3gico de forma gratuita TLALNEPANTLA, M\u00e9x.- El Sistema Municipal DIF de la Tierra de Enmedio se sum\u00f3 a los esfuerzos para mantener a la localidad libre de rabia, al participar en la Jornada Nacional de Vacunaci\u00f3n Antirr\u00e1bica Canina y Felina 2024, a trav\u00e9s de [&hellip;]<\/p>\n","protected":false},"author":6,"featured_media":46533,"comment_status":"open","ping_status":"open","sticky":false,"template":"","format":"standard","meta":{"footnotes":""},"categories":[4,79],"tags":[],"class_list":["post-46532","post","type-post","status-publish","format-standard","has-post-thumbnail","hentry","category-locales","category-tlalne"],"yoast_head":"<!-- This site is optimized with the Yoast SEO plugin v27.4 - https:\/\/yoast.com\/product\/yoast-seo-wordpress\/ -->\n<title>DIF TLALNEPANTLA SE SUMA A VACUNACI\u00d3N ANTIRR\u00c1BICA 2024 -<\/title>\n<meta name=\"robots\" content=\"index, follow, max-snippet:-1, max-image-preview:large, max-video-preview:-1\" \/>\n<link rel=\"canonical\" href=\"https:\/\/continuamosmx.com\/index.php\/2024\/03\/22\/dif-tlalnepantla-se-suma-a-vacunacion-antirrabica-2024\/\" \/>\n<meta property=\"og:locale\" content=\"es_ES\" \/>\n<meta property=\"og:type\" content=\"article\" \/>\n<meta property=\"og:title\" content=\"DIF TLALNEPANTLA SE SUMA A VACUNACI\u00d3N ANTIRR\u00c1BICA 2024 -\" \/>\n<meta property=\"og:description\" content=\"*En las dos cl\u00ednicas veterinarias del DIF Municipal se aplica dicho biol\u00f3gico de forma gratuita TLALNEPANTLA, M\u00e9x.- El Sistema Municipal DIF de la Tierra de Enmedio se sum\u00f3 a los esfuerzos para mantener a la localidad libre de rabia, al participar en la Jornada Nacional de Vacunaci\u00f3n Antirr\u00e1bica Canina y Felina 2024, a trav\u00e9s de [&hellip;]\" \/>\n<meta property=\"og:url\" content=\"https:\/\/continuamosmx.com\/index.php\/2024\/03\/22\/dif-tlalnepantla-se-suma-a-vacunacion-antirrabica-2024\/\" \/>\n<meta property=\"article:published_time\" content=\"2024-03-22T16:37:01+00:00\" \/>\n<meta property=\"article:modified_time\" content=\"2024-03-22T16:37:02+00:00\" \/>\n<meta property=\"og:image\" content=\"https:\/\/continuamosmx.com\/wp-content\/uploads\/2024\/03\/vacuna-tlalne.jpg\" \/>\n\t<meta property=\"og:image:width\" content=\"1280\" \/>\n\t<meta property=\"og:image:height\" content=\"853\" \/>\n\t<meta property=\"og:image:type\" content=\"image\/jpeg\" \/>\n<meta name=\"author\" content=\"Continuamos MX\" \/>\n<meta name=\"twitter:card\" content=\"summary_large_image\" \/>\n<meta name=\"twitter:label1\" content=\"Escrito por\" \/>\n\t<meta name=\"twitter:data1\" content=\"Continuamos MX\" \/>\n\t<meta name=\"twitter:label2\" content=\"Tiempo de lectura\" \/>\n\t<meta name=\"twitter:data2\" content=\"2 minutos\" \/>\n<script type=\"application\/ld+json\" class=\"yoast-schema-graph\">{\"@context\":\"https:\\\/\\\/schema.org\",\"@graph\":[{\"@type\":\"Article\",\"@id\":\"https:\\\/\\\/continuamosmx.com\\\/index.php\\\/2024\\\/03\\\/22\\\/dif-tlalnepantla-se-suma-a-vacunacion-antirrabica-2024\\\/#article\",\"isPartOf\":{\"@id\":\"https:\\\/\\\/continuamosmx.com\\\/index.php\\\/2024\\\/03\\\/22\\\/dif-tlalnepantla-se-suma-a-vacunacion-antirrabica-2024\\\/\"},\"author\":{\"name\":\"Continuamos MX\",\"@id\":\"https:\\\/\\\/continuamosmx.com\\\/#\\\/schema\\\/person\\\/5eb5356acb1fad784da407d14f0e8d89\"},\"headline\":\"DIF TLALNEPANTLA SE SUMA A VACUNACI\u00d3N ANTIRR\u00c1BICA 2024\",\"datePublished\":\"2024-03-22T16:37:01+00:00\",\"dateModified\":\"2024-03-22T16:37:02+00:00\",\"mainEntityOfPage\":{\"@id\":\"https:\\\/\\\/continuamosmx.com\\\/index.php\\\/2024\\\/03\\\/22\\\/dif-tlalnepantla-se-suma-a-vacunacion-antirrabica-2024\\\/\"},\"wordCount\":348,\"commentCount\":0,\"publisher\":{\"@id\":\"https:\\\/\\\/continuamosmx.com\\\/#organization\"},\"image\":{\"@id\":\"https:\\\/\\\/continuamosmx.com\\\/index.php\\\/2024\\\/03\\\/22\\\/dif-tlalnepantla-se-suma-a-vacunacion-antirrabica-2024\\\/#primaryimage\"},\"thumbnailUrl\":\"https:\\\/\\\/continuamosmx.com\\\/wp-content\\\/uploads\\\/2024\\\/03\\\/vacuna-tlalne.jpg\",\"articleSection\":[\"LOCALES\",\"TLALNEPANTLA\"],\"inLanguage\":\"es\"},{\"@type\":\"WebPage\",\"@id\":\"https:\\\/\\\/continuamosmx.com\\\/index.php\\\/2024\\\/03\\\/22\\\/dif-tlalnepantla-se-suma-a-vacunacion-antirrabica-2024\\\/\",\"url\":\"https:\\\/\\\/continuamosmx.com\\\/index.php\\\/2024\\\/03\\\/22\\\/dif-tlalnepantla-se-suma-a-vacunacion-antirrabica-2024\\\/\",\"name\":\"DIF TLALNEPANTLA SE SUMA A VACUNACI\u00d3N ANTIRR\u00c1BICA 2024 -\",\"isPartOf\":{\"@id\":\"https:\\\/\\\/continuamosmx.com\\\/#website\"},\"primaryImageOfPage\":{\"@id\":\"https:\\\/\\\/continuamosmx.com\\\/index.php\\\/2024\\\/03\\\/22\\\/dif-tlalnepantla-se-suma-a-vacunacion-antirrabica-2024\\\/#primaryimage\"},\"image\":{\"@id\":\"https:\\\/\\\/continuamosmx.com\\\/index.php\\\/2024\\\/03\\\/22\\\/dif-tlalnepantla-se-suma-a-vacunacion-antirrabica-2024\\\/#primaryimage\"},\"thumbnailUrl\":\"https:\\\/\\\/continuamosmx.com\\\/wp-content\\\/uploads\\\/2024\\\/03\\\/vacuna-tlalne.jpg\",\"datePublished\":\"2024-03-22T16:37:01+00:00\",\"dateModified\":\"2024-03-22T16:37:02+00:00\",\"breadcrumb\":{\"@id\":\"https:\\\/\\\/continuamosmx.com\\\/index.php\\\/2024\\\/03\\\/22\\\/dif-tlalnepantla-se-suma-a-vacunacion-antirrabica-2024\\\/#breadcrumb\"},\"inLanguage\":\"es\",\"potentialAction\":[{\"@type\":\"ReadAction\",\"target\":[\"https:\\\/\\\/continuamosmx.com\\\/index.php\\\/2024\\\/03\\\/22\\\/dif-tlalnepantla-se-suma-a-vacunacion-antirrabica-2024\\\/\"]}]},{\"@type\":\"ImageObject\",\"inLanguage\":\"es\",\"@id\":\"https:\\\/\\\/continuamosmx.com\\\/index.php\\\/2024\\\/03\\\/22\\\/dif-tlalnepantla-se-suma-a-vacunacion-antirrabica-2024\\\/#primaryimage\",\"url\":\"https:\\\/\\\/continuamosmx.com\\\/wp-content\\\/uploads\\\/2024\\\/03\\\/vacuna-tlalne.jpg\",\"contentUrl\":\"https:\\\/\\\/continuamosmx.com\\\/wp-content\\\/uploads\\\/2024\\\/03\\\/vacuna-tlalne.jpg\",\"width\":1280,\"height\":853},{\"@type\":\"BreadcrumbList\",\"@id\":\"https:\\\/\\\/continuamosmx.com\\\/index.php\\\/2024\\\/03\\\/22\\\/dif-tlalnepantla-se-suma-a-vacunacion-antirrabica-2024\\\/#breadcrumb\",\"itemListElement\":[{\"@type\":\"ListItem\",\"position\":1,\"name\":\"Inicio\",\"item\":\"https:\\\/\\\/continuamosmx.com\\\/\"},{\"@type\":\"ListItem\",\"position\":2,\"name\":\"DIF TLALNEPANTLA SE SUMA A VACUNACI\u00d3N ANTIRR\u00c1BICA 2024\"}]},{\"@type\":\"WebSite\",\"@id\":\"https:\\\/\\\/continuamosmx.com\\\/#website\",\"url\":\"https:\\\/\\\/continuamosmx.com\\\/\",\"name\":\"www.continuamosmx.com\",\"description\":\"\",\"publisher\":{\"@id\":\"https:\\\/\\\/continuamosmx.com\\\/#organization\"},\"potentialAction\":[{\"@type\":\"SearchAction\",\"target\":{\"@type\":\"EntryPoint\",\"urlTemplate\":\"https:\\\/\\\/continuamosmx.com\\\/?s={search_term_string}\"},\"query-input\":{\"@type\":\"PropertyValueSpecification\",\"valueRequired\":true,\"valueName\":\"search_term_string\"}}],\"inLanguage\":\"es\"},{\"@type\":\"Organization\",\"@id\":\"https:\\\/\\\/continuamosmx.com\\\/#organization\",\"name\":\"ContinuamosMX\",\"url\":\"https:\\\/\\\/continuamosmx.com\\\/\",\"logo\":{\"@type\":\"ImageObject\",\"inLanguage\":\"es\",\"@id\":\"https:\\\/\\\/continuamosmx.com\\\/#\\\/schema\\\/logo\\\/image\\\/\",\"url\":\"https:\\\/\\\/continuamosmx.com\\\/wp-content\\\/uploads\\\/2023\\\/04\\\/cropped-LOGO-CONTI-NUEVO.png\",\"contentUrl\":\"https:\\\/\\\/continuamosmx.com\\\/wp-content\\\/uploads\\\/2023\\\/04\\\/cropped-LOGO-CONTI-NUEVO.png\",\"width\":1257,\"height\":430,\"caption\":\"ContinuamosMX\"},\"image\":{\"@id\":\"https:\\\/\\\/continuamosmx.com\\\/#\\\/schema\\\/logo\\\/image\\\/\"}},{\"@type\":\"Person\",\"@id\":\"https:\\\/\\\/continuamosmx.com\\\/#\\\/schema\\\/person\\\/5eb5356acb1fad784da407d14f0e8d89\",\"name\":\"Continuamos MX\",\"image\":{\"@type\":\"ImageObject\",\"inLanguage\":\"es\",\"@id\":\"https:\\\/\\\/secure.gravatar.com\\\/avatar\\\/30d4f9723476a15f4da34d35fb3501f08d2357016c76051c6a85c354c7489589?s=96&d=mm&r=g\",\"url\":\"https:\\\/\\\/secure.gravatar.com\\\/avatar\\\/30d4f9723476a15f4da34d35fb3501f08d2357016c76051c6a85c354c7489589?s=96&d=mm&r=g\",\"contentUrl\":\"https:\\\/\\\/secure.gravatar.com\\\/avatar\\\/30d4f9723476a15f4da34d35fb3501f08d2357016c76051c6a85c354c7489589?s=96&d=mm&r=g\",\"caption\":\"Continuamos MX\"},\"sameAs\":[\"http:\\\/\\\/www.continuamos.mx\"],\"url\":\"https:\\\/\\\/continuamosmx.com\\\/index.php\\\/author\\\/continuamos\\\/\"}]}<\/script>\n<!-- \/ Yoast SEO plugin. -->","yoast_head_json":{"title":"DIF TLALNEPANTLA SE SUMA A VACUNACI\u00d3N ANTIRR\u00c1BICA 2024 -","robots":{"index":"index","follow":"follow","max-snippet":"max-snippet:-1","max-image-preview":"max-image-preview:large","max-video-preview":"max-video-preview:-1"},"canonical":"https:\/\/continuamosmx.com\/index.php\/2024\/03\/22\/dif-tlalnepantla-se-suma-a-vacunacion-antirrabica-2024\/","og_locale":"es_ES","og_type":"article","og_title":"DIF TLALNEPANTLA SE SUMA A VACUNACI\u00d3N ANTIRR\u00c1BICA 2024 -","og_description":"*En las dos cl\u00ednicas veterinarias del DIF Municipal se aplica dicho biol\u00f3gico de forma gratuita TLALNEPANTLA, M\u00e9x.- El Sistema Municipal DIF de la Tierra de Enmedio se sum\u00f3 a los esfuerzos para mantener a la localidad libre de rabia, al participar en la Jornada Nacional de Vacunaci\u00f3n Antirr\u00e1bica Canina y Felina 2024, a trav\u00e9s de [&hellip;]","og_url":"https:\/\/continuamosmx.com\/index.php\/2024\/03\/22\/dif-tlalnepantla-se-suma-a-vacunacion-antirrabica-2024\/","article_published_time":"2024-03-22T16:37:01+00:00","article_modified_time":"2024-03-22T16:37:02+00:00","og_image":[{"width":1280,"height":853,"url":"https:\/\/continuamosmx.com\/wp-content\/uploads\/2024\/03\/vacuna-tlalne.jpg","type":"image\/jpeg"}],"author":"Continuamos MX","twitter_card":"summary_large_image","twitter_misc":{"Escrito por":"Continuamos MX","Tiempo de lectura":"2 minutos"},"schema":{"@context":"https:\/\/schema.org","@graph":[{"@type":"Article","@id":"https:\/\/continuamosmx.com\/index.php\/2024\/03\/22\/dif-tlalnepantla-se-suma-a-vacunacion-antirrabica-2024\/#article","isPartOf":{"@id":"https:\/\/continuamosmx.com\/index.php\/2024\/03\/22\/dif-tlalnepantla-se-suma-a-vacunacion-antirrabica-2024\/"},"author":{"name":"Continuamos MX","@id":"https:\/\/continuamosmx.com\/#\/schema\/person\/5eb5356acb1fad784da407d14f0e8d89"},"headline":"DIF TLALNEPANTLA SE SUMA A VACUNACI\u00d3N ANTIRR\u00c1BICA 2024","datePublished":"2024-03-22T16:37:01+00:00","dateModified":"2024-03-22T16:37:02+00:00","mainEntityOfPage":{"@id":"https:\/\/continuamosmx.com\/index.php\/2024\/03\/22\/dif-tlalnepantla-se-suma-a-vacunacion-antirrabica-2024\/"},"wordCount":348,"commentCount":0,"publisher":{"@id":"https:\/\/continuamosmx.com\/#organization"},"image":{"@id":"https:\/\/continuamosmx.com\/index.php\/2024\/03\/22\/dif-tlalnepantla-se-suma-a-vacunacion-antirrabica-2024\/#primaryimage"},"thumbnailUrl":"https:\/\/continuamosmx.com\/wp-content\/uploads\/2024\/03\/vacuna-tlalne.jpg","articleSection":["LOCALES","TLALNEPANTLA"],"inLanguage":"es"},{"@type":"WebPage","@id":"https:\/\/continuamosmx.com\/index.php\/2024\/03\/22\/dif-tlalnepantla-se-suma-a-vacunacion-antirrabica-2024\/","url":"https:\/\/continuamosmx.com\/index.php\/2024\/03\/22\/dif-tlalnepantla-se-suma-a-vacunacion-antirrabica-2024\/","name":"DIF TLALNEPANTLA SE SUMA A VACUNACI\u00d3N ANTIRR\u00c1BICA 2024 -","isPartOf":{"@id":"https:\/\/continuamosmx.com\/#website"},"primaryImageOfPage":{"@id":"https:\/\/continuamosmx.com\/index.php\/2024\/03\/22\/dif-tlalnepantla-se-suma-a-vacunacion-antirrabica-2024\/#primaryimage"},"image":{"@id":"https:\/\/continuamosmx.com\/index.php\/2024\/03\/22\/dif-tlalnepantla-se-suma-a-vacunacion-antirrabica-2024\/#primaryimage"},"thumbnailUrl":"https:\/\/continuamosmx.com\/wp-content\/uploads\/2024\/03\/vacuna-tlalne.jpg","datePublished":"2024-03-22T16:37:01+00:00","dateModified":"2024-03-22T16:37:02+00:00","breadcrumb":{"@id":"https:\/\/continuamosmx.com\/index.php\/2024\/03\/22\/dif-tlalnepantla-se-suma-a-vacunacion-antirrabica-2024\/#breadcrumb"},"inLanguage":"es","potentialAction":[{"@type":"ReadAction","target":["https:\/\/continuamosmx.com\/index.php\/2024\/03\/22\/dif-tlalnepantla-se-suma-a-vacunacion-antirrabica-2024\/"]}]},{"@type":"ImageObject","inLanguage":"es","@id":"https:\/\/continuamosmx.com\/index.php\/2024\/03\/22\/dif-tlalnepantla-se-suma-a-vacunacion-antirrabica-2024\/#primaryimage","url":"https:\/\/continuamosmx.com\/wp-content\/uploads\/2024\/03\/vacuna-tlalne.jpg","contentUrl":"https:\/\/continuamosmx.com\/wp-content\/uploads\/2024\/03\/vacuna-tlalne.jpg","width":1280,"height":853},{"@type":"BreadcrumbList","@id":"https:\/\/continuamosmx.com\/index.php\/2024\/03\/22\/dif-tlalnepantla-se-suma-a-vacunacion-antirrabica-2024\/#breadcrumb","itemListElement":[{"@type":"ListItem","position":1,"name":"Inicio","item":"https:\/\/continuamosmx.com\/"},{"@type":"ListItem","position":2,"name":"DIF TLALNEPANTLA SE SUMA A VACUNACI\u00d3N ANTIRR\u00c1BICA 2024"}]},{"@type":"WebSite","@id":"https:\/\/continuamosmx.com\/#website","url":"https:\/\/continuamosmx.com\/","name":"www.continuamosmx.com","description":"","publisher":{"@id":"https:\/\/continuamosmx.com\/#organization"},"potentialAction":[{"@type":"SearchAction","target":{"@type":"EntryPoint","urlTemplate":"https:\/\/continuamosmx.com\/?s={search_term_string}"},"query-input":{"@type":"PropertyValueSpecification","valueRequired":true,"valueName":"search_term_string"}}],"inLanguage":"es"},{"@type":"Organization","@id":"https:\/\/continuamosmx.com\/#organization","name":"ContinuamosMX","url":"https:\/\/continuamosmx.com\/","logo":{"@type":"ImageObject","inLanguage":"es","@id":"https:\/\/continuamosmx.com\/#\/schema\/logo\/image\/","url":"https:\/\/continuamosmx.com\/wp-content\/uploads\/2023\/04\/cropped-LOGO-CONTI-NUEVO.png","contentUrl":"https:\/\/continuamosmx.com\/wp-content\/uploads\/2023\/04\/cropped-LOGO-CONTI-NUEVO.png","width":1257,"height":430,"caption":"ContinuamosMX"},"image":{"@id":"https:\/\/continuamosmx.com\/#\/schema\/logo\/image\/"}},{"@type":"Person","@id":"https:\/\/continuamosmx.com\/#\/schema\/person\/5eb5356acb1fad784da407d14f0e8d89","name":"Continuamos MX","image":{"@type":"ImageObject","inLanguage":"es","@id":"https:\/\/secure.gravatar.com\/avatar\/30d4f9723476a15f4da34d35fb3501f08d2357016c76051c6a85c354c7489589?s=96&d=mm&r=g","url":"https:\/\/secure.gravatar.com\/avatar\/30d4f9723476a15f4da34d35fb3501f08d2357016c76051c6a85c354c7489589?s=96&d=mm&r=g","contentUrl":"https:\/\/secure.gravatar.com\/avatar\/30d4f9723476a15f4da34d35fb3501f08d2357016c76051c6a85c354c7489589?s=96&d=mm&r=g","caption":"Continuamos MX"},"sameAs":["http:\/\/www.continuamos.mx"],"url":"https:\/\/continuamosmx.com\/index.php\/author\/continuamos\/"}]}},"_links":{"self":[{"href":"https:\/\/continuamosmx.com\/index.php\/wp-json\/wp\/v2\/posts\/46532","targetHints":{"allow":["GET"]}}],"collection":[{"href":"https:\/\/continuamosmx.com\/index.php\/wp-json\/wp\/v2\/posts"}],"about":[{"href":"https:\/\/continuamosmx.com\/index.php\/wp-json\/wp\/v2\/types\/post"}],"author":[{"embeddable":true,"href":"https:\/\/continuamosmx.com\/index.php\/wp-json\/wp\/v2\/users\/6"}],"replies":[{"embeddable":true,"href":"https:\/\/continuamosmx.com\/index.php\/wp-json\/wp\/v2\/comments?post=46532"}],"version-history":[{"count":1,"href":"https:\/\/continuamosmx.com\/index.php\/wp-json\/wp\/v2\/posts\/46532\/revisions"}],"predecessor-version":[{"id":46534,"href":"https:\/\/continuamosmx.com\/index.php\/wp-json\/wp\/v2\/posts\/46532\/revisions\/46534"}],"wp:featuredmedia":[{"embeddable":true,"href":"https:\/\/continuamosmx.com\/index.php\/wp-json\/wp\/v2\/media\/46533"}],"wp:attachment":[{"href":"https:\/\/continuamosmx.com\/index.php\/wp-json\/wp\/v2\/media?parent=46532"}],"wp:term":[{"taxonomy":"category","embeddable":true,"href":"https:\/\/continuamosmx.com\/index.php\/wp-json\/wp\/v2\/categories?post=46532"},{"taxonomy":"post_tag","embeddable":true,"href":"https:\/\/continuamosmx.com\/index.php\/wp-json\/wp\/v2\/tags?post=46532"}],"curies":[{"name":"wp","href":"https:\/\/api.w.org\/{rel}","templated":true}]}}