{"id":46527,"date":"2024-03-21T17:34:44","date_gmt":"2024-03-21T17:34:44","guid":{"rendered":"https:\/\/continuamosmx.com\/?p=46527"},"modified":"2024-03-21T17:34:45","modified_gmt":"2024-03-21T17:34:45","slug":"inicia-vacunacion-canina-y-felina-2024-en-texcoco","status":"publish","type":"post","link":"https:\/\/continuamosmx.com\/index.php\/2024\/03\/21\/inicia-vacunacion-canina-y-felina-2024-en-texcoco\/","title":{"rendered":"INICIA VACUNACI\u00d3N CANINA Y FELINA 2024 EN TEXCOCO"},"content":{"rendered":"\n<p><strong>*Se busca prevenir y erradicar la hidrofobia; la vacunaci\u00f3n es gratuita y hasta el 22 de marzo se estar\u00e1 aplicando en las instalaciones municipales<\/strong><\/p>\n\n\n\n<p>TEXCOCO, M\u00e9x.- El Centro de Atenci\u00f3n al Maltrato Animal (CEAMA) Texcoco en coordinaci\u00f3n con el Instituto de Salud del Estado de M\u00e9xico (ISEM), brindan atenci\u00f3n en el patio del palacio municipal como parte de la Jornada Nacional de Vacunaci\u00f3n Antirr\u00e1bica Canina y felina 2024, que se aplica del 17 al 22 de marzo.<\/p>\n\n\n\n<p>En Texcoco la jornada se lleva a cabo del 20 al 22 de marzo de este a\u00f1o en instalaciones municipales, con un horario de 9:00 a 3:00 horas, as\u00ed como en las comunidades del municipio en coordinaci\u00f3n con personal del ISEM.<\/p>\n\n\n\n<p>Con estas medidas, se espera que para la temporada primavera-verano se mantenga en cero los casos de hidrofobia, cuya incidencia que se agravan debido a las altas temperaturas y que a\u00f1o con a\u00f1o cobra la vida de perros y gatos a quienes no se les puso la vacunaci\u00f3n oportuna, adem\u00e1s de riesgo para contagiarse a humanos.<\/p>\n\n\n\n<p>Por lo que se espera que con este tipo de medidas se logre abatir de manera total la propagaci\u00f3n de la enfermedad y as\u00ed tambi\u00e9n los casos de transmisi\u00f3n contra los humanos del pa\u00eds.<\/p>\n\n\n\n<p>La atenci\u00f3n de este m\u00f3dulo de vacunaci\u00f3n canina y felina corre a cargo de la coordinadora del CEAMA Beatriz Violeta Maga\u00f1a Palacios.<\/p>\n\n\n\n<p>Cabe destacar que la puesta de la vacuna es de manera gratuita en todo el pa\u00eds.<\/p>\n","protected":false},"excerpt":{"rendered":"<p>*Se busca prevenir y erradicar la hidrofobia; la vacunaci\u00f3n es gratuita y hasta el 22 de marzo se estar\u00e1 aplicando en las instalaciones municipales TEXCOCO, M\u00e9x.- El Centro de Atenci\u00f3n al Maltrato Animal (CEAMA) Texcoco en coordinaci\u00f3n con el Instituto de Salud del Estado de M\u00e9xico (ISEM), brindan atenci\u00f3n en el patio del palacio municipal [&hellip;]<\/p>\n","protected":false},"author":6,"featured_media":46528,"comment_status":"open","ping_status":"open","sticky":false,"template":"","format":"standard","meta":{"footnotes":""},"categories":[4,6],"tags":[],"class_list":["post-46527","post","type-post","status-publish","format-standard","has-post-thumbnail","hentry","category-locales","category-texcoco"],"yoast_head":"<!-- This site is optimized with the Yoast SEO plugin v27.4 - https:\/\/yoast.com\/product\/yoast-seo-wordpress\/ -->\n<title>INICIA VACUNACI\u00d3N CANINA Y FELINA 2024 EN TEXCOCO -<\/title>\n<meta name=\"robots\" content=\"index, follow, max-snippet:-1, max-image-preview:large, max-video-preview:-1\" \/>\n<link rel=\"canonical\" href=\"https:\/\/continuamosmx.com\/index.php\/2024\/03\/21\/inicia-vacunacion-canina-y-felina-2024-en-texcoco\/\" \/>\n<meta property=\"og:locale\" content=\"es_ES\" \/>\n<meta property=\"og:type\" content=\"article\" \/>\n<meta property=\"og:title\" content=\"INICIA VACUNACI\u00d3N CANINA Y FELINA 2024 EN TEXCOCO -\" \/>\n<meta property=\"og:description\" content=\"*Se busca prevenir y erradicar la hidrofobia; la vacunaci\u00f3n es gratuita y hasta el 22 de marzo se estar\u00e1 aplicando en las instalaciones municipales TEXCOCO, M\u00e9x.- El Centro de Atenci\u00f3n al Maltrato Animal (CEAMA) Texcoco en coordinaci\u00f3n con el Instituto de Salud del Estado de M\u00e9xico (ISEM), brindan atenci\u00f3n en el patio del palacio municipal [&hellip;]\" \/>\n<meta property=\"og:url\" content=\"https:\/\/continuamosmx.com\/index.php\/2024\/03\/21\/inicia-vacunacion-canina-y-felina-2024-en-texcoco\/\" \/>\n<meta property=\"article:published_time\" content=\"2024-03-21T17:34:44+00:00\" \/>\n<meta property=\"article:modified_time\" content=\"2024-03-21T17:34:45+00:00\" \/>\n<meta property=\"og:image\" content=\"https:\/\/continuamosmx.com\/wp-content\/uploads\/2024\/03\/canina2.jpg\" \/>\n\t<meta property=\"og:image:width\" content=\"1600\" \/>\n\t<meta property=\"og:image:height\" content=\"1066\" \/>\n\t<meta property=\"og:image:type\" content=\"image\/jpeg\" \/>\n<meta name=\"author\" content=\"Continuamos MX\" \/>\n<meta name=\"twitter:card\" content=\"summary_large_image\" \/>\n<meta name=\"twitter:label1\" content=\"Escrito por\" \/>\n\t<meta name=\"twitter:data1\" content=\"Continuamos MX\" \/>\n\t<meta name=\"twitter:label2\" content=\"Tiempo de lectura\" \/>\n\t<meta name=\"twitter:data2\" content=\"2 minutos\" \/>\n<script type=\"application\/ld+json\" class=\"yoast-schema-graph\">{\"@context\":\"https:\\\/\\\/schema.org\",\"@graph\":[{\"@type\":\"Article\",\"@id\":\"https:\\\/\\\/continuamosmx.com\\\/index.php\\\/2024\\\/03\\\/21\\\/inicia-vacunacion-canina-y-felina-2024-en-texcoco\\\/#article\",\"isPartOf\":{\"@id\":\"https:\\\/\\\/continuamosmx.com\\\/index.php\\\/2024\\\/03\\\/21\\\/inicia-vacunacion-canina-y-felina-2024-en-texcoco\\\/\"},\"author\":{\"name\":\"Continuamos MX\",\"@id\":\"https:\\\/\\\/continuamosmx.com\\\/#\\\/schema\\\/person\\\/5eb5356acb1fad784da407d14f0e8d89\"},\"headline\":\"INICIA VACUNACI\u00d3N CANINA Y FELINA 2024 EN TEXCOCO\",\"datePublished\":\"2024-03-21T17:34:44+00:00\",\"dateModified\":\"2024-03-21T17:34:45+00:00\",\"mainEntityOfPage\":{\"@id\":\"https:\\\/\\\/continuamosmx.com\\\/index.php\\\/2024\\\/03\\\/21\\\/inicia-vacunacion-canina-y-felina-2024-en-texcoco\\\/\"},\"wordCount\":270,\"commentCount\":0,\"publisher\":{\"@id\":\"https:\\\/\\\/continuamosmx.com\\\/#organization\"},\"image\":{\"@id\":\"https:\\\/\\\/continuamosmx.com\\\/index.php\\\/2024\\\/03\\\/21\\\/inicia-vacunacion-canina-y-felina-2024-en-texcoco\\\/#primaryimage\"},\"thumbnailUrl\":\"https:\\\/\\\/continuamosmx.com\\\/wp-content\\\/uploads\\\/2024\\\/03\\\/canina2.jpg\",\"articleSection\":[\"LOCALES\",\"TEXCOCO\"],\"inLanguage\":\"es\"},{\"@type\":\"WebPage\",\"@id\":\"https:\\\/\\\/continuamosmx.com\\\/index.php\\\/2024\\\/03\\\/21\\\/inicia-vacunacion-canina-y-felina-2024-en-texcoco\\\/\",\"url\":\"https:\\\/\\\/continuamosmx.com\\\/index.php\\\/2024\\\/03\\\/21\\\/inicia-vacunacion-canina-y-felina-2024-en-texcoco\\\/\",\"name\":\"INICIA VACUNACI\u00d3N CANINA Y FELINA 2024 EN TEXCOCO -\",\"isPartOf\":{\"@id\":\"https:\\\/\\\/continuamosmx.com\\\/#website\"},\"primaryImageOfPage\":{\"@id\":\"https:\\\/\\\/continuamosmx.com\\\/index.php\\\/2024\\\/03\\\/21\\\/inicia-vacunacion-canina-y-felina-2024-en-texcoco\\\/#primaryimage\"},\"image\":{\"@id\":\"https:\\\/\\\/continuamosmx.com\\\/index.php\\\/2024\\\/03\\\/21\\\/inicia-vacunacion-canina-y-felina-2024-en-texcoco\\\/#primaryimage\"},\"thumbnailUrl\":\"https:\\\/\\\/continuamosmx.com\\\/wp-content\\\/uploads\\\/2024\\\/03\\\/canina2.jpg\",\"datePublished\":\"2024-03-21T17:34:44+00:00\",\"dateModified\":\"2024-03-21T17:34:45+00:00\",\"breadcrumb\":{\"@id\":\"https:\\\/\\\/continuamosmx.com\\\/index.php\\\/2024\\\/03\\\/21\\\/inicia-vacunacion-canina-y-felina-2024-en-texcoco\\\/#breadcrumb\"},\"inLanguage\":\"es\",\"potentialAction\":[{\"@type\":\"ReadAction\",\"target\":[\"https:\\\/\\\/continuamosmx.com\\\/index.php\\\/2024\\\/03\\\/21\\\/inicia-vacunacion-canina-y-felina-2024-en-texcoco\\\/\"]}]},{\"@type\":\"ImageObject\",\"inLanguage\":\"es\",\"@id\":\"https:\\\/\\\/continuamosmx.com\\\/index.php\\\/2024\\\/03\\\/21\\\/inicia-vacunacion-canina-y-felina-2024-en-texcoco\\\/#primaryimage\",\"url\":\"https:\\\/\\\/continuamosmx.com\\\/wp-content\\\/uploads\\\/2024\\\/03\\\/canina2.jpg\",\"contentUrl\":\"https:\\\/\\\/continuamosmx.com\\\/wp-content\\\/uploads\\\/2024\\\/03\\\/canina2.jpg\",\"width\":1600,\"height\":1066},{\"@type\":\"BreadcrumbList\",\"@id\":\"https:\\\/\\\/continuamosmx.com\\\/index.php\\\/2024\\\/03\\\/21\\\/inicia-vacunacion-canina-y-felina-2024-en-texcoco\\\/#breadcrumb\",\"itemListElement\":[{\"@type\":\"ListItem\",\"position\":1,\"name\":\"Inicio\",\"item\":\"https:\\\/\\\/continuamosmx.com\\\/\"},{\"@type\":\"ListItem\",\"position\":2,\"name\":\"INICIA VACUNACI\u00d3N CANINA Y FELINA 2024 EN TEXCOCO\"}]},{\"@type\":\"WebSite\",\"@id\":\"https:\\\/\\\/continuamosmx.com\\\/#website\",\"url\":\"https:\\\/\\\/continuamosmx.com\\\/\",\"name\":\"www.continuamosmx.com\",\"description\":\"\",\"publisher\":{\"@id\":\"https:\\\/\\\/continuamosmx.com\\\/#organization\"},\"potentialAction\":[{\"@type\":\"SearchAction\",\"target\":{\"@type\":\"EntryPoint\",\"urlTemplate\":\"https:\\\/\\\/continuamosmx.com\\\/?s={search_term_string}\"},\"query-input\":{\"@type\":\"PropertyValueSpecification\",\"valueRequired\":true,\"valueName\":\"search_term_string\"}}],\"inLanguage\":\"es\"},{\"@type\":\"Organization\",\"@id\":\"https:\\\/\\\/continuamosmx.com\\\/#organization\",\"name\":\"ContinuamosMX\",\"url\":\"https:\\\/\\\/continuamosmx.com\\\/\",\"logo\":{\"@type\":\"ImageObject\",\"inLanguage\":\"es\",\"@id\":\"https:\\\/\\\/continuamosmx.com\\\/#\\\/schema\\\/logo\\\/image\\\/\",\"url\":\"https:\\\/\\\/continuamosmx.com\\\/wp-content\\\/uploads\\\/2023\\\/04\\\/cropped-LOGO-CONTI-NUEVO.png\",\"contentUrl\":\"https:\\\/\\\/continuamosmx.com\\\/wp-content\\\/uploads\\\/2023\\\/04\\\/cropped-LOGO-CONTI-NUEVO.png\",\"width\":1257,\"height\":430,\"caption\":\"ContinuamosMX\"},\"image\":{\"@id\":\"https:\\\/\\\/continuamosmx.com\\\/#\\\/schema\\\/logo\\\/image\\\/\"}},{\"@type\":\"Person\",\"@id\":\"https:\\\/\\\/continuamosmx.com\\\/#\\\/schema\\\/person\\\/5eb5356acb1fad784da407d14f0e8d89\",\"name\":\"Continuamos MX\",\"image\":{\"@type\":\"ImageObject\",\"inLanguage\":\"es\",\"@id\":\"https:\\\/\\\/secure.gravatar.com\\\/avatar\\\/30d4f9723476a15f4da34d35fb3501f08d2357016c76051c6a85c354c7489589?s=96&d=mm&r=g\",\"url\":\"https:\\\/\\\/secure.gravatar.com\\\/avatar\\\/30d4f9723476a15f4da34d35fb3501f08d2357016c76051c6a85c354c7489589?s=96&d=mm&r=g\",\"contentUrl\":\"https:\\\/\\\/secure.gravatar.com\\\/avatar\\\/30d4f9723476a15f4da34d35fb3501f08d2357016c76051c6a85c354c7489589?s=96&d=mm&r=g\",\"caption\":\"Continuamos MX\"},\"sameAs\":[\"http:\\\/\\\/www.continuamos.mx\"],\"url\":\"https:\\\/\\\/continuamosmx.com\\\/index.php\\\/author\\\/continuamos\\\/\"}]}<\/script>\n<!-- \/ Yoast SEO plugin. -->","yoast_head_json":{"title":"INICIA VACUNACI\u00d3N CANINA Y FELINA 2024 EN TEXCOCO -","robots":{"index":"index","follow":"follow","max-snippet":"max-snippet:-1","max-image-preview":"max-image-preview:large","max-video-preview":"max-video-preview:-1"},"canonical":"https:\/\/continuamosmx.com\/index.php\/2024\/03\/21\/inicia-vacunacion-canina-y-felina-2024-en-texcoco\/","og_locale":"es_ES","og_type":"article","og_title":"INICIA VACUNACI\u00d3N CANINA Y FELINA 2024 EN TEXCOCO -","og_description":"*Se busca prevenir y erradicar la hidrofobia; la vacunaci\u00f3n es gratuita y hasta el 22 de marzo se estar\u00e1 aplicando en las instalaciones municipales TEXCOCO, M\u00e9x.- El Centro de Atenci\u00f3n al Maltrato Animal (CEAMA) Texcoco en coordinaci\u00f3n con el Instituto de Salud del Estado de M\u00e9xico (ISEM), brindan atenci\u00f3n en el patio del palacio municipal [&hellip;]","og_url":"https:\/\/continuamosmx.com\/index.php\/2024\/03\/21\/inicia-vacunacion-canina-y-felina-2024-en-texcoco\/","article_published_time":"2024-03-21T17:34:44+00:00","article_modified_time":"2024-03-21T17:34:45+00:00","og_image":[{"width":1600,"height":1066,"url":"https:\/\/continuamosmx.com\/wp-content\/uploads\/2024\/03\/canina2.jpg","type":"image\/jpeg"}],"author":"Continuamos MX","twitter_card":"summary_large_image","twitter_misc":{"Escrito por":"Continuamos MX","Tiempo de lectura":"2 minutos"},"schema":{"@context":"https:\/\/schema.org","@graph":[{"@type":"Article","@id":"https:\/\/continuamosmx.com\/index.php\/2024\/03\/21\/inicia-vacunacion-canina-y-felina-2024-en-texcoco\/#article","isPartOf":{"@id":"https:\/\/continuamosmx.com\/index.php\/2024\/03\/21\/inicia-vacunacion-canina-y-felina-2024-en-texcoco\/"},"author":{"name":"Continuamos MX","@id":"https:\/\/continuamosmx.com\/#\/schema\/person\/5eb5356acb1fad784da407d14f0e8d89"},"headline":"INICIA VACUNACI\u00d3N CANINA Y FELINA 2024 EN TEXCOCO","datePublished":"2024-03-21T17:34:44+00:00","dateModified":"2024-03-21T17:34:45+00:00","mainEntityOfPage":{"@id":"https:\/\/continuamosmx.com\/index.php\/2024\/03\/21\/inicia-vacunacion-canina-y-felina-2024-en-texcoco\/"},"wordCount":270,"commentCount":0,"publisher":{"@id":"https:\/\/continuamosmx.com\/#organization"},"image":{"@id":"https:\/\/continuamosmx.com\/index.php\/2024\/03\/21\/inicia-vacunacion-canina-y-felina-2024-en-texcoco\/#primaryimage"},"thumbnailUrl":"https:\/\/continuamosmx.com\/wp-content\/uploads\/2024\/03\/canina2.jpg","articleSection":["LOCALES","TEXCOCO"],"inLanguage":"es"},{"@type":"WebPage","@id":"https:\/\/continuamosmx.com\/index.php\/2024\/03\/21\/inicia-vacunacion-canina-y-felina-2024-en-texcoco\/","url":"https:\/\/continuamosmx.com\/index.php\/2024\/03\/21\/inicia-vacunacion-canina-y-felina-2024-en-texcoco\/","name":"INICIA VACUNACI\u00d3N CANINA Y FELINA 2024 EN TEXCOCO -","isPartOf":{"@id":"https:\/\/continuamosmx.com\/#website"},"primaryImageOfPage":{"@id":"https:\/\/continuamosmx.com\/index.php\/2024\/03\/21\/inicia-vacunacion-canina-y-felina-2024-en-texcoco\/#primaryimage"},"image":{"@id":"https:\/\/continuamosmx.com\/index.php\/2024\/03\/21\/inicia-vacunacion-canina-y-felina-2024-en-texcoco\/#primaryimage"},"thumbnailUrl":"https:\/\/continuamosmx.com\/wp-content\/uploads\/2024\/03\/canina2.jpg","datePublished":"2024-03-21T17:34:44+00:00","dateModified":"2024-03-21T17:34:45+00:00","breadcrumb":{"@id":"https:\/\/continuamosmx.com\/index.php\/2024\/03\/21\/inicia-vacunacion-canina-y-felina-2024-en-texcoco\/#breadcrumb"},"inLanguage":"es","potentialAction":[{"@type":"ReadAction","target":["https:\/\/continuamosmx.com\/index.php\/2024\/03\/21\/inicia-vacunacion-canina-y-felina-2024-en-texcoco\/"]}]},{"@type":"ImageObject","inLanguage":"es","@id":"https:\/\/continuamosmx.com\/index.php\/2024\/03\/21\/inicia-vacunacion-canina-y-felina-2024-en-texcoco\/#primaryimage","url":"https:\/\/continuamosmx.com\/wp-content\/uploads\/2024\/03\/canina2.jpg","contentUrl":"https:\/\/continuamosmx.com\/wp-content\/uploads\/2024\/03\/canina2.jpg","width":1600,"height":1066},{"@type":"BreadcrumbList","@id":"https:\/\/continuamosmx.com\/index.php\/2024\/03\/21\/inicia-vacunacion-canina-y-felina-2024-en-texcoco\/#breadcrumb","itemListElement":[{"@type":"ListItem","position":1,"name":"Inicio","item":"https:\/\/continuamosmx.com\/"},{"@type":"ListItem","position":2,"name":"INICIA VACUNACI\u00d3N CANINA Y FELINA 2024 EN TEXCOCO"}]},{"@type":"WebSite","@id":"https:\/\/continuamosmx.com\/#website","url":"https:\/\/continuamosmx.com\/","name":"www.continuamosmx.com","description":"","publisher":{"@id":"https:\/\/continuamosmx.com\/#organization"},"potentialAction":[{"@type":"SearchAction","target":{"@type":"EntryPoint","urlTemplate":"https:\/\/continuamosmx.com\/?s={search_term_string}"},"query-input":{"@type":"PropertyValueSpecification","valueRequired":true,"valueName":"search_term_string"}}],"inLanguage":"es"},{"@type":"Organization","@id":"https:\/\/continuamosmx.com\/#organization","name":"ContinuamosMX","url":"https:\/\/continuamosmx.com\/","logo":{"@type":"ImageObject","inLanguage":"es","@id":"https:\/\/continuamosmx.com\/#\/schema\/logo\/image\/","url":"https:\/\/continuamosmx.com\/wp-content\/uploads\/2023\/04\/cropped-LOGO-CONTI-NUEVO.png","contentUrl":"https:\/\/continuamosmx.com\/wp-content\/uploads\/2023\/04\/cropped-LOGO-CONTI-NUEVO.png","width":1257,"height":430,"caption":"ContinuamosMX"},"image":{"@id":"https:\/\/continuamosmx.com\/#\/schema\/logo\/image\/"}},{"@type":"Person","@id":"https:\/\/continuamosmx.com\/#\/schema\/person\/5eb5356acb1fad784da407d14f0e8d89","name":"Continuamos MX","image":{"@type":"ImageObject","inLanguage":"es","@id":"https:\/\/secure.gravatar.com\/avatar\/30d4f9723476a15f4da34d35fb3501f08d2357016c76051c6a85c354c7489589?s=96&d=mm&r=g","url":"https:\/\/secure.gravatar.com\/avatar\/30d4f9723476a15f4da34d35fb3501f08d2357016c76051c6a85c354c7489589?s=96&d=mm&r=g","contentUrl":"https:\/\/secure.gravatar.com\/avatar\/30d4f9723476a15f4da34d35fb3501f08d2357016c76051c6a85c354c7489589?s=96&d=mm&r=g","caption":"Continuamos MX"},"sameAs":["http:\/\/www.continuamos.mx"],"url":"https:\/\/continuamosmx.com\/index.php\/author\/continuamos\/"}]}},"_links":{"self":[{"href":"https:\/\/continuamosmx.com\/index.php\/wp-json\/wp\/v2\/posts\/46527","targetHints":{"allow":["GET"]}}],"collection":[{"href":"https:\/\/continuamosmx.com\/index.php\/wp-json\/wp\/v2\/posts"}],"about":[{"href":"https:\/\/continuamosmx.com\/index.php\/wp-json\/wp\/v2\/types\/post"}],"author":[{"embeddable":true,"href":"https:\/\/continuamosmx.com\/index.php\/wp-json\/wp\/v2\/users\/6"}],"replies":[{"embeddable":true,"href":"https:\/\/continuamosmx.com\/index.php\/wp-json\/wp\/v2\/comments?post=46527"}],"version-history":[{"count":1,"href":"https:\/\/continuamosmx.com\/index.php\/wp-json\/wp\/v2\/posts\/46527\/revisions"}],"predecessor-version":[{"id":46529,"href":"https:\/\/continuamosmx.com\/index.php\/wp-json\/wp\/v2\/posts\/46527\/revisions\/46529"}],"wp:featuredmedia":[{"embeddable":true,"href":"https:\/\/continuamosmx.com\/index.php\/wp-json\/wp\/v2\/media\/46528"}],"wp:attachment":[{"href":"https:\/\/continuamosmx.com\/index.php\/wp-json\/wp\/v2\/media?parent=46527"}],"wp:term":[{"taxonomy":"category","embeddable":true,"href":"https:\/\/continuamosmx.com\/index.php\/wp-json\/wp\/v2\/categories?post=46527"},{"taxonomy":"post_tag","embeddable":true,"href":"https:\/\/continuamosmx.com\/index.php\/wp-json\/wp\/v2\/tags?post=46527"}],"curies":[{"name":"wp","href":"https:\/\/api.w.org\/{rel}","templated":true}]}}