{"id":46375,"date":"2024-02-21T22:43:35","date_gmt":"2024-02-21T22:43:35","guid":{"rendered":"https:\/\/continuamosmx.com\/?p=46375"},"modified":"2024-02-21T22:43:36","modified_gmt":"2024-02-21T22:43:36","slug":"el-cielo-se-vuelve-mas-claro-para-los-ninos-de-tlalnepantla-fundacion-todos-tenemos-un-angel-i-a-p","status":"publish","type":"post","link":"https:\/\/continuamosmx.com\/index.php\/2024\/02\/21\/el-cielo-se-vuelve-mas-claro-para-los-ninos-de-tlalnepantla-fundacion-todos-tenemos-un-angel-i-a-p\/","title":{"rendered":"\u00a1EL CIELO SE VUELVE M\u00c1S CLARO PARA LOS NI\u00d1OS DE TLALNEPANTLA! FUNDACI\u00d3N \u201cTODOS TENEMOS UN \u00c1NGEL I.A.P."},"content":{"rendered":"\n<p>*<strong>La Fundaci\u00f3n \u201cTodos Tenemos un \u00e1ngel I.A.P.\u201d culmina con \u00e9xito la entrega de lentes del programa \u00abEl Cielo en tu Mirada\u00bb<\/strong><\/p>\n\n\n\n<p>TLALNEPANTLA.- En un emotivo evento celebrado en la Escuela Primaria Benito Ju\u00e1rez de Tlalnepantla de Baz, se llev\u00f3 a cabo la entrega de lentes a los peque\u00f1os beneficiados del programa \u00abEl Cielo en tu Mirada\u00bb. Este programa, puesto en marcha a finales de 2023, tiene como objetivo mejorar la salud visual de ni\u00f1os en situaci\u00f3n vulnerable, permiti\u00e9ndoles un mejor desarrollo acad\u00e9mico y personal.<\/p>\n\n\n\n<p>Durante la ceremonia, los ni\u00f1os y ni\u00f1as, acompa\u00f1ados de sus padres y profesores, recibieron sus nuevos lentes con gran alegr\u00eda y emoci\u00f3n. Lagrimas de felicidad y sonrisas radiantes llenaron el lugar, evidenciando el impacto positivo que este programa tiene en la vida de los peque\u00f1os.<\/p>\n\n\n\n<p>\u00abEstamos muy contentos por culminar con esta edici\u00f3n del programa\u00bb, comntararon los organizadores. \u00abGracias al apoyo de nuestros colaboradores y donantes, hemos logrado cambiar la vida de estos ni\u00f1os, brind\u00e1ndoles la oportunidad de ver el mundo con mayor claridad y alcanzar su m\u00e1ximo potencial\u00bb.<\/p>\n\n\n\n<p>El programa \u00abEl Cielo en tu Mirada\u00bb no solo beneficia la salud visual de los ni\u00f1os, sino que tambi\u00e9n impacta positivamente en su autoestima, seguridad y confianza en s\u00ed mismos. Los lentes les permiten participar de manera m\u00e1s activa en las actividades escolares y sociales, mejorando su calidad de vida en general.<\/p>\n\n\n\n<p>Desde el programa, se extiende un agradecimiento a todos los que hicieron posible esta iniciativa: colaboradores, donantes, voluntarios y personal de la Escuela Primaria Benito Ju\u00e1rez. \u00abSu compromiso y apoyo son fundamentales para seguir adelante con este programa y llegar a m\u00e1s ni\u00f1os que lo necesitan\u00bb, destacaron.<\/p>\n\n\n\n<p><strong>Pr\u00f3ximamente, m\u00e1s ni\u00f1os se beneficiar\u00e1n<\/strong><\/p>\n\n\n\n<p>El programa \u00abEl Cielo en tu Mirada\u00bb no se detiene. Desde ya, se est\u00e1 trabajando en la edici\u00f3n 2024, con el objetivo de llegar a m\u00e1s comunidades y beneficiar a un mayor n\u00famero de ni\u00f1os. \u00abEstamos comprometidos con la salud visual de los ni\u00f1os en situaci\u00f3n vulnerable\u00bb, afirmaron.<\/p>\n\n\n\n<p>\u00abEl Cielo en tu Mirada\u00bb es un ejemplo de c\u00f3mo la colaboraci\u00f3n entre diferentes sectores puede generar un impacto positivo en la vida de las personas. Se invita a todos aquellos que deseen unirse a esta iniciativa a sumarse como colaboradores, donantes o voluntarios.<\/p>\n\n\n\n<p><strong>\u00a1Juntos podemos cambiar la vida de muchos ni\u00f1os!<\/strong><\/p>\n\n\n\n<figure class=\"wp-block-gallery has-nested-images columns-default is-cropped wp-block-gallery-1 is-layout-flex wp-block-gallery-is-layout-flex\">\n<figure class=\"wp-block-image size-large\"><img loading=\"lazy\" decoding=\"async\" width=\"1024\" height=\"1024\" data-id=\"46379\" src=\"https:\/\/continuamosmx.com\/wp-content\/uploads\/2024\/02\/LENTES4-1024x1024.jpg\" alt=\"\" class=\"wp-image-46379\" srcset=\"https:\/\/continuamosmx.com\/wp-content\/uploads\/2024\/02\/LENTES4-1024x1024.jpg 1024w, https:\/\/continuamosmx.com\/wp-content\/uploads\/2024\/02\/LENTES4-300x300.jpg 300w, https:\/\/continuamosmx.com\/wp-content\/uploads\/2024\/02\/LENTES4-150x150.jpg 150w, https:\/\/continuamosmx.com\/wp-content\/uploads\/2024\/02\/LENTES4-768x768.jpg 768w, https:\/\/continuamosmx.com\/wp-content\/uploads\/2024\/02\/LENTES4.jpg 1080w\" sizes=\"auto, (max-width: 1024px) 100vw, 1024px\" \/><\/figure>\n\n\n\n<figure class=\"wp-block-image size-large\"><img loading=\"lazy\" decoding=\"async\" width=\"1024\" height=\"1024\" data-id=\"46378\" src=\"https:\/\/continuamosmx.com\/wp-content\/uploads\/2024\/02\/LENTES3-1024x1024.jpg\" alt=\"\" class=\"wp-image-46378\" srcset=\"https:\/\/continuamosmx.com\/wp-content\/uploads\/2024\/02\/LENTES3-1024x1024.jpg 1024w, https:\/\/continuamosmx.com\/wp-content\/uploads\/2024\/02\/LENTES3-300x300.jpg 300w, https:\/\/continuamosmx.com\/wp-content\/uploads\/2024\/02\/LENTES3-150x150.jpg 150w, https:\/\/continuamosmx.com\/wp-content\/uploads\/2024\/02\/LENTES3-768x768.jpg 768w, https:\/\/continuamosmx.com\/wp-content\/uploads\/2024\/02\/LENTES3.jpg 1080w\" sizes=\"auto, (max-width: 1024px) 100vw, 1024px\" \/><\/figure>\n\n\n\n<figure class=\"wp-block-image size-large\"><img loading=\"lazy\" decoding=\"async\" width=\"1024\" height=\"1024\" data-id=\"46377\" src=\"https:\/\/continuamosmx.com\/wp-content\/uploads\/2024\/02\/LENTES2-1024x1024.jpg\" alt=\"\" class=\"wp-image-46377\" srcset=\"https:\/\/continuamosmx.com\/wp-content\/uploads\/2024\/02\/LENTES2-1024x1024.jpg 1024w, https:\/\/continuamosmx.com\/wp-content\/uploads\/2024\/02\/LENTES2-300x300.jpg 300w, https:\/\/continuamosmx.com\/wp-content\/uploads\/2024\/02\/LENTES2-150x150.jpg 150w, https:\/\/continuamosmx.com\/wp-content\/uploads\/2024\/02\/LENTES2-768x768.jpg 768w, https:\/\/continuamosmx.com\/wp-content\/uploads\/2024\/02\/LENTES2.jpg 1080w\" sizes=\"auto, (max-width: 1024px) 100vw, 1024px\" \/><\/figure>\n<\/figure>\n","protected":false},"excerpt":{"rendered":"<p>*La Fundaci\u00f3n \u201cTodos Tenemos un \u00e1ngel I.A.P.\u201d culmina con \u00e9xito la entrega de lentes del programa \u00abEl Cielo en tu Mirada\u00bb TLALNEPANTLA.- En un emotivo evento celebrado en la Escuela Primaria Benito Ju\u00e1rez de Tlalnepantla de Baz, se llev\u00f3 a cabo la entrega de lentes a los peque\u00f1os beneficiados del programa \u00abEl Cielo en tu [&hellip;]<\/p>\n","protected":false},"author":6,"featured_media":46376,"comment_status":"open","ping_status":"open","sticky":false,"template":"","format":"standard","meta":{"footnotes":""},"categories":[4,79],"tags":[],"class_list":["post-46375","post","type-post","status-publish","format-standard","has-post-thumbnail","hentry","category-locales","category-tlalne"],"yoast_head":"<!-- This site is optimized with the Yoast SEO plugin v27.5 - https:\/\/yoast.com\/product\/yoast-seo-wordpress\/ -->\n<title>\u00a1EL CIELO SE VUELVE M\u00c1S CLARO PARA LOS NI\u00d1OS DE TLALNEPANTLA! FUNDACI\u00d3N \u201cTODOS TENEMOS UN \u00c1NGEL I.A.P. -<\/title>\n<meta name=\"robots\" content=\"index, follow, max-snippet:-1, max-image-preview:large, max-video-preview:-1\" \/>\n<link rel=\"canonical\" href=\"https:\/\/continuamosmx.com\/index.php\/2024\/02\/21\/el-cielo-se-vuelve-mas-claro-para-los-ninos-de-tlalnepantla-fundacion-todos-tenemos-un-angel-i-a-p\/\" \/>\n<meta property=\"og:locale\" content=\"es_ES\" \/>\n<meta property=\"og:type\" content=\"article\" \/>\n<meta property=\"og:title\" content=\"\u00a1EL CIELO SE VUELVE M\u00c1S CLARO PARA LOS NI\u00d1OS DE TLALNEPANTLA! FUNDACI\u00d3N \u201cTODOS TENEMOS UN \u00c1NGEL I.A.P. -\" \/>\n<meta property=\"og:description\" content=\"*La Fundaci\u00f3n \u201cTodos Tenemos un \u00e1ngel I.A.P.\u201d culmina con \u00e9xito la entrega de lentes del programa \u00abEl Cielo en tu Mirada\u00bb TLALNEPANTLA.- En un emotivo evento celebrado en la Escuela Primaria Benito Ju\u00e1rez de Tlalnepantla de Baz, se llev\u00f3 a cabo la entrega de lentes a los peque\u00f1os beneficiados del programa \u00abEl Cielo en tu [&hellip;]\" \/>\n<meta property=\"og:url\" content=\"https:\/\/continuamosmx.com\/index.php\/2024\/02\/21\/el-cielo-se-vuelve-mas-claro-para-los-ninos-de-tlalnepantla-fundacion-todos-tenemos-un-angel-i-a-p\/\" \/>\n<meta property=\"article:published_time\" content=\"2024-02-21T22:43:35+00:00\" \/>\n<meta property=\"article:modified_time\" content=\"2024-02-21T22:43:36+00:00\" \/>\n<meta property=\"og:image\" content=\"https:\/\/continuamosmx.com\/wp-content\/uploads\/2024\/02\/LENTES.jpg\" \/>\n\t<meta property=\"og:image:width\" content=\"1080\" \/>\n\t<meta property=\"og:image:height\" content=\"1080\" \/>\n\t<meta property=\"og:image:type\" content=\"image\/jpeg\" \/>\n<meta name=\"author\" content=\"Continuamos MX\" \/>\n<meta name=\"twitter:card\" content=\"summary_large_image\" \/>\n<meta name=\"twitter:label1\" content=\"Escrito por\" \/>\n\t<meta name=\"twitter:data1\" content=\"Continuamos MX\" \/>\n\t<meta name=\"twitter:label2\" content=\"Tiempo de lectura\" \/>\n\t<meta name=\"twitter:data2\" content=\"3 minutos\" \/>\n<script type=\"application\/ld+json\" class=\"yoast-schema-graph\">{\"@context\":\"https:\\\/\\\/schema.org\",\"@graph\":[{\"@type\":\"Article\",\"@id\":\"https:\\\/\\\/continuamosmx.com\\\/index.php\\\/2024\\\/02\\\/21\\\/el-cielo-se-vuelve-mas-claro-para-los-ninos-de-tlalnepantla-fundacion-todos-tenemos-un-angel-i-a-p\\\/#article\",\"isPartOf\":{\"@id\":\"https:\\\/\\\/continuamosmx.com\\\/index.php\\\/2024\\\/02\\\/21\\\/el-cielo-se-vuelve-mas-claro-para-los-ninos-de-tlalnepantla-fundacion-todos-tenemos-un-angel-i-a-p\\\/\"},\"author\":{\"name\":\"Continuamos MX\",\"@id\":\"https:\\\/\\\/continuamosmx.com\\\/#\\\/schema\\\/person\\\/5eb5356acb1fad784da407d14f0e8d89\"},\"headline\":\"\u00a1EL CIELO SE VUELVE M\u00c1S CLARO PARA LOS NI\u00d1OS DE TLALNEPANTLA! FUNDACI\u00d3N \u201cTODOS TENEMOS UN \u00c1NGEL I.A.P.\",\"datePublished\":\"2024-02-21T22:43:35+00:00\",\"dateModified\":\"2024-02-21T22:43:36+00:00\",\"mainEntityOfPage\":{\"@id\":\"https:\\\/\\\/continuamosmx.com\\\/index.php\\\/2024\\\/02\\\/21\\\/el-cielo-se-vuelve-mas-claro-para-los-ninos-de-tlalnepantla-fundacion-todos-tenemos-un-angel-i-a-p\\\/\"},\"wordCount\":436,\"commentCount\":0,\"publisher\":{\"@id\":\"https:\\\/\\\/continuamosmx.com\\\/#organization\"},\"image\":{\"@id\":\"https:\\\/\\\/continuamosmx.com\\\/index.php\\\/2024\\\/02\\\/21\\\/el-cielo-se-vuelve-mas-claro-para-los-ninos-de-tlalnepantla-fundacion-todos-tenemos-un-angel-i-a-p\\\/#primaryimage\"},\"thumbnailUrl\":\"https:\\\/\\\/continuamosmx.com\\\/wp-content\\\/uploads\\\/2024\\\/02\\\/LENTES.jpg\",\"articleSection\":[\"LOCALES\",\"TLALNEPANTLA\"],\"inLanguage\":\"es\"},{\"@type\":\"WebPage\",\"@id\":\"https:\\\/\\\/continuamosmx.com\\\/index.php\\\/2024\\\/02\\\/21\\\/el-cielo-se-vuelve-mas-claro-para-los-ninos-de-tlalnepantla-fundacion-todos-tenemos-un-angel-i-a-p\\\/\",\"url\":\"https:\\\/\\\/continuamosmx.com\\\/index.php\\\/2024\\\/02\\\/21\\\/el-cielo-se-vuelve-mas-claro-para-los-ninos-de-tlalnepantla-fundacion-todos-tenemos-un-angel-i-a-p\\\/\",\"name\":\"\u00a1EL CIELO SE VUELVE M\u00c1S CLARO PARA LOS NI\u00d1OS DE TLALNEPANTLA! FUNDACI\u00d3N \u201cTODOS TENEMOS UN \u00c1NGEL I.A.P. -\",\"isPartOf\":{\"@id\":\"https:\\\/\\\/continuamosmx.com\\\/#website\"},\"primaryImageOfPage\":{\"@id\":\"https:\\\/\\\/continuamosmx.com\\\/index.php\\\/2024\\\/02\\\/21\\\/el-cielo-se-vuelve-mas-claro-para-los-ninos-de-tlalnepantla-fundacion-todos-tenemos-un-angel-i-a-p\\\/#primaryimage\"},\"image\":{\"@id\":\"https:\\\/\\\/continuamosmx.com\\\/index.php\\\/2024\\\/02\\\/21\\\/el-cielo-se-vuelve-mas-claro-para-los-ninos-de-tlalnepantla-fundacion-todos-tenemos-un-angel-i-a-p\\\/#primaryimage\"},\"thumbnailUrl\":\"https:\\\/\\\/continuamosmx.com\\\/wp-content\\\/uploads\\\/2024\\\/02\\\/LENTES.jpg\",\"datePublished\":\"2024-02-21T22:43:35+00:00\",\"dateModified\":\"2024-02-21T22:43:36+00:00\",\"breadcrumb\":{\"@id\":\"https:\\\/\\\/continuamosmx.com\\\/index.php\\\/2024\\\/02\\\/21\\\/el-cielo-se-vuelve-mas-claro-para-los-ninos-de-tlalnepantla-fundacion-todos-tenemos-un-angel-i-a-p\\\/#breadcrumb\"},\"inLanguage\":\"es\",\"potentialAction\":[{\"@type\":\"ReadAction\",\"target\":[\"https:\\\/\\\/continuamosmx.com\\\/index.php\\\/2024\\\/02\\\/21\\\/el-cielo-se-vuelve-mas-claro-para-los-ninos-de-tlalnepantla-fundacion-todos-tenemos-un-angel-i-a-p\\\/\"]}]},{\"@type\":\"ImageObject\",\"inLanguage\":\"es\",\"@id\":\"https:\\\/\\\/continuamosmx.com\\\/index.php\\\/2024\\\/02\\\/21\\\/el-cielo-se-vuelve-mas-claro-para-los-ninos-de-tlalnepantla-fundacion-todos-tenemos-un-angel-i-a-p\\\/#primaryimage\",\"url\":\"https:\\\/\\\/continuamosmx.com\\\/wp-content\\\/uploads\\\/2024\\\/02\\\/LENTES.jpg\",\"contentUrl\":\"https:\\\/\\\/continuamosmx.com\\\/wp-content\\\/uploads\\\/2024\\\/02\\\/LENTES.jpg\",\"width\":1080,\"height\":1080},{\"@type\":\"BreadcrumbList\",\"@id\":\"https:\\\/\\\/continuamosmx.com\\\/index.php\\\/2024\\\/02\\\/21\\\/el-cielo-se-vuelve-mas-claro-para-los-ninos-de-tlalnepantla-fundacion-todos-tenemos-un-angel-i-a-p\\\/#breadcrumb\",\"itemListElement\":[{\"@type\":\"ListItem\",\"position\":1,\"name\":\"Inicio\",\"item\":\"https:\\\/\\\/continuamosmx.com\\\/\"},{\"@type\":\"ListItem\",\"position\":2,\"name\":\"\u00a1EL CIELO SE VUELVE M\u00c1S CLARO PARA LOS NI\u00d1OS DE TLALNEPANTLA! FUNDACI\u00d3N \u201cTODOS TENEMOS UN \u00c1NGEL I.A.P.\"}]},{\"@type\":\"WebSite\",\"@id\":\"https:\\\/\\\/continuamosmx.com\\\/#website\",\"url\":\"https:\\\/\\\/continuamosmx.com\\\/\",\"name\":\"www.continuamosmx.com\",\"description\":\"\",\"publisher\":{\"@id\":\"https:\\\/\\\/continuamosmx.com\\\/#organization\"},\"potentialAction\":[{\"@type\":\"SearchAction\",\"target\":{\"@type\":\"EntryPoint\",\"urlTemplate\":\"https:\\\/\\\/continuamosmx.com\\\/?s={search_term_string}\"},\"query-input\":{\"@type\":\"PropertyValueSpecification\",\"valueRequired\":true,\"valueName\":\"search_term_string\"}}],\"inLanguage\":\"es\"},{\"@type\":\"Organization\",\"@id\":\"https:\\\/\\\/continuamosmx.com\\\/#organization\",\"name\":\"ContinuamosMX\",\"url\":\"https:\\\/\\\/continuamosmx.com\\\/\",\"logo\":{\"@type\":\"ImageObject\",\"inLanguage\":\"es\",\"@id\":\"https:\\\/\\\/continuamosmx.com\\\/#\\\/schema\\\/logo\\\/image\\\/\",\"url\":\"https:\\\/\\\/continuamosmx.com\\\/wp-content\\\/uploads\\\/2023\\\/04\\\/cropped-LOGO-CONTI-NUEVO.png\",\"contentUrl\":\"https:\\\/\\\/continuamosmx.com\\\/wp-content\\\/uploads\\\/2023\\\/04\\\/cropped-LOGO-CONTI-NUEVO.png\",\"width\":1257,\"height\":430,\"caption\":\"ContinuamosMX\"},\"image\":{\"@id\":\"https:\\\/\\\/continuamosmx.com\\\/#\\\/schema\\\/logo\\\/image\\\/\"}},{\"@type\":\"Person\",\"@id\":\"https:\\\/\\\/continuamosmx.com\\\/#\\\/schema\\\/person\\\/5eb5356acb1fad784da407d14f0e8d89\",\"name\":\"Continuamos MX\",\"image\":{\"@type\":\"ImageObject\",\"inLanguage\":\"es\",\"@id\":\"https:\\\/\\\/secure.gravatar.com\\\/avatar\\\/30d4f9723476a15f4da34d35fb3501f08d2357016c76051c6a85c354c7489589?s=96&d=mm&r=g\",\"url\":\"https:\\\/\\\/secure.gravatar.com\\\/avatar\\\/30d4f9723476a15f4da34d35fb3501f08d2357016c76051c6a85c354c7489589?s=96&d=mm&r=g\",\"contentUrl\":\"https:\\\/\\\/secure.gravatar.com\\\/avatar\\\/30d4f9723476a15f4da34d35fb3501f08d2357016c76051c6a85c354c7489589?s=96&d=mm&r=g\",\"caption\":\"Continuamos MX\"},\"sameAs\":[\"http:\\\/\\\/www.continuamos.mx\"],\"url\":\"https:\\\/\\\/continuamosmx.com\\\/index.php\\\/author\\\/continuamos\\\/\"}]}<\/script>\n<!-- \/ Yoast SEO plugin. -->","yoast_head_json":{"title":"\u00a1EL CIELO SE VUELVE M\u00c1S CLARO PARA LOS NI\u00d1OS DE TLALNEPANTLA! FUNDACI\u00d3N \u201cTODOS TENEMOS UN \u00c1NGEL I.A.P. -","robots":{"index":"index","follow":"follow","max-snippet":"max-snippet:-1","max-image-preview":"max-image-preview:large","max-video-preview":"max-video-preview:-1"},"canonical":"https:\/\/continuamosmx.com\/index.php\/2024\/02\/21\/el-cielo-se-vuelve-mas-claro-para-los-ninos-de-tlalnepantla-fundacion-todos-tenemos-un-angel-i-a-p\/","og_locale":"es_ES","og_type":"article","og_title":"\u00a1EL CIELO SE VUELVE M\u00c1S CLARO PARA LOS NI\u00d1OS DE TLALNEPANTLA! FUNDACI\u00d3N \u201cTODOS TENEMOS UN \u00c1NGEL I.A.P. -","og_description":"*La Fundaci\u00f3n \u201cTodos Tenemos un \u00e1ngel I.A.P.\u201d culmina con \u00e9xito la entrega de lentes del programa \u00abEl Cielo en tu Mirada\u00bb TLALNEPANTLA.- En un emotivo evento celebrado en la Escuela Primaria Benito Ju\u00e1rez de Tlalnepantla de Baz, se llev\u00f3 a cabo la entrega de lentes a los peque\u00f1os beneficiados del programa \u00abEl Cielo en tu [&hellip;]","og_url":"https:\/\/continuamosmx.com\/index.php\/2024\/02\/21\/el-cielo-se-vuelve-mas-claro-para-los-ninos-de-tlalnepantla-fundacion-todos-tenemos-un-angel-i-a-p\/","article_published_time":"2024-02-21T22:43:35+00:00","article_modified_time":"2024-02-21T22:43:36+00:00","og_image":[{"width":1080,"height":1080,"url":"https:\/\/continuamosmx.com\/wp-content\/uploads\/2024\/02\/LENTES.jpg","type":"image\/jpeg"}],"author":"Continuamos MX","twitter_card":"summary_large_image","twitter_misc":{"Escrito por":"Continuamos MX","Tiempo de lectura":"3 minutos"},"schema":{"@context":"https:\/\/schema.org","@graph":[{"@type":"Article","@id":"https:\/\/continuamosmx.com\/index.php\/2024\/02\/21\/el-cielo-se-vuelve-mas-claro-para-los-ninos-de-tlalnepantla-fundacion-todos-tenemos-un-angel-i-a-p\/#article","isPartOf":{"@id":"https:\/\/continuamosmx.com\/index.php\/2024\/02\/21\/el-cielo-se-vuelve-mas-claro-para-los-ninos-de-tlalnepantla-fundacion-todos-tenemos-un-angel-i-a-p\/"},"author":{"name":"Continuamos MX","@id":"https:\/\/continuamosmx.com\/#\/schema\/person\/5eb5356acb1fad784da407d14f0e8d89"},"headline":"\u00a1EL CIELO SE VUELVE M\u00c1S CLARO PARA LOS NI\u00d1OS DE TLALNEPANTLA! FUNDACI\u00d3N \u201cTODOS TENEMOS UN \u00c1NGEL I.A.P.","datePublished":"2024-02-21T22:43:35+00:00","dateModified":"2024-02-21T22:43:36+00:00","mainEntityOfPage":{"@id":"https:\/\/continuamosmx.com\/index.php\/2024\/02\/21\/el-cielo-se-vuelve-mas-claro-para-los-ninos-de-tlalnepantla-fundacion-todos-tenemos-un-angel-i-a-p\/"},"wordCount":436,"commentCount":0,"publisher":{"@id":"https:\/\/continuamosmx.com\/#organization"},"image":{"@id":"https:\/\/continuamosmx.com\/index.php\/2024\/02\/21\/el-cielo-se-vuelve-mas-claro-para-los-ninos-de-tlalnepantla-fundacion-todos-tenemos-un-angel-i-a-p\/#primaryimage"},"thumbnailUrl":"https:\/\/continuamosmx.com\/wp-content\/uploads\/2024\/02\/LENTES.jpg","articleSection":["LOCALES","TLALNEPANTLA"],"inLanguage":"es"},{"@type":"WebPage","@id":"https:\/\/continuamosmx.com\/index.php\/2024\/02\/21\/el-cielo-se-vuelve-mas-claro-para-los-ninos-de-tlalnepantla-fundacion-todos-tenemos-un-angel-i-a-p\/","url":"https:\/\/continuamosmx.com\/index.php\/2024\/02\/21\/el-cielo-se-vuelve-mas-claro-para-los-ninos-de-tlalnepantla-fundacion-todos-tenemos-un-angel-i-a-p\/","name":"\u00a1EL CIELO SE VUELVE M\u00c1S CLARO PARA LOS NI\u00d1OS DE TLALNEPANTLA! FUNDACI\u00d3N \u201cTODOS TENEMOS UN \u00c1NGEL I.A.P. -","isPartOf":{"@id":"https:\/\/continuamosmx.com\/#website"},"primaryImageOfPage":{"@id":"https:\/\/continuamosmx.com\/index.php\/2024\/02\/21\/el-cielo-se-vuelve-mas-claro-para-los-ninos-de-tlalnepantla-fundacion-todos-tenemos-un-angel-i-a-p\/#primaryimage"},"image":{"@id":"https:\/\/continuamosmx.com\/index.php\/2024\/02\/21\/el-cielo-se-vuelve-mas-claro-para-los-ninos-de-tlalnepantla-fundacion-todos-tenemos-un-angel-i-a-p\/#primaryimage"},"thumbnailUrl":"https:\/\/continuamosmx.com\/wp-content\/uploads\/2024\/02\/LENTES.jpg","datePublished":"2024-02-21T22:43:35+00:00","dateModified":"2024-02-21T22:43:36+00:00","breadcrumb":{"@id":"https:\/\/continuamosmx.com\/index.php\/2024\/02\/21\/el-cielo-se-vuelve-mas-claro-para-los-ninos-de-tlalnepantla-fundacion-todos-tenemos-un-angel-i-a-p\/#breadcrumb"},"inLanguage":"es","potentialAction":[{"@type":"ReadAction","target":["https:\/\/continuamosmx.com\/index.php\/2024\/02\/21\/el-cielo-se-vuelve-mas-claro-para-los-ninos-de-tlalnepantla-fundacion-todos-tenemos-un-angel-i-a-p\/"]}]},{"@type":"ImageObject","inLanguage":"es","@id":"https:\/\/continuamosmx.com\/index.php\/2024\/02\/21\/el-cielo-se-vuelve-mas-claro-para-los-ninos-de-tlalnepantla-fundacion-todos-tenemos-un-angel-i-a-p\/#primaryimage","url":"https:\/\/continuamosmx.com\/wp-content\/uploads\/2024\/02\/LENTES.jpg","contentUrl":"https:\/\/continuamosmx.com\/wp-content\/uploads\/2024\/02\/LENTES.jpg","width":1080,"height":1080},{"@type":"BreadcrumbList","@id":"https:\/\/continuamosmx.com\/index.php\/2024\/02\/21\/el-cielo-se-vuelve-mas-claro-para-los-ninos-de-tlalnepantla-fundacion-todos-tenemos-un-angel-i-a-p\/#breadcrumb","itemListElement":[{"@type":"ListItem","position":1,"name":"Inicio","item":"https:\/\/continuamosmx.com\/"},{"@type":"ListItem","position":2,"name":"\u00a1EL CIELO SE VUELVE M\u00c1S CLARO PARA LOS NI\u00d1OS DE TLALNEPANTLA! FUNDACI\u00d3N \u201cTODOS TENEMOS UN \u00c1NGEL I.A.P."}]},{"@type":"WebSite","@id":"https:\/\/continuamosmx.com\/#website","url":"https:\/\/continuamosmx.com\/","name":"www.continuamosmx.com","description":"","publisher":{"@id":"https:\/\/continuamosmx.com\/#organization"},"potentialAction":[{"@type":"SearchAction","target":{"@type":"EntryPoint","urlTemplate":"https:\/\/continuamosmx.com\/?s={search_term_string}"},"query-input":{"@type":"PropertyValueSpecification","valueRequired":true,"valueName":"search_term_string"}}],"inLanguage":"es"},{"@type":"Organization","@id":"https:\/\/continuamosmx.com\/#organization","name":"ContinuamosMX","url":"https:\/\/continuamosmx.com\/","logo":{"@type":"ImageObject","inLanguage":"es","@id":"https:\/\/continuamosmx.com\/#\/schema\/logo\/image\/","url":"https:\/\/continuamosmx.com\/wp-content\/uploads\/2023\/04\/cropped-LOGO-CONTI-NUEVO.png","contentUrl":"https:\/\/continuamosmx.com\/wp-content\/uploads\/2023\/04\/cropped-LOGO-CONTI-NUEVO.png","width":1257,"height":430,"caption":"ContinuamosMX"},"image":{"@id":"https:\/\/continuamosmx.com\/#\/schema\/logo\/image\/"}},{"@type":"Person","@id":"https:\/\/continuamosmx.com\/#\/schema\/person\/5eb5356acb1fad784da407d14f0e8d89","name":"Continuamos MX","image":{"@type":"ImageObject","inLanguage":"es","@id":"https:\/\/secure.gravatar.com\/avatar\/30d4f9723476a15f4da34d35fb3501f08d2357016c76051c6a85c354c7489589?s=96&d=mm&r=g","url":"https:\/\/secure.gravatar.com\/avatar\/30d4f9723476a15f4da34d35fb3501f08d2357016c76051c6a85c354c7489589?s=96&d=mm&r=g","contentUrl":"https:\/\/secure.gravatar.com\/avatar\/30d4f9723476a15f4da34d35fb3501f08d2357016c76051c6a85c354c7489589?s=96&d=mm&r=g","caption":"Continuamos MX"},"sameAs":["http:\/\/www.continuamos.mx"],"url":"https:\/\/continuamosmx.com\/index.php\/author\/continuamos\/"}]}},"_links":{"self":[{"href":"https:\/\/continuamosmx.com\/index.php\/wp-json\/wp\/v2\/posts\/46375","targetHints":{"allow":["GET"]}}],"collection":[{"href":"https:\/\/continuamosmx.com\/index.php\/wp-json\/wp\/v2\/posts"}],"about":[{"href":"https:\/\/continuamosmx.com\/index.php\/wp-json\/wp\/v2\/types\/post"}],"author":[{"embeddable":true,"href":"https:\/\/continuamosmx.com\/index.php\/wp-json\/wp\/v2\/users\/6"}],"replies":[{"embeddable":true,"href":"https:\/\/continuamosmx.com\/index.php\/wp-json\/wp\/v2\/comments?post=46375"}],"version-history":[{"count":1,"href":"https:\/\/continuamosmx.com\/index.php\/wp-json\/wp\/v2\/posts\/46375\/revisions"}],"predecessor-version":[{"id":46380,"href":"https:\/\/continuamosmx.com\/index.php\/wp-json\/wp\/v2\/posts\/46375\/revisions\/46380"}],"wp:featuredmedia":[{"embeddable":true,"href":"https:\/\/continuamosmx.com\/index.php\/wp-json\/wp\/v2\/media\/46376"}],"wp:attachment":[{"href":"https:\/\/continuamosmx.com\/index.php\/wp-json\/wp\/v2\/media?parent=46375"}],"wp:term":[{"taxonomy":"category","embeddable":true,"href":"https:\/\/continuamosmx.com\/index.php\/wp-json\/wp\/v2\/categories?post=46375"},{"taxonomy":"post_tag","embeddable":true,"href":"https:\/\/continuamosmx.com\/index.php\/wp-json\/wp\/v2\/tags?post=46375"}],"curies":[{"name":"wp","href":"https:\/\/api.w.org\/{rel}","templated":true}]}}