{"id":46273,"date":"2024-02-12T06:37:18","date_gmt":"2024-02-12T06:37:18","guid":{"rendered":"https:\/\/continuamosmx.com\/?p=46273"},"modified":"2024-02-12T06:37:19","modified_gmt":"2024-02-12T06:37:19","slug":"restringen-acceso-al-monte-tlaloc-durante-el-fenomeno-de-la-montana-fantasma","status":"publish","type":"post","link":"https:\/\/continuamosmx.com\/index.php\/2024\/02\/12\/restringen-acceso-al-monte-tlaloc-durante-el-fenomeno-de-la-montana-fantasma\/","title":{"rendered":"RESTRINGEN ACCESO AL MONTE TL\u00c1LOC DURANTE EL FEN\u00d3MENO DE \u00abLA MONTA\u00d1A FANTASMA\u00bb"},"content":{"rendered":"\n<p><strong>*Autoridades y ejidatarios emiten llamado a la poblaci\u00f3n para preservar la zona arqueol\u00f3gica<\/strong><\/p>\n\n\n\n<p>TEXCOCO, M\u00e9x.- En un esfuerzo conjunto, autoridades federales, estatales, municipales y ejidales de la monta\u00f1a de Texcoco han decidido acordonar y restringir el acceso a la zona arqueol\u00f3gica Monte Tl\u00e1loc durante el fen\u00f3meno natural anual conocido como \u201cLa Monta\u00f1a Fantasma\u201d.<\/p>\n\n\n\n<p>Este sitio, ubicado a m\u00e1s de 4 mil 100 metros sobre el nivel del mar y situado dentro del \u00c1rea Natural Protegida Parque Nacional Izta-Popo, es reconocido por su importancia arqueol\u00f3gica y paisaj\u00edstica.<\/p>\n\n\n\n<p>La Secretar\u00eda del Medio Ambiente y Recursos Naturales (SEMARNAT), la Comisi\u00f3n Nacional de \u00c1reas Naturales Protegidas (CONANP), Probosque Estado de M\u00e9xico, el gobierno de Texcoco y la Uni\u00f3n de ejidos Monte Tl\u00e1loc hacen un llamado urgente a la poblaci\u00f3n de Texcoco, del Valle de M\u00e9xico, Puebla, Tlaxcala, as\u00ed como a turistas y empresas tur\u00edsticas, solicitando evitar visitar el Monte Tl\u00e1loc durante el periodo del 7 al 14 de febrero.<\/p>\n\n\n\n<p>Este fen\u00f3meno de la \u00abMonta\u00f1a Fantasma\u00bb se caracteriza por una ilusi\u00f3n \u00f3ptica \u00fanica que se produce al salir el sol, generando la apariencia de una gran monta\u00f1a inexistente. Sin embargo, en aras de preservar la seguridad y el equilibrio ecol\u00f3gico de la regi\u00f3n, se proh\u00edbe el acceso masivo a esta \u00e1rea arqueol\u00f3gica y monta\u00f1osa.<\/p>\n\n\n\n<p>Es importante destacar que ninguna persona ni empresa est\u00e1 autorizada a ingresar a la zona durante este periodo, subrayando la necesidad de no dejarse enga\u00f1ar por informaci\u00f3n err\u00f3nea. Los accesos a la zona arqueol\u00f3gica, considerada el centro ceremonial m\u00e1s importante de Mesoam\u00e9rica, estar\u00e1n cerrados temporalmente.<\/p>\n\n\n\n<p>El Monte Tl\u00e1loc, perteneciente a los estados de M\u00e9xico y Puebla, abarca una extensi\u00f3n de 39 mil 819 hect\u00e1reas y constituye un pol\u00edgono entre Tl\u00e1loc y el cerro Telap\u00f3n, el Papayo, el Iztacc\u00edhuatl y el Popocat\u00e9petl.<\/p>\n\n\n\n<p>Este llamado a la preservaci\u00f3n busca asegurar la conservaci\u00f3n de este patrimonio natural y cultural ante la afluencia de visitantes durante el fen\u00f3meno de la \u00abMonta\u00f1a Fantasma\u00bb.<\/p>\n","protected":false},"excerpt":{"rendered":"<p>*Autoridades y ejidatarios emiten llamado a la poblaci\u00f3n para preservar la zona arqueol\u00f3gica TEXCOCO, M\u00e9x.- En un esfuerzo conjunto, autoridades federales, estatales, municipales y ejidales de la monta\u00f1a de Texcoco han decidido acordonar y restringir el acceso a la zona arqueol\u00f3gica Monte Tl\u00e1loc durante el fen\u00f3meno natural anual conocido como \u201cLa Monta\u00f1a Fantasma\u201d. Este sitio, [&hellip;]<\/p>\n","protected":false},"author":6,"featured_media":46275,"comment_status":"open","ping_status":"open","sticky":false,"template":"","format":"standard","meta":{"footnotes":""},"categories":[4,6],"tags":[],"class_list":["post-46273","post","type-post","status-publish","format-standard","has-post-thumbnail","hentry","category-locales","category-texcoco"],"yoast_head":"<!-- This site is optimized with the Yoast SEO plugin v27.4 - https:\/\/yoast.com\/product\/yoast-seo-wordpress\/ -->\n<title>RESTRINGEN ACCESO AL MONTE TL\u00c1LOC DURANTE EL FEN\u00d3MENO DE &quot;LA MONTA\u00d1A FANTASMA&quot; -<\/title>\n<meta name=\"robots\" content=\"index, follow, max-snippet:-1, max-image-preview:large, max-video-preview:-1\" \/>\n<link rel=\"canonical\" href=\"https:\/\/continuamosmx.com\/index.php\/2024\/02\/12\/restringen-acceso-al-monte-tlaloc-durante-el-fenomeno-de-la-montana-fantasma\/\" \/>\n<meta property=\"og:locale\" content=\"es_ES\" \/>\n<meta property=\"og:type\" content=\"article\" \/>\n<meta property=\"og:title\" content=\"RESTRINGEN ACCESO AL MONTE TL\u00c1LOC DURANTE EL FEN\u00d3MENO DE &quot;LA MONTA\u00d1A FANTASMA&quot; -\" \/>\n<meta property=\"og:description\" content=\"*Autoridades y ejidatarios emiten llamado a la poblaci\u00f3n para preservar la zona arqueol\u00f3gica TEXCOCO, M\u00e9x.- En un esfuerzo conjunto, autoridades federales, estatales, municipales y ejidales de la monta\u00f1a de Texcoco han decidido acordonar y restringir el acceso a la zona arqueol\u00f3gica Monte Tl\u00e1loc durante el fen\u00f3meno natural anual conocido como \u201cLa Monta\u00f1a Fantasma\u201d. Este sitio, [&hellip;]\" \/>\n<meta property=\"og:url\" content=\"https:\/\/continuamosmx.com\/index.php\/2024\/02\/12\/restringen-acceso-al-monte-tlaloc-durante-el-fenomeno-de-la-montana-fantasma\/\" \/>\n<meta property=\"article:published_time\" content=\"2024-02-12T06:37:18+00:00\" \/>\n<meta property=\"article:modified_time\" content=\"2024-02-12T06:37:19+00:00\" \/>\n<meta property=\"og:image\" content=\"https:\/\/continuamosmx.com\/wp-content\/uploads\/2024\/02\/restriccion.jpg\" \/>\n\t<meta property=\"og:image:width\" content=\"1600\" \/>\n\t<meta property=\"og:image:height\" content=\"1434\" \/>\n\t<meta property=\"og:image:type\" content=\"image\/jpeg\" \/>\n<meta name=\"author\" content=\"Continuamos MX\" \/>\n<meta name=\"twitter:card\" content=\"summary_large_image\" \/>\n<meta name=\"twitter:label1\" content=\"Escrito por\" \/>\n\t<meta name=\"twitter:data1\" content=\"Continuamos MX\" \/>\n\t<meta name=\"twitter:label2\" content=\"Tiempo de lectura\" \/>\n\t<meta name=\"twitter:data2\" content=\"2 minutos\" \/>\n<script type=\"application\/ld+json\" class=\"yoast-schema-graph\">{\"@context\":\"https:\\\/\\\/schema.org\",\"@graph\":[{\"@type\":\"Article\",\"@id\":\"https:\\\/\\\/continuamosmx.com\\\/index.php\\\/2024\\\/02\\\/12\\\/restringen-acceso-al-monte-tlaloc-durante-el-fenomeno-de-la-montana-fantasma\\\/#article\",\"isPartOf\":{\"@id\":\"https:\\\/\\\/continuamosmx.com\\\/index.php\\\/2024\\\/02\\\/12\\\/restringen-acceso-al-monte-tlaloc-durante-el-fenomeno-de-la-montana-fantasma\\\/\"},\"author\":{\"name\":\"Continuamos MX\",\"@id\":\"https:\\\/\\\/continuamosmx.com\\\/#\\\/schema\\\/person\\\/5eb5356acb1fad784da407d14f0e8d89\"},\"headline\":\"RESTRINGEN ACCESO AL MONTE TL\u00c1LOC DURANTE EL FEN\u00d3MENO DE \u00abLA MONTA\u00d1A FANTASMA\u00bb\",\"datePublished\":\"2024-02-12T06:37:18+00:00\",\"dateModified\":\"2024-02-12T06:37:19+00:00\",\"mainEntityOfPage\":{\"@id\":\"https:\\\/\\\/continuamosmx.com\\\/index.php\\\/2024\\\/02\\\/12\\\/restringen-acceso-al-monte-tlaloc-durante-el-fenomeno-de-la-montana-fantasma\\\/\"},\"wordCount\":376,\"commentCount\":0,\"publisher\":{\"@id\":\"https:\\\/\\\/continuamosmx.com\\\/#organization\"},\"image\":{\"@id\":\"https:\\\/\\\/continuamosmx.com\\\/index.php\\\/2024\\\/02\\\/12\\\/restringen-acceso-al-monte-tlaloc-durante-el-fenomeno-de-la-montana-fantasma\\\/#primaryimage\"},\"thumbnailUrl\":\"https:\\\/\\\/continuamosmx.com\\\/wp-content\\\/uploads\\\/2024\\\/02\\\/restriccion.jpg\",\"articleSection\":[\"LOCALES\",\"TEXCOCO\"],\"inLanguage\":\"es\"},{\"@type\":\"WebPage\",\"@id\":\"https:\\\/\\\/continuamosmx.com\\\/index.php\\\/2024\\\/02\\\/12\\\/restringen-acceso-al-monte-tlaloc-durante-el-fenomeno-de-la-montana-fantasma\\\/\",\"url\":\"https:\\\/\\\/continuamosmx.com\\\/index.php\\\/2024\\\/02\\\/12\\\/restringen-acceso-al-monte-tlaloc-durante-el-fenomeno-de-la-montana-fantasma\\\/\",\"name\":\"RESTRINGEN ACCESO AL MONTE TL\u00c1LOC DURANTE EL FEN\u00d3MENO DE \\\"LA MONTA\u00d1A FANTASMA\\\" -\",\"isPartOf\":{\"@id\":\"https:\\\/\\\/continuamosmx.com\\\/#website\"},\"primaryImageOfPage\":{\"@id\":\"https:\\\/\\\/continuamosmx.com\\\/index.php\\\/2024\\\/02\\\/12\\\/restringen-acceso-al-monte-tlaloc-durante-el-fenomeno-de-la-montana-fantasma\\\/#primaryimage\"},\"image\":{\"@id\":\"https:\\\/\\\/continuamosmx.com\\\/index.php\\\/2024\\\/02\\\/12\\\/restringen-acceso-al-monte-tlaloc-durante-el-fenomeno-de-la-montana-fantasma\\\/#primaryimage\"},\"thumbnailUrl\":\"https:\\\/\\\/continuamosmx.com\\\/wp-content\\\/uploads\\\/2024\\\/02\\\/restriccion.jpg\",\"datePublished\":\"2024-02-12T06:37:18+00:00\",\"dateModified\":\"2024-02-12T06:37:19+00:00\",\"breadcrumb\":{\"@id\":\"https:\\\/\\\/continuamosmx.com\\\/index.php\\\/2024\\\/02\\\/12\\\/restringen-acceso-al-monte-tlaloc-durante-el-fenomeno-de-la-montana-fantasma\\\/#breadcrumb\"},\"inLanguage\":\"es\",\"potentialAction\":[{\"@type\":\"ReadAction\",\"target\":[\"https:\\\/\\\/continuamosmx.com\\\/index.php\\\/2024\\\/02\\\/12\\\/restringen-acceso-al-monte-tlaloc-durante-el-fenomeno-de-la-montana-fantasma\\\/\"]}]},{\"@type\":\"ImageObject\",\"inLanguage\":\"es\",\"@id\":\"https:\\\/\\\/continuamosmx.com\\\/index.php\\\/2024\\\/02\\\/12\\\/restringen-acceso-al-monte-tlaloc-durante-el-fenomeno-de-la-montana-fantasma\\\/#primaryimage\",\"url\":\"https:\\\/\\\/continuamosmx.com\\\/wp-content\\\/uploads\\\/2024\\\/02\\\/restriccion.jpg\",\"contentUrl\":\"https:\\\/\\\/continuamosmx.com\\\/wp-content\\\/uploads\\\/2024\\\/02\\\/restriccion.jpg\",\"width\":1600,\"height\":1434},{\"@type\":\"BreadcrumbList\",\"@id\":\"https:\\\/\\\/continuamosmx.com\\\/index.php\\\/2024\\\/02\\\/12\\\/restringen-acceso-al-monte-tlaloc-durante-el-fenomeno-de-la-montana-fantasma\\\/#breadcrumb\",\"itemListElement\":[{\"@type\":\"ListItem\",\"position\":1,\"name\":\"Inicio\",\"item\":\"https:\\\/\\\/continuamosmx.com\\\/\"},{\"@type\":\"ListItem\",\"position\":2,\"name\":\"RESTRINGEN ACCESO AL MONTE TL\u00c1LOC DURANTE EL FEN\u00d3MENO DE &#8220;LA MONTA\u00d1A FANTASMA&#8221;\"}]},{\"@type\":\"WebSite\",\"@id\":\"https:\\\/\\\/continuamosmx.com\\\/#website\",\"url\":\"https:\\\/\\\/continuamosmx.com\\\/\",\"name\":\"www.continuamosmx.com\",\"description\":\"\",\"publisher\":{\"@id\":\"https:\\\/\\\/continuamosmx.com\\\/#organization\"},\"potentialAction\":[{\"@type\":\"SearchAction\",\"target\":{\"@type\":\"EntryPoint\",\"urlTemplate\":\"https:\\\/\\\/continuamosmx.com\\\/?s={search_term_string}\"},\"query-input\":{\"@type\":\"PropertyValueSpecification\",\"valueRequired\":true,\"valueName\":\"search_term_string\"}}],\"inLanguage\":\"es\"},{\"@type\":\"Organization\",\"@id\":\"https:\\\/\\\/continuamosmx.com\\\/#organization\",\"name\":\"ContinuamosMX\",\"url\":\"https:\\\/\\\/continuamosmx.com\\\/\",\"logo\":{\"@type\":\"ImageObject\",\"inLanguage\":\"es\",\"@id\":\"https:\\\/\\\/continuamosmx.com\\\/#\\\/schema\\\/logo\\\/image\\\/\",\"url\":\"https:\\\/\\\/continuamosmx.com\\\/wp-content\\\/uploads\\\/2023\\\/04\\\/cropped-LOGO-CONTI-NUEVO.png\",\"contentUrl\":\"https:\\\/\\\/continuamosmx.com\\\/wp-content\\\/uploads\\\/2023\\\/04\\\/cropped-LOGO-CONTI-NUEVO.png\",\"width\":1257,\"height\":430,\"caption\":\"ContinuamosMX\"},\"image\":{\"@id\":\"https:\\\/\\\/continuamosmx.com\\\/#\\\/schema\\\/logo\\\/image\\\/\"}},{\"@type\":\"Person\",\"@id\":\"https:\\\/\\\/continuamosmx.com\\\/#\\\/schema\\\/person\\\/5eb5356acb1fad784da407d14f0e8d89\",\"name\":\"Continuamos MX\",\"image\":{\"@type\":\"ImageObject\",\"inLanguage\":\"es\",\"@id\":\"https:\\\/\\\/secure.gravatar.com\\\/avatar\\\/30d4f9723476a15f4da34d35fb3501f08d2357016c76051c6a85c354c7489589?s=96&d=mm&r=g\",\"url\":\"https:\\\/\\\/secure.gravatar.com\\\/avatar\\\/30d4f9723476a15f4da34d35fb3501f08d2357016c76051c6a85c354c7489589?s=96&d=mm&r=g\",\"contentUrl\":\"https:\\\/\\\/secure.gravatar.com\\\/avatar\\\/30d4f9723476a15f4da34d35fb3501f08d2357016c76051c6a85c354c7489589?s=96&d=mm&r=g\",\"caption\":\"Continuamos MX\"},\"sameAs\":[\"http:\\\/\\\/www.continuamos.mx\"],\"url\":\"https:\\\/\\\/continuamosmx.com\\\/index.php\\\/author\\\/continuamos\\\/\"}]}<\/script>\n<!-- \/ Yoast SEO plugin. -->","yoast_head_json":{"title":"RESTRINGEN ACCESO AL MONTE TL\u00c1LOC DURANTE EL FEN\u00d3MENO DE \"LA MONTA\u00d1A FANTASMA\" -","robots":{"index":"index","follow":"follow","max-snippet":"max-snippet:-1","max-image-preview":"max-image-preview:large","max-video-preview":"max-video-preview:-1"},"canonical":"https:\/\/continuamosmx.com\/index.php\/2024\/02\/12\/restringen-acceso-al-monte-tlaloc-durante-el-fenomeno-de-la-montana-fantasma\/","og_locale":"es_ES","og_type":"article","og_title":"RESTRINGEN ACCESO AL MONTE TL\u00c1LOC DURANTE EL FEN\u00d3MENO DE \"LA MONTA\u00d1A FANTASMA\" -","og_description":"*Autoridades y ejidatarios emiten llamado a la poblaci\u00f3n para preservar la zona arqueol\u00f3gica TEXCOCO, M\u00e9x.- En un esfuerzo conjunto, autoridades federales, estatales, municipales y ejidales de la monta\u00f1a de Texcoco han decidido acordonar y restringir el acceso a la zona arqueol\u00f3gica Monte Tl\u00e1loc durante el fen\u00f3meno natural anual conocido como \u201cLa Monta\u00f1a Fantasma\u201d. Este sitio, [&hellip;]","og_url":"https:\/\/continuamosmx.com\/index.php\/2024\/02\/12\/restringen-acceso-al-monte-tlaloc-durante-el-fenomeno-de-la-montana-fantasma\/","article_published_time":"2024-02-12T06:37:18+00:00","article_modified_time":"2024-02-12T06:37:19+00:00","og_image":[{"width":1600,"height":1434,"url":"https:\/\/continuamosmx.com\/wp-content\/uploads\/2024\/02\/restriccion.jpg","type":"image\/jpeg"}],"author":"Continuamos MX","twitter_card":"summary_large_image","twitter_misc":{"Escrito por":"Continuamos MX","Tiempo de lectura":"2 minutos"},"schema":{"@context":"https:\/\/schema.org","@graph":[{"@type":"Article","@id":"https:\/\/continuamosmx.com\/index.php\/2024\/02\/12\/restringen-acceso-al-monte-tlaloc-durante-el-fenomeno-de-la-montana-fantasma\/#article","isPartOf":{"@id":"https:\/\/continuamosmx.com\/index.php\/2024\/02\/12\/restringen-acceso-al-monte-tlaloc-durante-el-fenomeno-de-la-montana-fantasma\/"},"author":{"name":"Continuamos MX","@id":"https:\/\/continuamosmx.com\/#\/schema\/person\/5eb5356acb1fad784da407d14f0e8d89"},"headline":"RESTRINGEN ACCESO AL MONTE TL\u00c1LOC DURANTE EL FEN\u00d3MENO DE \u00abLA MONTA\u00d1A FANTASMA\u00bb","datePublished":"2024-02-12T06:37:18+00:00","dateModified":"2024-02-12T06:37:19+00:00","mainEntityOfPage":{"@id":"https:\/\/continuamosmx.com\/index.php\/2024\/02\/12\/restringen-acceso-al-monte-tlaloc-durante-el-fenomeno-de-la-montana-fantasma\/"},"wordCount":376,"commentCount":0,"publisher":{"@id":"https:\/\/continuamosmx.com\/#organization"},"image":{"@id":"https:\/\/continuamosmx.com\/index.php\/2024\/02\/12\/restringen-acceso-al-monte-tlaloc-durante-el-fenomeno-de-la-montana-fantasma\/#primaryimage"},"thumbnailUrl":"https:\/\/continuamosmx.com\/wp-content\/uploads\/2024\/02\/restriccion.jpg","articleSection":["LOCALES","TEXCOCO"],"inLanguage":"es"},{"@type":"WebPage","@id":"https:\/\/continuamosmx.com\/index.php\/2024\/02\/12\/restringen-acceso-al-monte-tlaloc-durante-el-fenomeno-de-la-montana-fantasma\/","url":"https:\/\/continuamosmx.com\/index.php\/2024\/02\/12\/restringen-acceso-al-monte-tlaloc-durante-el-fenomeno-de-la-montana-fantasma\/","name":"RESTRINGEN ACCESO AL MONTE TL\u00c1LOC DURANTE EL FEN\u00d3MENO DE \"LA MONTA\u00d1A FANTASMA\" -","isPartOf":{"@id":"https:\/\/continuamosmx.com\/#website"},"primaryImageOfPage":{"@id":"https:\/\/continuamosmx.com\/index.php\/2024\/02\/12\/restringen-acceso-al-monte-tlaloc-durante-el-fenomeno-de-la-montana-fantasma\/#primaryimage"},"image":{"@id":"https:\/\/continuamosmx.com\/index.php\/2024\/02\/12\/restringen-acceso-al-monte-tlaloc-durante-el-fenomeno-de-la-montana-fantasma\/#primaryimage"},"thumbnailUrl":"https:\/\/continuamosmx.com\/wp-content\/uploads\/2024\/02\/restriccion.jpg","datePublished":"2024-02-12T06:37:18+00:00","dateModified":"2024-02-12T06:37:19+00:00","breadcrumb":{"@id":"https:\/\/continuamosmx.com\/index.php\/2024\/02\/12\/restringen-acceso-al-monte-tlaloc-durante-el-fenomeno-de-la-montana-fantasma\/#breadcrumb"},"inLanguage":"es","potentialAction":[{"@type":"ReadAction","target":["https:\/\/continuamosmx.com\/index.php\/2024\/02\/12\/restringen-acceso-al-monte-tlaloc-durante-el-fenomeno-de-la-montana-fantasma\/"]}]},{"@type":"ImageObject","inLanguage":"es","@id":"https:\/\/continuamosmx.com\/index.php\/2024\/02\/12\/restringen-acceso-al-monte-tlaloc-durante-el-fenomeno-de-la-montana-fantasma\/#primaryimage","url":"https:\/\/continuamosmx.com\/wp-content\/uploads\/2024\/02\/restriccion.jpg","contentUrl":"https:\/\/continuamosmx.com\/wp-content\/uploads\/2024\/02\/restriccion.jpg","width":1600,"height":1434},{"@type":"BreadcrumbList","@id":"https:\/\/continuamosmx.com\/index.php\/2024\/02\/12\/restringen-acceso-al-monte-tlaloc-durante-el-fenomeno-de-la-montana-fantasma\/#breadcrumb","itemListElement":[{"@type":"ListItem","position":1,"name":"Inicio","item":"https:\/\/continuamosmx.com\/"},{"@type":"ListItem","position":2,"name":"RESTRINGEN ACCESO AL MONTE TL\u00c1LOC DURANTE EL FEN\u00d3MENO DE &#8220;LA MONTA\u00d1A FANTASMA&#8221;"}]},{"@type":"WebSite","@id":"https:\/\/continuamosmx.com\/#website","url":"https:\/\/continuamosmx.com\/","name":"www.continuamosmx.com","description":"","publisher":{"@id":"https:\/\/continuamosmx.com\/#organization"},"potentialAction":[{"@type":"SearchAction","target":{"@type":"EntryPoint","urlTemplate":"https:\/\/continuamosmx.com\/?s={search_term_string}"},"query-input":{"@type":"PropertyValueSpecification","valueRequired":true,"valueName":"search_term_string"}}],"inLanguage":"es"},{"@type":"Organization","@id":"https:\/\/continuamosmx.com\/#organization","name":"ContinuamosMX","url":"https:\/\/continuamosmx.com\/","logo":{"@type":"ImageObject","inLanguage":"es","@id":"https:\/\/continuamosmx.com\/#\/schema\/logo\/image\/","url":"https:\/\/continuamosmx.com\/wp-content\/uploads\/2023\/04\/cropped-LOGO-CONTI-NUEVO.png","contentUrl":"https:\/\/continuamosmx.com\/wp-content\/uploads\/2023\/04\/cropped-LOGO-CONTI-NUEVO.png","width":1257,"height":430,"caption":"ContinuamosMX"},"image":{"@id":"https:\/\/continuamosmx.com\/#\/schema\/logo\/image\/"}},{"@type":"Person","@id":"https:\/\/continuamosmx.com\/#\/schema\/person\/5eb5356acb1fad784da407d14f0e8d89","name":"Continuamos MX","image":{"@type":"ImageObject","inLanguage":"es","@id":"https:\/\/secure.gravatar.com\/avatar\/30d4f9723476a15f4da34d35fb3501f08d2357016c76051c6a85c354c7489589?s=96&d=mm&r=g","url":"https:\/\/secure.gravatar.com\/avatar\/30d4f9723476a15f4da34d35fb3501f08d2357016c76051c6a85c354c7489589?s=96&d=mm&r=g","contentUrl":"https:\/\/secure.gravatar.com\/avatar\/30d4f9723476a15f4da34d35fb3501f08d2357016c76051c6a85c354c7489589?s=96&d=mm&r=g","caption":"Continuamos MX"},"sameAs":["http:\/\/www.continuamos.mx"],"url":"https:\/\/continuamosmx.com\/index.php\/author\/continuamos\/"}]}},"_links":{"self":[{"href":"https:\/\/continuamosmx.com\/index.php\/wp-json\/wp\/v2\/posts\/46273","targetHints":{"allow":["GET"]}}],"collection":[{"href":"https:\/\/continuamosmx.com\/index.php\/wp-json\/wp\/v2\/posts"}],"about":[{"href":"https:\/\/continuamosmx.com\/index.php\/wp-json\/wp\/v2\/types\/post"}],"author":[{"embeddable":true,"href":"https:\/\/continuamosmx.com\/index.php\/wp-json\/wp\/v2\/users\/6"}],"replies":[{"embeddable":true,"href":"https:\/\/continuamosmx.com\/index.php\/wp-json\/wp\/v2\/comments?post=46273"}],"version-history":[{"count":1,"href":"https:\/\/continuamosmx.com\/index.php\/wp-json\/wp\/v2\/posts\/46273\/revisions"}],"predecessor-version":[{"id":46276,"href":"https:\/\/continuamosmx.com\/index.php\/wp-json\/wp\/v2\/posts\/46273\/revisions\/46276"}],"wp:featuredmedia":[{"embeddable":true,"href":"https:\/\/continuamosmx.com\/index.php\/wp-json\/wp\/v2\/media\/46275"}],"wp:attachment":[{"href":"https:\/\/continuamosmx.com\/index.php\/wp-json\/wp\/v2\/media?parent=46273"}],"wp:term":[{"taxonomy":"category","embeddable":true,"href":"https:\/\/continuamosmx.com\/index.php\/wp-json\/wp\/v2\/categories?post=46273"},{"taxonomy":"post_tag","embeddable":true,"href":"https:\/\/continuamosmx.com\/index.php\/wp-json\/wp\/v2\/tags?post=46273"}],"curies":[{"name":"wp","href":"https:\/\/api.w.org\/{rel}","templated":true}]}}