{"id":46177,"date":"2024-01-31T08:02:41","date_gmt":"2024-01-31T08:02:41","guid":{"rendered":"https:\/\/continuamosmx.com\/?p=46177"},"modified":"2024-01-31T08:02:42","modified_gmt":"2024-01-31T08:02:42","slug":"reducen-delitos-en-el-transporte-publico-y-de-carga-en-el-edomex","status":"publish","type":"post","link":"https:\/\/continuamosmx.com\/index.php\/2024\/01\/31\/reducen-delitos-en-el-transporte-publico-y-de-carga-en-el-edomex\/","title":{"rendered":"REDUCEN DELITOS EN EL TRANSPORTE PUBLICO Y DE CARGA EN EL EDOMEX"},"content":{"rendered":"\n<p>*<strong>Los il\u00edcitos disminuyeron 20 por ciento y 11 por ciento, respectivamente, del 16 de septiembre de 2023 al 25 de enero de 2024, en comparaci\u00f3n del a\u00f1o anterior.<\/strong><\/p>\n\n\n\n<p>REDACCI\u00d3N.<\/p>\n\n\n\n<p>TOLUCA, M\u00e9x.- La gobernadora del Estado de M\u00e9xico, Delfina G\u00f3mez \u00c1lvarez presidi\u00f3 la Mesa de Coordinaci\u00f3n para la Construcci\u00f3n de la Paz, donde la Secretar\u00eda de Seguridad estatal inform\u00f3 que, del 16 de septiembre de 2023 al 25 de enero de 2024, disminuyeron en la entidad 20 por ciento el robo con violencia en el transporte p\u00fablico y 11 por ciento en el de carga.<\/p>\n\n\n\n<p>\u201cExcelente inicio de semana. Hoy, durante la Mesa de Coordinaci\u00f3n para la Construcci\u00f3n de la Paz, la @ss_edomex dio a conocer que desde el inicio de nuestro gobierno han disminuido los delitos de robo con violencia en transporte p\u00fablico y el robo con violencia en transporte de carga. Estamos fortalecidos y coordinados entre los tres \u00f3rdenes de gobierno. #ElPoderDeCumplir\u201d, public\u00f3 en sus redes sociales la gobernadora Delfina G\u00f3mez.<\/p>\n\n\n\n<p>En el Sal\u00f3n Guadalupe Victoria de Palacio de Gobierno, la gobernadora mexiquense destac\u00f3 que estas cifras son el resultado de la coordinaci\u00f3n entre las autoridades de seguridad de los tres \u00f3rdenes de gobierno; asimismo reiter\u00f3 que continuar\u00e1n trabajando con el Gobierno Federal y los gobiernos estatales para fortalecer la seguridad en las zonas fronterizas de la entidad.<\/p>\n\n\n\n<p>En la reuni\u00f3n 17 estuvieron Horacio Duarte Olivares, Secretario General de Gobierno del Estado de M\u00e9xico; Andr\u00e9s Andrade T\u00e9llez, Secretario de Seguridad mexiquense; y Jos\u00e9 Luis Cervantes Mart\u00ednez, Fiscal General de Justicia del Estado de M\u00e9xico (FGJEM).<\/p>\n\n\n\n<p>As\u00ed como integrantes de la Secretar\u00eda de Marina (Semar), de la Secretar\u00eda de la Defensa Nacional (Sedena), de la Coordinaci\u00f3n Estatal de la Guardia Nacional en el Estado de M\u00e9xico, del Centro Nacional de Inteligencia en el Estado de M\u00e9xico, y de la Coordinaci\u00f3n General de Protecci\u00f3n Civil y Gesti\u00f3n Integral del Riesgo, entre otros.<\/p>\n","protected":false},"excerpt":{"rendered":"<p>*Los il\u00edcitos disminuyeron 20 por ciento y 11 por ciento, respectivamente, del 16 de septiembre de 2023 al 25 de enero de 2024, en comparaci\u00f3n del a\u00f1o anterior. REDACCI\u00d3N. TOLUCA, M\u00e9x.- La gobernadora del Estado de M\u00e9xico, Delfina G\u00f3mez \u00c1lvarez presidi\u00f3 la Mesa de Coordinaci\u00f3n para la Construcci\u00f3n de la Paz, donde la Secretar\u00eda de [&hellip;]<\/p>\n","protected":false},"author":6,"featured_media":46178,"comment_status":"open","ping_status":"open","sticky":false,"template":"","format":"standard","meta":{"footnotes":""},"categories":[2],"tags":[54,7],"class_list":["post-46177","post","type-post","status-publish","format-standard","has-post-thumbnail","hentry","category-edomex","tag-delfina-gomez","tag-edomex"],"yoast_head":"<!-- This site is optimized with the Yoast SEO plugin v27.5 - https:\/\/yoast.com\/product\/yoast-seo-wordpress\/ -->\n<title>REDUCEN DELITOS EN EL TRANSPORTE PUBLICO Y DE CARGA EN EL EDOMEX -<\/title>\n<meta name=\"robots\" content=\"index, follow, max-snippet:-1, max-image-preview:large, max-video-preview:-1\" \/>\n<link rel=\"canonical\" href=\"https:\/\/continuamosmx.com\/index.php\/2024\/01\/31\/reducen-delitos-en-el-transporte-publico-y-de-carga-en-el-edomex\/\" \/>\n<meta property=\"og:locale\" content=\"es_ES\" \/>\n<meta property=\"og:type\" content=\"article\" \/>\n<meta property=\"og:title\" content=\"REDUCEN DELITOS EN EL TRANSPORTE PUBLICO Y DE CARGA EN EL EDOMEX -\" \/>\n<meta property=\"og:description\" content=\"*Los il\u00edcitos disminuyeron 20 por ciento y 11 por ciento, respectivamente, del 16 de septiembre de 2023 al 25 de enero de 2024, en comparaci\u00f3n del a\u00f1o anterior. REDACCI\u00d3N. TOLUCA, M\u00e9x.- La gobernadora del Estado de M\u00e9xico, Delfina G\u00f3mez \u00c1lvarez presidi\u00f3 la Mesa de Coordinaci\u00f3n para la Construcci\u00f3n de la Paz, donde la Secretar\u00eda de [&hellip;]\" \/>\n<meta property=\"og:url\" content=\"https:\/\/continuamosmx.com\/index.php\/2024\/01\/31\/reducen-delitos-en-el-transporte-publico-y-de-carga-en-el-edomex\/\" \/>\n<meta property=\"article:published_time\" content=\"2024-01-31T08:02:41+00:00\" \/>\n<meta property=\"article:modified_time\" content=\"2024-01-31T08:02:42+00:00\" \/>\n<meta property=\"og:image\" content=\"https:\/\/continuamosmx.com\/wp-content\/uploads\/2024\/01\/patrulla.jpg\" \/>\n\t<meta property=\"og:image:width\" content=\"1600\" \/>\n\t<meta property=\"og:image:height\" content=\"1200\" \/>\n\t<meta property=\"og:image:type\" content=\"image\/jpeg\" \/>\n<meta name=\"author\" content=\"Continuamos MX\" \/>\n<meta name=\"twitter:card\" content=\"summary_large_image\" \/>\n<meta name=\"twitter:label1\" content=\"Escrito por\" \/>\n\t<meta name=\"twitter:data1\" content=\"Continuamos MX\" \/>\n\t<meta name=\"twitter:label2\" content=\"Tiempo de lectura\" \/>\n\t<meta name=\"twitter:data2\" content=\"2 minutos\" \/>\n<script type=\"application\/ld+json\" class=\"yoast-schema-graph\">{\"@context\":\"https:\\\/\\\/schema.org\",\"@graph\":[{\"@type\":\"Article\",\"@id\":\"https:\\\/\\\/continuamosmx.com\\\/index.php\\\/2024\\\/01\\\/31\\\/reducen-delitos-en-el-transporte-publico-y-de-carga-en-el-edomex\\\/#article\",\"isPartOf\":{\"@id\":\"https:\\\/\\\/continuamosmx.com\\\/index.php\\\/2024\\\/01\\\/31\\\/reducen-delitos-en-el-transporte-publico-y-de-carga-en-el-edomex\\\/\"},\"author\":{\"name\":\"Continuamos MX\",\"@id\":\"https:\\\/\\\/continuamosmx.com\\\/#\\\/schema\\\/person\\\/5eb5356acb1fad784da407d14f0e8d89\"},\"headline\":\"REDUCEN DELITOS EN EL TRANSPORTE PUBLICO Y DE CARGA EN EL EDOMEX\",\"datePublished\":\"2024-01-31T08:02:41+00:00\",\"dateModified\":\"2024-01-31T08:02:42+00:00\",\"mainEntityOfPage\":{\"@id\":\"https:\\\/\\\/continuamosmx.com\\\/index.php\\\/2024\\\/01\\\/31\\\/reducen-delitos-en-el-transporte-publico-y-de-carga-en-el-edomex\\\/\"},\"wordCount\":344,\"commentCount\":0,\"publisher\":{\"@id\":\"https:\\\/\\\/continuamosmx.com\\\/#organization\"},\"image\":{\"@id\":\"https:\\\/\\\/continuamosmx.com\\\/index.php\\\/2024\\\/01\\\/31\\\/reducen-delitos-en-el-transporte-publico-y-de-carga-en-el-edomex\\\/#primaryimage\"},\"thumbnailUrl\":\"https:\\\/\\\/continuamosmx.com\\\/wp-content\\\/uploads\\\/2024\\\/01\\\/patrulla.jpg\",\"keywords\":[\"Delfina G\u00f3mez\",\"Edomex\"],\"articleSection\":[\"EDOMEX\"],\"inLanguage\":\"es\"},{\"@type\":\"WebPage\",\"@id\":\"https:\\\/\\\/continuamosmx.com\\\/index.php\\\/2024\\\/01\\\/31\\\/reducen-delitos-en-el-transporte-publico-y-de-carga-en-el-edomex\\\/\",\"url\":\"https:\\\/\\\/continuamosmx.com\\\/index.php\\\/2024\\\/01\\\/31\\\/reducen-delitos-en-el-transporte-publico-y-de-carga-en-el-edomex\\\/\",\"name\":\"REDUCEN DELITOS EN EL TRANSPORTE PUBLICO Y DE CARGA EN EL EDOMEX -\",\"isPartOf\":{\"@id\":\"https:\\\/\\\/continuamosmx.com\\\/#website\"},\"primaryImageOfPage\":{\"@id\":\"https:\\\/\\\/continuamosmx.com\\\/index.php\\\/2024\\\/01\\\/31\\\/reducen-delitos-en-el-transporte-publico-y-de-carga-en-el-edomex\\\/#primaryimage\"},\"image\":{\"@id\":\"https:\\\/\\\/continuamosmx.com\\\/index.php\\\/2024\\\/01\\\/31\\\/reducen-delitos-en-el-transporte-publico-y-de-carga-en-el-edomex\\\/#primaryimage\"},\"thumbnailUrl\":\"https:\\\/\\\/continuamosmx.com\\\/wp-content\\\/uploads\\\/2024\\\/01\\\/patrulla.jpg\",\"datePublished\":\"2024-01-31T08:02:41+00:00\",\"dateModified\":\"2024-01-31T08:02:42+00:00\",\"breadcrumb\":{\"@id\":\"https:\\\/\\\/continuamosmx.com\\\/index.php\\\/2024\\\/01\\\/31\\\/reducen-delitos-en-el-transporte-publico-y-de-carga-en-el-edomex\\\/#breadcrumb\"},\"inLanguage\":\"es\",\"potentialAction\":[{\"@type\":\"ReadAction\",\"target\":[\"https:\\\/\\\/continuamosmx.com\\\/index.php\\\/2024\\\/01\\\/31\\\/reducen-delitos-en-el-transporte-publico-y-de-carga-en-el-edomex\\\/\"]}]},{\"@type\":\"ImageObject\",\"inLanguage\":\"es\",\"@id\":\"https:\\\/\\\/continuamosmx.com\\\/index.php\\\/2024\\\/01\\\/31\\\/reducen-delitos-en-el-transporte-publico-y-de-carga-en-el-edomex\\\/#primaryimage\",\"url\":\"https:\\\/\\\/continuamosmx.com\\\/wp-content\\\/uploads\\\/2024\\\/01\\\/patrulla.jpg\",\"contentUrl\":\"https:\\\/\\\/continuamosmx.com\\\/wp-content\\\/uploads\\\/2024\\\/01\\\/patrulla.jpg\",\"width\":1600,\"height\":1200},{\"@type\":\"BreadcrumbList\",\"@id\":\"https:\\\/\\\/continuamosmx.com\\\/index.php\\\/2024\\\/01\\\/31\\\/reducen-delitos-en-el-transporte-publico-y-de-carga-en-el-edomex\\\/#breadcrumb\",\"itemListElement\":[{\"@type\":\"ListItem\",\"position\":1,\"name\":\"Inicio\",\"item\":\"https:\\\/\\\/continuamosmx.com\\\/\"},{\"@type\":\"ListItem\",\"position\":2,\"name\":\"REDUCEN DELITOS EN EL TRANSPORTE PUBLICO Y DE CARGA EN EL EDOMEX\"}]},{\"@type\":\"WebSite\",\"@id\":\"https:\\\/\\\/continuamosmx.com\\\/#website\",\"url\":\"https:\\\/\\\/continuamosmx.com\\\/\",\"name\":\"www.continuamosmx.com\",\"description\":\"\",\"publisher\":{\"@id\":\"https:\\\/\\\/continuamosmx.com\\\/#organization\"},\"potentialAction\":[{\"@type\":\"SearchAction\",\"target\":{\"@type\":\"EntryPoint\",\"urlTemplate\":\"https:\\\/\\\/continuamosmx.com\\\/?s={search_term_string}\"},\"query-input\":{\"@type\":\"PropertyValueSpecification\",\"valueRequired\":true,\"valueName\":\"search_term_string\"}}],\"inLanguage\":\"es\"},{\"@type\":\"Organization\",\"@id\":\"https:\\\/\\\/continuamosmx.com\\\/#organization\",\"name\":\"ContinuamosMX\",\"url\":\"https:\\\/\\\/continuamosmx.com\\\/\",\"logo\":{\"@type\":\"ImageObject\",\"inLanguage\":\"es\",\"@id\":\"https:\\\/\\\/continuamosmx.com\\\/#\\\/schema\\\/logo\\\/image\\\/\",\"url\":\"https:\\\/\\\/continuamosmx.com\\\/wp-content\\\/uploads\\\/2023\\\/04\\\/cropped-LOGO-CONTI-NUEVO.png\",\"contentUrl\":\"https:\\\/\\\/continuamosmx.com\\\/wp-content\\\/uploads\\\/2023\\\/04\\\/cropped-LOGO-CONTI-NUEVO.png\",\"width\":1257,\"height\":430,\"caption\":\"ContinuamosMX\"},\"image\":{\"@id\":\"https:\\\/\\\/continuamosmx.com\\\/#\\\/schema\\\/logo\\\/image\\\/\"}},{\"@type\":\"Person\",\"@id\":\"https:\\\/\\\/continuamosmx.com\\\/#\\\/schema\\\/person\\\/5eb5356acb1fad784da407d14f0e8d89\",\"name\":\"Continuamos MX\",\"image\":{\"@type\":\"ImageObject\",\"inLanguage\":\"es\",\"@id\":\"https:\\\/\\\/secure.gravatar.com\\\/avatar\\\/30d4f9723476a15f4da34d35fb3501f08d2357016c76051c6a85c354c7489589?s=96&d=mm&r=g\",\"url\":\"https:\\\/\\\/secure.gravatar.com\\\/avatar\\\/30d4f9723476a15f4da34d35fb3501f08d2357016c76051c6a85c354c7489589?s=96&d=mm&r=g\",\"contentUrl\":\"https:\\\/\\\/secure.gravatar.com\\\/avatar\\\/30d4f9723476a15f4da34d35fb3501f08d2357016c76051c6a85c354c7489589?s=96&d=mm&r=g\",\"caption\":\"Continuamos MX\"},\"sameAs\":[\"http:\\\/\\\/www.continuamos.mx\"],\"url\":\"https:\\\/\\\/continuamosmx.com\\\/index.php\\\/author\\\/continuamos\\\/\"}]}<\/script>\n<!-- \/ Yoast SEO plugin. -->","yoast_head_json":{"title":"REDUCEN DELITOS EN EL TRANSPORTE PUBLICO Y DE CARGA EN EL EDOMEX -","robots":{"index":"index","follow":"follow","max-snippet":"max-snippet:-1","max-image-preview":"max-image-preview:large","max-video-preview":"max-video-preview:-1"},"canonical":"https:\/\/continuamosmx.com\/index.php\/2024\/01\/31\/reducen-delitos-en-el-transporte-publico-y-de-carga-en-el-edomex\/","og_locale":"es_ES","og_type":"article","og_title":"REDUCEN DELITOS EN EL TRANSPORTE PUBLICO Y DE CARGA EN EL EDOMEX -","og_description":"*Los il\u00edcitos disminuyeron 20 por ciento y 11 por ciento, respectivamente, del 16 de septiembre de 2023 al 25 de enero de 2024, en comparaci\u00f3n del a\u00f1o anterior. REDACCI\u00d3N. TOLUCA, M\u00e9x.- La gobernadora del Estado de M\u00e9xico, Delfina G\u00f3mez \u00c1lvarez presidi\u00f3 la Mesa de Coordinaci\u00f3n para la Construcci\u00f3n de la Paz, donde la Secretar\u00eda de [&hellip;]","og_url":"https:\/\/continuamosmx.com\/index.php\/2024\/01\/31\/reducen-delitos-en-el-transporte-publico-y-de-carga-en-el-edomex\/","article_published_time":"2024-01-31T08:02:41+00:00","article_modified_time":"2024-01-31T08:02:42+00:00","og_image":[{"width":1600,"height":1200,"url":"https:\/\/continuamosmx.com\/wp-content\/uploads\/2024\/01\/patrulla.jpg","type":"image\/jpeg"}],"author":"Continuamos MX","twitter_card":"summary_large_image","twitter_misc":{"Escrito por":"Continuamos MX","Tiempo de lectura":"2 minutos"},"schema":{"@context":"https:\/\/schema.org","@graph":[{"@type":"Article","@id":"https:\/\/continuamosmx.com\/index.php\/2024\/01\/31\/reducen-delitos-en-el-transporte-publico-y-de-carga-en-el-edomex\/#article","isPartOf":{"@id":"https:\/\/continuamosmx.com\/index.php\/2024\/01\/31\/reducen-delitos-en-el-transporte-publico-y-de-carga-en-el-edomex\/"},"author":{"name":"Continuamos MX","@id":"https:\/\/continuamosmx.com\/#\/schema\/person\/5eb5356acb1fad784da407d14f0e8d89"},"headline":"REDUCEN DELITOS EN EL TRANSPORTE PUBLICO Y DE CARGA EN EL EDOMEX","datePublished":"2024-01-31T08:02:41+00:00","dateModified":"2024-01-31T08:02:42+00:00","mainEntityOfPage":{"@id":"https:\/\/continuamosmx.com\/index.php\/2024\/01\/31\/reducen-delitos-en-el-transporte-publico-y-de-carga-en-el-edomex\/"},"wordCount":344,"commentCount":0,"publisher":{"@id":"https:\/\/continuamosmx.com\/#organization"},"image":{"@id":"https:\/\/continuamosmx.com\/index.php\/2024\/01\/31\/reducen-delitos-en-el-transporte-publico-y-de-carga-en-el-edomex\/#primaryimage"},"thumbnailUrl":"https:\/\/continuamosmx.com\/wp-content\/uploads\/2024\/01\/patrulla.jpg","keywords":["Delfina G\u00f3mez","Edomex"],"articleSection":["EDOMEX"],"inLanguage":"es"},{"@type":"WebPage","@id":"https:\/\/continuamosmx.com\/index.php\/2024\/01\/31\/reducen-delitos-en-el-transporte-publico-y-de-carga-en-el-edomex\/","url":"https:\/\/continuamosmx.com\/index.php\/2024\/01\/31\/reducen-delitos-en-el-transporte-publico-y-de-carga-en-el-edomex\/","name":"REDUCEN DELITOS EN EL TRANSPORTE PUBLICO Y DE CARGA EN EL EDOMEX -","isPartOf":{"@id":"https:\/\/continuamosmx.com\/#website"},"primaryImageOfPage":{"@id":"https:\/\/continuamosmx.com\/index.php\/2024\/01\/31\/reducen-delitos-en-el-transporte-publico-y-de-carga-en-el-edomex\/#primaryimage"},"image":{"@id":"https:\/\/continuamosmx.com\/index.php\/2024\/01\/31\/reducen-delitos-en-el-transporte-publico-y-de-carga-en-el-edomex\/#primaryimage"},"thumbnailUrl":"https:\/\/continuamosmx.com\/wp-content\/uploads\/2024\/01\/patrulla.jpg","datePublished":"2024-01-31T08:02:41+00:00","dateModified":"2024-01-31T08:02:42+00:00","breadcrumb":{"@id":"https:\/\/continuamosmx.com\/index.php\/2024\/01\/31\/reducen-delitos-en-el-transporte-publico-y-de-carga-en-el-edomex\/#breadcrumb"},"inLanguage":"es","potentialAction":[{"@type":"ReadAction","target":["https:\/\/continuamosmx.com\/index.php\/2024\/01\/31\/reducen-delitos-en-el-transporte-publico-y-de-carga-en-el-edomex\/"]}]},{"@type":"ImageObject","inLanguage":"es","@id":"https:\/\/continuamosmx.com\/index.php\/2024\/01\/31\/reducen-delitos-en-el-transporte-publico-y-de-carga-en-el-edomex\/#primaryimage","url":"https:\/\/continuamosmx.com\/wp-content\/uploads\/2024\/01\/patrulla.jpg","contentUrl":"https:\/\/continuamosmx.com\/wp-content\/uploads\/2024\/01\/patrulla.jpg","width":1600,"height":1200},{"@type":"BreadcrumbList","@id":"https:\/\/continuamosmx.com\/index.php\/2024\/01\/31\/reducen-delitos-en-el-transporte-publico-y-de-carga-en-el-edomex\/#breadcrumb","itemListElement":[{"@type":"ListItem","position":1,"name":"Inicio","item":"https:\/\/continuamosmx.com\/"},{"@type":"ListItem","position":2,"name":"REDUCEN DELITOS EN EL TRANSPORTE PUBLICO Y DE CARGA EN EL EDOMEX"}]},{"@type":"WebSite","@id":"https:\/\/continuamosmx.com\/#website","url":"https:\/\/continuamosmx.com\/","name":"www.continuamosmx.com","description":"","publisher":{"@id":"https:\/\/continuamosmx.com\/#organization"},"potentialAction":[{"@type":"SearchAction","target":{"@type":"EntryPoint","urlTemplate":"https:\/\/continuamosmx.com\/?s={search_term_string}"},"query-input":{"@type":"PropertyValueSpecification","valueRequired":true,"valueName":"search_term_string"}}],"inLanguage":"es"},{"@type":"Organization","@id":"https:\/\/continuamosmx.com\/#organization","name":"ContinuamosMX","url":"https:\/\/continuamosmx.com\/","logo":{"@type":"ImageObject","inLanguage":"es","@id":"https:\/\/continuamosmx.com\/#\/schema\/logo\/image\/","url":"https:\/\/continuamosmx.com\/wp-content\/uploads\/2023\/04\/cropped-LOGO-CONTI-NUEVO.png","contentUrl":"https:\/\/continuamosmx.com\/wp-content\/uploads\/2023\/04\/cropped-LOGO-CONTI-NUEVO.png","width":1257,"height":430,"caption":"ContinuamosMX"},"image":{"@id":"https:\/\/continuamosmx.com\/#\/schema\/logo\/image\/"}},{"@type":"Person","@id":"https:\/\/continuamosmx.com\/#\/schema\/person\/5eb5356acb1fad784da407d14f0e8d89","name":"Continuamos MX","image":{"@type":"ImageObject","inLanguage":"es","@id":"https:\/\/secure.gravatar.com\/avatar\/30d4f9723476a15f4da34d35fb3501f08d2357016c76051c6a85c354c7489589?s=96&d=mm&r=g","url":"https:\/\/secure.gravatar.com\/avatar\/30d4f9723476a15f4da34d35fb3501f08d2357016c76051c6a85c354c7489589?s=96&d=mm&r=g","contentUrl":"https:\/\/secure.gravatar.com\/avatar\/30d4f9723476a15f4da34d35fb3501f08d2357016c76051c6a85c354c7489589?s=96&d=mm&r=g","caption":"Continuamos MX"},"sameAs":["http:\/\/www.continuamos.mx"],"url":"https:\/\/continuamosmx.com\/index.php\/author\/continuamos\/"}]}},"_links":{"self":[{"href":"https:\/\/continuamosmx.com\/index.php\/wp-json\/wp\/v2\/posts\/46177","targetHints":{"allow":["GET"]}}],"collection":[{"href":"https:\/\/continuamosmx.com\/index.php\/wp-json\/wp\/v2\/posts"}],"about":[{"href":"https:\/\/continuamosmx.com\/index.php\/wp-json\/wp\/v2\/types\/post"}],"author":[{"embeddable":true,"href":"https:\/\/continuamosmx.com\/index.php\/wp-json\/wp\/v2\/users\/6"}],"replies":[{"embeddable":true,"href":"https:\/\/continuamosmx.com\/index.php\/wp-json\/wp\/v2\/comments?post=46177"}],"version-history":[{"count":1,"href":"https:\/\/continuamosmx.com\/index.php\/wp-json\/wp\/v2\/posts\/46177\/revisions"}],"predecessor-version":[{"id":46179,"href":"https:\/\/continuamosmx.com\/index.php\/wp-json\/wp\/v2\/posts\/46177\/revisions\/46179"}],"wp:featuredmedia":[{"embeddable":true,"href":"https:\/\/continuamosmx.com\/index.php\/wp-json\/wp\/v2\/media\/46178"}],"wp:attachment":[{"href":"https:\/\/continuamosmx.com\/index.php\/wp-json\/wp\/v2\/media?parent=46177"}],"wp:term":[{"taxonomy":"category","embeddable":true,"href":"https:\/\/continuamosmx.com\/index.php\/wp-json\/wp\/v2\/categories?post=46177"},{"taxonomy":"post_tag","embeddable":true,"href":"https:\/\/continuamosmx.com\/index.php\/wp-json\/wp\/v2\/tags?post=46177"}],"curies":[{"name":"wp","href":"https:\/\/api.w.org\/{rel}","templated":true}]}}