{"id":46087,"date":"2024-01-24T19:47:07","date_gmt":"2024-01-24T19:47:07","guid":{"rendered":"https:\/\/continuamosmx.com\/?p=46087"},"modified":"2024-01-24T19:47:08","modified_gmt":"2024-01-24T19:47:08","slug":"gobierno-de-tlalnepantla-actua-contra-el-cambio-climatico","status":"publish","type":"post","link":"https:\/\/continuamosmx.com\/index.php\/2024\/01\/24\/gobierno-de-tlalnepantla-actua-contra-el-cambio-climatico\/","title":{"rendered":"GOBIERNO DE TLALNEPANTLA ACT\u00daA CONTRA EL CAMBIO CLIM\u00c1TICO"},"content":{"rendered":"\n<p>*<strong>Van por acciones intermunicipales y con el gobierno estatal para conservar la Sierra de Guadalupe<\/strong><\/p>\n\n\n\n<p>REDACCI\u00d3N<\/p>\n\n\n\n<p>TLALNEPANTLA, M\u00e9x.- Marco Antonio Rodr\u00edguez Hurtado, asume la presidencia del Comit\u00e9 T\u00e9cnico del Fideicomiso para la Protecci\u00f3n y Conservaci\u00f3n del Parque Estatal Sierra de Guadalupe.<\/p>\n\n\n\n<p>Los integrantes del Comit\u00e9 conformado por los municipios de Tultitl\u00e1n de Escobedo, Coacalco de Berrioz\u00e1bal y Ecatepec de Morelos, as\u00ed como la representaci\u00f3n de la Secretar\u00eda del Medio Ambiente y Desarrollo Sostenible del Estado de M\u00e9xico, aprobaron por unanimidad que el alcalde de Tlalnepantla, Tony Rodr\u00edguez presida durante los pr\u00f3ximos nueve meses este importante mecanismo de gesti\u00f3n de recursos, para la ejecuci\u00f3n de obras y acciones en el \u00e1rea natural protegida, Parque Estatal Sierra de Guadalupe.<\/p>\n\n\n\n<p>El tema ambiental es una de las prioridades del Gobierno Municipal, por lo que una vez m\u00e1s el Alcalde ser\u00e1 coadyuvante de la protecci\u00f3n y conservaci\u00f3n del Parque Estatal m\u00e1s importante de la Zona Metropolitano del Valle de M\u00e9xico.<\/p>\n\n\n\n<p>En Sesi\u00f3n Extraordinaria, el Director de Sustentabilidad Ambiental, Fidel Vel\u00e1zquez Escalera, enfatiz\u00f3 que las pol\u00edticas y acciones ambientales deben ser llevadas a cabo conjuntamente por los cuatro municipios, se\u00f1alando adem\u00e1s que es corresponsabilidad de todos el cuidado ambiental del Parque.<\/p>\n\n\n\n<p>Dijo adem\u00e1s que el alcalde es un ambientalista de convicci\u00f3n, por lo que para su administraci\u00f3n es un honor presidir el Comit\u00e9, el cual es \u00fanico en todo el Estado de M\u00e9xico para la protecci\u00f3n y conservaci\u00f3n de un \u00e1rea natural protegida.<\/p>\n","protected":false},"excerpt":{"rendered":"<p>*Van por acciones intermunicipales y con el gobierno estatal para conservar la Sierra de Guadalupe REDACCI\u00d3N TLALNEPANTLA, M\u00e9x.- Marco Antonio Rodr\u00edguez Hurtado, asume la presidencia del Comit\u00e9 T\u00e9cnico del Fideicomiso para la Protecci\u00f3n y Conservaci\u00f3n del Parque Estatal Sierra de Guadalupe. Los integrantes del Comit\u00e9 conformado por los municipios de Tultitl\u00e1n de Escobedo, Coacalco de [&hellip;]<\/p>\n","protected":false},"author":6,"featured_media":46088,"comment_status":"open","ping_status":"open","sticky":false,"template":"","format":"standard","meta":{"footnotes":""},"categories":[4,79],"tags":[],"class_list":["post-46087","post","type-post","status-publish","format-standard","has-post-thumbnail","hentry","category-locales","category-tlalne"],"yoast_head":"<!-- This site is optimized with the Yoast SEO plugin v27.4 - https:\/\/yoast.com\/product\/yoast-seo-wordpress\/ -->\n<title>GOBIERNO DE TLALNEPANTLA ACT\u00daA CONTRA EL CAMBIO CLIM\u00c1TICO -<\/title>\n<meta name=\"robots\" content=\"index, follow, max-snippet:-1, max-image-preview:large, max-video-preview:-1\" \/>\n<link rel=\"canonical\" href=\"https:\/\/continuamosmx.com\/index.php\/2024\/01\/24\/gobierno-de-tlalnepantla-actua-contra-el-cambio-climatico\/\" \/>\n<meta property=\"og:locale\" content=\"es_ES\" \/>\n<meta property=\"og:type\" content=\"article\" \/>\n<meta property=\"og:title\" content=\"GOBIERNO DE TLALNEPANTLA ACT\u00daA CONTRA EL CAMBIO CLIM\u00c1TICO -\" \/>\n<meta property=\"og:description\" content=\"*Van por acciones intermunicipales y con el gobierno estatal para conservar la Sierra de Guadalupe REDACCI\u00d3N TLALNEPANTLA, M\u00e9x.- Marco Antonio Rodr\u00edguez Hurtado, asume la presidencia del Comit\u00e9 T\u00e9cnico del Fideicomiso para la Protecci\u00f3n y Conservaci\u00f3n del Parque Estatal Sierra de Guadalupe. Los integrantes del Comit\u00e9 conformado por los municipios de Tultitl\u00e1n de Escobedo, Coacalco de [&hellip;]\" \/>\n<meta property=\"og:url\" content=\"https:\/\/continuamosmx.com\/index.php\/2024\/01\/24\/gobierno-de-tlalnepantla-actua-contra-el-cambio-climatico\/\" \/>\n<meta property=\"article:published_time\" content=\"2024-01-24T19:47:07+00:00\" \/>\n<meta property=\"article:modified_time\" content=\"2024-01-24T19:47:08+00:00\" \/>\n<meta property=\"og:image\" content=\"https:\/\/continuamosmx.com\/wp-content\/uploads\/2024\/01\/clima3.jpg\" \/>\n\t<meta property=\"og:image:width\" content=\"1600\" \/>\n\t<meta property=\"og:image:height\" content=\"720\" \/>\n\t<meta property=\"og:image:type\" content=\"image\/jpeg\" \/>\n<meta name=\"author\" content=\"Continuamos MX\" \/>\n<meta name=\"twitter:card\" content=\"summary_large_image\" \/>\n<meta name=\"twitter:label1\" content=\"Escrito por\" \/>\n\t<meta name=\"twitter:data1\" content=\"Continuamos MX\" \/>\n\t<meta name=\"twitter:label2\" content=\"Tiempo de lectura\" \/>\n\t<meta name=\"twitter:data2\" content=\"2 minutos\" \/>\n<script type=\"application\/ld+json\" class=\"yoast-schema-graph\">{\"@context\":\"https:\\\/\\\/schema.org\",\"@graph\":[{\"@type\":\"Article\",\"@id\":\"https:\\\/\\\/continuamosmx.com\\\/index.php\\\/2024\\\/01\\\/24\\\/gobierno-de-tlalnepantla-actua-contra-el-cambio-climatico\\\/#article\",\"isPartOf\":{\"@id\":\"https:\\\/\\\/continuamosmx.com\\\/index.php\\\/2024\\\/01\\\/24\\\/gobierno-de-tlalnepantla-actua-contra-el-cambio-climatico\\\/\"},\"author\":{\"name\":\"Continuamos MX\",\"@id\":\"https:\\\/\\\/continuamosmx.com\\\/#\\\/schema\\\/person\\\/5eb5356acb1fad784da407d14f0e8d89\"},\"headline\":\"GOBIERNO DE TLALNEPANTLA ACT\u00daA CONTRA EL CAMBIO CLIM\u00c1TICO\",\"datePublished\":\"2024-01-24T19:47:07+00:00\",\"dateModified\":\"2024-01-24T19:47:08+00:00\",\"mainEntityOfPage\":{\"@id\":\"https:\\\/\\\/continuamosmx.com\\\/index.php\\\/2024\\\/01\\\/24\\\/gobierno-de-tlalnepantla-actua-contra-el-cambio-climatico\\\/\"},\"wordCount\":280,\"commentCount\":0,\"publisher\":{\"@id\":\"https:\\\/\\\/continuamosmx.com\\\/#organization\"},\"image\":{\"@id\":\"https:\\\/\\\/continuamosmx.com\\\/index.php\\\/2024\\\/01\\\/24\\\/gobierno-de-tlalnepantla-actua-contra-el-cambio-climatico\\\/#primaryimage\"},\"thumbnailUrl\":\"https:\\\/\\\/continuamosmx.com\\\/wp-content\\\/uploads\\\/2024\\\/01\\\/clima3.jpg\",\"articleSection\":[\"LOCALES\",\"TLALNEPANTLA\"],\"inLanguage\":\"es\"},{\"@type\":\"WebPage\",\"@id\":\"https:\\\/\\\/continuamosmx.com\\\/index.php\\\/2024\\\/01\\\/24\\\/gobierno-de-tlalnepantla-actua-contra-el-cambio-climatico\\\/\",\"url\":\"https:\\\/\\\/continuamosmx.com\\\/index.php\\\/2024\\\/01\\\/24\\\/gobierno-de-tlalnepantla-actua-contra-el-cambio-climatico\\\/\",\"name\":\"GOBIERNO DE TLALNEPANTLA ACT\u00daA CONTRA EL CAMBIO CLIM\u00c1TICO -\",\"isPartOf\":{\"@id\":\"https:\\\/\\\/continuamosmx.com\\\/#website\"},\"primaryImageOfPage\":{\"@id\":\"https:\\\/\\\/continuamosmx.com\\\/index.php\\\/2024\\\/01\\\/24\\\/gobierno-de-tlalnepantla-actua-contra-el-cambio-climatico\\\/#primaryimage\"},\"image\":{\"@id\":\"https:\\\/\\\/continuamosmx.com\\\/index.php\\\/2024\\\/01\\\/24\\\/gobierno-de-tlalnepantla-actua-contra-el-cambio-climatico\\\/#primaryimage\"},\"thumbnailUrl\":\"https:\\\/\\\/continuamosmx.com\\\/wp-content\\\/uploads\\\/2024\\\/01\\\/clima3.jpg\",\"datePublished\":\"2024-01-24T19:47:07+00:00\",\"dateModified\":\"2024-01-24T19:47:08+00:00\",\"breadcrumb\":{\"@id\":\"https:\\\/\\\/continuamosmx.com\\\/index.php\\\/2024\\\/01\\\/24\\\/gobierno-de-tlalnepantla-actua-contra-el-cambio-climatico\\\/#breadcrumb\"},\"inLanguage\":\"es\",\"potentialAction\":[{\"@type\":\"ReadAction\",\"target\":[\"https:\\\/\\\/continuamosmx.com\\\/index.php\\\/2024\\\/01\\\/24\\\/gobierno-de-tlalnepantla-actua-contra-el-cambio-climatico\\\/\"]}]},{\"@type\":\"ImageObject\",\"inLanguage\":\"es\",\"@id\":\"https:\\\/\\\/continuamosmx.com\\\/index.php\\\/2024\\\/01\\\/24\\\/gobierno-de-tlalnepantla-actua-contra-el-cambio-climatico\\\/#primaryimage\",\"url\":\"https:\\\/\\\/continuamosmx.com\\\/wp-content\\\/uploads\\\/2024\\\/01\\\/clima3.jpg\",\"contentUrl\":\"https:\\\/\\\/continuamosmx.com\\\/wp-content\\\/uploads\\\/2024\\\/01\\\/clima3.jpg\",\"width\":1600,\"height\":720},{\"@type\":\"BreadcrumbList\",\"@id\":\"https:\\\/\\\/continuamosmx.com\\\/index.php\\\/2024\\\/01\\\/24\\\/gobierno-de-tlalnepantla-actua-contra-el-cambio-climatico\\\/#breadcrumb\",\"itemListElement\":[{\"@type\":\"ListItem\",\"position\":1,\"name\":\"Inicio\",\"item\":\"https:\\\/\\\/continuamosmx.com\\\/\"},{\"@type\":\"ListItem\",\"position\":2,\"name\":\"GOBIERNO DE TLALNEPANTLA ACT\u00daA CONTRA EL CAMBIO CLIM\u00c1TICO\"}]},{\"@type\":\"WebSite\",\"@id\":\"https:\\\/\\\/continuamosmx.com\\\/#website\",\"url\":\"https:\\\/\\\/continuamosmx.com\\\/\",\"name\":\"www.continuamosmx.com\",\"description\":\"\",\"publisher\":{\"@id\":\"https:\\\/\\\/continuamosmx.com\\\/#organization\"},\"potentialAction\":[{\"@type\":\"SearchAction\",\"target\":{\"@type\":\"EntryPoint\",\"urlTemplate\":\"https:\\\/\\\/continuamosmx.com\\\/?s={search_term_string}\"},\"query-input\":{\"@type\":\"PropertyValueSpecification\",\"valueRequired\":true,\"valueName\":\"search_term_string\"}}],\"inLanguage\":\"es\"},{\"@type\":\"Organization\",\"@id\":\"https:\\\/\\\/continuamosmx.com\\\/#organization\",\"name\":\"ContinuamosMX\",\"url\":\"https:\\\/\\\/continuamosmx.com\\\/\",\"logo\":{\"@type\":\"ImageObject\",\"inLanguage\":\"es\",\"@id\":\"https:\\\/\\\/continuamosmx.com\\\/#\\\/schema\\\/logo\\\/image\\\/\",\"url\":\"https:\\\/\\\/continuamosmx.com\\\/wp-content\\\/uploads\\\/2023\\\/04\\\/cropped-LOGO-CONTI-NUEVO.png\",\"contentUrl\":\"https:\\\/\\\/continuamosmx.com\\\/wp-content\\\/uploads\\\/2023\\\/04\\\/cropped-LOGO-CONTI-NUEVO.png\",\"width\":1257,\"height\":430,\"caption\":\"ContinuamosMX\"},\"image\":{\"@id\":\"https:\\\/\\\/continuamosmx.com\\\/#\\\/schema\\\/logo\\\/image\\\/\"}},{\"@type\":\"Person\",\"@id\":\"https:\\\/\\\/continuamosmx.com\\\/#\\\/schema\\\/person\\\/5eb5356acb1fad784da407d14f0e8d89\",\"name\":\"Continuamos MX\",\"image\":{\"@type\":\"ImageObject\",\"inLanguage\":\"es\",\"@id\":\"https:\\\/\\\/secure.gravatar.com\\\/avatar\\\/30d4f9723476a15f4da34d35fb3501f08d2357016c76051c6a85c354c7489589?s=96&d=mm&r=g\",\"url\":\"https:\\\/\\\/secure.gravatar.com\\\/avatar\\\/30d4f9723476a15f4da34d35fb3501f08d2357016c76051c6a85c354c7489589?s=96&d=mm&r=g\",\"contentUrl\":\"https:\\\/\\\/secure.gravatar.com\\\/avatar\\\/30d4f9723476a15f4da34d35fb3501f08d2357016c76051c6a85c354c7489589?s=96&d=mm&r=g\",\"caption\":\"Continuamos MX\"},\"sameAs\":[\"http:\\\/\\\/www.continuamos.mx\"],\"url\":\"https:\\\/\\\/continuamosmx.com\\\/index.php\\\/author\\\/continuamos\\\/\"}]}<\/script>\n<!-- \/ Yoast SEO plugin. -->","yoast_head_json":{"title":"GOBIERNO DE TLALNEPANTLA ACT\u00daA CONTRA EL CAMBIO CLIM\u00c1TICO -","robots":{"index":"index","follow":"follow","max-snippet":"max-snippet:-1","max-image-preview":"max-image-preview:large","max-video-preview":"max-video-preview:-1"},"canonical":"https:\/\/continuamosmx.com\/index.php\/2024\/01\/24\/gobierno-de-tlalnepantla-actua-contra-el-cambio-climatico\/","og_locale":"es_ES","og_type":"article","og_title":"GOBIERNO DE TLALNEPANTLA ACT\u00daA CONTRA EL CAMBIO CLIM\u00c1TICO -","og_description":"*Van por acciones intermunicipales y con el gobierno estatal para conservar la Sierra de Guadalupe REDACCI\u00d3N TLALNEPANTLA, M\u00e9x.- Marco Antonio Rodr\u00edguez Hurtado, asume la presidencia del Comit\u00e9 T\u00e9cnico del Fideicomiso para la Protecci\u00f3n y Conservaci\u00f3n del Parque Estatal Sierra de Guadalupe. Los integrantes del Comit\u00e9 conformado por los municipios de Tultitl\u00e1n de Escobedo, Coacalco de [&hellip;]","og_url":"https:\/\/continuamosmx.com\/index.php\/2024\/01\/24\/gobierno-de-tlalnepantla-actua-contra-el-cambio-climatico\/","article_published_time":"2024-01-24T19:47:07+00:00","article_modified_time":"2024-01-24T19:47:08+00:00","og_image":[{"width":1600,"height":720,"url":"https:\/\/continuamosmx.com\/wp-content\/uploads\/2024\/01\/clima3.jpg","type":"image\/jpeg"}],"author":"Continuamos MX","twitter_card":"summary_large_image","twitter_misc":{"Escrito por":"Continuamos MX","Tiempo de lectura":"2 minutos"},"schema":{"@context":"https:\/\/schema.org","@graph":[{"@type":"Article","@id":"https:\/\/continuamosmx.com\/index.php\/2024\/01\/24\/gobierno-de-tlalnepantla-actua-contra-el-cambio-climatico\/#article","isPartOf":{"@id":"https:\/\/continuamosmx.com\/index.php\/2024\/01\/24\/gobierno-de-tlalnepantla-actua-contra-el-cambio-climatico\/"},"author":{"name":"Continuamos MX","@id":"https:\/\/continuamosmx.com\/#\/schema\/person\/5eb5356acb1fad784da407d14f0e8d89"},"headline":"GOBIERNO DE TLALNEPANTLA ACT\u00daA CONTRA EL CAMBIO CLIM\u00c1TICO","datePublished":"2024-01-24T19:47:07+00:00","dateModified":"2024-01-24T19:47:08+00:00","mainEntityOfPage":{"@id":"https:\/\/continuamosmx.com\/index.php\/2024\/01\/24\/gobierno-de-tlalnepantla-actua-contra-el-cambio-climatico\/"},"wordCount":280,"commentCount":0,"publisher":{"@id":"https:\/\/continuamosmx.com\/#organization"},"image":{"@id":"https:\/\/continuamosmx.com\/index.php\/2024\/01\/24\/gobierno-de-tlalnepantla-actua-contra-el-cambio-climatico\/#primaryimage"},"thumbnailUrl":"https:\/\/continuamosmx.com\/wp-content\/uploads\/2024\/01\/clima3.jpg","articleSection":["LOCALES","TLALNEPANTLA"],"inLanguage":"es"},{"@type":"WebPage","@id":"https:\/\/continuamosmx.com\/index.php\/2024\/01\/24\/gobierno-de-tlalnepantla-actua-contra-el-cambio-climatico\/","url":"https:\/\/continuamosmx.com\/index.php\/2024\/01\/24\/gobierno-de-tlalnepantla-actua-contra-el-cambio-climatico\/","name":"GOBIERNO DE TLALNEPANTLA ACT\u00daA CONTRA EL CAMBIO CLIM\u00c1TICO -","isPartOf":{"@id":"https:\/\/continuamosmx.com\/#website"},"primaryImageOfPage":{"@id":"https:\/\/continuamosmx.com\/index.php\/2024\/01\/24\/gobierno-de-tlalnepantla-actua-contra-el-cambio-climatico\/#primaryimage"},"image":{"@id":"https:\/\/continuamosmx.com\/index.php\/2024\/01\/24\/gobierno-de-tlalnepantla-actua-contra-el-cambio-climatico\/#primaryimage"},"thumbnailUrl":"https:\/\/continuamosmx.com\/wp-content\/uploads\/2024\/01\/clima3.jpg","datePublished":"2024-01-24T19:47:07+00:00","dateModified":"2024-01-24T19:47:08+00:00","breadcrumb":{"@id":"https:\/\/continuamosmx.com\/index.php\/2024\/01\/24\/gobierno-de-tlalnepantla-actua-contra-el-cambio-climatico\/#breadcrumb"},"inLanguage":"es","potentialAction":[{"@type":"ReadAction","target":["https:\/\/continuamosmx.com\/index.php\/2024\/01\/24\/gobierno-de-tlalnepantla-actua-contra-el-cambio-climatico\/"]}]},{"@type":"ImageObject","inLanguage":"es","@id":"https:\/\/continuamosmx.com\/index.php\/2024\/01\/24\/gobierno-de-tlalnepantla-actua-contra-el-cambio-climatico\/#primaryimage","url":"https:\/\/continuamosmx.com\/wp-content\/uploads\/2024\/01\/clima3.jpg","contentUrl":"https:\/\/continuamosmx.com\/wp-content\/uploads\/2024\/01\/clima3.jpg","width":1600,"height":720},{"@type":"BreadcrumbList","@id":"https:\/\/continuamosmx.com\/index.php\/2024\/01\/24\/gobierno-de-tlalnepantla-actua-contra-el-cambio-climatico\/#breadcrumb","itemListElement":[{"@type":"ListItem","position":1,"name":"Inicio","item":"https:\/\/continuamosmx.com\/"},{"@type":"ListItem","position":2,"name":"GOBIERNO DE TLALNEPANTLA ACT\u00daA CONTRA EL CAMBIO CLIM\u00c1TICO"}]},{"@type":"WebSite","@id":"https:\/\/continuamosmx.com\/#website","url":"https:\/\/continuamosmx.com\/","name":"www.continuamosmx.com","description":"","publisher":{"@id":"https:\/\/continuamosmx.com\/#organization"},"potentialAction":[{"@type":"SearchAction","target":{"@type":"EntryPoint","urlTemplate":"https:\/\/continuamosmx.com\/?s={search_term_string}"},"query-input":{"@type":"PropertyValueSpecification","valueRequired":true,"valueName":"search_term_string"}}],"inLanguage":"es"},{"@type":"Organization","@id":"https:\/\/continuamosmx.com\/#organization","name":"ContinuamosMX","url":"https:\/\/continuamosmx.com\/","logo":{"@type":"ImageObject","inLanguage":"es","@id":"https:\/\/continuamosmx.com\/#\/schema\/logo\/image\/","url":"https:\/\/continuamosmx.com\/wp-content\/uploads\/2023\/04\/cropped-LOGO-CONTI-NUEVO.png","contentUrl":"https:\/\/continuamosmx.com\/wp-content\/uploads\/2023\/04\/cropped-LOGO-CONTI-NUEVO.png","width":1257,"height":430,"caption":"ContinuamosMX"},"image":{"@id":"https:\/\/continuamosmx.com\/#\/schema\/logo\/image\/"}},{"@type":"Person","@id":"https:\/\/continuamosmx.com\/#\/schema\/person\/5eb5356acb1fad784da407d14f0e8d89","name":"Continuamos MX","image":{"@type":"ImageObject","inLanguage":"es","@id":"https:\/\/secure.gravatar.com\/avatar\/30d4f9723476a15f4da34d35fb3501f08d2357016c76051c6a85c354c7489589?s=96&d=mm&r=g","url":"https:\/\/secure.gravatar.com\/avatar\/30d4f9723476a15f4da34d35fb3501f08d2357016c76051c6a85c354c7489589?s=96&d=mm&r=g","contentUrl":"https:\/\/secure.gravatar.com\/avatar\/30d4f9723476a15f4da34d35fb3501f08d2357016c76051c6a85c354c7489589?s=96&d=mm&r=g","caption":"Continuamos MX"},"sameAs":["http:\/\/www.continuamos.mx"],"url":"https:\/\/continuamosmx.com\/index.php\/author\/continuamos\/"}]}},"_links":{"self":[{"href":"https:\/\/continuamosmx.com\/index.php\/wp-json\/wp\/v2\/posts\/46087","targetHints":{"allow":["GET"]}}],"collection":[{"href":"https:\/\/continuamosmx.com\/index.php\/wp-json\/wp\/v2\/posts"}],"about":[{"href":"https:\/\/continuamosmx.com\/index.php\/wp-json\/wp\/v2\/types\/post"}],"author":[{"embeddable":true,"href":"https:\/\/continuamosmx.com\/index.php\/wp-json\/wp\/v2\/users\/6"}],"replies":[{"embeddable":true,"href":"https:\/\/continuamosmx.com\/index.php\/wp-json\/wp\/v2\/comments?post=46087"}],"version-history":[{"count":1,"href":"https:\/\/continuamosmx.com\/index.php\/wp-json\/wp\/v2\/posts\/46087\/revisions"}],"predecessor-version":[{"id":46089,"href":"https:\/\/continuamosmx.com\/index.php\/wp-json\/wp\/v2\/posts\/46087\/revisions\/46089"}],"wp:featuredmedia":[{"embeddable":true,"href":"https:\/\/continuamosmx.com\/index.php\/wp-json\/wp\/v2\/media\/46088"}],"wp:attachment":[{"href":"https:\/\/continuamosmx.com\/index.php\/wp-json\/wp\/v2\/media?parent=46087"}],"wp:term":[{"taxonomy":"category","embeddable":true,"href":"https:\/\/continuamosmx.com\/index.php\/wp-json\/wp\/v2\/categories?post=46087"},{"taxonomy":"post_tag","embeddable":true,"href":"https:\/\/continuamosmx.com\/index.php\/wp-json\/wp\/v2\/tags?post=46087"}],"curies":[{"name":"wp","href":"https:\/\/api.w.org\/{rel}","templated":true}]}}