{"id":46081,"date":"2024-01-23T19:47:12","date_gmt":"2024-01-23T19:47:12","guid":{"rendered":"https:\/\/continuamosmx.com\/?p=46081"},"modified":"2024-01-23T19:47:13","modified_gmt":"2024-01-23T19:47:13","slug":"enrique-vargas-apuesta-por-los-empresarios-para-que-generen-empleo","status":"publish","type":"post","link":"https:\/\/continuamosmx.com\/index.php\/2024\/01\/23\/enrique-vargas-apuesta-por-los-empresarios-para-que-generen-empleo\/","title":{"rendered":"ENRIQUE VARGAS APUESTA POR LOS EMPRESARIOS PARA QUE GENEREN EMPLEO"},"content":{"rendered":"\n<p><strong>*El diputado local y aspirante al Senado, se\u00f1al\u00f3 que los inversionistas cuentan con todo el apoyo de Acci\u00f3n Nacional para sacar adelante al pa\u00eds.<\/strong><\/p>\n\n\n\n<p>REDACCI\u00d3N.<\/p>\n\n\n\n<p>METEPEC, M\u00e9x.- El coordinador Parlamentario de Acci\u00f3n Nacional en el Congreso del Estado de M\u00e9xico, Enrique Vargas del Villar, comparti\u00f3 con las y los empresarios del Valle de Toluca sus experiencias vividas durante sus dos administraciones como alcalde de Huixquilucan.<\/p>\n\n\n\n<p>Con la anfitrion\u00eda del presidente municipal de Metepec, Fernando Flores Fern\u00e1ndez, el Diputado local record\u00f3 que los gobiernos deben ser aliados de las y los empresarios, ya que son quienes generan la mayor cantidad de empleos formales, que contribuyen al crecimiento econ\u00f3mico del pa\u00eds.<\/p>\n\n\n\n<p>Precis\u00f3, que durante su gesti\u00f3n como alcalde implement\u00f3 acciones contundentes para darle resultados a la ciudadan\u00eda en \u00e1reas como seguridad, servicios p\u00fablicos, salud y crecimiento econ\u00f3mico.<\/p>\n\n\n\n<p>\u00abPara que cambie la seguridad en el pa\u00eds, se tiene que trabajar e invertir y los gobiernos de Acci\u00f3n Nacional hemos invertido en seguridad\u00bb.<\/p>\n\n\n\n<p>Vargas del Villar detall\u00f3, que desde el primer d\u00eda de Gobierno, en Huixquilucan se promovi\u00f3 el desarrollo y poco a poco se logr\u00f3 posicionar al municipio como un ejemplo de buen gobierno y un referente a nivel nacional, tal y como lo son las administraciones emanadas del PAN.<\/p>\n\n\n\n<p>Record\u00f3, que en pr\u00f3ximas fechas se definir\u00e1 el rumbo del pa\u00eds y para ello se tiene una gran responsabilidad con las pr\u00f3ximas generaciones, por lo que invit\u00f3 a las y los asistentes a participar en este ejercicio democr\u00e1tico. \u00ab\u00c9ste M\u00e9xico se ha construido gracias a la participaci\u00f3n de mujeres, hombres y por instituciones\u00bb, puntualiz\u00f3.<\/p>\n\n\n\n<p>En su oportunidad, el alcalde de Metepec, Fernando Flores, hizo un amplio reconocimiento a la trayectoria del diputado y coordinador de la fracci\u00f3n parlamentaria de Acci\u00f3n Nacional, Enrique Vargas del Villar, quien ha demostrado que se pueden entregar buenas cuentas a la ciudadan\u00eda y generar desarrollo para que el municipio crezca.<\/p>\n","protected":false},"excerpt":{"rendered":"<p>*El diputado local y aspirante al Senado, se\u00f1al\u00f3 que los inversionistas cuentan con todo el apoyo de Acci\u00f3n Nacional para sacar adelante al pa\u00eds. REDACCI\u00d3N. METEPEC, M\u00e9x.- El coordinador Parlamentario de Acci\u00f3n Nacional en el Congreso del Estado de M\u00e9xico, Enrique Vargas del Villar, comparti\u00f3 con las y los empresarios del Valle de Toluca sus [&hellip;]<\/p>\n","protected":false},"author":6,"featured_media":46082,"comment_status":"open","ping_status":"open","sticky":false,"template":"","format":"standard","meta":{"footnotes":""},"categories":[2,3],"tags":[],"class_list":["post-46081","post","type-post","status-publish","format-standard","has-post-thumbnail","hentry","category-edomex","category-politica"],"yoast_head":"<!-- This site is optimized with the Yoast SEO plugin v27.5 - https:\/\/yoast.com\/product\/yoast-seo-wordpress\/ -->\n<title>ENRIQUE VARGAS APUESTA POR LOS EMPRESARIOS PARA QUE GENEREN EMPLEO -<\/title>\n<meta name=\"robots\" content=\"index, follow, max-snippet:-1, max-image-preview:large, max-video-preview:-1\" \/>\n<link rel=\"canonical\" href=\"https:\/\/continuamosmx.com\/index.php\/2024\/01\/23\/enrique-vargas-apuesta-por-los-empresarios-para-que-generen-empleo\/\" \/>\n<meta property=\"og:locale\" content=\"es_ES\" \/>\n<meta property=\"og:type\" content=\"article\" \/>\n<meta property=\"og:title\" content=\"ENRIQUE VARGAS APUESTA POR LOS EMPRESARIOS PARA QUE GENEREN EMPLEO -\" \/>\n<meta property=\"og:description\" content=\"*El diputado local y aspirante al Senado, se\u00f1al\u00f3 que los inversionistas cuentan con todo el apoyo de Acci\u00f3n Nacional para sacar adelante al pa\u00eds. REDACCI\u00d3N. METEPEC, M\u00e9x.- El coordinador Parlamentario de Acci\u00f3n Nacional en el Congreso del Estado de M\u00e9xico, Enrique Vargas del Villar, comparti\u00f3 con las y los empresarios del Valle de Toluca sus [&hellip;]\" \/>\n<meta property=\"og:url\" content=\"https:\/\/continuamosmx.com\/index.php\/2024\/01\/23\/enrique-vargas-apuesta-por-los-empresarios-para-que-generen-empleo\/\" \/>\n<meta property=\"article:published_time\" content=\"2024-01-23T19:47:12+00:00\" \/>\n<meta property=\"article:modified_time\" content=\"2024-01-23T19:47:13+00:00\" \/>\n<meta property=\"og:image\" content=\"https:\/\/continuamosmx.com\/wp-content\/uploads\/2024\/01\/enrique.jpg\" \/>\n\t<meta property=\"og:image:width\" content=\"1599\" \/>\n\t<meta property=\"og:image:height\" content=\"899\" \/>\n\t<meta property=\"og:image:type\" content=\"image\/jpeg\" \/>\n<meta name=\"author\" content=\"Continuamos MX\" \/>\n<meta name=\"twitter:card\" content=\"summary_large_image\" \/>\n<meta name=\"twitter:label1\" content=\"Escrito por\" \/>\n\t<meta name=\"twitter:data1\" content=\"Continuamos MX\" \/>\n\t<meta name=\"twitter:label2\" content=\"Tiempo de lectura\" \/>\n\t<meta name=\"twitter:data2\" content=\"2 minutos\" \/>\n<script type=\"application\/ld+json\" class=\"yoast-schema-graph\">{\"@context\":\"https:\\\/\\\/schema.org\",\"@graph\":[{\"@type\":\"Article\",\"@id\":\"https:\\\/\\\/continuamosmx.com\\\/index.php\\\/2024\\\/01\\\/23\\\/enrique-vargas-apuesta-por-los-empresarios-para-que-generen-empleo\\\/#article\",\"isPartOf\":{\"@id\":\"https:\\\/\\\/continuamosmx.com\\\/index.php\\\/2024\\\/01\\\/23\\\/enrique-vargas-apuesta-por-los-empresarios-para-que-generen-empleo\\\/\"},\"author\":{\"name\":\"Continuamos MX\",\"@id\":\"https:\\\/\\\/continuamosmx.com\\\/#\\\/schema\\\/person\\\/5eb5356acb1fad784da407d14f0e8d89\"},\"headline\":\"ENRIQUE VARGAS APUESTA POR LOS EMPRESARIOS PARA QUE GENEREN EMPLEO\",\"datePublished\":\"2024-01-23T19:47:12+00:00\",\"dateModified\":\"2024-01-23T19:47:13+00:00\",\"mainEntityOfPage\":{\"@id\":\"https:\\\/\\\/continuamosmx.com\\\/index.php\\\/2024\\\/01\\\/23\\\/enrique-vargas-apuesta-por-los-empresarios-para-que-generen-empleo\\\/\"},\"wordCount\":350,\"commentCount\":0,\"publisher\":{\"@id\":\"https:\\\/\\\/continuamosmx.com\\\/#organization\"},\"image\":{\"@id\":\"https:\\\/\\\/continuamosmx.com\\\/index.php\\\/2024\\\/01\\\/23\\\/enrique-vargas-apuesta-por-los-empresarios-para-que-generen-empleo\\\/#primaryimage\"},\"thumbnailUrl\":\"https:\\\/\\\/continuamosmx.com\\\/wp-content\\\/uploads\\\/2024\\\/01\\\/enrique.jpg\",\"articleSection\":[\"EDOMEX\",\"POL\u00cdTICA\"],\"inLanguage\":\"es\"},{\"@type\":\"WebPage\",\"@id\":\"https:\\\/\\\/continuamosmx.com\\\/index.php\\\/2024\\\/01\\\/23\\\/enrique-vargas-apuesta-por-los-empresarios-para-que-generen-empleo\\\/\",\"url\":\"https:\\\/\\\/continuamosmx.com\\\/index.php\\\/2024\\\/01\\\/23\\\/enrique-vargas-apuesta-por-los-empresarios-para-que-generen-empleo\\\/\",\"name\":\"ENRIQUE VARGAS APUESTA POR LOS EMPRESARIOS PARA QUE GENEREN EMPLEO -\",\"isPartOf\":{\"@id\":\"https:\\\/\\\/continuamosmx.com\\\/#website\"},\"primaryImageOfPage\":{\"@id\":\"https:\\\/\\\/continuamosmx.com\\\/index.php\\\/2024\\\/01\\\/23\\\/enrique-vargas-apuesta-por-los-empresarios-para-que-generen-empleo\\\/#primaryimage\"},\"image\":{\"@id\":\"https:\\\/\\\/continuamosmx.com\\\/index.php\\\/2024\\\/01\\\/23\\\/enrique-vargas-apuesta-por-los-empresarios-para-que-generen-empleo\\\/#primaryimage\"},\"thumbnailUrl\":\"https:\\\/\\\/continuamosmx.com\\\/wp-content\\\/uploads\\\/2024\\\/01\\\/enrique.jpg\",\"datePublished\":\"2024-01-23T19:47:12+00:00\",\"dateModified\":\"2024-01-23T19:47:13+00:00\",\"breadcrumb\":{\"@id\":\"https:\\\/\\\/continuamosmx.com\\\/index.php\\\/2024\\\/01\\\/23\\\/enrique-vargas-apuesta-por-los-empresarios-para-que-generen-empleo\\\/#breadcrumb\"},\"inLanguage\":\"es\",\"potentialAction\":[{\"@type\":\"ReadAction\",\"target\":[\"https:\\\/\\\/continuamosmx.com\\\/index.php\\\/2024\\\/01\\\/23\\\/enrique-vargas-apuesta-por-los-empresarios-para-que-generen-empleo\\\/\"]}]},{\"@type\":\"ImageObject\",\"inLanguage\":\"es\",\"@id\":\"https:\\\/\\\/continuamosmx.com\\\/index.php\\\/2024\\\/01\\\/23\\\/enrique-vargas-apuesta-por-los-empresarios-para-que-generen-empleo\\\/#primaryimage\",\"url\":\"https:\\\/\\\/continuamosmx.com\\\/wp-content\\\/uploads\\\/2024\\\/01\\\/enrique.jpg\",\"contentUrl\":\"https:\\\/\\\/continuamosmx.com\\\/wp-content\\\/uploads\\\/2024\\\/01\\\/enrique.jpg\",\"width\":1599,\"height\":899},{\"@type\":\"BreadcrumbList\",\"@id\":\"https:\\\/\\\/continuamosmx.com\\\/index.php\\\/2024\\\/01\\\/23\\\/enrique-vargas-apuesta-por-los-empresarios-para-que-generen-empleo\\\/#breadcrumb\",\"itemListElement\":[{\"@type\":\"ListItem\",\"position\":1,\"name\":\"Inicio\",\"item\":\"https:\\\/\\\/continuamosmx.com\\\/\"},{\"@type\":\"ListItem\",\"position\":2,\"name\":\"ENRIQUE VARGAS APUESTA POR LOS EMPRESARIOS PARA QUE GENEREN EMPLEO\"}]},{\"@type\":\"WebSite\",\"@id\":\"https:\\\/\\\/continuamosmx.com\\\/#website\",\"url\":\"https:\\\/\\\/continuamosmx.com\\\/\",\"name\":\"www.continuamosmx.com\",\"description\":\"\",\"publisher\":{\"@id\":\"https:\\\/\\\/continuamosmx.com\\\/#organization\"},\"potentialAction\":[{\"@type\":\"SearchAction\",\"target\":{\"@type\":\"EntryPoint\",\"urlTemplate\":\"https:\\\/\\\/continuamosmx.com\\\/?s={search_term_string}\"},\"query-input\":{\"@type\":\"PropertyValueSpecification\",\"valueRequired\":true,\"valueName\":\"search_term_string\"}}],\"inLanguage\":\"es\"},{\"@type\":\"Organization\",\"@id\":\"https:\\\/\\\/continuamosmx.com\\\/#organization\",\"name\":\"ContinuamosMX\",\"url\":\"https:\\\/\\\/continuamosmx.com\\\/\",\"logo\":{\"@type\":\"ImageObject\",\"inLanguage\":\"es\",\"@id\":\"https:\\\/\\\/continuamosmx.com\\\/#\\\/schema\\\/logo\\\/image\\\/\",\"url\":\"https:\\\/\\\/continuamosmx.com\\\/wp-content\\\/uploads\\\/2023\\\/04\\\/cropped-LOGO-CONTI-NUEVO.png\",\"contentUrl\":\"https:\\\/\\\/continuamosmx.com\\\/wp-content\\\/uploads\\\/2023\\\/04\\\/cropped-LOGO-CONTI-NUEVO.png\",\"width\":1257,\"height\":430,\"caption\":\"ContinuamosMX\"},\"image\":{\"@id\":\"https:\\\/\\\/continuamosmx.com\\\/#\\\/schema\\\/logo\\\/image\\\/\"}},{\"@type\":\"Person\",\"@id\":\"https:\\\/\\\/continuamosmx.com\\\/#\\\/schema\\\/person\\\/5eb5356acb1fad784da407d14f0e8d89\",\"name\":\"Continuamos MX\",\"image\":{\"@type\":\"ImageObject\",\"inLanguage\":\"es\",\"@id\":\"https:\\\/\\\/secure.gravatar.com\\\/avatar\\\/30d4f9723476a15f4da34d35fb3501f08d2357016c76051c6a85c354c7489589?s=96&d=mm&r=g\",\"url\":\"https:\\\/\\\/secure.gravatar.com\\\/avatar\\\/30d4f9723476a15f4da34d35fb3501f08d2357016c76051c6a85c354c7489589?s=96&d=mm&r=g\",\"contentUrl\":\"https:\\\/\\\/secure.gravatar.com\\\/avatar\\\/30d4f9723476a15f4da34d35fb3501f08d2357016c76051c6a85c354c7489589?s=96&d=mm&r=g\",\"caption\":\"Continuamos MX\"},\"sameAs\":[\"http:\\\/\\\/www.continuamos.mx\"],\"url\":\"https:\\\/\\\/continuamosmx.com\\\/index.php\\\/author\\\/continuamos\\\/\"}]}<\/script>\n<!-- \/ Yoast SEO plugin. -->","yoast_head_json":{"title":"ENRIQUE VARGAS APUESTA POR LOS EMPRESARIOS PARA QUE GENEREN EMPLEO -","robots":{"index":"index","follow":"follow","max-snippet":"max-snippet:-1","max-image-preview":"max-image-preview:large","max-video-preview":"max-video-preview:-1"},"canonical":"https:\/\/continuamosmx.com\/index.php\/2024\/01\/23\/enrique-vargas-apuesta-por-los-empresarios-para-que-generen-empleo\/","og_locale":"es_ES","og_type":"article","og_title":"ENRIQUE VARGAS APUESTA POR LOS EMPRESARIOS PARA QUE GENEREN EMPLEO -","og_description":"*El diputado local y aspirante al Senado, se\u00f1al\u00f3 que los inversionistas cuentan con todo el apoyo de Acci\u00f3n Nacional para sacar adelante al pa\u00eds. REDACCI\u00d3N. METEPEC, M\u00e9x.- El coordinador Parlamentario de Acci\u00f3n Nacional en el Congreso del Estado de M\u00e9xico, Enrique Vargas del Villar, comparti\u00f3 con las y los empresarios del Valle de Toluca sus [&hellip;]","og_url":"https:\/\/continuamosmx.com\/index.php\/2024\/01\/23\/enrique-vargas-apuesta-por-los-empresarios-para-que-generen-empleo\/","article_published_time":"2024-01-23T19:47:12+00:00","article_modified_time":"2024-01-23T19:47:13+00:00","og_image":[{"width":1599,"height":899,"url":"https:\/\/continuamosmx.com\/wp-content\/uploads\/2024\/01\/enrique.jpg","type":"image\/jpeg"}],"author":"Continuamos MX","twitter_card":"summary_large_image","twitter_misc":{"Escrito por":"Continuamos MX","Tiempo de lectura":"2 minutos"},"schema":{"@context":"https:\/\/schema.org","@graph":[{"@type":"Article","@id":"https:\/\/continuamosmx.com\/index.php\/2024\/01\/23\/enrique-vargas-apuesta-por-los-empresarios-para-que-generen-empleo\/#article","isPartOf":{"@id":"https:\/\/continuamosmx.com\/index.php\/2024\/01\/23\/enrique-vargas-apuesta-por-los-empresarios-para-que-generen-empleo\/"},"author":{"name":"Continuamos MX","@id":"https:\/\/continuamosmx.com\/#\/schema\/person\/5eb5356acb1fad784da407d14f0e8d89"},"headline":"ENRIQUE VARGAS APUESTA POR LOS EMPRESARIOS PARA QUE GENEREN EMPLEO","datePublished":"2024-01-23T19:47:12+00:00","dateModified":"2024-01-23T19:47:13+00:00","mainEntityOfPage":{"@id":"https:\/\/continuamosmx.com\/index.php\/2024\/01\/23\/enrique-vargas-apuesta-por-los-empresarios-para-que-generen-empleo\/"},"wordCount":350,"commentCount":0,"publisher":{"@id":"https:\/\/continuamosmx.com\/#organization"},"image":{"@id":"https:\/\/continuamosmx.com\/index.php\/2024\/01\/23\/enrique-vargas-apuesta-por-los-empresarios-para-que-generen-empleo\/#primaryimage"},"thumbnailUrl":"https:\/\/continuamosmx.com\/wp-content\/uploads\/2024\/01\/enrique.jpg","articleSection":["EDOMEX","POL\u00cdTICA"],"inLanguage":"es"},{"@type":"WebPage","@id":"https:\/\/continuamosmx.com\/index.php\/2024\/01\/23\/enrique-vargas-apuesta-por-los-empresarios-para-que-generen-empleo\/","url":"https:\/\/continuamosmx.com\/index.php\/2024\/01\/23\/enrique-vargas-apuesta-por-los-empresarios-para-que-generen-empleo\/","name":"ENRIQUE VARGAS APUESTA POR LOS EMPRESARIOS PARA QUE GENEREN EMPLEO -","isPartOf":{"@id":"https:\/\/continuamosmx.com\/#website"},"primaryImageOfPage":{"@id":"https:\/\/continuamosmx.com\/index.php\/2024\/01\/23\/enrique-vargas-apuesta-por-los-empresarios-para-que-generen-empleo\/#primaryimage"},"image":{"@id":"https:\/\/continuamosmx.com\/index.php\/2024\/01\/23\/enrique-vargas-apuesta-por-los-empresarios-para-que-generen-empleo\/#primaryimage"},"thumbnailUrl":"https:\/\/continuamosmx.com\/wp-content\/uploads\/2024\/01\/enrique.jpg","datePublished":"2024-01-23T19:47:12+00:00","dateModified":"2024-01-23T19:47:13+00:00","breadcrumb":{"@id":"https:\/\/continuamosmx.com\/index.php\/2024\/01\/23\/enrique-vargas-apuesta-por-los-empresarios-para-que-generen-empleo\/#breadcrumb"},"inLanguage":"es","potentialAction":[{"@type":"ReadAction","target":["https:\/\/continuamosmx.com\/index.php\/2024\/01\/23\/enrique-vargas-apuesta-por-los-empresarios-para-que-generen-empleo\/"]}]},{"@type":"ImageObject","inLanguage":"es","@id":"https:\/\/continuamosmx.com\/index.php\/2024\/01\/23\/enrique-vargas-apuesta-por-los-empresarios-para-que-generen-empleo\/#primaryimage","url":"https:\/\/continuamosmx.com\/wp-content\/uploads\/2024\/01\/enrique.jpg","contentUrl":"https:\/\/continuamosmx.com\/wp-content\/uploads\/2024\/01\/enrique.jpg","width":1599,"height":899},{"@type":"BreadcrumbList","@id":"https:\/\/continuamosmx.com\/index.php\/2024\/01\/23\/enrique-vargas-apuesta-por-los-empresarios-para-que-generen-empleo\/#breadcrumb","itemListElement":[{"@type":"ListItem","position":1,"name":"Inicio","item":"https:\/\/continuamosmx.com\/"},{"@type":"ListItem","position":2,"name":"ENRIQUE VARGAS APUESTA POR LOS EMPRESARIOS PARA QUE GENEREN EMPLEO"}]},{"@type":"WebSite","@id":"https:\/\/continuamosmx.com\/#website","url":"https:\/\/continuamosmx.com\/","name":"www.continuamosmx.com","description":"","publisher":{"@id":"https:\/\/continuamosmx.com\/#organization"},"potentialAction":[{"@type":"SearchAction","target":{"@type":"EntryPoint","urlTemplate":"https:\/\/continuamosmx.com\/?s={search_term_string}"},"query-input":{"@type":"PropertyValueSpecification","valueRequired":true,"valueName":"search_term_string"}}],"inLanguage":"es"},{"@type":"Organization","@id":"https:\/\/continuamosmx.com\/#organization","name":"ContinuamosMX","url":"https:\/\/continuamosmx.com\/","logo":{"@type":"ImageObject","inLanguage":"es","@id":"https:\/\/continuamosmx.com\/#\/schema\/logo\/image\/","url":"https:\/\/continuamosmx.com\/wp-content\/uploads\/2023\/04\/cropped-LOGO-CONTI-NUEVO.png","contentUrl":"https:\/\/continuamosmx.com\/wp-content\/uploads\/2023\/04\/cropped-LOGO-CONTI-NUEVO.png","width":1257,"height":430,"caption":"ContinuamosMX"},"image":{"@id":"https:\/\/continuamosmx.com\/#\/schema\/logo\/image\/"}},{"@type":"Person","@id":"https:\/\/continuamosmx.com\/#\/schema\/person\/5eb5356acb1fad784da407d14f0e8d89","name":"Continuamos MX","image":{"@type":"ImageObject","inLanguage":"es","@id":"https:\/\/secure.gravatar.com\/avatar\/30d4f9723476a15f4da34d35fb3501f08d2357016c76051c6a85c354c7489589?s=96&d=mm&r=g","url":"https:\/\/secure.gravatar.com\/avatar\/30d4f9723476a15f4da34d35fb3501f08d2357016c76051c6a85c354c7489589?s=96&d=mm&r=g","contentUrl":"https:\/\/secure.gravatar.com\/avatar\/30d4f9723476a15f4da34d35fb3501f08d2357016c76051c6a85c354c7489589?s=96&d=mm&r=g","caption":"Continuamos MX"},"sameAs":["http:\/\/www.continuamos.mx"],"url":"https:\/\/continuamosmx.com\/index.php\/author\/continuamos\/"}]}},"_links":{"self":[{"href":"https:\/\/continuamosmx.com\/index.php\/wp-json\/wp\/v2\/posts\/46081","targetHints":{"allow":["GET"]}}],"collection":[{"href":"https:\/\/continuamosmx.com\/index.php\/wp-json\/wp\/v2\/posts"}],"about":[{"href":"https:\/\/continuamosmx.com\/index.php\/wp-json\/wp\/v2\/types\/post"}],"author":[{"embeddable":true,"href":"https:\/\/continuamosmx.com\/index.php\/wp-json\/wp\/v2\/users\/6"}],"replies":[{"embeddable":true,"href":"https:\/\/continuamosmx.com\/index.php\/wp-json\/wp\/v2\/comments?post=46081"}],"version-history":[{"count":1,"href":"https:\/\/continuamosmx.com\/index.php\/wp-json\/wp\/v2\/posts\/46081\/revisions"}],"predecessor-version":[{"id":46083,"href":"https:\/\/continuamosmx.com\/index.php\/wp-json\/wp\/v2\/posts\/46081\/revisions\/46083"}],"wp:featuredmedia":[{"embeddable":true,"href":"https:\/\/continuamosmx.com\/index.php\/wp-json\/wp\/v2\/media\/46082"}],"wp:attachment":[{"href":"https:\/\/continuamosmx.com\/index.php\/wp-json\/wp\/v2\/media?parent=46081"}],"wp:term":[{"taxonomy":"category","embeddable":true,"href":"https:\/\/continuamosmx.com\/index.php\/wp-json\/wp\/v2\/categories?post=46081"},{"taxonomy":"post_tag","embeddable":true,"href":"https:\/\/continuamosmx.com\/index.php\/wp-json\/wp\/v2\/tags?post=46081"}],"curies":[{"name":"wp","href":"https:\/\/api.w.org\/{rel}","templated":true}]}}