{"id":45972,"date":"2024-01-13T23:21:14","date_gmt":"2024-01-13T23:21:14","guid":{"rendered":"https:\/\/continuamosmx.com\/?p=45972"},"modified":"2024-01-13T23:36:06","modified_gmt":"2024-01-13T23:36:06","slug":"apuesta-por-continuidad-de-la-4t-en-cuautitlan-mexico","status":"publish","type":"post","link":"https:\/\/continuamosmx.com\/index.php\/2024\/01\/13\/apuesta-por-continuidad-de-la-4t-en-cuautitlan-mexico\/","title":{"rendered":"APUESTA POR CONTINUIDAD DE LA 4T EN CUAUTITL\u00c1N M\u00c9XICO"},"content":{"rendered":"\n<p><strong>*Juanita Carrillo tom\u00f3 protesta a estructuras rumbo a la elecci\u00f3n de la candidatura de Claudia Sheinbaum.<\/strong><\/p>\n\n\n\n<p>Por Martha Delgado<\/p>\n\n\n\n<p>CUAUTITL\u00c1N, M\u00e9x.- En un evento realizado en la Tierra de Juan Diego, la consejera estatal de Morena y ex diputada federal, Juanita Carrillo, tom\u00f3 protesta a los integrantes de los Comit\u00e9s de Defensa de la 4T y Humanismo Mexiquense en la localidad.<\/p>\n\n\n\n<p>En este acto, Carrillo destac\u00f3 la importancia de construir el segundo piso de la cuarta transformaci\u00f3n en M\u00e9xico, enfoc\u00e1ndose en hacer de Cuautitl\u00e1n un referente significativo para el partido.<\/p>\n\n\n\n<p>Durante la toma de protesta, Carrillo expres\u00f3 su confianza en que el municipio ser\u00e1 crucial para respaldar a la precandidata a la presidencia de la rep\u00fablica por Morena, Claudia Sheinbaum Pardo.<\/p>\n\n\n\n<p>Se enfoc\u00f3 en la meta de lograr una hist\u00f3rica victoria el 2 de junio, contribuyendo con al menos 5 millones de votos en el Estado de M\u00e9xico.<\/p>\n\n\n\n<p>En el evento, se sumaron l\u00edderes, empresarios y ciudadanos que buscan ser parte del cambio y la transformaci\u00f3n propuestos por Morena en Cuautitl\u00e1n. Carrillo resalt\u00f3 el orgullo de representar el humanismo mexiquense y subray\u00f3 el trabajo arduo realizado para construir una estructura s\u00f3lida en diversos municipios.<\/p>\n\n\n\n<p>En su discurso, la ex legisladora record\u00f3 la prioridad de establecer comit\u00e9s para apoyar a Claudia Sheinbaum. Hizo hincapi\u00e9 en la importancia de adoptar una nueva forma de ver a la gente a trav\u00e9s del humanismo y la pol\u00edtica, se\u00f1alando los mensajes del presidente Andr\u00e9s Manuel L\u00f3pez Obrador al respecto.<\/p>\n\n\n\n<p>Juanita Carrillo advirti\u00f3 que en Morena no permitir\u00e1n que ocurra lo que caracteriza a los pol\u00edticos tradicionales, quienes, una vez en el cargo, olvidan a quienes los llevaron all\u00ed.<\/p>\n\n\n\n<p>Afirm\u00f3 la unidad en su partido y destac\u00f3 el compromiso compartido de lograr el segundo piso de la 4T.<\/p>\n\n\n\n<p>Al ser cuestionada sobre su posible candidatura para encabezar Morena en el pr\u00f3ximo proceso electoral para la alcald\u00eda de Cuautitl\u00e1n M\u00e9xico, Carrillo mencion\u00f3 que no son los tiempos adecuados y que continuar\u00e1 trabajando por su municipio y su estado.<\/p>\n\n\n\n<p>Subray\u00f3 la importancia de dar resultados y crear estructuras s\u00f3lidas para Morena, agradeciendo al actual Secretario de Gobierno, Horacio Duarte, por el apoyo y la confianza brindada, y reafirm\u00f3 su compromiso con la gobernadora Delfina G\u00f3mez.<\/p>\n\n\n\n<figure class=\"wp-block-gallery has-nested-images columns-default is-cropped wp-block-gallery-1 is-layout-flex wp-block-gallery-is-layout-flex\">\n<figure class=\"wp-block-image size-large\"><img loading=\"lazy\" decoding=\"async\" width=\"1024\" height=\"768\" data-id=\"45974\" src=\"https:\/\/continuamosmx.com\/wp-content\/uploads\/2024\/01\/juanita-1024x768.jpg\" alt=\"\" class=\"wp-image-45974\" srcset=\"https:\/\/continuamosmx.com\/wp-content\/uploads\/2024\/01\/juanita-1024x768.jpg 1024w, https:\/\/continuamosmx.com\/wp-content\/uploads\/2024\/01\/juanita-300x225.jpg 300w, https:\/\/continuamosmx.com\/wp-content\/uploads\/2024\/01\/juanita-768x576.jpg 768w, https:\/\/continuamosmx.com\/wp-content\/uploads\/2024\/01\/juanita-1536x1152.jpg 1536w, https:\/\/continuamosmx.com\/wp-content\/uploads\/2024\/01\/juanita.jpg 1600w\" sizes=\"auto, (max-width: 1024px) 100vw, 1024px\" \/><\/figure>\n<\/figure>\n","protected":false},"excerpt":{"rendered":"<p>*Juanita Carrillo tom\u00f3 protesta a estructuras rumbo a la elecci\u00f3n de la candidatura de Claudia Sheinbaum. Por Martha Delgado CUAUTITL\u00c1N, M\u00e9x.- En un evento realizado en la Tierra de Juan Diego, la consejera estatal de Morena y ex diputada federal, Juanita Carrillo, tom\u00f3 protesta a los integrantes de los Comit\u00e9s de Defensa de la 4T [&hellip;]<\/p>\n","protected":false},"author":6,"featured_media":45973,"comment_status":"open","ping_status":"open","sticky":false,"template":"","format":"standard","meta":{"footnotes":""},"categories":[29,4,3],"tags":[],"class_list":["post-45972","post","type-post","status-publish","format-standard","has-post-thumbnail","hentry","category-cuautitlan","category-locales","category-politica"],"yoast_head":"<!-- This site is optimized with the Yoast SEO plugin v27.5 - https:\/\/yoast.com\/product\/yoast-seo-wordpress\/ -->\n<title>APUESTA POR CONTINUIDAD DE LA 4T EN CUAUTITL\u00c1N M\u00c9XICO -<\/title>\n<meta name=\"robots\" content=\"index, follow, max-snippet:-1, max-image-preview:large, max-video-preview:-1\" \/>\n<link rel=\"canonical\" href=\"https:\/\/continuamosmx.com\/index.php\/2024\/01\/13\/apuesta-por-continuidad-de-la-4t-en-cuautitlan-mexico\/\" \/>\n<meta property=\"og:locale\" content=\"es_ES\" \/>\n<meta property=\"og:type\" content=\"article\" \/>\n<meta property=\"og:title\" content=\"APUESTA POR CONTINUIDAD DE LA 4T EN CUAUTITL\u00c1N M\u00c9XICO -\" \/>\n<meta property=\"og:description\" content=\"*Juanita Carrillo tom\u00f3 protesta a estructuras rumbo a la elecci\u00f3n de la candidatura de Claudia Sheinbaum. Por Martha Delgado CUAUTITL\u00c1N, M\u00e9x.- En un evento realizado en la Tierra de Juan Diego, la consejera estatal de Morena y ex diputada federal, Juanita Carrillo, tom\u00f3 protesta a los integrantes de los Comit\u00e9s de Defensa de la 4T [&hellip;]\" \/>\n<meta property=\"og:url\" content=\"https:\/\/continuamosmx.com\/index.php\/2024\/01\/13\/apuesta-por-continuidad-de-la-4t-en-cuautitlan-mexico\/\" \/>\n<meta property=\"article:published_time\" content=\"2024-01-13T23:21:14+00:00\" \/>\n<meta property=\"article:modified_time\" content=\"2024-01-13T23:36:06+00:00\" \/>\n<meta property=\"og:image\" content=\"https:\/\/continuamosmx.com\/wp-content\/uploads\/2024\/01\/juanita3.jpg\" \/>\n\t<meta property=\"og:image:width\" content=\"1600\" \/>\n\t<meta property=\"og:image:height\" content=\"1200\" \/>\n\t<meta property=\"og:image:type\" content=\"image\/jpeg\" \/>\n<meta name=\"author\" content=\"Continuamos MX\" \/>\n<meta name=\"twitter:card\" content=\"summary_large_image\" \/>\n<meta name=\"twitter:label1\" content=\"Escrito por\" \/>\n\t<meta name=\"twitter:data1\" content=\"Continuamos MX\" \/>\n\t<meta name=\"twitter:label2\" content=\"Tiempo de lectura\" \/>\n\t<meta name=\"twitter:data2\" content=\"2 minutos\" \/>\n<script type=\"application\/ld+json\" class=\"yoast-schema-graph\">{\"@context\":\"https:\\\/\\\/schema.org\",\"@graph\":[{\"@type\":\"Article\",\"@id\":\"https:\\\/\\\/continuamosmx.com\\\/index.php\\\/2024\\\/01\\\/13\\\/apuesta-por-continuidad-de-la-4t-en-cuautitlan-mexico\\\/#article\",\"isPartOf\":{\"@id\":\"https:\\\/\\\/continuamosmx.com\\\/index.php\\\/2024\\\/01\\\/13\\\/apuesta-por-continuidad-de-la-4t-en-cuautitlan-mexico\\\/\"},\"author\":{\"name\":\"Continuamos MX\",\"@id\":\"https:\\\/\\\/continuamosmx.com\\\/#\\\/schema\\\/person\\\/5eb5356acb1fad784da407d14f0e8d89\"},\"headline\":\"APUESTA POR CONTINUIDAD DE LA 4T EN CUAUTITL\u00c1N M\u00c9XICO\",\"datePublished\":\"2024-01-13T23:21:14+00:00\",\"dateModified\":\"2024-01-13T23:36:06+00:00\",\"mainEntityOfPage\":{\"@id\":\"https:\\\/\\\/continuamosmx.com\\\/index.php\\\/2024\\\/01\\\/13\\\/apuesta-por-continuidad-de-la-4t-en-cuautitlan-mexico\\\/\"},\"wordCount\":406,\"commentCount\":0,\"publisher\":{\"@id\":\"https:\\\/\\\/continuamosmx.com\\\/#organization\"},\"image\":{\"@id\":\"https:\\\/\\\/continuamosmx.com\\\/index.php\\\/2024\\\/01\\\/13\\\/apuesta-por-continuidad-de-la-4t-en-cuautitlan-mexico\\\/#primaryimage\"},\"thumbnailUrl\":\"https:\\\/\\\/continuamosmx.com\\\/wp-content\\\/uploads\\\/2024\\\/01\\\/juanita3.jpg\",\"articleSection\":[\"CUAUTITL\u00c1N\",\"LOCALES\",\"POL\u00cdTICA\"],\"inLanguage\":\"es\"},{\"@type\":\"WebPage\",\"@id\":\"https:\\\/\\\/continuamosmx.com\\\/index.php\\\/2024\\\/01\\\/13\\\/apuesta-por-continuidad-de-la-4t-en-cuautitlan-mexico\\\/\",\"url\":\"https:\\\/\\\/continuamosmx.com\\\/index.php\\\/2024\\\/01\\\/13\\\/apuesta-por-continuidad-de-la-4t-en-cuautitlan-mexico\\\/\",\"name\":\"APUESTA POR CONTINUIDAD DE LA 4T EN CUAUTITL\u00c1N M\u00c9XICO -\",\"isPartOf\":{\"@id\":\"https:\\\/\\\/continuamosmx.com\\\/#website\"},\"primaryImageOfPage\":{\"@id\":\"https:\\\/\\\/continuamosmx.com\\\/index.php\\\/2024\\\/01\\\/13\\\/apuesta-por-continuidad-de-la-4t-en-cuautitlan-mexico\\\/#primaryimage\"},\"image\":{\"@id\":\"https:\\\/\\\/continuamosmx.com\\\/index.php\\\/2024\\\/01\\\/13\\\/apuesta-por-continuidad-de-la-4t-en-cuautitlan-mexico\\\/#primaryimage\"},\"thumbnailUrl\":\"https:\\\/\\\/continuamosmx.com\\\/wp-content\\\/uploads\\\/2024\\\/01\\\/juanita3.jpg\",\"datePublished\":\"2024-01-13T23:21:14+00:00\",\"dateModified\":\"2024-01-13T23:36:06+00:00\",\"breadcrumb\":{\"@id\":\"https:\\\/\\\/continuamosmx.com\\\/index.php\\\/2024\\\/01\\\/13\\\/apuesta-por-continuidad-de-la-4t-en-cuautitlan-mexico\\\/#breadcrumb\"},\"inLanguage\":\"es\",\"potentialAction\":[{\"@type\":\"ReadAction\",\"target\":[\"https:\\\/\\\/continuamosmx.com\\\/index.php\\\/2024\\\/01\\\/13\\\/apuesta-por-continuidad-de-la-4t-en-cuautitlan-mexico\\\/\"]}]},{\"@type\":\"ImageObject\",\"inLanguage\":\"es\",\"@id\":\"https:\\\/\\\/continuamosmx.com\\\/index.php\\\/2024\\\/01\\\/13\\\/apuesta-por-continuidad-de-la-4t-en-cuautitlan-mexico\\\/#primaryimage\",\"url\":\"https:\\\/\\\/continuamosmx.com\\\/wp-content\\\/uploads\\\/2024\\\/01\\\/juanita3.jpg\",\"contentUrl\":\"https:\\\/\\\/continuamosmx.com\\\/wp-content\\\/uploads\\\/2024\\\/01\\\/juanita3.jpg\",\"width\":1600,\"height\":1200},{\"@type\":\"BreadcrumbList\",\"@id\":\"https:\\\/\\\/continuamosmx.com\\\/index.php\\\/2024\\\/01\\\/13\\\/apuesta-por-continuidad-de-la-4t-en-cuautitlan-mexico\\\/#breadcrumb\",\"itemListElement\":[{\"@type\":\"ListItem\",\"position\":1,\"name\":\"Inicio\",\"item\":\"https:\\\/\\\/continuamosmx.com\\\/\"},{\"@type\":\"ListItem\",\"position\":2,\"name\":\"APUESTA POR CONTINUIDAD DE LA 4T EN CUAUTITL\u00c1N M\u00c9XICO\"}]},{\"@type\":\"WebSite\",\"@id\":\"https:\\\/\\\/continuamosmx.com\\\/#website\",\"url\":\"https:\\\/\\\/continuamosmx.com\\\/\",\"name\":\"www.continuamosmx.com\",\"description\":\"\",\"publisher\":{\"@id\":\"https:\\\/\\\/continuamosmx.com\\\/#organization\"},\"potentialAction\":[{\"@type\":\"SearchAction\",\"target\":{\"@type\":\"EntryPoint\",\"urlTemplate\":\"https:\\\/\\\/continuamosmx.com\\\/?s={search_term_string}\"},\"query-input\":{\"@type\":\"PropertyValueSpecification\",\"valueRequired\":true,\"valueName\":\"search_term_string\"}}],\"inLanguage\":\"es\"},{\"@type\":\"Organization\",\"@id\":\"https:\\\/\\\/continuamosmx.com\\\/#organization\",\"name\":\"ContinuamosMX\",\"url\":\"https:\\\/\\\/continuamosmx.com\\\/\",\"logo\":{\"@type\":\"ImageObject\",\"inLanguage\":\"es\",\"@id\":\"https:\\\/\\\/continuamosmx.com\\\/#\\\/schema\\\/logo\\\/image\\\/\",\"url\":\"https:\\\/\\\/continuamosmx.com\\\/wp-content\\\/uploads\\\/2023\\\/04\\\/cropped-LOGO-CONTI-NUEVO.png\",\"contentUrl\":\"https:\\\/\\\/continuamosmx.com\\\/wp-content\\\/uploads\\\/2023\\\/04\\\/cropped-LOGO-CONTI-NUEVO.png\",\"width\":1257,\"height\":430,\"caption\":\"ContinuamosMX\"},\"image\":{\"@id\":\"https:\\\/\\\/continuamosmx.com\\\/#\\\/schema\\\/logo\\\/image\\\/\"}},{\"@type\":\"Person\",\"@id\":\"https:\\\/\\\/continuamosmx.com\\\/#\\\/schema\\\/person\\\/5eb5356acb1fad784da407d14f0e8d89\",\"name\":\"Continuamos MX\",\"image\":{\"@type\":\"ImageObject\",\"inLanguage\":\"es\",\"@id\":\"https:\\\/\\\/secure.gravatar.com\\\/avatar\\\/30d4f9723476a15f4da34d35fb3501f08d2357016c76051c6a85c354c7489589?s=96&d=mm&r=g\",\"url\":\"https:\\\/\\\/secure.gravatar.com\\\/avatar\\\/30d4f9723476a15f4da34d35fb3501f08d2357016c76051c6a85c354c7489589?s=96&d=mm&r=g\",\"contentUrl\":\"https:\\\/\\\/secure.gravatar.com\\\/avatar\\\/30d4f9723476a15f4da34d35fb3501f08d2357016c76051c6a85c354c7489589?s=96&d=mm&r=g\",\"caption\":\"Continuamos MX\"},\"sameAs\":[\"http:\\\/\\\/www.continuamos.mx\"],\"url\":\"https:\\\/\\\/continuamosmx.com\\\/index.php\\\/author\\\/continuamos\\\/\"}]}<\/script>\n<!-- \/ Yoast SEO plugin. -->","yoast_head_json":{"title":"APUESTA POR CONTINUIDAD DE LA 4T EN CUAUTITL\u00c1N M\u00c9XICO -","robots":{"index":"index","follow":"follow","max-snippet":"max-snippet:-1","max-image-preview":"max-image-preview:large","max-video-preview":"max-video-preview:-1"},"canonical":"https:\/\/continuamosmx.com\/index.php\/2024\/01\/13\/apuesta-por-continuidad-de-la-4t-en-cuautitlan-mexico\/","og_locale":"es_ES","og_type":"article","og_title":"APUESTA POR CONTINUIDAD DE LA 4T EN CUAUTITL\u00c1N M\u00c9XICO -","og_description":"*Juanita Carrillo tom\u00f3 protesta a estructuras rumbo a la elecci\u00f3n de la candidatura de Claudia Sheinbaum. Por Martha Delgado CUAUTITL\u00c1N, M\u00e9x.- En un evento realizado en la Tierra de Juan Diego, la consejera estatal de Morena y ex diputada federal, Juanita Carrillo, tom\u00f3 protesta a los integrantes de los Comit\u00e9s de Defensa de la 4T [&hellip;]","og_url":"https:\/\/continuamosmx.com\/index.php\/2024\/01\/13\/apuesta-por-continuidad-de-la-4t-en-cuautitlan-mexico\/","article_published_time":"2024-01-13T23:21:14+00:00","article_modified_time":"2024-01-13T23:36:06+00:00","og_image":[{"width":1600,"height":1200,"url":"https:\/\/continuamosmx.com\/wp-content\/uploads\/2024\/01\/juanita3.jpg","type":"image\/jpeg"}],"author":"Continuamos MX","twitter_card":"summary_large_image","twitter_misc":{"Escrito por":"Continuamos MX","Tiempo de lectura":"2 minutos"},"schema":{"@context":"https:\/\/schema.org","@graph":[{"@type":"Article","@id":"https:\/\/continuamosmx.com\/index.php\/2024\/01\/13\/apuesta-por-continuidad-de-la-4t-en-cuautitlan-mexico\/#article","isPartOf":{"@id":"https:\/\/continuamosmx.com\/index.php\/2024\/01\/13\/apuesta-por-continuidad-de-la-4t-en-cuautitlan-mexico\/"},"author":{"name":"Continuamos MX","@id":"https:\/\/continuamosmx.com\/#\/schema\/person\/5eb5356acb1fad784da407d14f0e8d89"},"headline":"APUESTA POR CONTINUIDAD DE LA 4T EN CUAUTITL\u00c1N M\u00c9XICO","datePublished":"2024-01-13T23:21:14+00:00","dateModified":"2024-01-13T23:36:06+00:00","mainEntityOfPage":{"@id":"https:\/\/continuamosmx.com\/index.php\/2024\/01\/13\/apuesta-por-continuidad-de-la-4t-en-cuautitlan-mexico\/"},"wordCount":406,"commentCount":0,"publisher":{"@id":"https:\/\/continuamosmx.com\/#organization"},"image":{"@id":"https:\/\/continuamosmx.com\/index.php\/2024\/01\/13\/apuesta-por-continuidad-de-la-4t-en-cuautitlan-mexico\/#primaryimage"},"thumbnailUrl":"https:\/\/continuamosmx.com\/wp-content\/uploads\/2024\/01\/juanita3.jpg","articleSection":["CUAUTITL\u00c1N","LOCALES","POL\u00cdTICA"],"inLanguage":"es"},{"@type":"WebPage","@id":"https:\/\/continuamosmx.com\/index.php\/2024\/01\/13\/apuesta-por-continuidad-de-la-4t-en-cuautitlan-mexico\/","url":"https:\/\/continuamosmx.com\/index.php\/2024\/01\/13\/apuesta-por-continuidad-de-la-4t-en-cuautitlan-mexico\/","name":"APUESTA POR CONTINUIDAD DE LA 4T EN CUAUTITL\u00c1N M\u00c9XICO -","isPartOf":{"@id":"https:\/\/continuamosmx.com\/#website"},"primaryImageOfPage":{"@id":"https:\/\/continuamosmx.com\/index.php\/2024\/01\/13\/apuesta-por-continuidad-de-la-4t-en-cuautitlan-mexico\/#primaryimage"},"image":{"@id":"https:\/\/continuamosmx.com\/index.php\/2024\/01\/13\/apuesta-por-continuidad-de-la-4t-en-cuautitlan-mexico\/#primaryimage"},"thumbnailUrl":"https:\/\/continuamosmx.com\/wp-content\/uploads\/2024\/01\/juanita3.jpg","datePublished":"2024-01-13T23:21:14+00:00","dateModified":"2024-01-13T23:36:06+00:00","breadcrumb":{"@id":"https:\/\/continuamosmx.com\/index.php\/2024\/01\/13\/apuesta-por-continuidad-de-la-4t-en-cuautitlan-mexico\/#breadcrumb"},"inLanguage":"es","potentialAction":[{"@type":"ReadAction","target":["https:\/\/continuamosmx.com\/index.php\/2024\/01\/13\/apuesta-por-continuidad-de-la-4t-en-cuautitlan-mexico\/"]}]},{"@type":"ImageObject","inLanguage":"es","@id":"https:\/\/continuamosmx.com\/index.php\/2024\/01\/13\/apuesta-por-continuidad-de-la-4t-en-cuautitlan-mexico\/#primaryimage","url":"https:\/\/continuamosmx.com\/wp-content\/uploads\/2024\/01\/juanita3.jpg","contentUrl":"https:\/\/continuamosmx.com\/wp-content\/uploads\/2024\/01\/juanita3.jpg","width":1600,"height":1200},{"@type":"BreadcrumbList","@id":"https:\/\/continuamosmx.com\/index.php\/2024\/01\/13\/apuesta-por-continuidad-de-la-4t-en-cuautitlan-mexico\/#breadcrumb","itemListElement":[{"@type":"ListItem","position":1,"name":"Inicio","item":"https:\/\/continuamosmx.com\/"},{"@type":"ListItem","position":2,"name":"APUESTA POR CONTINUIDAD DE LA 4T EN CUAUTITL\u00c1N M\u00c9XICO"}]},{"@type":"WebSite","@id":"https:\/\/continuamosmx.com\/#website","url":"https:\/\/continuamosmx.com\/","name":"www.continuamosmx.com","description":"","publisher":{"@id":"https:\/\/continuamosmx.com\/#organization"},"potentialAction":[{"@type":"SearchAction","target":{"@type":"EntryPoint","urlTemplate":"https:\/\/continuamosmx.com\/?s={search_term_string}"},"query-input":{"@type":"PropertyValueSpecification","valueRequired":true,"valueName":"search_term_string"}}],"inLanguage":"es"},{"@type":"Organization","@id":"https:\/\/continuamosmx.com\/#organization","name":"ContinuamosMX","url":"https:\/\/continuamosmx.com\/","logo":{"@type":"ImageObject","inLanguage":"es","@id":"https:\/\/continuamosmx.com\/#\/schema\/logo\/image\/","url":"https:\/\/continuamosmx.com\/wp-content\/uploads\/2023\/04\/cropped-LOGO-CONTI-NUEVO.png","contentUrl":"https:\/\/continuamosmx.com\/wp-content\/uploads\/2023\/04\/cropped-LOGO-CONTI-NUEVO.png","width":1257,"height":430,"caption":"ContinuamosMX"},"image":{"@id":"https:\/\/continuamosmx.com\/#\/schema\/logo\/image\/"}},{"@type":"Person","@id":"https:\/\/continuamosmx.com\/#\/schema\/person\/5eb5356acb1fad784da407d14f0e8d89","name":"Continuamos MX","image":{"@type":"ImageObject","inLanguage":"es","@id":"https:\/\/secure.gravatar.com\/avatar\/30d4f9723476a15f4da34d35fb3501f08d2357016c76051c6a85c354c7489589?s=96&d=mm&r=g","url":"https:\/\/secure.gravatar.com\/avatar\/30d4f9723476a15f4da34d35fb3501f08d2357016c76051c6a85c354c7489589?s=96&d=mm&r=g","contentUrl":"https:\/\/secure.gravatar.com\/avatar\/30d4f9723476a15f4da34d35fb3501f08d2357016c76051c6a85c354c7489589?s=96&d=mm&r=g","caption":"Continuamos MX"},"sameAs":["http:\/\/www.continuamos.mx"],"url":"https:\/\/continuamosmx.com\/index.php\/author\/continuamos\/"}]}},"_links":{"self":[{"href":"https:\/\/continuamosmx.com\/index.php\/wp-json\/wp\/v2\/posts\/45972","targetHints":{"allow":["GET"]}}],"collection":[{"href":"https:\/\/continuamosmx.com\/index.php\/wp-json\/wp\/v2\/posts"}],"about":[{"href":"https:\/\/continuamosmx.com\/index.php\/wp-json\/wp\/v2\/types\/post"}],"author":[{"embeddable":true,"href":"https:\/\/continuamosmx.com\/index.php\/wp-json\/wp\/v2\/users\/6"}],"replies":[{"embeddable":true,"href":"https:\/\/continuamosmx.com\/index.php\/wp-json\/wp\/v2\/comments?post=45972"}],"version-history":[{"count":2,"href":"https:\/\/continuamosmx.com\/index.php\/wp-json\/wp\/v2\/posts\/45972\/revisions"}],"predecessor-version":[{"id":45977,"href":"https:\/\/continuamosmx.com\/index.php\/wp-json\/wp\/v2\/posts\/45972\/revisions\/45977"}],"wp:featuredmedia":[{"embeddable":true,"href":"https:\/\/continuamosmx.com\/index.php\/wp-json\/wp\/v2\/media\/45973"}],"wp:attachment":[{"href":"https:\/\/continuamosmx.com\/index.php\/wp-json\/wp\/v2\/media?parent=45972"}],"wp:term":[{"taxonomy":"category","embeddable":true,"href":"https:\/\/continuamosmx.com\/index.php\/wp-json\/wp\/v2\/categories?post=45972"},{"taxonomy":"post_tag","embeddable":true,"href":"https:\/\/continuamosmx.com\/index.php\/wp-json\/wp\/v2\/tags?post=45972"}],"curies":[{"name":"wp","href":"https:\/\/api.w.org\/{rel}","templated":true}]}}