{"id":45784,"date":"2023-12-21T17:21:47","date_gmt":"2023-12-21T17:21:47","guid":{"rendered":"https:\/\/continuamosmx.com\/?p=45784"},"modified":"2023-12-21T17:21:48","modified_gmt":"2023-12-21T17:21:48","slug":"tony-rodriguez-presidira-la-fenamm","status":"publish","type":"post","link":"https:\/\/continuamosmx.com\/index.php\/2023\/12\/21\/tony-rodriguez-presidira-la-fenamm\/","title":{"rendered":"TONY RODR\u00cdGUEZ PRESIDIR\u00c1 LA FENAMM"},"content":{"rendered":"\n<p>*<strong>La toma de protesta estuvo a cargo del presidente del PRI Nacional, Alejandro Moreno C\u00e1rdenas<\/strong><\/p>\n\n\n\n<p>VALLE DE M\u00c9XICO.- En un evento de trascendencia pol\u00edtica, Marco Antonio Rodr\u00edguez Hurtado, presidente municipal de Tlalnepantla, tom\u00f3 las riendas como nuevo l\u00edder de la Federaci\u00f3n Nacional de Municipios de M\u00e9xico (FENAMM). Este hito no solo afirma el protagonismo de su municipio sino que tambi\u00e9n marca un impulso significativo para el papel de los municipios a nivel nacional.<\/p>\n\n\n\n<p>Rodr\u00edguez Hurtado ha consolidado a Tlalnepantla como un centro que establece alianzas con otros gobiernos, con el objetivo de perfeccionar la implementaci\u00f3n de pol\u00edticas p\u00fablicas en beneficio directo de la poblaci\u00f3n. Su ascenso al cargo de presidente de la FENAMM ha sido respaldado por diversas figuras pol\u00edticas destacadas, incluyendo a Alejandro Moreno, Presidente Nacional del PRI, quien elogi\u00f3 la trayectoria pol\u00edtica de Rodr\u00edguez Hurtado y afirm\u00f3 la convicci\u00f3n del partido para otorgar direcci\u00f3n y coherencia a sus acciones.<\/p>\n\n\n\n<p>En su discurso, Rodr\u00edguez Hurtado reafirm\u00f3 la importancia del municipio como la unidad fundamental de la pol\u00edtica y la administraci\u00f3n. Destac\u00f3 su compromiso de trabajar incansablemente en esta nueva responsabilidad, haciendo hincapi\u00e9 en la relevancia de la alianza \u00abVa por M\u00e9xico\u00bb, conformada por el PRI, PAN y PRD, para impulsar el progreso de los municipios y encarar los retos electorales venideros.<\/p>\n\n\n\n<p>La FENAMM, una federaci\u00f3n que une a presidentes municipales, s\u00edndicos y regidores, representa dos terceras partes de los 2 mil 446 municipios de M\u00e9xico, actuando como un puente crucial entre los representantes populares y otros actores pol\u00edticos a nivel nacional.<\/p>\n\n\n\n<p>El presidente saliente de FENAMM, C\u00e9sar Garza Villarreal, resalt\u00f3 la relevancia del municipio como cimiento de movimientos sociales, y subray\u00f3 la fortaleza del PRI como fuerza municipalista. Reconoci\u00f3 el papel clave de Tlalnepantla como motor industrial en el Estado de M\u00e9xico y abog\u00f3 por el fortalecimiento de las asociaciones municipales para enriquecer el quehacer pol\u00edtico.<\/p>\n\n\n\n<p>La importancia de esta transici\u00f3n en la FENAMM fue enfatizada por Alejandro Moreno, quien inst\u00f3 a dejar de lado las diferencias y unir esfuerzos para forjar un pa\u00eds mejor. L\u00edderes pol\u00edticos de renombre, legisladores y funcionarios de los tres niveles gubernamentales se hicieron presentes en el evento, evidenciando el respaldo y la relevancia de esta nueva etapa para la pol\u00edtica municipal en M\u00e9xico.<\/p>\n\n\n\n<p>El ascenso de Marco Antonio Rodr\u00edguez Hurtado a la Presidencia de la FENAMM se vislumbra como un hito trascendental que promete potenciar la voz y la acci\u00f3n de los municipios en la construcci\u00f3n de un futuro pr\u00f3spero para el pa\u00eds.<\/p>\n","protected":false},"excerpt":{"rendered":"<p>*La toma de protesta estuvo a cargo del presidente del PRI Nacional, Alejandro Moreno C\u00e1rdenas VALLE DE M\u00c9XICO.- En un evento de trascendencia pol\u00edtica, Marco Antonio Rodr\u00edguez Hurtado, presidente municipal de Tlalnepantla, tom\u00f3 las riendas como nuevo l\u00edder de la Federaci\u00f3n Nacional de Municipios de M\u00e9xico (FENAMM). Este hito no solo afirma el protagonismo de [&hellip;]<\/p>\n","protected":false},"author":6,"featured_media":45785,"comment_status":"open","ping_status":"open","sticky":false,"template":"","format":"standard","meta":{"footnotes":""},"categories":[4,79],"tags":[],"class_list":["post-45784","post","type-post","status-publish","format-standard","has-post-thumbnail","hentry","category-locales","category-tlalne"],"yoast_head":"<!-- This site is optimized with the Yoast SEO plugin v27.5 - https:\/\/yoast.com\/product\/yoast-seo-wordpress\/ -->\n<title>TONY RODR\u00cdGUEZ PRESIDIR\u00c1 LA FENAMM -<\/title>\n<meta name=\"robots\" content=\"index, follow, max-snippet:-1, max-image-preview:large, max-video-preview:-1\" \/>\n<link rel=\"canonical\" href=\"https:\/\/continuamosmx.com\/index.php\/2023\/12\/21\/tony-rodriguez-presidira-la-fenamm\/\" \/>\n<meta property=\"og:locale\" content=\"es_ES\" \/>\n<meta property=\"og:type\" content=\"article\" \/>\n<meta property=\"og:title\" content=\"TONY RODR\u00cdGUEZ PRESIDIR\u00c1 LA FENAMM -\" \/>\n<meta property=\"og:description\" content=\"*La toma de protesta estuvo a cargo del presidente del PRI Nacional, Alejandro Moreno C\u00e1rdenas VALLE DE M\u00c9XICO.- En un evento de trascendencia pol\u00edtica, Marco Antonio Rodr\u00edguez Hurtado, presidente municipal de Tlalnepantla, tom\u00f3 las riendas como nuevo l\u00edder de la Federaci\u00f3n Nacional de Municipios de M\u00e9xico (FENAMM). Este hito no solo afirma el protagonismo de [&hellip;]\" \/>\n<meta property=\"og:url\" content=\"https:\/\/continuamosmx.com\/index.php\/2023\/12\/21\/tony-rodriguez-presidira-la-fenamm\/\" \/>\n<meta property=\"article:published_time\" content=\"2023-12-21T17:21:47+00:00\" \/>\n<meta property=\"article:modified_time\" content=\"2023-12-21T17:21:48+00:00\" \/>\n<meta property=\"og:image\" content=\"https:\/\/continuamosmx.com\/wp-content\/uploads\/2023\/12\/tlalne-premio.jpg\" \/>\n\t<meta property=\"og:image:width\" content=\"1600\" \/>\n\t<meta property=\"og:image:height\" content=\"1067\" \/>\n\t<meta property=\"og:image:type\" content=\"image\/jpeg\" \/>\n<meta name=\"author\" content=\"Continuamos MX\" \/>\n<meta name=\"twitter:card\" content=\"summary_large_image\" \/>\n<meta name=\"twitter:label1\" content=\"Escrito por\" \/>\n\t<meta name=\"twitter:data1\" content=\"Continuamos MX\" \/>\n\t<meta name=\"twitter:label2\" content=\"Tiempo de lectura\" \/>\n\t<meta name=\"twitter:data2\" content=\"2 minutos\" \/>\n<script type=\"application\/ld+json\" class=\"yoast-schema-graph\">{\"@context\":\"https:\\\/\\\/schema.org\",\"@graph\":[{\"@type\":\"Article\",\"@id\":\"https:\\\/\\\/continuamosmx.com\\\/index.php\\\/2023\\\/12\\\/21\\\/tony-rodriguez-presidira-la-fenamm\\\/#article\",\"isPartOf\":{\"@id\":\"https:\\\/\\\/continuamosmx.com\\\/index.php\\\/2023\\\/12\\\/21\\\/tony-rodriguez-presidira-la-fenamm\\\/\"},\"author\":{\"name\":\"Continuamos MX\",\"@id\":\"https:\\\/\\\/continuamosmx.com\\\/#\\\/schema\\\/person\\\/5eb5356acb1fad784da407d14f0e8d89\"},\"headline\":\"TONY RODR\u00cdGUEZ PRESIDIR\u00c1 LA FENAMM\",\"datePublished\":\"2023-12-21T17:21:47+00:00\",\"dateModified\":\"2023-12-21T17:21:48+00:00\",\"mainEntityOfPage\":{\"@id\":\"https:\\\/\\\/continuamosmx.com\\\/index.php\\\/2023\\\/12\\\/21\\\/tony-rodriguez-presidira-la-fenamm\\\/\"},\"wordCount\":455,\"commentCount\":0,\"publisher\":{\"@id\":\"https:\\\/\\\/continuamosmx.com\\\/#organization\"},\"image\":{\"@id\":\"https:\\\/\\\/continuamosmx.com\\\/index.php\\\/2023\\\/12\\\/21\\\/tony-rodriguez-presidira-la-fenamm\\\/#primaryimage\"},\"thumbnailUrl\":\"https:\\\/\\\/continuamosmx.com\\\/wp-content\\\/uploads\\\/2023\\\/12\\\/tlalne-premio.jpg\",\"articleSection\":[\"LOCALES\",\"TLALNEPANTLA\"],\"inLanguage\":\"es\"},{\"@type\":\"WebPage\",\"@id\":\"https:\\\/\\\/continuamosmx.com\\\/index.php\\\/2023\\\/12\\\/21\\\/tony-rodriguez-presidira-la-fenamm\\\/\",\"url\":\"https:\\\/\\\/continuamosmx.com\\\/index.php\\\/2023\\\/12\\\/21\\\/tony-rodriguez-presidira-la-fenamm\\\/\",\"name\":\"TONY RODR\u00cdGUEZ PRESIDIR\u00c1 LA FENAMM -\",\"isPartOf\":{\"@id\":\"https:\\\/\\\/continuamosmx.com\\\/#website\"},\"primaryImageOfPage\":{\"@id\":\"https:\\\/\\\/continuamosmx.com\\\/index.php\\\/2023\\\/12\\\/21\\\/tony-rodriguez-presidira-la-fenamm\\\/#primaryimage\"},\"image\":{\"@id\":\"https:\\\/\\\/continuamosmx.com\\\/index.php\\\/2023\\\/12\\\/21\\\/tony-rodriguez-presidira-la-fenamm\\\/#primaryimage\"},\"thumbnailUrl\":\"https:\\\/\\\/continuamosmx.com\\\/wp-content\\\/uploads\\\/2023\\\/12\\\/tlalne-premio.jpg\",\"datePublished\":\"2023-12-21T17:21:47+00:00\",\"dateModified\":\"2023-12-21T17:21:48+00:00\",\"breadcrumb\":{\"@id\":\"https:\\\/\\\/continuamosmx.com\\\/index.php\\\/2023\\\/12\\\/21\\\/tony-rodriguez-presidira-la-fenamm\\\/#breadcrumb\"},\"inLanguage\":\"es\",\"potentialAction\":[{\"@type\":\"ReadAction\",\"target\":[\"https:\\\/\\\/continuamosmx.com\\\/index.php\\\/2023\\\/12\\\/21\\\/tony-rodriguez-presidira-la-fenamm\\\/\"]}]},{\"@type\":\"ImageObject\",\"inLanguage\":\"es\",\"@id\":\"https:\\\/\\\/continuamosmx.com\\\/index.php\\\/2023\\\/12\\\/21\\\/tony-rodriguez-presidira-la-fenamm\\\/#primaryimage\",\"url\":\"https:\\\/\\\/continuamosmx.com\\\/wp-content\\\/uploads\\\/2023\\\/12\\\/tlalne-premio.jpg\",\"contentUrl\":\"https:\\\/\\\/continuamosmx.com\\\/wp-content\\\/uploads\\\/2023\\\/12\\\/tlalne-premio.jpg\",\"width\":1600,\"height\":1067},{\"@type\":\"BreadcrumbList\",\"@id\":\"https:\\\/\\\/continuamosmx.com\\\/index.php\\\/2023\\\/12\\\/21\\\/tony-rodriguez-presidira-la-fenamm\\\/#breadcrumb\",\"itemListElement\":[{\"@type\":\"ListItem\",\"position\":1,\"name\":\"Inicio\",\"item\":\"https:\\\/\\\/continuamosmx.com\\\/\"},{\"@type\":\"ListItem\",\"position\":2,\"name\":\"TONY RODR\u00cdGUEZ PRESIDIR\u00c1 LA FENAMM\"}]},{\"@type\":\"WebSite\",\"@id\":\"https:\\\/\\\/continuamosmx.com\\\/#website\",\"url\":\"https:\\\/\\\/continuamosmx.com\\\/\",\"name\":\"www.continuamosmx.com\",\"description\":\"\",\"publisher\":{\"@id\":\"https:\\\/\\\/continuamosmx.com\\\/#organization\"},\"potentialAction\":[{\"@type\":\"SearchAction\",\"target\":{\"@type\":\"EntryPoint\",\"urlTemplate\":\"https:\\\/\\\/continuamosmx.com\\\/?s={search_term_string}\"},\"query-input\":{\"@type\":\"PropertyValueSpecification\",\"valueRequired\":true,\"valueName\":\"search_term_string\"}}],\"inLanguage\":\"es\"},{\"@type\":\"Organization\",\"@id\":\"https:\\\/\\\/continuamosmx.com\\\/#organization\",\"name\":\"ContinuamosMX\",\"url\":\"https:\\\/\\\/continuamosmx.com\\\/\",\"logo\":{\"@type\":\"ImageObject\",\"inLanguage\":\"es\",\"@id\":\"https:\\\/\\\/continuamosmx.com\\\/#\\\/schema\\\/logo\\\/image\\\/\",\"url\":\"https:\\\/\\\/continuamosmx.com\\\/wp-content\\\/uploads\\\/2023\\\/04\\\/cropped-LOGO-CONTI-NUEVO.png\",\"contentUrl\":\"https:\\\/\\\/continuamosmx.com\\\/wp-content\\\/uploads\\\/2023\\\/04\\\/cropped-LOGO-CONTI-NUEVO.png\",\"width\":1257,\"height\":430,\"caption\":\"ContinuamosMX\"},\"image\":{\"@id\":\"https:\\\/\\\/continuamosmx.com\\\/#\\\/schema\\\/logo\\\/image\\\/\"}},{\"@type\":\"Person\",\"@id\":\"https:\\\/\\\/continuamosmx.com\\\/#\\\/schema\\\/person\\\/5eb5356acb1fad784da407d14f0e8d89\",\"name\":\"Continuamos MX\",\"image\":{\"@type\":\"ImageObject\",\"inLanguage\":\"es\",\"@id\":\"https:\\\/\\\/secure.gravatar.com\\\/avatar\\\/30d4f9723476a15f4da34d35fb3501f08d2357016c76051c6a85c354c7489589?s=96&d=mm&r=g\",\"url\":\"https:\\\/\\\/secure.gravatar.com\\\/avatar\\\/30d4f9723476a15f4da34d35fb3501f08d2357016c76051c6a85c354c7489589?s=96&d=mm&r=g\",\"contentUrl\":\"https:\\\/\\\/secure.gravatar.com\\\/avatar\\\/30d4f9723476a15f4da34d35fb3501f08d2357016c76051c6a85c354c7489589?s=96&d=mm&r=g\",\"caption\":\"Continuamos MX\"},\"sameAs\":[\"http:\\\/\\\/www.continuamos.mx\"],\"url\":\"https:\\\/\\\/continuamosmx.com\\\/index.php\\\/author\\\/continuamos\\\/\"}]}<\/script>\n<!-- \/ Yoast SEO plugin. -->","yoast_head_json":{"title":"TONY RODR\u00cdGUEZ PRESIDIR\u00c1 LA FENAMM -","robots":{"index":"index","follow":"follow","max-snippet":"max-snippet:-1","max-image-preview":"max-image-preview:large","max-video-preview":"max-video-preview:-1"},"canonical":"https:\/\/continuamosmx.com\/index.php\/2023\/12\/21\/tony-rodriguez-presidira-la-fenamm\/","og_locale":"es_ES","og_type":"article","og_title":"TONY RODR\u00cdGUEZ PRESIDIR\u00c1 LA FENAMM -","og_description":"*La toma de protesta estuvo a cargo del presidente del PRI Nacional, Alejandro Moreno C\u00e1rdenas VALLE DE M\u00c9XICO.- En un evento de trascendencia pol\u00edtica, Marco Antonio Rodr\u00edguez Hurtado, presidente municipal de Tlalnepantla, tom\u00f3 las riendas como nuevo l\u00edder de la Federaci\u00f3n Nacional de Municipios de M\u00e9xico (FENAMM). Este hito no solo afirma el protagonismo de [&hellip;]","og_url":"https:\/\/continuamosmx.com\/index.php\/2023\/12\/21\/tony-rodriguez-presidira-la-fenamm\/","article_published_time":"2023-12-21T17:21:47+00:00","article_modified_time":"2023-12-21T17:21:48+00:00","og_image":[{"width":1600,"height":1067,"url":"https:\/\/continuamosmx.com\/wp-content\/uploads\/2023\/12\/tlalne-premio.jpg","type":"image\/jpeg"}],"author":"Continuamos MX","twitter_card":"summary_large_image","twitter_misc":{"Escrito por":"Continuamos MX","Tiempo de lectura":"2 minutos"},"schema":{"@context":"https:\/\/schema.org","@graph":[{"@type":"Article","@id":"https:\/\/continuamosmx.com\/index.php\/2023\/12\/21\/tony-rodriguez-presidira-la-fenamm\/#article","isPartOf":{"@id":"https:\/\/continuamosmx.com\/index.php\/2023\/12\/21\/tony-rodriguez-presidira-la-fenamm\/"},"author":{"name":"Continuamos MX","@id":"https:\/\/continuamosmx.com\/#\/schema\/person\/5eb5356acb1fad784da407d14f0e8d89"},"headline":"TONY RODR\u00cdGUEZ PRESIDIR\u00c1 LA FENAMM","datePublished":"2023-12-21T17:21:47+00:00","dateModified":"2023-12-21T17:21:48+00:00","mainEntityOfPage":{"@id":"https:\/\/continuamosmx.com\/index.php\/2023\/12\/21\/tony-rodriguez-presidira-la-fenamm\/"},"wordCount":455,"commentCount":0,"publisher":{"@id":"https:\/\/continuamosmx.com\/#organization"},"image":{"@id":"https:\/\/continuamosmx.com\/index.php\/2023\/12\/21\/tony-rodriguez-presidira-la-fenamm\/#primaryimage"},"thumbnailUrl":"https:\/\/continuamosmx.com\/wp-content\/uploads\/2023\/12\/tlalne-premio.jpg","articleSection":["LOCALES","TLALNEPANTLA"],"inLanguage":"es"},{"@type":"WebPage","@id":"https:\/\/continuamosmx.com\/index.php\/2023\/12\/21\/tony-rodriguez-presidira-la-fenamm\/","url":"https:\/\/continuamosmx.com\/index.php\/2023\/12\/21\/tony-rodriguez-presidira-la-fenamm\/","name":"TONY RODR\u00cdGUEZ PRESIDIR\u00c1 LA FENAMM -","isPartOf":{"@id":"https:\/\/continuamosmx.com\/#website"},"primaryImageOfPage":{"@id":"https:\/\/continuamosmx.com\/index.php\/2023\/12\/21\/tony-rodriguez-presidira-la-fenamm\/#primaryimage"},"image":{"@id":"https:\/\/continuamosmx.com\/index.php\/2023\/12\/21\/tony-rodriguez-presidira-la-fenamm\/#primaryimage"},"thumbnailUrl":"https:\/\/continuamosmx.com\/wp-content\/uploads\/2023\/12\/tlalne-premio.jpg","datePublished":"2023-12-21T17:21:47+00:00","dateModified":"2023-12-21T17:21:48+00:00","breadcrumb":{"@id":"https:\/\/continuamosmx.com\/index.php\/2023\/12\/21\/tony-rodriguez-presidira-la-fenamm\/#breadcrumb"},"inLanguage":"es","potentialAction":[{"@type":"ReadAction","target":["https:\/\/continuamosmx.com\/index.php\/2023\/12\/21\/tony-rodriguez-presidira-la-fenamm\/"]}]},{"@type":"ImageObject","inLanguage":"es","@id":"https:\/\/continuamosmx.com\/index.php\/2023\/12\/21\/tony-rodriguez-presidira-la-fenamm\/#primaryimage","url":"https:\/\/continuamosmx.com\/wp-content\/uploads\/2023\/12\/tlalne-premio.jpg","contentUrl":"https:\/\/continuamosmx.com\/wp-content\/uploads\/2023\/12\/tlalne-premio.jpg","width":1600,"height":1067},{"@type":"BreadcrumbList","@id":"https:\/\/continuamosmx.com\/index.php\/2023\/12\/21\/tony-rodriguez-presidira-la-fenamm\/#breadcrumb","itemListElement":[{"@type":"ListItem","position":1,"name":"Inicio","item":"https:\/\/continuamosmx.com\/"},{"@type":"ListItem","position":2,"name":"TONY RODR\u00cdGUEZ PRESIDIR\u00c1 LA FENAMM"}]},{"@type":"WebSite","@id":"https:\/\/continuamosmx.com\/#website","url":"https:\/\/continuamosmx.com\/","name":"www.continuamosmx.com","description":"","publisher":{"@id":"https:\/\/continuamosmx.com\/#organization"},"potentialAction":[{"@type":"SearchAction","target":{"@type":"EntryPoint","urlTemplate":"https:\/\/continuamosmx.com\/?s={search_term_string}"},"query-input":{"@type":"PropertyValueSpecification","valueRequired":true,"valueName":"search_term_string"}}],"inLanguage":"es"},{"@type":"Organization","@id":"https:\/\/continuamosmx.com\/#organization","name":"ContinuamosMX","url":"https:\/\/continuamosmx.com\/","logo":{"@type":"ImageObject","inLanguage":"es","@id":"https:\/\/continuamosmx.com\/#\/schema\/logo\/image\/","url":"https:\/\/continuamosmx.com\/wp-content\/uploads\/2023\/04\/cropped-LOGO-CONTI-NUEVO.png","contentUrl":"https:\/\/continuamosmx.com\/wp-content\/uploads\/2023\/04\/cropped-LOGO-CONTI-NUEVO.png","width":1257,"height":430,"caption":"ContinuamosMX"},"image":{"@id":"https:\/\/continuamosmx.com\/#\/schema\/logo\/image\/"}},{"@type":"Person","@id":"https:\/\/continuamosmx.com\/#\/schema\/person\/5eb5356acb1fad784da407d14f0e8d89","name":"Continuamos MX","image":{"@type":"ImageObject","inLanguage":"es","@id":"https:\/\/secure.gravatar.com\/avatar\/30d4f9723476a15f4da34d35fb3501f08d2357016c76051c6a85c354c7489589?s=96&d=mm&r=g","url":"https:\/\/secure.gravatar.com\/avatar\/30d4f9723476a15f4da34d35fb3501f08d2357016c76051c6a85c354c7489589?s=96&d=mm&r=g","contentUrl":"https:\/\/secure.gravatar.com\/avatar\/30d4f9723476a15f4da34d35fb3501f08d2357016c76051c6a85c354c7489589?s=96&d=mm&r=g","caption":"Continuamos MX"},"sameAs":["http:\/\/www.continuamos.mx"],"url":"https:\/\/continuamosmx.com\/index.php\/author\/continuamos\/"}]}},"_links":{"self":[{"href":"https:\/\/continuamosmx.com\/index.php\/wp-json\/wp\/v2\/posts\/45784","targetHints":{"allow":["GET"]}}],"collection":[{"href":"https:\/\/continuamosmx.com\/index.php\/wp-json\/wp\/v2\/posts"}],"about":[{"href":"https:\/\/continuamosmx.com\/index.php\/wp-json\/wp\/v2\/types\/post"}],"author":[{"embeddable":true,"href":"https:\/\/continuamosmx.com\/index.php\/wp-json\/wp\/v2\/users\/6"}],"replies":[{"embeddable":true,"href":"https:\/\/continuamosmx.com\/index.php\/wp-json\/wp\/v2\/comments?post=45784"}],"version-history":[{"count":1,"href":"https:\/\/continuamosmx.com\/index.php\/wp-json\/wp\/v2\/posts\/45784\/revisions"}],"predecessor-version":[{"id":45786,"href":"https:\/\/continuamosmx.com\/index.php\/wp-json\/wp\/v2\/posts\/45784\/revisions\/45786"}],"wp:featuredmedia":[{"embeddable":true,"href":"https:\/\/continuamosmx.com\/index.php\/wp-json\/wp\/v2\/media\/45785"}],"wp:attachment":[{"href":"https:\/\/continuamosmx.com\/index.php\/wp-json\/wp\/v2\/media?parent=45784"}],"wp:term":[{"taxonomy":"category","embeddable":true,"href":"https:\/\/continuamosmx.com\/index.php\/wp-json\/wp\/v2\/categories?post=45784"},{"taxonomy":"post_tag","embeddable":true,"href":"https:\/\/continuamosmx.com\/index.php\/wp-json\/wp\/v2\/tags?post=45784"}],"curies":[{"name":"wp","href":"https:\/\/api.w.org\/{rel}","templated":true}]}}