{"id":45584,"date":"2023-12-01T07:32:16","date_gmt":"2023-12-01T07:32:16","guid":{"rendered":"https:\/\/continuamosmx.com\/?p=45584"},"modified":"2023-12-01T07:32:16","modified_gmt":"2023-12-01T07:32:16","slug":"reconocen-a-policias-de-atizapan-de-zaragoza","status":"publish","type":"post","link":"https:\/\/continuamosmx.com\/index.php\/2023\/12\/01\/reconocen-a-policias-de-atizapan-de-zaragoza\/","title":{"rendered":"RECONOCEN A POLIC\u00cdAS DE ATIZAP\u00c1N DE ZARAGOZA"},"content":{"rendered":"\n<p>*<strong>Podr\u00e1n estudiar una licenciatura en la Universidad Nacional Policial.<\/strong><\/p>\n\n\n\n<p>ATIZAP\u00c1N, M\u00e9x.- Con reconocimientos por acciones destacadas, un bono y la oportunidad de titularse como Licenciados en Seguridad P\u00fablica, 100 agentes de la Direcci\u00f3n de Seguridad P\u00fablica y Tr\u00e1nsito Municipal fueron premiados por el presidente municipal, Pedro Rodr\u00edguez Villegas.<\/p>\n\n\n\n<p>En presencia del Comisario, Fabi\u00e1n Ricardo G\u00f3mez Calc\u00e1neo, y la Doctora Alma Lilia Luna Olivas, presidenta de la Junta de Gobierno de la Facultad Latinoamericana de la Universidad Nacional Policial (UNIPOL) el alcalde panista dijo que el reconocimiento va m\u00e1s all\u00e1 del monto econ\u00f3mico que puedan recibir, porque es un agradecimiento que hacen las autoridades y la ciudadan\u00eda por la labor de seguridad que prestan todos los d\u00edas.<\/p>\n\n\n\n<p>\u201cMe siento orgulloso de la corporaci\u00f3n. A mi llegada les ped\u00ed que trabaj\u00e1ramos unidos para transformar la imagen. Ustedes son el ejemplo para sus compa\u00f1eros de que podemos hacer grandes cosas y recomponer la imagen del servidor p\u00fablico\u201d, expres\u00f3 el edil.<\/p>\n\n\n\n<p>Por su parte, G\u00f3mez Calc\u00e1neo detall\u00f3 que los reconocimientos que se entregaron fueron por las acciones de todo un a\u00f1o referentes a puestas a disposici\u00f3n, asuntos relevantes, logros deportivos y a personal destacado administrativamente.<\/p>\n\n\n\n<p>\u201cHoy, el Presidente Municipal, Pedro Rodr\u00edguez, junto con su Cabildo, entrega este significativo bono, este apoyo que va al bolsillo de la familia. Trabajamos por los dem\u00e1s, siempre es para la familia, siempre es para la casa. Acu\u00e9rdense siempre de que nuestros 10 de Mayo a veces son 11, 12 o 9; nuestros cumplea\u00f1os cambian seg\u00fan el horario y el turno asignado; nuestras fechas de Navidad se mueven conforme a la prestaci\u00f3n del servicio\u201d, reiter\u00f3.<\/p>\n\n\n\n<p>Tambi\u00e9n mencion\u00f3 que la Polic\u00eda de Atizap\u00e1n de Zaragoza fue reconocida en una ceremonia realizada en Tlaxcala y a la que acudieron agregados de los pa\u00edses latinoamericanos m\u00e1s destacados en materia de seguridad p\u00fablica.<\/p>\n\n\n\n<p>Por su parte Alma Lilia Luna dio a conocer que los agentes reconocidos y con 10 a\u00f1os dentro de la corporaci\u00f3n tienen la oportunidad de obtener una beca del 50% para titularse como licenciados en Seguridad P\u00fablica mediante la experiencia profesional.<\/p>\n\n\n\n<p>\u201cLa Facultad Latinoamericana, a lo largo de M\u00e9xico y otros pa\u00edses, est\u00e1 pendiente y, a trav\u00e9s del Instituto en donde est\u00e1 nuestro Rector, el General Paulino (Rogelio Jim\u00e9nez Hidalgo), observa las diferentes estad\u00edsticas del avance en materia de seguridad y Atizap\u00e1n est\u00e1 marcando, de acuerdo a sus n\u00fameros y estad\u00edsticas, un precedente.<\/p>\n\n\n\n<p>\u201cEn la Facultad Latinoamericana entendemos que cada uno de ustedes lleva consigo no s\u00f3lo el uniforme, sino tambi\u00e9n una valiosa experiencia que merece ser reconocida y elevada. Obtener la Licenciatura en Seguridad P\u00fablica no solo es un logro personal, sino una inversi\u00f3n estrat\u00e9gica en su carrera. La C\u00e9dula Profesional no s\u00f3lo abre puertas, sino que tambi\u00e9n valida su experiencia como un reconocimiento formal\u201d, describi\u00f3.<\/p>\n","protected":false},"excerpt":{"rendered":"<p>*Podr\u00e1n estudiar una licenciatura en la Universidad Nacional Policial. ATIZAP\u00c1N, M\u00e9x.- Con reconocimientos por acciones destacadas, un bono y la oportunidad de titularse como Licenciados en Seguridad P\u00fablica, 100 agentes de la Direcci\u00f3n de Seguridad P\u00fablica y Tr\u00e1nsito Municipal fueron premiados por el presidente municipal, Pedro Rodr\u00edguez Villegas. En presencia del Comisario, Fabi\u00e1n Ricardo G\u00f3mez [&hellip;]<\/p>\n","protected":false},"author":6,"featured_media":45585,"comment_status":"open","ping_status":"open","sticky":false,"template":"","format":"standard","meta":{"footnotes":""},"categories":[20,4],"tags":[],"class_list":["post-45584","post","type-post","status-publish","format-standard","has-post-thumbnail","hentry","category-atizapan-de-zaragoza","category-locales"],"yoast_head":"<!-- This site is optimized with the Yoast SEO plugin v27.5 - https:\/\/yoast.com\/product\/yoast-seo-wordpress\/ -->\n<title>RECONOCEN A POLIC\u00cdAS DE ATIZAP\u00c1N DE ZARAGOZA -<\/title>\n<meta name=\"robots\" content=\"index, follow, max-snippet:-1, max-image-preview:large, max-video-preview:-1\" \/>\n<link rel=\"canonical\" href=\"https:\/\/continuamosmx.com\/index.php\/2023\/12\/01\/reconocen-a-policias-de-atizapan-de-zaragoza\/\" \/>\n<meta property=\"og:locale\" content=\"es_ES\" \/>\n<meta property=\"og:type\" content=\"article\" \/>\n<meta property=\"og:title\" content=\"RECONOCEN A POLIC\u00cdAS DE ATIZAP\u00c1N DE ZARAGOZA -\" \/>\n<meta property=\"og:description\" content=\"*Podr\u00e1n estudiar una licenciatura en la Universidad Nacional Policial. ATIZAP\u00c1N, M\u00e9x.- Con reconocimientos por acciones destacadas, un bono y la oportunidad de titularse como Licenciados en Seguridad P\u00fablica, 100 agentes de la Direcci\u00f3n de Seguridad P\u00fablica y Tr\u00e1nsito Municipal fueron premiados por el presidente municipal, Pedro Rodr\u00edguez Villegas. En presencia del Comisario, Fabi\u00e1n Ricardo G\u00f3mez [&hellip;]\" \/>\n<meta property=\"og:url\" content=\"https:\/\/continuamosmx.com\/index.php\/2023\/12\/01\/reconocen-a-policias-de-atizapan-de-zaragoza\/\" \/>\n<meta property=\"article:published_time\" content=\"2023-12-01T07:32:16+00:00\" \/>\n<meta property=\"og:image\" content=\"https:\/\/continuamosmx.com\/wp-content\/uploads\/2023\/12\/polis.jpg\" \/>\n\t<meta property=\"og:image:width\" content=\"1250\" \/>\n\t<meta property=\"og:image:height\" content=\"850\" \/>\n\t<meta property=\"og:image:type\" content=\"image\/jpeg\" \/>\n<meta name=\"author\" content=\"Continuamos MX\" \/>\n<meta name=\"twitter:card\" content=\"summary_large_image\" \/>\n<meta name=\"twitter:label1\" content=\"Escrito por\" \/>\n\t<meta name=\"twitter:data1\" content=\"Continuamos MX\" \/>\n\t<meta name=\"twitter:label2\" content=\"Tiempo de lectura\" \/>\n\t<meta name=\"twitter:data2\" content=\"3 minutos\" \/>\n<script type=\"application\/ld+json\" class=\"yoast-schema-graph\">{\"@context\":\"https:\\\/\\\/schema.org\",\"@graph\":[{\"@type\":\"Article\",\"@id\":\"https:\\\/\\\/continuamosmx.com\\\/index.php\\\/2023\\\/12\\\/01\\\/reconocen-a-policias-de-atizapan-de-zaragoza\\\/#article\",\"isPartOf\":{\"@id\":\"https:\\\/\\\/continuamosmx.com\\\/index.php\\\/2023\\\/12\\\/01\\\/reconocen-a-policias-de-atizapan-de-zaragoza\\\/\"},\"author\":{\"name\":\"Continuamos MX\",\"@id\":\"https:\\\/\\\/continuamosmx.com\\\/#\\\/schema\\\/person\\\/5eb5356acb1fad784da407d14f0e8d89\"},\"headline\":\"RECONOCEN A POLIC\u00cdAS DE ATIZAP\u00c1N DE ZARAGOZA\",\"datePublished\":\"2023-12-01T07:32:16+00:00\",\"mainEntityOfPage\":{\"@id\":\"https:\\\/\\\/continuamosmx.com\\\/index.php\\\/2023\\\/12\\\/01\\\/reconocen-a-policias-de-atizapan-de-zaragoza\\\/\"},\"wordCount\":514,\"commentCount\":0,\"publisher\":{\"@id\":\"https:\\\/\\\/continuamosmx.com\\\/#organization\"},\"image\":{\"@id\":\"https:\\\/\\\/continuamosmx.com\\\/index.php\\\/2023\\\/12\\\/01\\\/reconocen-a-policias-de-atizapan-de-zaragoza\\\/#primaryimage\"},\"thumbnailUrl\":\"https:\\\/\\\/continuamosmx.com\\\/wp-content\\\/uploads\\\/2023\\\/12\\\/polis.jpg\",\"articleSection\":[\"ATIZAPAN DE ZARAGOZA\",\"LOCALES\"],\"inLanguage\":\"es\"},{\"@type\":\"WebPage\",\"@id\":\"https:\\\/\\\/continuamosmx.com\\\/index.php\\\/2023\\\/12\\\/01\\\/reconocen-a-policias-de-atizapan-de-zaragoza\\\/\",\"url\":\"https:\\\/\\\/continuamosmx.com\\\/index.php\\\/2023\\\/12\\\/01\\\/reconocen-a-policias-de-atizapan-de-zaragoza\\\/\",\"name\":\"RECONOCEN A POLIC\u00cdAS DE ATIZAP\u00c1N DE ZARAGOZA -\",\"isPartOf\":{\"@id\":\"https:\\\/\\\/continuamosmx.com\\\/#website\"},\"primaryImageOfPage\":{\"@id\":\"https:\\\/\\\/continuamosmx.com\\\/index.php\\\/2023\\\/12\\\/01\\\/reconocen-a-policias-de-atizapan-de-zaragoza\\\/#primaryimage\"},\"image\":{\"@id\":\"https:\\\/\\\/continuamosmx.com\\\/index.php\\\/2023\\\/12\\\/01\\\/reconocen-a-policias-de-atizapan-de-zaragoza\\\/#primaryimage\"},\"thumbnailUrl\":\"https:\\\/\\\/continuamosmx.com\\\/wp-content\\\/uploads\\\/2023\\\/12\\\/polis.jpg\",\"datePublished\":\"2023-12-01T07:32:16+00:00\",\"breadcrumb\":{\"@id\":\"https:\\\/\\\/continuamosmx.com\\\/index.php\\\/2023\\\/12\\\/01\\\/reconocen-a-policias-de-atizapan-de-zaragoza\\\/#breadcrumb\"},\"inLanguage\":\"es\",\"potentialAction\":[{\"@type\":\"ReadAction\",\"target\":[\"https:\\\/\\\/continuamosmx.com\\\/index.php\\\/2023\\\/12\\\/01\\\/reconocen-a-policias-de-atizapan-de-zaragoza\\\/\"]}]},{\"@type\":\"ImageObject\",\"inLanguage\":\"es\",\"@id\":\"https:\\\/\\\/continuamosmx.com\\\/index.php\\\/2023\\\/12\\\/01\\\/reconocen-a-policias-de-atizapan-de-zaragoza\\\/#primaryimage\",\"url\":\"https:\\\/\\\/continuamosmx.com\\\/wp-content\\\/uploads\\\/2023\\\/12\\\/polis.jpg\",\"contentUrl\":\"https:\\\/\\\/continuamosmx.com\\\/wp-content\\\/uploads\\\/2023\\\/12\\\/polis.jpg\",\"width\":1250,\"height\":850},{\"@type\":\"BreadcrumbList\",\"@id\":\"https:\\\/\\\/continuamosmx.com\\\/index.php\\\/2023\\\/12\\\/01\\\/reconocen-a-policias-de-atizapan-de-zaragoza\\\/#breadcrumb\",\"itemListElement\":[{\"@type\":\"ListItem\",\"position\":1,\"name\":\"Inicio\",\"item\":\"https:\\\/\\\/continuamosmx.com\\\/\"},{\"@type\":\"ListItem\",\"position\":2,\"name\":\"RECONOCEN A POLIC\u00cdAS DE ATIZAP\u00c1N DE ZARAGOZA\"}]},{\"@type\":\"WebSite\",\"@id\":\"https:\\\/\\\/continuamosmx.com\\\/#website\",\"url\":\"https:\\\/\\\/continuamosmx.com\\\/\",\"name\":\"www.continuamosmx.com\",\"description\":\"\",\"publisher\":{\"@id\":\"https:\\\/\\\/continuamosmx.com\\\/#organization\"},\"potentialAction\":[{\"@type\":\"SearchAction\",\"target\":{\"@type\":\"EntryPoint\",\"urlTemplate\":\"https:\\\/\\\/continuamosmx.com\\\/?s={search_term_string}\"},\"query-input\":{\"@type\":\"PropertyValueSpecification\",\"valueRequired\":true,\"valueName\":\"search_term_string\"}}],\"inLanguage\":\"es\"},{\"@type\":\"Organization\",\"@id\":\"https:\\\/\\\/continuamosmx.com\\\/#organization\",\"name\":\"ContinuamosMX\",\"url\":\"https:\\\/\\\/continuamosmx.com\\\/\",\"logo\":{\"@type\":\"ImageObject\",\"inLanguage\":\"es\",\"@id\":\"https:\\\/\\\/continuamosmx.com\\\/#\\\/schema\\\/logo\\\/image\\\/\",\"url\":\"https:\\\/\\\/continuamosmx.com\\\/wp-content\\\/uploads\\\/2023\\\/04\\\/cropped-LOGO-CONTI-NUEVO.png\",\"contentUrl\":\"https:\\\/\\\/continuamosmx.com\\\/wp-content\\\/uploads\\\/2023\\\/04\\\/cropped-LOGO-CONTI-NUEVO.png\",\"width\":1257,\"height\":430,\"caption\":\"ContinuamosMX\"},\"image\":{\"@id\":\"https:\\\/\\\/continuamosmx.com\\\/#\\\/schema\\\/logo\\\/image\\\/\"}},{\"@type\":\"Person\",\"@id\":\"https:\\\/\\\/continuamosmx.com\\\/#\\\/schema\\\/person\\\/5eb5356acb1fad784da407d14f0e8d89\",\"name\":\"Continuamos MX\",\"image\":{\"@type\":\"ImageObject\",\"inLanguage\":\"es\",\"@id\":\"https:\\\/\\\/secure.gravatar.com\\\/avatar\\\/30d4f9723476a15f4da34d35fb3501f08d2357016c76051c6a85c354c7489589?s=96&d=mm&r=g\",\"url\":\"https:\\\/\\\/secure.gravatar.com\\\/avatar\\\/30d4f9723476a15f4da34d35fb3501f08d2357016c76051c6a85c354c7489589?s=96&d=mm&r=g\",\"contentUrl\":\"https:\\\/\\\/secure.gravatar.com\\\/avatar\\\/30d4f9723476a15f4da34d35fb3501f08d2357016c76051c6a85c354c7489589?s=96&d=mm&r=g\",\"caption\":\"Continuamos MX\"},\"sameAs\":[\"http:\\\/\\\/www.continuamos.mx\"],\"url\":\"https:\\\/\\\/continuamosmx.com\\\/index.php\\\/author\\\/continuamos\\\/\"}]}<\/script>\n<!-- \/ Yoast SEO plugin. -->","yoast_head_json":{"title":"RECONOCEN A POLIC\u00cdAS DE ATIZAP\u00c1N DE ZARAGOZA -","robots":{"index":"index","follow":"follow","max-snippet":"max-snippet:-1","max-image-preview":"max-image-preview:large","max-video-preview":"max-video-preview:-1"},"canonical":"https:\/\/continuamosmx.com\/index.php\/2023\/12\/01\/reconocen-a-policias-de-atizapan-de-zaragoza\/","og_locale":"es_ES","og_type":"article","og_title":"RECONOCEN A POLIC\u00cdAS DE ATIZAP\u00c1N DE ZARAGOZA -","og_description":"*Podr\u00e1n estudiar una licenciatura en la Universidad Nacional Policial. ATIZAP\u00c1N, M\u00e9x.- Con reconocimientos por acciones destacadas, un bono y la oportunidad de titularse como Licenciados en Seguridad P\u00fablica, 100 agentes de la Direcci\u00f3n de Seguridad P\u00fablica y Tr\u00e1nsito Municipal fueron premiados por el presidente municipal, Pedro Rodr\u00edguez Villegas. En presencia del Comisario, Fabi\u00e1n Ricardo G\u00f3mez [&hellip;]","og_url":"https:\/\/continuamosmx.com\/index.php\/2023\/12\/01\/reconocen-a-policias-de-atizapan-de-zaragoza\/","article_published_time":"2023-12-01T07:32:16+00:00","og_image":[{"width":1250,"height":850,"url":"https:\/\/continuamosmx.com\/wp-content\/uploads\/2023\/12\/polis.jpg","type":"image\/jpeg"}],"author":"Continuamos MX","twitter_card":"summary_large_image","twitter_misc":{"Escrito por":"Continuamos MX","Tiempo de lectura":"3 minutos"},"schema":{"@context":"https:\/\/schema.org","@graph":[{"@type":"Article","@id":"https:\/\/continuamosmx.com\/index.php\/2023\/12\/01\/reconocen-a-policias-de-atizapan-de-zaragoza\/#article","isPartOf":{"@id":"https:\/\/continuamosmx.com\/index.php\/2023\/12\/01\/reconocen-a-policias-de-atizapan-de-zaragoza\/"},"author":{"name":"Continuamos MX","@id":"https:\/\/continuamosmx.com\/#\/schema\/person\/5eb5356acb1fad784da407d14f0e8d89"},"headline":"RECONOCEN A POLIC\u00cdAS DE ATIZAP\u00c1N DE ZARAGOZA","datePublished":"2023-12-01T07:32:16+00:00","mainEntityOfPage":{"@id":"https:\/\/continuamosmx.com\/index.php\/2023\/12\/01\/reconocen-a-policias-de-atizapan-de-zaragoza\/"},"wordCount":514,"commentCount":0,"publisher":{"@id":"https:\/\/continuamosmx.com\/#organization"},"image":{"@id":"https:\/\/continuamosmx.com\/index.php\/2023\/12\/01\/reconocen-a-policias-de-atizapan-de-zaragoza\/#primaryimage"},"thumbnailUrl":"https:\/\/continuamosmx.com\/wp-content\/uploads\/2023\/12\/polis.jpg","articleSection":["ATIZAPAN DE ZARAGOZA","LOCALES"],"inLanguage":"es"},{"@type":"WebPage","@id":"https:\/\/continuamosmx.com\/index.php\/2023\/12\/01\/reconocen-a-policias-de-atizapan-de-zaragoza\/","url":"https:\/\/continuamosmx.com\/index.php\/2023\/12\/01\/reconocen-a-policias-de-atizapan-de-zaragoza\/","name":"RECONOCEN A POLIC\u00cdAS DE ATIZAP\u00c1N DE ZARAGOZA -","isPartOf":{"@id":"https:\/\/continuamosmx.com\/#website"},"primaryImageOfPage":{"@id":"https:\/\/continuamosmx.com\/index.php\/2023\/12\/01\/reconocen-a-policias-de-atizapan-de-zaragoza\/#primaryimage"},"image":{"@id":"https:\/\/continuamosmx.com\/index.php\/2023\/12\/01\/reconocen-a-policias-de-atizapan-de-zaragoza\/#primaryimage"},"thumbnailUrl":"https:\/\/continuamosmx.com\/wp-content\/uploads\/2023\/12\/polis.jpg","datePublished":"2023-12-01T07:32:16+00:00","breadcrumb":{"@id":"https:\/\/continuamosmx.com\/index.php\/2023\/12\/01\/reconocen-a-policias-de-atizapan-de-zaragoza\/#breadcrumb"},"inLanguage":"es","potentialAction":[{"@type":"ReadAction","target":["https:\/\/continuamosmx.com\/index.php\/2023\/12\/01\/reconocen-a-policias-de-atizapan-de-zaragoza\/"]}]},{"@type":"ImageObject","inLanguage":"es","@id":"https:\/\/continuamosmx.com\/index.php\/2023\/12\/01\/reconocen-a-policias-de-atizapan-de-zaragoza\/#primaryimage","url":"https:\/\/continuamosmx.com\/wp-content\/uploads\/2023\/12\/polis.jpg","contentUrl":"https:\/\/continuamosmx.com\/wp-content\/uploads\/2023\/12\/polis.jpg","width":1250,"height":850},{"@type":"BreadcrumbList","@id":"https:\/\/continuamosmx.com\/index.php\/2023\/12\/01\/reconocen-a-policias-de-atizapan-de-zaragoza\/#breadcrumb","itemListElement":[{"@type":"ListItem","position":1,"name":"Inicio","item":"https:\/\/continuamosmx.com\/"},{"@type":"ListItem","position":2,"name":"RECONOCEN A POLIC\u00cdAS DE ATIZAP\u00c1N DE ZARAGOZA"}]},{"@type":"WebSite","@id":"https:\/\/continuamosmx.com\/#website","url":"https:\/\/continuamosmx.com\/","name":"www.continuamosmx.com","description":"","publisher":{"@id":"https:\/\/continuamosmx.com\/#organization"},"potentialAction":[{"@type":"SearchAction","target":{"@type":"EntryPoint","urlTemplate":"https:\/\/continuamosmx.com\/?s={search_term_string}"},"query-input":{"@type":"PropertyValueSpecification","valueRequired":true,"valueName":"search_term_string"}}],"inLanguage":"es"},{"@type":"Organization","@id":"https:\/\/continuamosmx.com\/#organization","name":"ContinuamosMX","url":"https:\/\/continuamosmx.com\/","logo":{"@type":"ImageObject","inLanguage":"es","@id":"https:\/\/continuamosmx.com\/#\/schema\/logo\/image\/","url":"https:\/\/continuamosmx.com\/wp-content\/uploads\/2023\/04\/cropped-LOGO-CONTI-NUEVO.png","contentUrl":"https:\/\/continuamosmx.com\/wp-content\/uploads\/2023\/04\/cropped-LOGO-CONTI-NUEVO.png","width":1257,"height":430,"caption":"ContinuamosMX"},"image":{"@id":"https:\/\/continuamosmx.com\/#\/schema\/logo\/image\/"}},{"@type":"Person","@id":"https:\/\/continuamosmx.com\/#\/schema\/person\/5eb5356acb1fad784da407d14f0e8d89","name":"Continuamos MX","image":{"@type":"ImageObject","inLanguage":"es","@id":"https:\/\/secure.gravatar.com\/avatar\/30d4f9723476a15f4da34d35fb3501f08d2357016c76051c6a85c354c7489589?s=96&d=mm&r=g","url":"https:\/\/secure.gravatar.com\/avatar\/30d4f9723476a15f4da34d35fb3501f08d2357016c76051c6a85c354c7489589?s=96&d=mm&r=g","contentUrl":"https:\/\/secure.gravatar.com\/avatar\/30d4f9723476a15f4da34d35fb3501f08d2357016c76051c6a85c354c7489589?s=96&d=mm&r=g","caption":"Continuamos MX"},"sameAs":["http:\/\/www.continuamos.mx"],"url":"https:\/\/continuamosmx.com\/index.php\/author\/continuamos\/"}]}},"_links":{"self":[{"href":"https:\/\/continuamosmx.com\/index.php\/wp-json\/wp\/v2\/posts\/45584","targetHints":{"allow":["GET"]}}],"collection":[{"href":"https:\/\/continuamosmx.com\/index.php\/wp-json\/wp\/v2\/posts"}],"about":[{"href":"https:\/\/continuamosmx.com\/index.php\/wp-json\/wp\/v2\/types\/post"}],"author":[{"embeddable":true,"href":"https:\/\/continuamosmx.com\/index.php\/wp-json\/wp\/v2\/users\/6"}],"replies":[{"embeddable":true,"href":"https:\/\/continuamosmx.com\/index.php\/wp-json\/wp\/v2\/comments?post=45584"}],"version-history":[{"count":1,"href":"https:\/\/continuamosmx.com\/index.php\/wp-json\/wp\/v2\/posts\/45584\/revisions"}],"predecessor-version":[{"id":45586,"href":"https:\/\/continuamosmx.com\/index.php\/wp-json\/wp\/v2\/posts\/45584\/revisions\/45586"}],"wp:featuredmedia":[{"embeddable":true,"href":"https:\/\/continuamosmx.com\/index.php\/wp-json\/wp\/v2\/media\/45585"}],"wp:attachment":[{"href":"https:\/\/continuamosmx.com\/index.php\/wp-json\/wp\/v2\/media?parent=45584"}],"wp:term":[{"taxonomy":"category","embeddable":true,"href":"https:\/\/continuamosmx.com\/index.php\/wp-json\/wp\/v2\/categories?post=45584"},{"taxonomy":"post_tag","embeddable":true,"href":"https:\/\/continuamosmx.com\/index.php\/wp-json\/wp\/v2\/tags?post=45584"}],"curies":[{"name":"wp","href":"https:\/\/api.w.org\/{rel}","templated":true}]}}