{"id":45540,"date":"2023-11-26T18:04:35","date_gmt":"2023-11-26T18:04:35","guid":{"rendered":"https:\/\/continuamosmx.com\/?p=45540"},"modified":"2023-11-26T18:04:36","modified_gmt":"2023-11-26T18:04:36","slug":"bellas-artes-uno-de-los-edificios-mas-emblematicos-de-la-cdmx","status":"publish","type":"post","link":"https:\/\/continuamosmx.com\/index.php\/2023\/11\/26\/bellas-artes-uno-de-los-edificios-mas-emblematicos-de-la-cdmx\/","title":{"rendered":"BELLAS ARTES, UNO DE LOS EDIFICIOS M\u00c1S EMBLEM\u00c1TICOS DE LA CDMX"},"content":{"rendered":"\n<p><br>El Palacio de Bellas Artes es uno de los edificios m\u00e1s emblem\u00e1ticos de la Ciudad de M\u00e9xico. Se encuentra ubicado en el Centro Hist\u00f3rico, en la Plaza de la Constituci\u00f3n, frente al Palacio Nacional. Es un edificio de estilo ecl\u00e9ctico, que combina elementos del Art Nouveau, el Art Dec\u00f3 y el Neocl\u00e1sico.<\/p>\n\n\n\n<p>La construcci\u00f3n del Palacio de Bellas Artes se inici\u00f3 en 1904, bajo el gobierno del presidente Porfirio D\u00edaz. El proyecto fue encomendado al arquitecto italiano Adamo Boari, quien hab\u00eda llegado a M\u00e9xico en 1890 y ya hab\u00eda realizado importantes obras, como el Palacio Postal.<\/p>\n\n\n\n<p>Boari dise\u00f1\u00f3 un edificio monumental, con una fachada de gran altura y una c\u00fapula de 42 metros de di\u00e1metro. El interior del edificio est\u00e1 decorado con obras de arte de artistas mexicanos y extranjeros.<\/p>\n\n\n\n<p>La construcci\u00f3n del Palacio de Bellas Artes se vio interrumpida por la Revoluci\u00f3n Mexicana, que comenz\u00f3 en 1910. Las obras se reanudaron en 1922, bajo el gobierno del presidente \u00c1lvaro Obreg\u00f3n.<\/p>\n\n\n\n<p>El Palacio de Bellas Artes fue inaugurado oficialmente el 29 de septiembre de 1934, por el presidente Abelardo L. Rodr\u00edguez. Desde entonces, ha sido sede de importantes eventos culturales, como la entrega del Premio Nobel de Literatura, la gala del Premio Ariel y los conciertos de la Orquesta Sinf\u00f3nica Nacional.<\/p>\n\n\n\n<p>A lo largo de su historia, el Palacio de Bellas Artes ha sido objeto de diversas remodelaciones y restauraciones. La m\u00e1s importante se realiz\u00f3 entre 1972 y 1976, bajo la direcci\u00f3n del arquitecto Pedro Ram\u00edrez V\u00e1zquez.<\/p>\n\n\n\n<p>En la actualidad, el Palacio de Bellas Artes es un importante centro cultural de M\u00e9xico. Alberga la Sala Principal, una de las salas de conciertos m\u00e1s importantes del mundo; la Sala de la M\u00fasica Mexicana, dedicada a la m\u00fasica tradicional mexicana; la Sala de los Conciertos, una sala de m\u00fasica de c\u00e1mara; y la Sala de exposiciones temporales.<\/p>\n\n\n\n<p>El Palacio de Bellas Artes es un s\u00edmbolo de la cultura mexicana. Es un edificio que combina la belleza arquitect\u00f3nica con la riqueza art\u00edstica. Es un lugar que atrae a visitantes de todo el mundo.<\/p>\n","protected":false},"excerpt":{"rendered":"<p>El Palacio de Bellas Artes es uno de los edificios m\u00e1s emblem\u00e1ticos de la Ciudad de M\u00e9xico. Se encuentra ubicado en el Centro Hist\u00f3rico, en la Plaza de la Constituci\u00f3n, frente al Palacio Nacional. Es un edificio de estilo ecl\u00e9ctico, que combina elementos del Art Nouveau, el Art Dec\u00f3 y el Neocl\u00e1sico. La construcci\u00f3n del [&hellip;]<\/p>\n","protected":false},"author":6,"featured_media":45541,"comment_status":"open","ping_status":"open","sticky":false,"template":"","format":"standard","meta":{"footnotes":""},"categories":[14,15],"tags":[],"class_list":["post-45540","post","type-post","status-publish","format-standard","has-post-thumbnail","hentry","category-cdmx","category-cultura"],"yoast_head":"<!-- This site is optimized with the Yoast SEO plugin v27.5 - https:\/\/yoast.com\/product\/yoast-seo-wordpress\/ -->\n<title>BELLAS ARTES, UNO DE LOS EDIFICIOS M\u00c1S EMBLEM\u00c1TICOS DE LA CDMX -<\/title>\n<meta name=\"robots\" content=\"index, follow, max-snippet:-1, max-image-preview:large, max-video-preview:-1\" \/>\n<link rel=\"canonical\" href=\"https:\/\/continuamosmx.com\/index.php\/2023\/11\/26\/bellas-artes-uno-de-los-edificios-mas-emblematicos-de-la-cdmx\/\" \/>\n<meta property=\"og:locale\" content=\"es_ES\" \/>\n<meta property=\"og:type\" content=\"article\" \/>\n<meta property=\"og:title\" content=\"BELLAS ARTES, UNO DE LOS EDIFICIOS M\u00c1S EMBLEM\u00c1TICOS DE LA CDMX -\" \/>\n<meta property=\"og:description\" content=\"El Palacio de Bellas Artes es uno de los edificios m\u00e1s emblem\u00e1ticos de la Ciudad de M\u00e9xico. Se encuentra ubicado en el Centro Hist\u00f3rico, en la Plaza de la Constituci\u00f3n, frente al Palacio Nacional. Es un edificio de estilo ecl\u00e9ctico, que combina elementos del Art Nouveau, el Art Dec\u00f3 y el Neocl\u00e1sico. La construcci\u00f3n del [&hellip;]\" \/>\n<meta property=\"og:url\" content=\"https:\/\/continuamosmx.com\/index.php\/2023\/11\/26\/bellas-artes-uno-de-los-edificios-mas-emblematicos-de-la-cdmx\/\" \/>\n<meta property=\"article:published_time\" content=\"2023-11-26T18:04:35+00:00\" \/>\n<meta property=\"article:modified_time\" content=\"2023-11-26T18:04:36+00:00\" \/>\n<meta property=\"og:image\" content=\"https:\/\/continuamosmx.com\/wp-content\/uploads\/2023\/11\/BELLAS-ARTES.jpg\" \/>\n\t<meta property=\"og:image:width\" content=\"270\" \/>\n\t<meta property=\"og:image:height\" content=\"180\" \/>\n\t<meta property=\"og:image:type\" content=\"image\/jpeg\" \/>\n<meta name=\"author\" content=\"Continuamos MX\" \/>\n<meta name=\"twitter:card\" content=\"summary_large_image\" \/>\n<meta name=\"twitter:label1\" content=\"Escrito por\" \/>\n\t<meta name=\"twitter:data1\" content=\"Continuamos MX\" \/>\n\t<meta name=\"twitter:label2\" content=\"Tiempo de lectura\" \/>\n\t<meta name=\"twitter:data2\" content=\"2 minutos\" \/>\n<script type=\"application\/ld+json\" class=\"yoast-schema-graph\">{\"@context\":\"https:\\\/\\\/schema.org\",\"@graph\":[{\"@type\":\"Article\",\"@id\":\"https:\\\/\\\/continuamosmx.com\\\/index.php\\\/2023\\\/11\\\/26\\\/bellas-artes-uno-de-los-edificios-mas-emblematicos-de-la-cdmx\\\/#article\",\"isPartOf\":{\"@id\":\"https:\\\/\\\/continuamosmx.com\\\/index.php\\\/2023\\\/11\\\/26\\\/bellas-artes-uno-de-los-edificios-mas-emblematicos-de-la-cdmx\\\/\"},\"author\":{\"name\":\"Continuamos MX\",\"@id\":\"https:\\\/\\\/continuamosmx.com\\\/#\\\/schema\\\/person\\\/5eb5356acb1fad784da407d14f0e8d89\"},\"headline\":\"BELLAS ARTES, UNO DE LOS EDIFICIOS M\u00c1S EMBLEM\u00c1TICOS DE LA CDMX\",\"datePublished\":\"2023-11-26T18:04:35+00:00\",\"dateModified\":\"2023-11-26T18:04:36+00:00\",\"mainEntityOfPage\":{\"@id\":\"https:\\\/\\\/continuamosmx.com\\\/index.php\\\/2023\\\/11\\\/26\\\/bellas-artes-uno-de-los-edificios-mas-emblematicos-de-la-cdmx\\\/\"},\"wordCount\":376,\"commentCount\":0,\"publisher\":{\"@id\":\"https:\\\/\\\/continuamosmx.com\\\/#organization\"},\"image\":{\"@id\":\"https:\\\/\\\/continuamosmx.com\\\/index.php\\\/2023\\\/11\\\/26\\\/bellas-artes-uno-de-los-edificios-mas-emblematicos-de-la-cdmx\\\/#primaryimage\"},\"thumbnailUrl\":\"https:\\\/\\\/continuamosmx.com\\\/wp-content\\\/uploads\\\/2023\\\/11\\\/BELLAS-ARTES.jpg\",\"articleSection\":[\"CDMX\",\"CULTURA\"],\"inLanguage\":\"es\"},{\"@type\":\"WebPage\",\"@id\":\"https:\\\/\\\/continuamosmx.com\\\/index.php\\\/2023\\\/11\\\/26\\\/bellas-artes-uno-de-los-edificios-mas-emblematicos-de-la-cdmx\\\/\",\"url\":\"https:\\\/\\\/continuamosmx.com\\\/index.php\\\/2023\\\/11\\\/26\\\/bellas-artes-uno-de-los-edificios-mas-emblematicos-de-la-cdmx\\\/\",\"name\":\"BELLAS ARTES, UNO DE LOS EDIFICIOS M\u00c1S EMBLEM\u00c1TICOS DE LA CDMX -\",\"isPartOf\":{\"@id\":\"https:\\\/\\\/continuamosmx.com\\\/#website\"},\"primaryImageOfPage\":{\"@id\":\"https:\\\/\\\/continuamosmx.com\\\/index.php\\\/2023\\\/11\\\/26\\\/bellas-artes-uno-de-los-edificios-mas-emblematicos-de-la-cdmx\\\/#primaryimage\"},\"image\":{\"@id\":\"https:\\\/\\\/continuamosmx.com\\\/index.php\\\/2023\\\/11\\\/26\\\/bellas-artes-uno-de-los-edificios-mas-emblematicos-de-la-cdmx\\\/#primaryimage\"},\"thumbnailUrl\":\"https:\\\/\\\/continuamosmx.com\\\/wp-content\\\/uploads\\\/2023\\\/11\\\/BELLAS-ARTES.jpg\",\"datePublished\":\"2023-11-26T18:04:35+00:00\",\"dateModified\":\"2023-11-26T18:04:36+00:00\",\"breadcrumb\":{\"@id\":\"https:\\\/\\\/continuamosmx.com\\\/index.php\\\/2023\\\/11\\\/26\\\/bellas-artes-uno-de-los-edificios-mas-emblematicos-de-la-cdmx\\\/#breadcrumb\"},\"inLanguage\":\"es\",\"potentialAction\":[{\"@type\":\"ReadAction\",\"target\":[\"https:\\\/\\\/continuamosmx.com\\\/index.php\\\/2023\\\/11\\\/26\\\/bellas-artes-uno-de-los-edificios-mas-emblematicos-de-la-cdmx\\\/\"]}]},{\"@type\":\"ImageObject\",\"inLanguage\":\"es\",\"@id\":\"https:\\\/\\\/continuamosmx.com\\\/index.php\\\/2023\\\/11\\\/26\\\/bellas-artes-uno-de-los-edificios-mas-emblematicos-de-la-cdmx\\\/#primaryimage\",\"url\":\"https:\\\/\\\/continuamosmx.com\\\/wp-content\\\/uploads\\\/2023\\\/11\\\/BELLAS-ARTES.jpg\",\"contentUrl\":\"https:\\\/\\\/continuamosmx.com\\\/wp-content\\\/uploads\\\/2023\\\/11\\\/BELLAS-ARTES.jpg\",\"width\":270,\"height\":180},{\"@type\":\"BreadcrumbList\",\"@id\":\"https:\\\/\\\/continuamosmx.com\\\/index.php\\\/2023\\\/11\\\/26\\\/bellas-artes-uno-de-los-edificios-mas-emblematicos-de-la-cdmx\\\/#breadcrumb\",\"itemListElement\":[{\"@type\":\"ListItem\",\"position\":1,\"name\":\"Inicio\",\"item\":\"https:\\\/\\\/continuamosmx.com\\\/\"},{\"@type\":\"ListItem\",\"position\":2,\"name\":\"BELLAS ARTES, UNO DE LOS EDIFICIOS M\u00c1S EMBLEM\u00c1TICOS DE LA CDMX\"}]},{\"@type\":\"WebSite\",\"@id\":\"https:\\\/\\\/continuamosmx.com\\\/#website\",\"url\":\"https:\\\/\\\/continuamosmx.com\\\/\",\"name\":\"www.continuamosmx.com\",\"description\":\"\",\"publisher\":{\"@id\":\"https:\\\/\\\/continuamosmx.com\\\/#organization\"},\"potentialAction\":[{\"@type\":\"SearchAction\",\"target\":{\"@type\":\"EntryPoint\",\"urlTemplate\":\"https:\\\/\\\/continuamosmx.com\\\/?s={search_term_string}\"},\"query-input\":{\"@type\":\"PropertyValueSpecification\",\"valueRequired\":true,\"valueName\":\"search_term_string\"}}],\"inLanguage\":\"es\"},{\"@type\":\"Organization\",\"@id\":\"https:\\\/\\\/continuamosmx.com\\\/#organization\",\"name\":\"ContinuamosMX\",\"url\":\"https:\\\/\\\/continuamosmx.com\\\/\",\"logo\":{\"@type\":\"ImageObject\",\"inLanguage\":\"es\",\"@id\":\"https:\\\/\\\/continuamosmx.com\\\/#\\\/schema\\\/logo\\\/image\\\/\",\"url\":\"https:\\\/\\\/continuamosmx.com\\\/wp-content\\\/uploads\\\/2023\\\/04\\\/cropped-LOGO-CONTI-NUEVO.png\",\"contentUrl\":\"https:\\\/\\\/continuamosmx.com\\\/wp-content\\\/uploads\\\/2023\\\/04\\\/cropped-LOGO-CONTI-NUEVO.png\",\"width\":1257,\"height\":430,\"caption\":\"ContinuamosMX\"},\"image\":{\"@id\":\"https:\\\/\\\/continuamosmx.com\\\/#\\\/schema\\\/logo\\\/image\\\/\"}},{\"@type\":\"Person\",\"@id\":\"https:\\\/\\\/continuamosmx.com\\\/#\\\/schema\\\/person\\\/5eb5356acb1fad784da407d14f0e8d89\",\"name\":\"Continuamos MX\",\"image\":{\"@type\":\"ImageObject\",\"inLanguage\":\"es\",\"@id\":\"https:\\\/\\\/secure.gravatar.com\\\/avatar\\\/30d4f9723476a15f4da34d35fb3501f08d2357016c76051c6a85c354c7489589?s=96&d=mm&r=g\",\"url\":\"https:\\\/\\\/secure.gravatar.com\\\/avatar\\\/30d4f9723476a15f4da34d35fb3501f08d2357016c76051c6a85c354c7489589?s=96&d=mm&r=g\",\"contentUrl\":\"https:\\\/\\\/secure.gravatar.com\\\/avatar\\\/30d4f9723476a15f4da34d35fb3501f08d2357016c76051c6a85c354c7489589?s=96&d=mm&r=g\",\"caption\":\"Continuamos MX\"},\"sameAs\":[\"http:\\\/\\\/www.continuamos.mx\"],\"url\":\"https:\\\/\\\/continuamosmx.com\\\/index.php\\\/author\\\/continuamos\\\/\"}]}<\/script>\n<!-- \/ Yoast SEO plugin. -->","yoast_head_json":{"title":"BELLAS ARTES, UNO DE LOS EDIFICIOS M\u00c1S EMBLEM\u00c1TICOS DE LA CDMX -","robots":{"index":"index","follow":"follow","max-snippet":"max-snippet:-1","max-image-preview":"max-image-preview:large","max-video-preview":"max-video-preview:-1"},"canonical":"https:\/\/continuamosmx.com\/index.php\/2023\/11\/26\/bellas-artes-uno-de-los-edificios-mas-emblematicos-de-la-cdmx\/","og_locale":"es_ES","og_type":"article","og_title":"BELLAS ARTES, UNO DE LOS EDIFICIOS M\u00c1S EMBLEM\u00c1TICOS DE LA CDMX -","og_description":"El Palacio de Bellas Artes es uno de los edificios m\u00e1s emblem\u00e1ticos de la Ciudad de M\u00e9xico. Se encuentra ubicado en el Centro Hist\u00f3rico, en la Plaza de la Constituci\u00f3n, frente al Palacio Nacional. Es un edificio de estilo ecl\u00e9ctico, que combina elementos del Art Nouveau, el Art Dec\u00f3 y el Neocl\u00e1sico. La construcci\u00f3n del [&hellip;]","og_url":"https:\/\/continuamosmx.com\/index.php\/2023\/11\/26\/bellas-artes-uno-de-los-edificios-mas-emblematicos-de-la-cdmx\/","article_published_time":"2023-11-26T18:04:35+00:00","article_modified_time":"2023-11-26T18:04:36+00:00","og_image":[{"width":270,"height":180,"url":"https:\/\/continuamosmx.com\/wp-content\/uploads\/2023\/11\/BELLAS-ARTES.jpg","type":"image\/jpeg"}],"author":"Continuamos MX","twitter_card":"summary_large_image","twitter_misc":{"Escrito por":"Continuamos MX","Tiempo de lectura":"2 minutos"},"schema":{"@context":"https:\/\/schema.org","@graph":[{"@type":"Article","@id":"https:\/\/continuamosmx.com\/index.php\/2023\/11\/26\/bellas-artes-uno-de-los-edificios-mas-emblematicos-de-la-cdmx\/#article","isPartOf":{"@id":"https:\/\/continuamosmx.com\/index.php\/2023\/11\/26\/bellas-artes-uno-de-los-edificios-mas-emblematicos-de-la-cdmx\/"},"author":{"name":"Continuamos MX","@id":"https:\/\/continuamosmx.com\/#\/schema\/person\/5eb5356acb1fad784da407d14f0e8d89"},"headline":"BELLAS ARTES, UNO DE LOS EDIFICIOS M\u00c1S EMBLEM\u00c1TICOS DE LA CDMX","datePublished":"2023-11-26T18:04:35+00:00","dateModified":"2023-11-26T18:04:36+00:00","mainEntityOfPage":{"@id":"https:\/\/continuamosmx.com\/index.php\/2023\/11\/26\/bellas-artes-uno-de-los-edificios-mas-emblematicos-de-la-cdmx\/"},"wordCount":376,"commentCount":0,"publisher":{"@id":"https:\/\/continuamosmx.com\/#organization"},"image":{"@id":"https:\/\/continuamosmx.com\/index.php\/2023\/11\/26\/bellas-artes-uno-de-los-edificios-mas-emblematicos-de-la-cdmx\/#primaryimage"},"thumbnailUrl":"https:\/\/continuamosmx.com\/wp-content\/uploads\/2023\/11\/BELLAS-ARTES.jpg","articleSection":["CDMX","CULTURA"],"inLanguage":"es"},{"@type":"WebPage","@id":"https:\/\/continuamosmx.com\/index.php\/2023\/11\/26\/bellas-artes-uno-de-los-edificios-mas-emblematicos-de-la-cdmx\/","url":"https:\/\/continuamosmx.com\/index.php\/2023\/11\/26\/bellas-artes-uno-de-los-edificios-mas-emblematicos-de-la-cdmx\/","name":"BELLAS ARTES, UNO DE LOS EDIFICIOS M\u00c1S EMBLEM\u00c1TICOS DE LA CDMX -","isPartOf":{"@id":"https:\/\/continuamosmx.com\/#website"},"primaryImageOfPage":{"@id":"https:\/\/continuamosmx.com\/index.php\/2023\/11\/26\/bellas-artes-uno-de-los-edificios-mas-emblematicos-de-la-cdmx\/#primaryimage"},"image":{"@id":"https:\/\/continuamosmx.com\/index.php\/2023\/11\/26\/bellas-artes-uno-de-los-edificios-mas-emblematicos-de-la-cdmx\/#primaryimage"},"thumbnailUrl":"https:\/\/continuamosmx.com\/wp-content\/uploads\/2023\/11\/BELLAS-ARTES.jpg","datePublished":"2023-11-26T18:04:35+00:00","dateModified":"2023-11-26T18:04:36+00:00","breadcrumb":{"@id":"https:\/\/continuamosmx.com\/index.php\/2023\/11\/26\/bellas-artes-uno-de-los-edificios-mas-emblematicos-de-la-cdmx\/#breadcrumb"},"inLanguage":"es","potentialAction":[{"@type":"ReadAction","target":["https:\/\/continuamosmx.com\/index.php\/2023\/11\/26\/bellas-artes-uno-de-los-edificios-mas-emblematicos-de-la-cdmx\/"]}]},{"@type":"ImageObject","inLanguage":"es","@id":"https:\/\/continuamosmx.com\/index.php\/2023\/11\/26\/bellas-artes-uno-de-los-edificios-mas-emblematicos-de-la-cdmx\/#primaryimage","url":"https:\/\/continuamosmx.com\/wp-content\/uploads\/2023\/11\/BELLAS-ARTES.jpg","contentUrl":"https:\/\/continuamosmx.com\/wp-content\/uploads\/2023\/11\/BELLAS-ARTES.jpg","width":270,"height":180},{"@type":"BreadcrumbList","@id":"https:\/\/continuamosmx.com\/index.php\/2023\/11\/26\/bellas-artes-uno-de-los-edificios-mas-emblematicos-de-la-cdmx\/#breadcrumb","itemListElement":[{"@type":"ListItem","position":1,"name":"Inicio","item":"https:\/\/continuamosmx.com\/"},{"@type":"ListItem","position":2,"name":"BELLAS ARTES, UNO DE LOS EDIFICIOS M\u00c1S EMBLEM\u00c1TICOS DE LA CDMX"}]},{"@type":"WebSite","@id":"https:\/\/continuamosmx.com\/#website","url":"https:\/\/continuamosmx.com\/","name":"www.continuamosmx.com","description":"","publisher":{"@id":"https:\/\/continuamosmx.com\/#organization"},"potentialAction":[{"@type":"SearchAction","target":{"@type":"EntryPoint","urlTemplate":"https:\/\/continuamosmx.com\/?s={search_term_string}"},"query-input":{"@type":"PropertyValueSpecification","valueRequired":true,"valueName":"search_term_string"}}],"inLanguage":"es"},{"@type":"Organization","@id":"https:\/\/continuamosmx.com\/#organization","name":"ContinuamosMX","url":"https:\/\/continuamosmx.com\/","logo":{"@type":"ImageObject","inLanguage":"es","@id":"https:\/\/continuamosmx.com\/#\/schema\/logo\/image\/","url":"https:\/\/continuamosmx.com\/wp-content\/uploads\/2023\/04\/cropped-LOGO-CONTI-NUEVO.png","contentUrl":"https:\/\/continuamosmx.com\/wp-content\/uploads\/2023\/04\/cropped-LOGO-CONTI-NUEVO.png","width":1257,"height":430,"caption":"ContinuamosMX"},"image":{"@id":"https:\/\/continuamosmx.com\/#\/schema\/logo\/image\/"}},{"@type":"Person","@id":"https:\/\/continuamosmx.com\/#\/schema\/person\/5eb5356acb1fad784da407d14f0e8d89","name":"Continuamos MX","image":{"@type":"ImageObject","inLanguage":"es","@id":"https:\/\/secure.gravatar.com\/avatar\/30d4f9723476a15f4da34d35fb3501f08d2357016c76051c6a85c354c7489589?s=96&d=mm&r=g","url":"https:\/\/secure.gravatar.com\/avatar\/30d4f9723476a15f4da34d35fb3501f08d2357016c76051c6a85c354c7489589?s=96&d=mm&r=g","contentUrl":"https:\/\/secure.gravatar.com\/avatar\/30d4f9723476a15f4da34d35fb3501f08d2357016c76051c6a85c354c7489589?s=96&d=mm&r=g","caption":"Continuamos MX"},"sameAs":["http:\/\/www.continuamos.mx"],"url":"https:\/\/continuamosmx.com\/index.php\/author\/continuamos\/"}]}},"_links":{"self":[{"href":"https:\/\/continuamosmx.com\/index.php\/wp-json\/wp\/v2\/posts\/45540","targetHints":{"allow":["GET"]}}],"collection":[{"href":"https:\/\/continuamosmx.com\/index.php\/wp-json\/wp\/v2\/posts"}],"about":[{"href":"https:\/\/continuamosmx.com\/index.php\/wp-json\/wp\/v2\/types\/post"}],"author":[{"embeddable":true,"href":"https:\/\/continuamosmx.com\/index.php\/wp-json\/wp\/v2\/users\/6"}],"replies":[{"embeddable":true,"href":"https:\/\/continuamosmx.com\/index.php\/wp-json\/wp\/v2\/comments?post=45540"}],"version-history":[{"count":1,"href":"https:\/\/continuamosmx.com\/index.php\/wp-json\/wp\/v2\/posts\/45540\/revisions"}],"predecessor-version":[{"id":45542,"href":"https:\/\/continuamosmx.com\/index.php\/wp-json\/wp\/v2\/posts\/45540\/revisions\/45542"}],"wp:featuredmedia":[{"embeddable":true,"href":"https:\/\/continuamosmx.com\/index.php\/wp-json\/wp\/v2\/media\/45541"}],"wp:attachment":[{"href":"https:\/\/continuamosmx.com\/index.php\/wp-json\/wp\/v2\/media?parent=45540"}],"wp:term":[{"taxonomy":"category","embeddable":true,"href":"https:\/\/continuamosmx.com\/index.php\/wp-json\/wp\/v2\/categories?post=45540"},{"taxonomy":"post_tag","embeddable":true,"href":"https:\/\/continuamosmx.com\/index.php\/wp-json\/wp\/v2\/tags?post=45540"}],"curies":[{"name":"wp","href":"https:\/\/api.w.org\/{rel}","templated":true}]}}