{"id":45500,"date":"2023-11-21T04:28:31","date_gmt":"2023-11-21T04:28:31","guid":{"rendered":"https:\/\/continuamosmx.com\/?p=45500"},"modified":"2023-11-21T04:28:33","modified_gmt":"2023-11-21T04:28:33","slug":"rinden-homenaje-luctuoso-a-victimas-de-san-juanico","status":"publish","type":"post","link":"https:\/\/continuamosmx.com\/index.php\/2023\/11\/21\/rinden-homenaje-luctuoso-a-victimas-de-san-juanico\/","title":{"rendered":"RINDEN HOMENAJE LUCTUOSO A V\u00cdCTIMAS DE SAN JUANICO"},"content":{"rendered":"\n<p><strong>*Se cumplieron 39 a\u00f1os de la explosi\u00f3n de San Juanico; Tony Rodr\u00edguez monta guardia de honor y colocar ofrenda floral<\/strong><\/p>\n\n\n\n<p>REDACCI\u00d3N.<\/p>\n\n\n\n<p>TLALNEPANTLA, M\u00e9x.- Marco Antonio Rodr\u00edguez Hurtado, encabez\u00f3 la ceremonia solemne en honor de las v\u00edctimas de la explosi\u00f3n de 1984 en San Juan Ixhuatepec, acompa\u00f1ado de su esposa la Presidenta Honoraria del Sistema Municipal DIF, Mar\u00eda G\u00f3mez Mart\u00ednez, integrantes del Cuerpo Edilicio, Directores y servidores p\u00fablicos de la Administraci\u00f3n.<\/p>\n\n\n\n<p>Minutos antes de las 6:00 de la ma\u00f1ana, el Alcalde mont\u00f3 guardia de honor en el Parque Hidalgo, frente a la cruz colocada para honrar la memoria de las y los tlalnepantlenses que perdieron la vida hace 39 a\u00f1os.<\/p>\n\n\n\n<p>La banda de guerra toc\u00f3 los acordes del toque de silencio para posteriormente colocar una ofrenda floral en el epicentro donde fue la explosi\u00f3n. El Alcalde tambi\u00e9n visit\u00f3 la cruz de fierro, ubicada dentro del mismo parque, misma que fue colocada tras la tragedia.<\/p>\n\n\n\n<p>Posteriormente, Rodr\u00edguez Hurtado junto a toda la comitiva de la administraci\u00f3n con veladoras en mano recorri\u00f3 el camino del pante\u00f3n municipal Caracoles, en San Isidro Ixhuatepec para develar la placa conmemorativa al aniversario luctuoso de este tr\u00e1gico hecho y nuevamente montar guardia de honor y colocar la ofrenda floral, mientras el toque de silencio hac\u00eda eco en toda la comunidad.<\/p>\n\n\n\n<p>Rodeados de veladoras que con su luz hicieron m\u00e1s emotivo el momento, Tony Rodr\u00edguez y todos los funcionarios p\u00fablicos participaron en una ceremonia de bendici\u00f3n por parte del obispo de Ecatepec, Monse\u00f1or Oscar Roberto Dom\u00ednguez, donde or\u00f3 por las v\u00edctimas de la explosi\u00f3n de San Juanico y pidi\u00f3 porque nunca m\u00e1s se vuelva a vivir un acontecimiento as\u00ed.<\/p>\n","protected":false},"excerpt":{"rendered":"<p>*Se cumplieron 39 a\u00f1os de la explosi\u00f3n de San Juanico; Tony Rodr\u00edguez monta guardia de honor y colocar ofrenda floral REDACCI\u00d3N. TLALNEPANTLA, M\u00e9x.- Marco Antonio Rodr\u00edguez Hurtado, encabez\u00f3 la ceremonia solemne en honor de las v\u00edctimas de la explosi\u00f3n de 1984 en San Juan Ixhuatepec, acompa\u00f1ado de su esposa la Presidenta Honoraria del Sistema Municipal [&hellip;]<\/p>\n","protected":false},"author":1,"featured_media":45501,"comment_status":"open","ping_status":"open","sticky":false,"template":"","format":"standard","meta":{"footnotes":""},"categories":[49],"tags":[7,101,94,95],"class_list":["post-45500","post","type-post","status-publish","format-standard","has-post-thumbnail","hentry","category-tlalnepantla","tag-edomex","tag-san-juanico","tag-tlalnepantla","tag-tony-rodriguez"],"yoast_head":"<!-- This site is optimized with the Yoast SEO plugin v27.4 - https:\/\/yoast.com\/product\/yoast-seo-wordpress\/ -->\n<title>RINDEN HOMENAJE LUCTUOSO A V\u00cdCTIMAS DE SAN JUANICO -<\/title>\n<meta name=\"robots\" content=\"index, follow, max-snippet:-1, max-image-preview:large, max-video-preview:-1\" \/>\n<link rel=\"canonical\" href=\"https:\/\/continuamosmx.com\/index.php\/2023\/11\/21\/rinden-homenaje-luctuoso-a-victimas-de-san-juanico\/\" \/>\n<meta property=\"og:locale\" content=\"es_ES\" \/>\n<meta property=\"og:type\" content=\"article\" \/>\n<meta property=\"og:title\" content=\"RINDEN HOMENAJE LUCTUOSO A V\u00cdCTIMAS DE SAN JUANICO -\" \/>\n<meta property=\"og:description\" content=\"*Se cumplieron 39 a\u00f1os de la explosi\u00f3n de San Juanico; Tony Rodr\u00edguez monta guardia de honor y colocar ofrenda floral REDACCI\u00d3N. TLALNEPANTLA, M\u00e9x.- Marco Antonio Rodr\u00edguez Hurtado, encabez\u00f3 la ceremonia solemne en honor de las v\u00edctimas de la explosi\u00f3n de 1984 en San Juan Ixhuatepec, acompa\u00f1ado de su esposa la Presidenta Honoraria del Sistema Municipal [&hellip;]\" \/>\n<meta property=\"og:url\" content=\"https:\/\/continuamosmx.com\/index.php\/2023\/11\/21\/rinden-homenaje-luctuoso-a-victimas-de-san-juanico\/\" \/>\n<meta property=\"article:published_time\" content=\"2023-11-21T04:28:31+00:00\" \/>\n<meta property=\"article:modified_time\" content=\"2023-11-21T04:28:33+00:00\" \/>\n<meta property=\"og:image\" content=\"https:\/\/continuamosmx.com\/wp-content\/uploads\/2023\/11\/IMG-20231119-WA0049.jpg\" \/>\n\t<meta property=\"og:image:width\" content=\"1600\" \/>\n\t<meta property=\"og:image:height\" content=\"1066\" \/>\n\t<meta property=\"og:image:type\" content=\"image\/jpeg\" \/>\n<meta name=\"author\" content=\"ContinuamosMX\" \/>\n<meta name=\"twitter:card\" content=\"summary_large_image\" \/>\n<meta name=\"twitter:label1\" content=\"Escrito por\" \/>\n\t<meta name=\"twitter:data1\" content=\"ContinuamosMX\" \/>\n\t<meta name=\"twitter:label2\" content=\"Tiempo de lectura\" \/>\n\t<meta name=\"twitter:data2\" content=\"2 minutos\" \/>\n<script type=\"application\/ld+json\" class=\"yoast-schema-graph\">{\"@context\":\"https:\\\/\\\/schema.org\",\"@graph\":[{\"@type\":\"Article\",\"@id\":\"https:\\\/\\\/continuamosmx.com\\\/index.php\\\/2023\\\/11\\\/21\\\/rinden-homenaje-luctuoso-a-victimas-de-san-juanico\\\/#article\",\"isPartOf\":{\"@id\":\"https:\\\/\\\/continuamosmx.com\\\/index.php\\\/2023\\\/11\\\/21\\\/rinden-homenaje-luctuoso-a-victimas-de-san-juanico\\\/\"},\"author\":{\"name\":\"ContinuamosMX\",\"@id\":\"https:\\\/\\\/continuamosmx.com\\\/#\\\/schema\\\/person\\\/597bf43bb6e9623635929d8de706669f\"},\"headline\":\"RINDEN HOMENAJE LUCTUOSO A V\u00cdCTIMAS DE SAN JUANICO\",\"datePublished\":\"2023-11-21T04:28:31+00:00\",\"dateModified\":\"2023-11-21T04:28:33+00:00\",\"mainEntityOfPage\":{\"@id\":\"https:\\\/\\\/continuamosmx.com\\\/index.php\\\/2023\\\/11\\\/21\\\/rinden-homenaje-luctuoso-a-victimas-de-san-juanico\\\/\"},\"wordCount\":309,\"commentCount\":0,\"publisher\":{\"@id\":\"https:\\\/\\\/continuamosmx.com\\\/#organization\"},\"image\":{\"@id\":\"https:\\\/\\\/continuamosmx.com\\\/index.php\\\/2023\\\/11\\\/21\\\/rinden-homenaje-luctuoso-a-victimas-de-san-juanico\\\/#primaryimage\"},\"thumbnailUrl\":\"https:\\\/\\\/continuamosmx.com\\\/wp-content\\\/uploads\\\/2023\\\/11\\\/IMG-20231119-WA0049.jpg\",\"keywords\":[\"Edomex\",\"San Juanico\",\"Tlalnepantla\",\"Tony Rodr\u00edguez\"],\"articleSection\":[\"TLALNEPANTLA\"],\"inLanguage\":\"es\"},{\"@type\":\"WebPage\",\"@id\":\"https:\\\/\\\/continuamosmx.com\\\/index.php\\\/2023\\\/11\\\/21\\\/rinden-homenaje-luctuoso-a-victimas-de-san-juanico\\\/\",\"url\":\"https:\\\/\\\/continuamosmx.com\\\/index.php\\\/2023\\\/11\\\/21\\\/rinden-homenaje-luctuoso-a-victimas-de-san-juanico\\\/\",\"name\":\"RINDEN HOMENAJE LUCTUOSO A V\u00cdCTIMAS DE SAN JUANICO -\",\"isPartOf\":{\"@id\":\"https:\\\/\\\/continuamosmx.com\\\/#website\"},\"primaryImageOfPage\":{\"@id\":\"https:\\\/\\\/continuamosmx.com\\\/index.php\\\/2023\\\/11\\\/21\\\/rinden-homenaje-luctuoso-a-victimas-de-san-juanico\\\/#primaryimage\"},\"image\":{\"@id\":\"https:\\\/\\\/continuamosmx.com\\\/index.php\\\/2023\\\/11\\\/21\\\/rinden-homenaje-luctuoso-a-victimas-de-san-juanico\\\/#primaryimage\"},\"thumbnailUrl\":\"https:\\\/\\\/continuamosmx.com\\\/wp-content\\\/uploads\\\/2023\\\/11\\\/IMG-20231119-WA0049.jpg\",\"datePublished\":\"2023-11-21T04:28:31+00:00\",\"dateModified\":\"2023-11-21T04:28:33+00:00\",\"breadcrumb\":{\"@id\":\"https:\\\/\\\/continuamosmx.com\\\/index.php\\\/2023\\\/11\\\/21\\\/rinden-homenaje-luctuoso-a-victimas-de-san-juanico\\\/#breadcrumb\"},\"inLanguage\":\"es\",\"potentialAction\":[{\"@type\":\"ReadAction\",\"target\":[\"https:\\\/\\\/continuamosmx.com\\\/index.php\\\/2023\\\/11\\\/21\\\/rinden-homenaje-luctuoso-a-victimas-de-san-juanico\\\/\"]}]},{\"@type\":\"ImageObject\",\"inLanguage\":\"es\",\"@id\":\"https:\\\/\\\/continuamosmx.com\\\/index.php\\\/2023\\\/11\\\/21\\\/rinden-homenaje-luctuoso-a-victimas-de-san-juanico\\\/#primaryimage\",\"url\":\"https:\\\/\\\/continuamosmx.com\\\/wp-content\\\/uploads\\\/2023\\\/11\\\/IMG-20231119-WA0049.jpg\",\"contentUrl\":\"https:\\\/\\\/continuamosmx.com\\\/wp-content\\\/uploads\\\/2023\\\/11\\\/IMG-20231119-WA0049.jpg\",\"width\":1600,\"height\":1066},{\"@type\":\"BreadcrumbList\",\"@id\":\"https:\\\/\\\/continuamosmx.com\\\/index.php\\\/2023\\\/11\\\/21\\\/rinden-homenaje-luctuoso-a-victimas-de-san-juanico\\\/#breadcrumb\",\"itemListElement\":[{\"@type\":\"ListItem\",\"position\":1,\"name\":\"Inicio\",\"item\":\"https:\\\/\\\/continuamosmx.com\\\/\"},{\"@type\":\"ListItem\",\"position\":2,\"name\":\"RINDEN HOMENAJE LUCTUOSO A V\u00cdCTIMAS DE SAN JUANICO\"}]},{\"@type\":\"WebSite\",\"@id\":\"https:\\\/\\\/continuamosmx.com\\\/#website\",\"url\":\"https:\\\/\\\/continuamosmx.com\\\/\",\"name\":\"www.continuamosmx.com\",\"description\":\"\",\"publisher\":{\"@id\":\"https:\\\/\\\/continuamosmx.com\\\/#organization\"},\"potentialAction\":[{\"@type\":\"SearchAction\",\"target\":{\"@type\":\"EntryPoint\",\"urlTemplate\":\"https:\\\/\\\/continuamosmx.com\\\/?s={search_term_string}\"},\"query-input\":{\"@type\":\"PropertyValueSpecification\",\"valueRequired\":true,\"valueName\":\"search_term_string\"}}],\"inLanguage\":\"es\"},{\"@type\":\"Organization\",\"@id\":\"https:\\\/\\\/continuamosmx.com\\\/#organization\",\"name\":\"ContinuamosMX\",\"url\":\"https:\\\/\\\/continuamosmx.com\\\/\",\"logo\":{\"@type\":\"ImageObject\",\"inLanguage\":\"es\",\"@id\":\"https:\\\/\\\/continuamosmx.com\\\/#\\\/schema\\\/logo\\\/image\\\/\",\"url\":\"https:\\\/\\\/continuamosmx.com\\\/wp-content\\\/uploads\\\/2023\\\/04\\\/cropped-LOGO-CONTI-NUEVO.png\",\"contentUrl\":\"https:\\\/\\\/continuamosmx.com\\\/wp-content\\\/uploads\\\/2023\\\/04\\\/cropped-LOGO-CONTI-NUEVO.png\",\"width\":1257,\"height\":430,\"caption\":\"ContinuamosMX\"},\"image\":{\"@id\":\"https:\\\/\\\/continuamosmx.com\\\/#\\\/schema\\\/logo\\\/image\\\/\"}},{\"@type\":\"Person\",\"@id\":\"https:\\\/\\\/continuamosmx.com\\\/#\\\/schema\\\/person\\\/597bf43bb6e9623635929d8de706669f\",\"name\":\"ContinuamosMX\",\"image\":{\"@type\":\"ImageObject\",\"inLanguage\":\"es\",\"@id\":\"https:\\\/\\\/secure.gravatar.com\\\/avatar\\\/559529727a6e1f51269882deb22b7cbf727c15cb0f7d75d495313386bc069382?s=96&d=mm&r=g\",\"url\":\"https:\\\/\\\/secure.gravatar.com\\\/avatar\\\/559529727a6e1f51269882deb22b7cbf727c15cb0f7d75d495313386bc069382?s=96&d=mm&r=g\",\"contentUrl\":\"https:\\\/\\\/secure.gravatar.com\\\/avatar\\\/559529727a6e1f51269882deb22b7cbf727c15cb0f7d75d495313386bc069382?s=96&d=mm&r=g\",\"caption\":\"ContinuamosMX\"},\"sameAs\":[\"http:\\\/\\\/continuamosmx.com\"],\"url\":\"https:\\\/\\\/continuamosmx.com\\\/index.php\\\/author\\\/cgbarnardhotmail-com\\\/\"}]}<\/script>\n<!-- \/ Yoast SEO plugin. -->","yoast_head_json":{"title":"RINDEN HOMENAJE LUCTUOSO A V\u00cdCTIMAS DE SAN JUANICO -","robots":{"index":"index","follow":"follow","max-snippet":"max-snippet:-1","max-image-preview":"max-image-preview:large","max-video-preview":"max-video-preview:-1"},"canonical":"https:\/\/continuamosmx.com\/index.php\/2023\/11\/21\/rinden-homenaje-luctuoso-a-victimas-de-san-juanico\/","og_locale":"es_ES","og_type":"article","og_title":"RINDEN HOMENAJE LUCTUOSO A V\u00cdCTIMAS DE SAN JUANICO -","og_description":"*Se cumplieron 39 a\u00f1os de la explosi\u00f3n de San Juanico; Tony Rodr\u00edguez monta guardia de honor y colocar ofrenda floral REDACCI\u00d3N. TLALNEPANTLA, M\u00e9x.- Marco Antonio Rodr\u00edguez Hurtado, encabez\u00f3 la ceremonia solemne en honor de las v\u00edctimas de la explosi\u00f3n de 1984 en San Juan Ixhuatepec, acompa\u00f1ado de su esposa la Presidenta Honoraria del Sistema Municipal [&hellip;]","og_url":"https:\/\/continuamosmx.com\/index.php\/2023\/11\/21\/rinden-homenaje-luctuoso-a-victimas-de-san-juanico\/","article_published_time":"2023-11-21T04:28:31+00:00","article_modified_time":"2023-11-21T04:28:33+00:00","og_image":[{"width":1600,"height":1066,"url":"https:\/\/continuamosmx.com\/wp-content\/uploads\/2023\/11\/IMG-20231119-WA0049.jpg","type":"image\/jpeg"}],"author":"ContinuamosMX","twitter_card":"summary_large_image","twitter_misc":{"Escrito por":"ContinuamosMX","Tiempo de lectura":"2 minutos"},"schema":{"@context":"https:\/\/schema.org","@graph":[{"@type":"Article","@id":"https:\/\/continuamosmx.com\/index.php\/2023\/11\/21\/rinden-homenaje-luctuoso-a-victimas-de-san-juanico\/#article","isPartOf":{"@id":"https:\/\/continuamosmx.com\/index.php\/2023\/11\/21\/rinden-homenaje-luctuoso-a-victimas-de-san-juanico\/"},"author":{"name":"ContinuamosMX","@id":"https:\/\/continuamosmx.com\/#\/schema\/person\/597bf43bb6e9623635929d8de706669f"},"headline":"RINDEN HOMENAJE LUCTUOSO A V\u00cdCTIMAS DE SAN JUANICO","datePublished":"2023-11-21T04:28:31+00:00","dateModified":"2023-11-21T04:28:33+00:00","mainEntityOfPage":{"@id":"https:\/\/continuamosmx.com\/index.php\/2023\/11\/21\/rinden-homenaje-luctuoso-a-victimas-de-san-juanico\/"},"wordCount":309,"commentCount":0,"publisher":{"@id":"https:\/\/continuamosmx.com\/#organization"},"image":{"@id":"https:\/\/continuamosmx.com\/index.php\/2023\/11\/21\/rinden-homenaje-luctuoso-a-victimas-de-san-juanico\/#primaryimage"},"thumbnailUrl":"https:\/\/continuamosmx.com\/wp-content\/uploads\/2023\/11\/IMG-20231119-WA0049.jpg","keywords":["Edomex","San Juanico","Tlalnepantla","Tony Rodr\u00edguez"],"articleSection":["TLALNEPANTLA"],"inLanguage":"es"},{"@type":"WebPage","@id":"https:\/\/continuamosmx.com\/index.php\/2023\/11\/21\/rinden-homenaje-luctuoso-a-victimas-de-san-juanico\/","url":"https:\/\/continuamosmx.com\/index.php\/2023\/11\/21\/rinden-homenaje-luctuoso-a-victimas-de-san-juanico\/","name":"RINDEN HOMENAJE LUCTUOSO A V\u00cdCTIMAS DE SAN JUANICO -","isPartOf":{"@id":"https:\/\/continuamosmx.com\/#website"},"primaryImageOfPage":{"@id":"https:\/\/continuamosmx.com\/index.php\/2023\/11\/21\/rinden-homenaje-luctuoso-a-victimas-de-san-juanico\/#primaryimage"},"image":{"@id":"https:\/\/continuamosmx.com\/index.php\/2023\/11\/21\/rinden-homenaje-luctuoso-a-victimas-de-san-juanico\/#primaryimage"},"thumbnailUrl":"https:\/\/continuamosmx.com\/wp-content\/uploads\/2023\/11\/IMG-20231119-WA0049.jpg","datePublished":"2023-11-21T04:28:31+00:00","dateModified":"2023-11-21T04:28:33+00:00","breadcrumb":{"@id":"https:\/\/continuamosmx.com\/index.php\/2023\/11\/21\/rinden-homenaje-luctuoso-a-victimas-de-san-juanico\/#breadcrumb"},"inLanguage":"es","potentialAction":[{"@type":"ReadAction","target":["https:\/\/continuamosmx.com\/index.php\/2023\/11\/21\/rinden-homenaje-luctuoso-a-victimas-de-san-juanico\/"]}]},{"@type":"ImageObject","inLanguage":"es","@id":"https:\/\/continuamosmx.com\/index.php\/2023\/11\/21\/rinden-homenaje-luctuoso-a-victimas-de-san-juanico\/#primaryimage","url":"https:\/\/continuamosmx.com\/wp-content\/uploads\/2023\/11\/IMG-20231119-WA0049.jpg","contentUrl":"https:\/\/continuamosmx.com\/wp-content\/uploads\/2023\/11\/IMG-20231119-WA0049.jpg","width":1600,"height":1066},{"@type":"BreadcrumbList","@id":"https:\/\/continuamosmx.com\/index.php\/2023\/11\/21\/rinden-homenaje-luctuoso-a-victimas-de-san-juanico\/#breadcrumb","itemListElement":[{"@type":"ListItem","position":1,"name":"Inicio","item":"https:\/\/continuamosmx.com\/"},{"@type":"ListItem","position":2,"name":"RINDEN HOMENAJE LUCTUOSO A V\u00cdCTIMAS DE SAN JUANICO"}]},{"@type":"WebSite","@id":"https:\/\/continuamosmx.com\/#website","url":"https:\/\/continuamosmx.com\/","name":"www.continuamosmx.com","description":"","publisher":{"@id":"https:\/\/continuamosmx.com\/#organization"},"potentialAction":[{"@type":"SearchAction","target":{"@type":"EntryPoint","urlTemplate":"https:\/\/continuamosmx.com\/?s={search_term_string}"},"query-input":{"@type":"PropertyValueSpecification","valueRequired":true,"valueName":"search_term_string"}}],"inLanguage":"es"},{"@type":"Organization","@id":"https:\/\/continuamosmx.com\/#organization","name":"ContinuamosMX","url":"https:\/\/continuamosmx.com\/","logo":{"@type":"ImageObject","inLanguage":"es","@id":"https:\/\/continuamosmx.com\/#\/schema\/logo\/image\/","url":"https:\/\/continuamosmx.com\/wp-content\/uploads\/2023\/04\/cropped-LOGO-CONTI-NUEVO.png","contentUrl":"https:\/\/continuamosmx.com\/wp-content\/uploads\/2023\/04\/cropped-LOGO-CONTI-NUEVO.png","width":1257,"height":430,"caption":"ContinuamosMX"},"image":{"@id":"https:\/\/continuamosmx.com\/#\/schema\/logo\/image\/"}},{"@type":"Person","@id":"https:\/\/continuamosmx.com\/#\/schema\/person\/597bf43bb6e9623635929d8de706669f","name":"ContinuamosMX","image":{"@type":"ImageObject","inLanguage":"es","@id":"https:\/\/secure.gravatar.com\/avatar\/559529727a6e1f51269882deb22b7cbf727c15cb0f7d75d495313386bc069382?s=96&d=mm&r=g","url":"https:\/\/secure.gravatar.com\/avatar\/559529727a6e1f51269882deb22b7cbf727c15cb0f7d75d495313386bc069382?s=96&d=mm&r=g","contentUrl":"https:\/\/secure.gravatar.com\/avatar\/559529727a6e1f51269882deb22b7cbf727c15cb0f7d75d495313386bc069382?s=96&d=mm&r=g","caption":"ContinuamosMX"},"sameAs":["http:\/\/continuamosmx.com"],"url":"https:\/\/continuamosmx.com\/index.php\/author\/cgbarnardhotmail-com\/"}]}},"_links":{"self":[{"href":"https:\/\/continuamosmx.com\/index.php\/wp-json\/wp\/v2\/posts\/45500","targetHints":{"allow":["GET"]}}],"collection":[{"href":"https:\/\/continuamosmx.com\/index.php\/wp-json\/wp\/v2\/posts"}],"about":[{"href":"https:\/\/continuamosmx.com\/index.php\/wp-json\/wp\/v2\/types\/post"}],"author":[{"embeddable":true,"href":"https:\/\/continuamosmx.com\/index.php\/wp-json\/wp\/v2\/users\/1"}],"replies":[{"embeddable":true,"href":"https:\/\/continuamosmx.com\/index.php\/wp-json\/wp\/v2\/comments?post=45500"}],"version-history":[{"count":1,"href":"https:\/\/continuamosmx.com\/index.php\/wp-json\/wp\/v2\/posts\/45500\/revisions"}],"predecessor-version":[{"id":45502,"href":"https:\/\/continuamosmx.com\/index.php\/wp-json\/wp\/v2\/posts\/45500\/revisions\/45502"}],"wp:featuredmedia":[{"embeddable":true,"href":"https:\/\/continuamosmx.com\/index.php\/wp-json\/wp\/v2\/media\/45501"}],"wp:attachment":[{"href":"https:\/\/continuamosmx.com\/index.php\/wp-json\/wp\/v2\/media?parent=45500"}],"wp:term":[{"taxonomy":"category","embeddable":true,"href":"https:\/\/continuamosmx.com\/index.php\/wp-json\/wp\/v2\/categories?post=45500"},{"taxonomy":"post_tag","embeddable":true,"href":"https:\/\/continuamosmx.com\/index.php\/wp-json\/wp\/v2\/tags?post=45500"}],"curies":[{"name":"wp","href":"https:\/\/api.w.org\/{rel}","templated":true}]}}