{"id":45296,"date":"2023-10-23T07:35:02","date_gmt":"2023-10-23T07:35:02","guid":{"rendered":"https:\/\/continuamosmx.com\/?p=45296"},"modified":"2023-10-23T07:35:03","modified_gmt":"2023-10-23T07:35:03","slug":"listo-segundo-festival-de-catrinas-2023-en-huixquilucan","status":"publish","type":"post","link":"https:\/\/continuamosmx.com\/index.php\/2023\/10\/23\/listo-segundo-festival-de-catrinas-2023-en-huixquilucan\/","title":{"rendered":"LISTO \u201cSEGUNDO FESTIVAL DE CATRINAS 2023\u201d EN HUIXQUILUCAN"},"content":{"rendered":"\n<p><strong>*Eventos organizados con motivo de D\u00eda de Muertos, con el prop\u00f3sito de preservar las tradiciones y disfrutar con toda la familia, los cuales se llevar\u00e1n a cabo del 25 de octubre al 01 de noviembre<\/strong><\/p>\n\n\n\n<p>REDACCI\u00d3N.<\/p>\n\n\n\n<p>HUIXQUILUCAN, M\u00e9x.- El gobierno de Huixquilucan invita al \u201cSegundo Festival de Catrinas 2023\u201d, el cual incluye diversas actividades culturales con el prop\u00f3sito de preservar una de las tradiciones y festividades de mayor arraigo en la cultura mexicana y disfrutar con toda la familia.<\/p>\n\n\n\n<p>Entre las actividades que se tienen programadas est\u00e1 la Carrera de Catrinas, un desfile de carros aleg\u00f3ricos, exhibici\u00f3n de altares para los difuntos, exposici\u00f3n y venta de pan de muerto, m\u00fasica y danza, entre otras.<\/p>\n\n\n\n<p>La presidenta municipal, Romina Contreras Carrasco, invit\u00f3 a las y los huixquiluquenses a participar y disfrutar de los eventos que se llevar\u00e1n a cabo con motivo de D\u00eda de Muertos, las cuales iniciar\u00e1n desde este 25 de octubre y culminar\u00e1n el 01 de noviembre, para difundir una de las celebraciones que dan mayor identidad a la cultura mexicana.<\/p>\n\n\n\n<p>\u201cPara el &#8216;Segundo Festival de Catrinas, Huixquilucan 2023&#8217;, hemos preparado una gran variedad de actividades para todas las edades. Sabemos que el D\u00eda de Muertos es una fecha de mucha tradici\u00f3n para los mexicanos, por lo que queremos contribuir a la preservaci\u00f3n de esta celebraci\u00f3n, al tiempo en que las familias conviven de una manera sana y divertida\u201d, indic\u00f3.<\/p>\n\n\n\n<p>Para honrar a los fieles difuntos y mostrar una de las tradiciones principales de esta festividad, se llevar\u00e1 a cabo una exhibici\u00f3n de ofrendas de D\u00eda de Muertos, que ser\u00e1 inaugurada el pr\u00f3ximo mi\u00e9rcoles 25 de octubre, a las 19:00 horas en la Explanada Municipal, y que estar\u00e1 abierta al p\u00fablico hasta el jueves 26; estos altares ser\u00e1n elaborados por servidores p\u00fablicos de todas las \u00e1reas que conforman el Ayuntamiento.<\/p>\n\n\n\n<p>Asimismo, como parte de las actividades culturales, la Orquesta de C\u00e1mara Municipal ofrecer\u00e1 un concierto el 27 de octubre y tendr\u00e1 lugar en la iglesia de San Judas Tadeo, ubicada frente a Plaza Andador Interlomas (Fresko), en la colonia Jes\u00fas del Monte.<\/p>\n\n\n\n<p>La diversi\u00f3n y tradici\u00f3n contin\u00faa con la Carrera de Catrinas, que se realizar\u00e1 el s\u00e1bado 28 de octubre, a las 19:00 horas, teniendo como punto de salida la Explanada Municipal, la cual contar\u00e1 con las modalidades de cinco y 2.5 kil\u00f3metros.<\/p>\n\n\n\n<p>Despu\u00e9s de esta competencia, dar\u00e1 inicio el desfile y concurso de carros y motos aleg\u00f3ricos, que contempla un recorrido por las principales calles del centro municipal.<\/p>\n\n\n\n<p>Otro factor importante de estas tradiciones es la gastronom\u00eda, por lo que el gobierno local tiene preparado el Segundo festival de pan de muerto, a celebrarse el 29 de octubre, de 10:00 a 15:00 horas, en la Explanada Municipal. Escenario adecuado para enmarcar el colorido de las danzas de la Fiesta de todos los Santos \u201cXantolo\u201d, que se llevar\u00e1 a cabo en este mismo espacio, a partir de las 11:00 horas, para el disfrute de todos los asistentes.<\/p>\n\n\n\n<p>Estas actividades, dirigidas para toda la familia, concluir\u00e1n el 01 de noviembre con el Colectivo Radrackres Proyect, espect\u00e1culo de m\u00fasica y performance, que tendr\u00e1 lugar de 18:00 a 20:30 horas, en el teatro al aire libre de la Explanada Municipal, que contar\u00e1 con la participaci\u00f3n de un DJ en vivo.<\/p>\n","protected":false},"excerpt":{"rendered":"<p>*Eventos organizados con motivo de D\u00eda de Muertos, con el prop\u00f3sito de preservar las tradiciones y disfrutar con toda la familia, los cuales se llevar\u00e1n a cabo del 25 de octubre al 01 de noviembre REDACCI\u00d3N. HUIXQUILUCAN, M\u00e9x.- El gobierno de Huixquilucan invita al \u201cSegundo Festival de Catrinas 2023\u201d, el cual incluye diversas actividades culturales [&hellip;]<\/p>\n","protected":false},"author":6,"featured_media":45297,"comment_status":"open","ping_status":"open","sticky":false,"template":"","format":"standard","meta":{"footnotes":""},"categories":[5,4],"tags":[],"class_list":["post-45296","post","type-post","status-publish","format-standard","has-post-thumbnail","hentry","category-huixquilucan","category-locales"],"yoast_head":"<!-- This site is optimized with the Yoast SEO plugin v27.4 - https:\/\/yoast.com\/product\/yoast-seo-wordpress\/ -->\n<title>LISTO \u201cSEGUNDO FESTIVAL DE CATRINAS 2023\u201d EN HUIXQUILUCAN -<\/title>\n<meta name=\"robots\" content=\"index, follow, max-snippet:-1, max-image-preview:large, max-video-preview:-1\" \/>\n<link rel=\"canonical\" href=\"https:\/\/continuamosmx.com\/index.php\/2023\/10\/23\/listo-segundo-festival-de-catrinas-2023-en-huixquilucan\/\" \/>\n<meta property=\"og:locale\" content=\"es_ES\" \/>\n<meta property=\"og:type\" content=\"article\" \/>\n<meta property=\"og:title\" content=\"LISTO \u201cSEGUNDO FESTIVAL DE CATRINAS 2023\u201d EN HUIXQUILUCAN -\" \/>\n<meta property=\"og:description\" content=\"*Eventos organizados con motivo de D\u00eda de Muertos, con el prop\u00f3sito de preservar las tradiciones y disfrutar con toda la familia, los cuales se llevar\u00e1n a cabo del 25 de octubre al 01 de noviembre REDACCI\u00d3N. HUIXQUILUCAN, M\u00e9x.- El gobierno de Huixquilucan invita al \u201cSegundo Festival de Catrinas 2023\u201d, el cual incluye diversas actividades culturales [&hellip;]\" \/>\n<meta property=\"og:url\" content=\"https:\/\/continuamosmx.com\/index.php\/2023\/10\/23\/listo-segundo-festival-de-catrinas-2023-en-huixquilucan\/\" \/>\n<meta property=\"article:published_time\" content=\"2023-10-23T07:35:02+00:00\" \/>\n<meta property=\"article:modified_time\" content=\"2023-10-23T07:35:03+00:00\" \/>\n<meta property=\"og:image\" content=\"https:\/\/continuamosmx.com\/wp-content\/uploads\/2023\/10\/CATRINAS-4-scaled.jpg\" \/>\n\t<meta property=\"og:image:width\" content=\"2560\" \/>\n\t<meta property=\"og:image:height\" content=\"1707\" \/>\n\t<meta property=\"og:image:type\" content=\"image\/jpeg\" \/>\n<meta name=\"author\" content=\"Continuamos MX\" \/>\n<meta name=\"twitter:card\" content=\"summary_large_image\" \/>\n<meta name=\"twitter:label1\" content=\"Escrito por\" \/>\n\t<meta name=\"twitter:data1\" content=\"Continuamos MX\" \/>\n\t<meta name=\"twitter:label2\" content=\"Tiempo de lectura\" \/>\n\t<meta name=\"twitter:data2\" content=\"3 minutos\" \/>\n<script type=\"application\/ld+json\" class=\"yoast-schema-graph\">{\"@context\":\"https:\\\/\\\/schema.org\",\"@graph\":[{\"@type\":\"Article\",\"@id\":\"https:\\\/\\\/continuamosmx.com\\\/index.php\\\/2023\\\/10\\\/23\\\/listo-segundo-festival-de-catrinas-2023-en-huixquilucan\\\/#article\",\"isPartOf\":{\"@id\":\"https:\\\/\\\/continuamosmx.com\\\/index.php\\\/2023\\\/10\\\/23\\\/listo-segundo-festival-de-catrinas-2023-en-huixquilucan\\\/\"},\"author\":{\"name\":\"Continuamos MX\",\"@id\":\"https:\\\/\\\/continuamosmx.com\\\/#\\\/schema\\\/person\\\/5eb5356acb1fad784da407d14f0e8d89\"},\"headline\":\"LISTO \u201cSEGUNDO FESTIVAL DE CATRINAS 2023\u201d EN HUIXQUILUCAN\",\"datePublished\":\"2023-10-23T07:35:02+00:00\",\"dateModified\":\"2023-10-23T07:35:03+00:00\",\"mainEntityOfPage\":{\"@id\":\"https:\\\/\\\/continuamosmx.com\\\/index.php\\\/2023\\\/10\\\/23\\\/listo-segundo-festival-de-catrinas-2023-en-huixquilucan\\\/\"},\"wordCount\":565,\"commentCount\":0,\"publisher\":{\"@id\":\"https:\\\/\\\/continuamosmx.com\\\/#organization\"},\"image\":{\"@id\":\"https:\\\/\\\/continuamosmx.com\\\/index.php\\\/2023\\\/10\\\/23\\\/listo-segundo-festival-de-catrinas-2023-en-huixquilucan\\\/#primaryimage\"},\"thumbnailUrl\":\"https:\\\/\\\/continuamosmx.com\\\/wp-content\\\/uploads\\\/2023\\\/10\\\/CATRINAS-4-scaled.jpg\",\"articleSection\":[\"HUIXQUILUCAN\",\"LOCALES\"],\"inLanguage\":\"es\"},{\"@type\":\"WebPage\",\"@id\":\"https:\\\/\\\/continuamosmx.com\\\/index.php\\\/2023\\\/10\\\/23\\\/listo-segundo-festival-de-catrinas-2023-en-huixquilucan\\\/\",\"url\":\"https:\\\/\\\/continuamosmx.com\\\/index.php\\\/2023\\\/10\\\/23\\\/listo-segundo-festival-de-catrinas-2023-en-huixquilucan\\\/\",\"name\":\"LISTO \u201cSEGUNDO FESTIVAL DE CATRINAS 2023\u201d EN HUIXQUILUCAN -\",\"isPartOf\":{\"@id\":\"https:\\\/\\\/continuamosmx.com\\\/#website\"},\"primaryImageOfPage\":{\"@id\":\"https:\\\/\\\/continuamosmx.com\\\/index.php\\\/2023\\\/10\\\/23\\\/listo-segundo-festival-de-catrinas-2023-en-huixquilucan\\\/#primaryimage\"},\"image\":{\"@id\":\"https:\\\/\\\/continuamosmx.com\\\/index.php\\\/2023\\\/10\\\/23\\\/listo-segundo-festival-de-catrinas-2023-en-huixquilucan\\\/#primaryimage\"},\"thumbnailUrl\":\"https:\\\/\\\/continuamosmx.com\\\/wp-content\\\/uploads\\\/2023\\\/10\\\/CATRINAS-4-scaled.jpg\",\"datePublished\":\"2023-10-23T07:35:02+00:00\",\"dateModified\":\"2023-10-23T07:35:03+00:00\",\"breadcrumb\":{\"@id\":\"https:\\\/\\\/continuamosmx.com\\\/index.php\\\/2023\\\/10\\\/23\\\/listo-segundo-festival-de-catrinas-2023-en-huixquilucan\\\/#breadcrumb\"},\"inLanguage\":\"es\",\"potentialAction\":[{\"@type\":\"ReadAction\",\"target\":[\"https:\\\/\\\/continuamosmx.com\\\/index.php\\\/2023\\\/10\\\/23\\\/listo-segundo-festival-de-catrinas-2023-en-huixquilucan\\\/\"]}]},{\"@type\":\"ImageObject\",\"inLanguage\":\"es\",\"@id\":\"https:\\\/\\\/continuamosmx.com\\\/index.php\\\/2023\\\/10\\\/23\\\/listo-segundo-festival-de-catrinas-2023-en-huixquilucan\\\/#primaryimage\",\"url\":\"https:\\\/\\\/continuamosmx.com\\\/wp-content\\\/uploads\\\/2023\\\/10\\\/CATRINAS-4-scaled.jpg\",\"contentUrl\":\"https:\\\/\\\/continuamosmx.com\\\/wp-content\\\/uploads\\\/2023\\\/10\\\/CATRINAS-4-scaled.jpg\",\"width\":2560,\"height\":1707},{\"@type\":\"BreadcrumbList\",\"@id\":\"https:\\\/\\\/continuamosmx.com\\\/index.php\\\/2023\\\/10\\\/23\\\/listo-segundo-festival-de-catrinas-2023-en-huixquilucan\\\/#breadcrumb\",\"itemListElement\":[{\"@type\":\"ListItem\",\"position\":1,\"name\":\"Inicio\",\"item\":\"https:\\\/\\\/continuamosmx.com\\\/\"},{\"@type\":\"ListItem\",\"position\":2,\"name\":\"LISTO \u201cSEGUNDO FESTIVAL DE CATRINAS 2023\u201d EN HUIXQUILUCAN\"}]},{\"@type\":\"WebSite\",\"@id\":\"https:\\\/\\\/continuamosmx.com\\\/#website\",\"url\":\"https:\\\/\\\/continuamosmx.com\\\/\",\"name\":\"www.continuamosmx.com\",\"description\":\"\",\"publisher\":{\"@id\":\"https:\\\/\\\/continuamosmx.com\\\/#organization\"},\"potentialAction\":[{\"@type\":\"SearchAction\",\"target\":{\"@type\":\"EntryPoint\",\"urlTemplate\":\"https:\\\/\\\/continuamosmx.com\\\/?s={search_term_string}\"},\"query-input\":{\"@type\":\"PropertyValueSpecification\",\"valueRequired\":true,\"valueName\":\"search_term_string\"}}],\"inLanguage\":\"es\"},{\"@type\":\"Organization\",\"@id\":\"https:\\\/\\\/continuamosmx.com\\\/#organization\",\"name\":\"ContinuamosMX\",\"url\":\"https:\\\/\\\/continuamosmx.com\\\/\",\"logo\":{\"@type\":\"ImageObject\",\"inLanguage\":\"es\",\"@id\":\"https:\\\/\\\/continuamosmx.com\\\/#\\\/schema\\\/logo\\\/image\\\/\",\"url\":\"https:\\\/\\\/continuamosmx.com\\\/wp-content\\\/uploads\\\/2023\\\/04\\\/cropped-LOGO-CONTI-NUEVO.png\",\"contentUrl\":\"https:\\\/\\\/continuamosmx.com\\\/wp-content\\\/uploads\\\/2023\\\/04\\\/cropped-LOGO-CONTI-NUEVO.png\",\"width\":1257,\"height\":430,\"caption\":\"ContinuamosMX\"},\"image\":{\"@id\":\"https:\\\/\\\/continuamosmx.com\\\/#\\\/schema\\\/logo\\\/image\\\/\"}},{\"@type\":\"Person\",\"@id\":\"https:\\\/\\\/continuamosmx.com\\\/#\\\/schema\\\/person\\\/5eb5356acb1fad784da407d14f0e8d89\",\"name\":\"Continuamos MX\",\"image\":{\"@type\":\"ImageObject\",\"inLanguage\":\"es\",\"@id\":\"https:\\\/\\\/secure.gravatar.com\\\/avatar\\\/30d4f9723476a15f4da34d35fb3501f08d2357016c76051c6a85c354c7489589?s=96&d=mm&r=g\",\"url\":\"https:\\\/\\\/secure.gravatar.com\\\/avatar\\\/30d4f9723476a15f4da34d35fb3501f08d2357016c76051c6a85c354c7489589?s=96&d=mm&r=g\",\"contentUrl\":\"https:\\\/\\\/secure.gravatar.com\\\/avatar\\\/30d4f9723476a15f4da34d35fb3501f08d2357016c76051c6a85c354c7489589?s=96&d=mm&r=g\",\"caption\":\"Continuamos MX\"},\"sameAs\":[\"http:\\\/\\\/www.continuamos.mx\"],\"url\":\"https:\\\/\\\/continuamosmx.com\\\/index.php\\\/author\\\/continuamos\\\/\"}]}<\/script>\n<!-- \/ Yoast SEO plugin. -->","yoast_head_json":{"title":"LISTO \u201cSEGUNDO FESTIVAL DE CATRINAS 2023\u201d EN HUIXQUILUCAN -","robots":{"index":"index","follow":"follow","max-snippet":"max-snippet:-1","max-image-preview":"max-image-preview:large","max-video-preview":"max-video-preview:-1"},"canonical":"https:\/\/continuamosmx.com\/index.php\/2023\/10\/23\/listo-segundo-festival-de-catrinas-2023-en-huixquilucan\/","og_locale":"es_ES","og_type":"article","og_title":"LISTO \u201cSEGUNDO FESTIVAL DE CATRINAS 2023\u201d EN HUIXQUILUCAN -","og_description":"*Eventos organizados con motivo de D\u00eda de Muertos, con el prop\u00f3sito de preservar las tradiciones y disfrutar con toda la familia, los cuales se llevar\u00e1n a cabo del 25 de octubre al 01 de noviembre REDACCI\u00d3N. HUIXQUILUCAN, M\u00e9x.- El gobierno de Huixquilucan invita al \u201cSegundo Festival de Catrinas 2023\u201d, el cual incluye diversas actividades culturales [&hellip;]","og_url":"https:\/\/continuamosmx.com\/index.php\/2023\/10\/23\/listo-segundo-festival-de-catrinas-2023-en-huixquilucan\/","article_published_time":"2023-10-23T07:35:02+00:00","article_modified_time":"2023-10-23T07:35:03+00:00","og_image":[{"width":2560,"height":1707,"url":"https:\/\/continuamosmx.com\/wp-content\/uploads\/2023\/10\/CATRINAS-4-scaled.jpg","type":"image\/jpeg"}],"author":"Continuamos MX","twitter_card":"summary_large_image","twitter_misc":{"Escrito por":"Continuamos MX","Tiempo de lectura":"3 minutos"},"schema":{"@context":"https:\/\/schema.org","@graph":[{"@type":"Article","@id":"https:\/\/continuamosmx.com\/index.php\/2023\/10\/23\/listo-segundo-festival-de-catrinas-2023-en-huixquilucan\/#article","isPartOf":{"@id":"https:\/\/continuamosmx.com\/index.php\/2023\/10\/23\/listo-segundo-festival-de-catrinas-2023-en-huixquilucan\/"},"author":{"name":"Continuamos MX","@id":"https:\/\/continuamosmx.com\/#\/schema\/person\/5eb5356acb1fad784da407d14f0e8d89"},"headline":"LISTO \u201cSEGUNDO FESTIVAL DE CATRINAS 2023\u201d EN HUIXQUILUCAN","datePublished":"2023-10-23T07:35:02+00:00","dateModified":"2023-10-23T07:35:03+00:00","mainEntityOfPage":{"@id":"https:\/\/continuamosmx.com\/index.php\/2023\/10\/23\/listo-segundo-festival-de-catrinas-2023-en-huixquilucan\/"},"wordCount":565,"commentCount":0,"publisher":{"@id":"https:\/\/continuamosmx.com\/#organization"},"image":{"@id":"https:\/\/continuamosmx.com\/index.php\/2023\/10\/23\/listo-segundo-festival-de-catrinas-2023-en-huixquilucan\/#primaryimage"},"thumbnailUrl":"https:\/\/continuamosmx.com\/wp-content\/uploads\/2023\/10\/CATRINAS-4-scaled.jpg","articleSection":["HUIXQUILUCAN","LOCALES"],"inLanguage":"es"},{"@type":"WebPage","@id":"https:\/\/continuamosmx.com\/index.php\/2023\/10\/23\/listo-segundo-festival-de-catrinas-2023-en-huixquilucan\/","url":"https:\/\/continuamosmx.com\/index.php\/2023\/10\/23\/listo-segundo-festival-de-catrinas-2023-en-huixquilucan\/","name":"LISTO \u201cSEGUNDO FESTIVAL DE CATRINAS 2023\u201d EN HUIXQUILUCAN -","isPartOf":{"@id":"https:\/\/continuamosmx.com\/#website"},"primaryImageOfPage":{"@id":"https:\/\/continuamosmx.com\/index.php\/2023\/10\/23\/listo-segundo-festival-de-catrinas-2023-en-huixquilucan\/#primaryimage"},"image":{"@id":"https:\/\/continuamosmx.com\/index.php\/2023\/10\/23\/listo-segundo-festival-de-catrinas-2023-en-huixquilucan\/#primaryimage"},"thumbnailUrl":"https:\/\/continuamosmx.com\/wp-content\/uploads\/2023\/10\/CATRINAS-4-scaled.jpg","datePublished":"2023-10-23T07:35:02+00:00","dateModified":"2023-10-23T07:35:03+00:00","breadcrumb":{"@id":"https:\/\/continuamosmx.com\/index.php\/2023\/10\/23\/listo-segundo-festival-de-catrinas-2023-en-huixquilucan\/#breadcrumb"},"inLanguage":"es","potentialAction":[{"@type":"ReadAction","target":["https:\/\/continuamosmx.com\/index.php\/2023\/10\/23\/listo-segundo-festival-de-catrinas-2023-en-huixquilucan\/"]}]},{"@type":"ImageObject","inLanguage":"es","@id":"https:\/\/continuamosmx.com\/index.php\/2023\/10\/23\/listo-segundo-festival-de-catrinas-2023-en-huixquilucan\/#primaryimage","url":"https:\/\/continuamosmx.com\/wp-content\/uploads\/2023\/10\/CATRINAS-4-scaled.jpg","contentUrl":"https:\/\/continuamosmx.com\/wp-content\/uploads\/2023\/10\/CATRINAS-4-scaled.jpg","width":2560,"height":1707},{"@type":"BreadcrumbList","@id":"https:\/\/continuamosmx.com\/index.php\/2023\/10\/23\/listo-segundo-festival-de-catrinas-2023-en-huixquilucan\/#breadcrumb","itemListElement":[{"@type":"ListItem","position":1,"name":"Inicio","item":"https:\/\/continuamosmx.com\/"},{"@type":"ListItem","position":2,"name":"LISTO \u201cSEGUNDO FESTIVAL DE CATRINAS 2023\u201d EN HUIXQUILUCAN"}]},{"@type":"WebSite","@id":"https:\/\/continuamosmx.com\/#website","url":"https:\/\/continuamosmx.com\/","name":"www.continuamosmx.com","description":"","publisher":{"@id":"https:\/\/continuamosmx.com\/#organization"},"potentialAction":[{"@type":"SearchAction","target":{"@type":"EntryPoint","urlTemplate":"https:\/\/continuamosmx.com\/?s={search_term_string}"},"query-input":{"@type":"PropertyValueSpecification","valueRequired":true,"valueName":"search_term_string"}}],"inLanguage":"es"},{"@type":"Organization","@id":"https:\/\/continuamosmx.com\/#organization","name":"ContinuamosMX","url":"https:\/\/continuamosmx.com\/","logo":{"@type":"ImageObject","inLanguage":"es","@id":"https:\/\/continuamosmx.com\/#\/schema\/logo\/image\/","url":"https:\/\/continuamosmx.com\/wp-content\/uploads\/2023\/04\/cropped-LOGO-CONTI-NUEVO.png","contentUrl":"https:\/\/continuamosmx.com\/wp-content\/uploads\/2023\/04\/cropped-LOGO-CONTI-NUEVO.png","width":1257,"height":430,"caption":"ContinuamosMX"},"image":{"@id":"https:\/\/continuamosmx.com\/#\/schema\/logo\/image\/"}},{"@type":"Person","@id":"https:\/\/continuamosmx.com\/#\/schema\/person\/5eb5356acb1fad784da407d14f0e8d89","name":"Continuamos MX","image":{"@type":"ImageObject","inLanguage":"es","@id":"https:\/\/secure.gravatar.com\/avatar\/30d4f9723476a15f4da34d35fb3501f08d2357016c76051c6a85c354c7489589?s=96&d=mm&r=g","url":"https:\/\/secure.gravatar.com\/avatar\/30d4f9723476a15f4da34d35fb3501f08d2357016c76051c6a85c354c7489589?s=96&d=mm&r=g","contentUrl":"https:\/\/secure.gravatar.com\/avatar\/30d4f9723476a15f4da34d35fb3501f08d2357016c76051c6a85c354c7489589?s=96&d=mm&r=g","caption":"Continuamos MX"},"sameAs":["http:\/\/www.continuamos.mx"],"url":"https:\/\/continuamosmx.com\/index.php\/author\/continuamos\/"}]}},"_links":{"self":[{"href":"https:\/\/continuamosmx.com\/index.php\/wp-json\/wp\/v2\/posts\/45296","targetHints":{"allow":["GET"]}}],"collection":[{"href":"https:\/\/continuamosmx.com\/index.php\/wp-json\/wp\/v2\/posts"}],"about":[{"href":"https:\/\/continuamosmx.com\/index.php\/wp-json\/wp\/v2\/types\/post"}],"author":[{"embeddable":true,"href":"https:\/\/continuamosmx.com\/index.php\/wp-json\/wp\/v2\/users\/6"}],"replies":[{"embeddable":true,"href":"https:\/\/continuamosmx.com\/index.php\/wp-json\/wp\/v2\/comments?post=45296"}],"version-history":[{"count":1,"href":"https:\/\/continuamosmx.com\/index.php\/wp-json\/wp\/v2\/posts\/45296\/revisions"}],"predecessor-version":[{"id":45298,"href":"https:\/\/continuamosmx.com\/index.php\/wp-json\/wp\/v2\/posts\/45296\/revisions\/45298"}],"wp:featuredmedia":[{"embeddable":true,"href":"https:\/\/continuamosmx.com\/index.php\/wp-json\/wp\/v2\/media\/45297"}],"wp:attachment":[{"href":"https:\/\/continuamosmx.com\/index.php\/wp-json\/wp\/v2\/media?parent=45296"}],"wp:term":[{"taxonomy":"category","embeddable":true,"href":"https:\/\/continuamosmx.com\/index.php\/wp-json\/wp\/v2\/categories?post=45296"},{"taxonomy":"post_tag","embeddable":true,"href":"https:\/\/continuamosmx.com\/index.php\/wp-json\/wp\/v2\/tags?post=45296"}],"curies":[{"name":"wp","href":"https:\/\/api.w.org\/{rel}","templated":true}]}}