{"id":45275,"date":"2023-10-19T09:38:52","date_gmt":"2023-10-19T09:38:52","guid":{"rendered":"https:\/\/continuamosmx.com\/?p=45275"},"modified":"2023-10-19T09:41:07","modified_gmt":"2023-10-19T09:41:07","slug":"refrendan-compromiso-con-derechos-de-mujeres-en-nr","status":"publish","type":"post","link":"https:\/\/continuamosmx.com\/index.php\/2023\/10\/19\/refrendan-compromiso-con-derechos-de-mujeres-en-nr\/","title":{"rendered":"REFRENDAN COMPROMISO CON DERECHOS DE MUJERES EN NR"},"content":{"rendered":"\n<p>*<strong>Presentan dec\u00e1logo donde contiene tareas a desarrollar por las propias mujeres para que puedan ejercer su derecho humano a una vida libre de violencia y con equidad respecto a los varones.<\/strong><\/p>\n\n\n\n<p>REDACCI\u00d3N.<\/p>\n\n\n\n<p>NICOL\u00c1S ROMERO, M\u00e9x.- En el marco del 70 aniversario del sufragio femenino en M\u00e9xico, el gobierno del alcalde Armando Navarrete L\u00f3pez, reconoci\u00f3 la lucha de las personas del sexo femenino por sus derechos civiles y pol\u00edticos, a trav\u00e9s de la firma del dec\u00e1logo \u201cMujeres Libres\u201d, para su empoderamiento.<\/p>\n\n\n\n<p>Durante el acto realizado en el Teatro Centenario, donde el dec\u00e1logo fue firmado por funcionarias de la actual administraci\u00f3n, quienes representan la inclusi\u00f3n de la mujer como parte fundamental de los espacios gubernamentales.<\/p>\n\n\n\n<p>En representaci\u00f3n del edil nicolasromerense, la s\u00edndica Yoselin Mendoza Ram\u00edrez, destac\u00f3 los logros que las mujeres han tenido a lo largo del tiempo, avanzando en la equidad de g\u00e9nero.<\/p>\n\n\n\n<p>Indic\u00f3 que la lucha de las mujeres abri\u00f3 las puertas para que en 1947 se le reconociera a las mujeres su derecho a votar y ser votadas en procesos municipales, mientras que a trav\u00e9s de las reformas constitucionales promulgadas el 17 de octubre de 1953, se hizo realidad que pudieran gozar plenamente de ello, participando en elecciones federales en 1955, lo que significa un logro hist\u00f3rico.<\/p>\n\n\n\n<p>A\u00f1adi\u00f3 que el empuje de las mujeres fue el factor determinante para que su participaci\u00f3n en la pol\u00edtica y en los asuntos p\u00fablicos pasara de un sue\u00f1o ideal a una realidad palpable.<\/p>\n\n\n\n<p>Por su parte, la presidenta honoraria del DIF municipal, Anel Roa Vargas, resalt\u00f3 la trascendencia del dec\u00e1logo \u201cMujeres Libres\u201d, as\u00ed como el inter\u00e9s del alcalde Armando Navarrete, por respaldar a las f\u00e9minas en la protecci\u00f3n de sus derechos e integridad, desde que inici\u00f3 su gesti\u00f3n en 2019.<\/p>\n\n\n\n<p>Asimismo, Anel Roa, encabez\u00f3 un ejercicio visual donde las encargadas de diversas \u00e1reas se presentaron ante la concurrencia y reconocieron que la oportunidad que han tenido de alcanzar cargos importantes en el gobierno como jefas, coordinadoras y directoras, es resultado de la lucha femenina y de que creen en lo que por s\u00ed mismas son capaces de lograr, lo que comprueba que la mujer s\u00ed puede llegar a lo m\u00e1s alto.<\/p>\n\n\n\n<p>Cabe mencionar, que dicho dec\u00e1logo, contiene tareas a desarrollar por las propias mujeres para que puedan ejercer su derecho humano a una vida libre de violencia y con equidad respecto a los varones, como la construcci\u00f3n de s\u00ed mismas con dignidad, respeto y tolerancia, generar redes de apoyo para su fortalecimiento como personas, promover la capacitaci\u00f3n para el autoempleo y el acceso a cr\u00e9ditos.<\/p>\n\n\n\n<p>Adem\u00e1s, promueve la participaci\u00f3n, en especial de las m\u00e1s vulnerables dentro de la red de apoyo, el informarse sobre sus derechos sexuales y reproductivos, cuidarse para poder cuidar a las dem\u00e1s, incentivar la profesionalizaci\u00f3n y acceso a la educaci\u00f3n libre de estereotipos de g\u00e9nero; respetar y hacer valer sus derechos y libertades, contribuir al desarrollo integral de sus hijas e hijos, as\u00ed como promover la crianza igualitaria y la participaci\u00f3n equitativa en tareas del hogar.<\/p>\n","protected":false},"excerpt":{"rendered":"<p>*Presentan dec\u00e1logo donde contiene tareas a desarrollar por las propias mujeres para que puedan ejercer su derecho humano a una vida libre de violencia y con equidad respecto a los varones. REDACCI\u00d3N. NICOL\u00c1S ROMERO, M\u00e9x.- En el marco del 70 aniversario del sufragio femenino en M\u00e9xico, el gobierno del alcalde Armando Navarrete L\u00f3pez, reconoci\u00f3 la [&hellip;]<\/p>\n","protected":false},"author":6,"featured_media":45278,"comment_status":"open","ping_status":"open","sticky":false,"template":"","format":"standard","meta":{"footnotes":""},"categories":[4,36],"tags":[],"class_list":["post-45275","post","type-post","status-publish","format-standard","has-post-thumbnail","hentry","category-locales","category-nicolas-romero"],"yoast_head":"<!-- This site is optimized with the Yoast SEO plugin v27.5 - https:\/\/yoast.com\/product\/yoast-seo-wordpress\/ -->\n<title>REFRENDAN COMPROMISO CON DERECHOS DE MUJERES EN NR -<\/title>\n<meta name=\"robots\" content=\"index, follow, max-snippet:-1, max-image-preview:large, max-video-preview:-1\" \/>\n<link rel=\"canonical\" href=\"https:\/\/continuamosmx.com\/index.php\/2023\/10\/19\/refrendan-compromiso-con-derechos-de-mujeres-en-nr\/\" \/>\n<meta property=\"og:locale\" content=\"es_ES\" \/>\n<meta property=\"og:type\" content=\"article\" \/>\n<meta property=\"og:title\" content=\"REFRENDAN COMPROMISO CON DERECHOS DE MUJERES EN NR -\" \/>\n<meta property=\"og:description\" content=\"*Presentan dec\u00e1logo donde contiene tareas a desarrollar por las propias mujeres para que puedan ejercer su derecho humano a una vida libre de violencia y con equidad respecto a los varones. REDACCI\u00d3N. NICOL\u00c1S ROMERO, M\u00e9x.- En el marco del 70 aniversario del sufragio femenino en M\u00e9xico, el gobierno del alcalde Armando Navarrete L\u00f3pez, reconoci\u00f3 la [&hellip;]\" \/>\n<meta property=\"og:url\" content=\"https:\/\/continuamosmx.com\/index.php\/2023\/10\/19\/refrendan-compromiso-con-derechos-de-mujeres-en-nr\/\" \/>\n<meta property=\"article:published_time\" content=\"2023-10-19T09:38:52+00:00\" \/>\n<meta property=\"article:modified_time\" content=\"2023-10-19T09:41:07+00:00\" \/>\n<meta property=\"og:image\" content=\"https:\/\/continuamosmx.com\/wp-content\/uploads\/2023\/10\/nr4.jpg\" \/>\n\t<meta property=\"og:image:width\" content=\"1600\" \/>\n\t<meta property=\"og:image:height\" content=\"900\" \/>\n\t<meta property=\"og:image:type\" content=\"image\/jpeg\" \/>\n<meta name=\"author\" content=\"Continuamos MX\" \/>\n<meta name=\"twitter:card\" content=\"summary_large_image\" \/>\n<meta name=\"twitter:label1\" content=\"Escrito por\" \/>\n\t<meta name=\"twitter:data1\" content=\"Continuamos MX\" \/>\n\t<meta name=\"twitter:label2\" content=\"Tiempo de lectura\" \/>\n\t<meta name=\"twitter:data2\" content=\"3 minutos\" \/>\n<script type=\"application\/ld+json\" class=\"yoast-schema-graph\">{\"@context\":\"https:\\\/\\\/schema.org\",\"@graph\":[{\"@type\":\"Article\",\"@id\":\"https:\\\/\\\/continuamosmx.com\\\/index.php\\\/2023\\\/10\\\/19\\\/refrendan-compromiso-con-derechos-de-mujeres-en-nr\\\/#article\",\"isPartOf\":{\"@id\":\"https:\\\/\\\/continuamosmx.com\\\/index.php\\\/2023\\\/10\\\/19\\\/refrendan-compromiso-con-derechos-de-mujeres-en-nr\\\/\"},\"author\":{\"name\":\"Continuamos MX\",\"@id\":\"https:\\\/\\\/continuamosmx.com\\\/#\\\/schema\\\/person\\\/5eb5356acb1fad784da407d14f0e8d89\"},\"headline\":\"REFRENDAN COMPROMISO CON DERECHOS DE MUJERES EN NR\",\"datePublished\":\"2023-10-19T09:38:52+00:00\",\"dateModified\":\"2023-10-19T09:41:07+00:00\",\"mainEntityOfPage\":{\"@id\":\"https:\\\/\\\/continuamosmx.com\\\/index.php\\\/2023\\\/10\\\/19\\\/refrendan-compromiso-con-derechos-de-mujeres-en-nr\\\/\"},\"wordCount\":541,\"commentCount\":0,\"publisher\":{\"@id\":\"https:\\\/\\\/continuamosmx.com\\\/#organization\"},\"image\":{\"@id\":\"https:\\\/\\\/continuamosmx.com\\\/index.php\\\/2023\\\/10\\\/19\\\/refrendan-compromiso-con-derechos-de-mujeres-en-nr\\\/#primaryimage\"},\"thumbnailUrl\":\"https:\\\/\\\/continuamosmx.com\\\/wp-content\\\/uploads\\\/2023\\\/10\\\/nr4.jpg\",\"articleSection\":[\"LOCALES\",\"NICOL\u00c1S ROMERO\"],\"inLanguage\":\"es\"},{\"@type\":\"WebPage\",\"@id\":\"https:\\\/\\\/continuamosmx.com\\\/index.php\\\/2023\\\/10\\\/19\\\/refrendan-compromiso-con-derechos-de-mujeres-en-nr\\\/\",\"url\":\"https:\\\/\\\/continuamosmx.com\\\/index.php\\\/2023\\\/10\\\/19\\\/refrendan-compromiso-con-derechos-de-mujeres-en-nr\\\/\",\"name\":\"REFRENDAN COMPROMISO CON DERECHOS DE MUJERES EN NR -\",\"isPartOf\":{\"@id\":\"https:\\\/\\\/continuamosmx.com\\\/#website\"},\"primaryImageOfPage\":{\"@id\":\"https:\\\/\\\/continuamosmx.com\\\/index.php\\\/2023\\\/10\\\/19\\\/refrendan-compromiso-con-derechos-de-mujeres-en-nr\\\/#primaryimage\"},\"image\":{\"@id\":\"https:\\\/\\\/continuamosmx.com\\\/index.php\\\/2023\\\/10\\\/19\\\/refrendan-compromiso-con-derechos-de-mujeres-en-nr\\\/#primaryimage\"},\"thumbnailUrl\":\"https:\\\/\\\/continuamosmx.com\\\/wp-content\\\/uploads\\\/2023\\\/10\\\/nr4.jpg\",\"datePublished\":\"2023-10-19T09:38:52+00:00\",\"dateModified\":\"2023-10-19T09:41:07+00:00\",\"breadcrumb\":{\"@id\":\"https:\\\/\\\/continuamosmx.com\\\/index.php\\\/2023\\\/10\\\/19\\\/refrendan-compromiso-con-derechos-de-mujeres-en-nr\\\/#breadcrumb\"},\"inLanguage\":\"es\",\"potentialAction\":[{\"@type\":\"ReadAction\",\"target\":[\"https:\\\/\\\/continuamosmx.com\\\/index.php\\\/2023\\\/10\\\/19\\\/refrendan-compromiso-con-derechos-de-mujeres-en-nr\\\/\"]}]},{\"@type\":\"ImageObject\",\"inLanguage\":\"es\",\"@id\":\"https:\\\/\\\/continuamosmx.com\\\/index.php\\\/2023\\\/10\\\/19\\\/refrendan-compromiso-con-derechos-de-mujeres-en-nr\\\/#primaryimage\",\"url\":\"https:\\\/\\\/continuamosmx.com\\\/wp-content\\\/uploads\\\/2023\\\/10\\\/nr4.jpg\",\"contentUrl\":\"https:\\\/\\\/continuamosmx.com\\\/wp-content\\\/uploads\\\/2023\\\/10\\\/nr4.jpg\",\"width\":1600,\"height\":900},{\"@type\":\"BreadcrumbList\",\"@id\":\"https:\\\/\\\/continuamosmx.com\\\/index.php\\\/2023\\\/10\\\/19\\\/refrendan-compromiso-con-derechos-de-mujeres-en-nr\\\/#breadcrumb\",\"itemListElement\":[{\"@type\":\"ListItem\",\"position\":1,\"name\":\"Inicio\",\"item\":\"https:\\\/\\\/continuamosmx.com\\\/\"},{\"@type\":\"ListItem\",\"position\":2,\"name\":\"REFRENDAN COMPROMISO CON DERECHOS DE MUJERES EN NR\"}]},{\"@type\":\"WebSite\",\"@id\":\"https:\\\/\\\/continuamosmx.com\\\/#website\",\"url\":\"https:\\\/\\\/continuamosmx.com\\\/\",\"name\":\"www.continuamosmx.com\",\"description\":\"\",\"publisher\":{\"@id\":\"https:\\\/\\\/continuamosmx.com\\\/#organization\"},\"potentialAction\":[{\"@type\":\"SearchAction\",\"target\":{\"@type\":\"EntryPoint\",\"urlTemplate\":\"https:\\\/\\\/continuamosmx.com\\\/?s={search_term_string}\"},\"query-input\":{\"@type\":\"PropertyValueSpecification\",\"valueRequired\":true,\"valueName\":\"search_term_string\"}}],\"inLanguage\":\"es\"},{\"@type\":\"Organization\",\"@id\":\"https:\\\/\\\/continuamosmx.com\\\/#organization\",\"name\":\"ContinuamosMX\",\"url\":\"https:\\\/\\\/continuamosmx.com\\\/\",\"logo\":{\"@type\":\"ImageObject\",\"inLanguage\":\"es\",\"@id\":\"https:\\\/\\\/continuamosmx.com\\\/#\\\/schema\\\/logo\\\/image\\\/\",\"url\":\"https:\\\/\\\/continuamosmx.com\\\/wp-content\\\/uploads\\\/2023\\\/04\\\/cropped-LOGO-CONTI-NUEVO.png\",\"contentUrl\":\"https:\\\/\\\/continuamosmx.com\\\/wp-content\\\/uploads\\\/2023\\\/04\\\/cropped-LOGO-CONTI-NUEVO.png\",\"width\":1257,\"height\":430,\"caption\":\"ContinuamosMX\"},\"image\":{\"@id\":\"https:\\\/\\\/continuamosmx.com\\\/#\\\/schema\\\/logo\\\/image\\\/\"}},{\"@type\":\"Person\",\"@id\":\"https:\\\/\\\/continuamosmx.com\\\/#\\\/schema\\\/person\\\/5eb5356acb1fad784da407d14f0e8d89\",\"name\":\"Continuamos MX\",\"image\":{\"@type\":\"ImageObject\",\"inLanguage\":\"es\",\"@id\":\"https:\\\/\\\/secure.gravatar.com\\\/avatar\\\/30d4f9723476a15f4da34d35fb3501f08d2357016c76051c6a85c354c7489589?s=96&d=mm&r=g\",\"url\":\"https:\\\/\\\/secure.gravatar.com\\\/avatar\\\/30d4f9723476a15f4da34d35fb3501f08d2357016c76051c6a85c354c7489589?s=96&d=mm&r=g\",\"contentUrl\":\"https:\\\/\\\/secure.gravatar.com\\\/avatar\\\/30d4f9723476a15f4da34d35fb3501f08d2357016c76051c6a85c354c7489589?s=96&d=mm&r=g\",\"caption\":\"Continuamos MX\"},\"sameAs\":[\"http:\\\/\\\/www.continuamos.mx\"],\"url\":\"https:\\\/\\\/continuamosmx.com\\\/index.php\\\/author\\\/continuamos\\\/\"}]}<\/script>\n<!-- \/ Yoast SEO plugin. -->","yoast_head_json":{"title":"REFRENDAN COMPROMISO CON DERECHOS DE MUJERES EN NR -","robots":{"index":"index","follow":"follow","max-snippet":"max-snippet:-1","max-image-preview":"max-image-preview:large","max-video-preview":"max-video-preview:-1"},"canonical":"https:\/\/continuamosmx.com\/index.php\/2023\/10\/19\/refrendan-compromiso-con-derechos-de-mujeres-en-nr\/","og_locale":"es_ES","og_type":"article","og_title":"REFRENDAN COMPROMISO CON DERECHOS DE MUJERES EN NR -","og_description":"*Presentan dec\u00e1logo donde contiene tareas a desarrollar por las propias mujeres para que puedan ejercer su derecho humano a una vida libre de violencia y con equidad respecto a los varones. REDACCI\u00d3N. NICOL\u00c1S ROMERO, M\u00e9x.- En el marco del 70 aniversario del sufragio femenino en M\u00e9xico, el gobierno del alcalde Armando Navarrete L\u00f3pez, reconoci\u00f3 la [&hellip;]","og_url":"https:\/\/continuamosmx.com\/index.php\/2023\/10\/19\/refrendan-compromiso-con-derechos-de-mujeres-en-nr\/","article_published_time":"2023-10-19T09:38:52+00:00","article_modified_time":"2023-10-19T09:41:07+00:00","og_image":[{"width":1600,"height":900,"url":"https:\/\/continuamosmx.com\/wp-content\/uploads\/2023\/10\/nr4.jpg","type":"image\/jpeg"}],"author":"Continuamos MX","twitter_card":"summary_large_image","twitter_misc":{"Escrito por":"Continuamos MX","Tiempo de lectura":"3 minutos"},"schema":{"@context":"https:\/\/schema.org","@graph":[{"@type":"Article","@id":"https:\/\/continuamosmx.com\/index.php\/2023\/10\/19\/refrendan-compromiso-con-derechos-de-mujeres-en-nr\/#article","isPartOf":{"@id":"https:\/\/continuamosmx.com\/index.php\/2023\/10\/19\/refrendan-compromiso-con-derechos-de-mujeres-en-nr\/"},"author":{"name":"Continuamos MX","@id":"https:\/\/continuamosmx.com\/#\/schema\/person\/5eb5356acb1fad784da407d14f0e8d89"},"headline":"REFRENDAN COMPROMISO CON DERECHOS DE MUJERES EN NR","datePublished":"2023-10-19T09:38:52+00:00","dateModified":"2023-10-19T09:41:07+00:00","mainEntityOfPage":{"@id":"https:\/\/continuamosmx.com\/index.php\/2023\/10\/19\/refrendan-compromiso-con-derechos-de-mujeres-en-nr\/"},"wordCount":541,"commentCount":0,"publisher":{"@id":"https:\/\/continuamosmx.com\/#organization"},"image":{"@id":"https:\/\/continuamosmx.com\/index.php\/2023\/10\/19\/refrendan-compromiso-con-derechos-de-mujeres-en-nr\/#primaryimage"},"thumbnailUrl":"https:\/\/continuamosmx.com\/wp-content\/uploads\/2023\/10\/nr4.jpg","articleSection":["LOCALES","NICOL\u00c1S ROMERO"],"inLanguage":"es"},{"@type":"WebPage","@id":"https:\/\/continuamosmx.com\/index.php\/2023\/10\/19\/refrendan-compromiso-con-derechos-de-mujeres-en-nr\/","url":"https:\/\/continuamosmx.com\/index.php\/2023\/10\/19\/refrendan-compromiso-con-derechos-de-mujeres-en-nr\/","name":"REFRENDAN COMPROMISO CON DERECHOS DE MUJERES EN NR -","isPartOf":{"@id":"https:\/\/continuamosmx.com\/#website"},"primaryImageOfPage":{"@id":"https:\/\/continuamosmx.com\/index.php\/2023\/10\/19\/refrendan-compromiso-con-derechos-de-mujeres-en-nr\/#primaryimage"},"image":{"@id":"https:\/\/continuamosmx.com\/index.php\/2023\/10\/19\/refrendan-compromiso-con-derechos-de-mujeres-en-nr\/#primaryimage"},"thumbnailUrl":"https:\/\/continuamosmx.com\/wp-content\/uploads\/2023\/10\/nr4.jpg","datePublished":"2023-10-19T09:38:52+00:00","dateModified":"2023-10-19T09:41:07+00:00","breadcrumb":{"@id":"https:\/\/continuamosmx.com\/index.php\/2023\/10\/19\/refrendan-compromiso-con-derechos-de-mujeres-en-nr\/#breadcrumb"},"inLanguage":"es","potentialAction":[{"@type":"ReadAction","target":["https:\/\/continuamosmx.com\/index.php\/2023\/10\/19\/refrendan-compromiso-con-derechos-de-mujeres-en-nr\/"]}]},{"@type":"ImageObject","inLanguage":"es","@id":"https:\/\/continuamosmx.com\/index.php\/2023\/10\/19\/refrendan-compromiso-con-derechos-de-mujeres-en-nr\/#primaryimage","url":"https:\/\/continuamosmx.com\/wp-content\/uploads\/2023\/10\/nr4.jpg","contentUrl":"https:\/\/continuamosmx.com\/wp-content\/uploads\/2023\/10\/nr4.jpg","width":1600,"height":900},{"@type":"BreadcrumbList","@id":"https:\/\/continuamosmx.com\/index.php\/2023\/10\/19\/refrendan-compromiso-con-derechos-de-mujeres-en-nr\/#breadcrumb","itemListElement":[{"@type":"ListItem","position":1,"name":"Inicio","item":"https:\/\/continuamosmx.com\/"},{"@type":"ListItem","position":2,"name":"REFRENDAN COMPROMISO CON DERECHOS DE MUJERES EN NR"}]},{"@type":"WebSite","@id":"https:\/\/continuamosmx.com\/#website","url":"https:\/\/continuamosmx.com\/","name":"www.continuamosmx.com","description":"","publisher":{"@id":"https:\/\/continuamosmx.com\/#organization"},"potentialAction":[{"@type":"SearchAction","target":{"@type":"EntryPoint","urlTemplate":"https:\/\/continuamosmx.com\/?s={search_term_string}"},"query-input":{"@type":"PropertyValueSpecification","valueRequired":true,"valueName":"search_term_string"}}],"inLanguage":"es"},{"@type":"Organization","@id":"https:\/\/continuamosmx.com\/#organization","name":"ContinuamosMX","url":"https:\/\/continuamosmx.com\/","logo":{"@type":"ImageObject","inLanguage":"es","@id":"https:\/\/continuamosmx.com\/#\/schema\/logo\/image\/","url":"https:\/\/continuamosmx.com\/wp-content\/uploads\/2023\/04\/cropped-LOGO-CONTI-NUEVO.png","contentUrl":"https:\/\/continuamosmx.com\/wp-content\/uploads\/2023\/04\/cropped-LOGO-CONTI-NUEVO.png","width":1257,"height":430,"caption":"ContinuamosMX"},"image":{"@id":"https:\/\/continuamosmx.com\/#\/schema\/logo\/image\/"}},{"@type":"Person","@id":"https:\/\/continuamosmx.com\/#\/schema\/person\/5eb5356acb1fad784da407d14f0e8d89","name":"Continuamos MX","image":{"@type":"ImageObject","inLanguage":"es","@id":"https:\/\/secure.gravatar.com\/avatar\/30d4f9723476a15f4da34d35fb3501f08d2357016c76051c6a85c354c7489589?s=96&d=mm&r=g","url":"https:\/\/secure.gravatar.com\/avatar\/30d4f9723476a15f4da34d35fb3501f08d2357016c76051c6a85c354c7489589?s=96&d=mm&r=g","contentUrl":"https:\/\/secure.gravatar.com\/avatar\/30d4f9723476a15f4da34d35fb3501f08d2357016c76051c6a85c354c7489589?s=96&d=mm&r=g","caption":"Continuamos MX"},"sameAs":["http:\/\/www.continuamos.mx"],"url":"https:\/\/continuamosmx.com\/index.php\/author\/continuamos\/"}]}},"_links":{"self":[{"href":"https:\/\/continuamosmx.com\/index.php\/wp-json\/wp\/v2\/posts\/45275","targetHints":{"allow":["GET"]}}],"collection":[{"href":"https:\/\/continuamosmx.com\/index.php\/wp-json\/wp\/v2\/posts"}],"about":[{"href":"https:\/\/continuamosmx.com\/index.php\/wp-json\/wp\/v2\/types\/post"}],"author":[{"embeddable":true,"href":"https:\/\/continuamosmx.com\/index.php\/wp-json\/wp\/v2\/users\/6"}],"replies":[{"embeddable":true,"href":"https:\/\/continuamosmx.com\/index.php\/wp-json\/wp\/v2\/comments?post=45275"}],"version-history":[{"count":1,"href":"https:\/\/continuamosmx.com\/index.php\/wp-json\/wp\/v2\/posts\/45275\/revisions"}],"predecessor-version":[{"id":45277,"href":"https:\/\/continuamosmx.com\/index.php\/wp-json\/wp\/v2\/posts\/45275\/revisions\/45277"}],"wp:featuredmedia":[{"embeddable":true,"href":"https:\/\/continuamosmx.com\/index.php\/wp-json\/wp\/v2\/media\/45278"}],"wp:attachment":[{"href":"https:\/\/continuamosmx.com\/index.php\/wp-json\/wp\/v2\/media?parent=45275"}],"wp:term":[{"taxonomy":"category","embeddable":true,"href":"https:\/\/continuamosmx.com\/index.php\/wp-json\/wp\/v2\/categories?post=45275"},{"taxonomy":"post_tag","embeddable":true,"href":"https:\/\/continuamosmx.com\/index.php\/wp-json\/wp\/v2\/tags?post=45275"}],"curies":[{"name":"wp","href":"https:\/\/api.w.org\/{rel}","templated":true}]}}