{"id":45269,"date":"2023-10-19T09:16:30","date_gmt":"2023-10-19T09:16:30","guid":{"rendered":"https:\/\/continuamosmx.com\/?p=45269"},"modified":"2023-10-19T09:16:31","modified_gmt":"2023-10-19T09:16:31","slug":"fgjem-se-hara-cargo-por-el-asesinato-de-dos-personas-en-huixquilucan","status":"publish","type":"post","link":"https:\/\/continuamosmx.com\/index.php\/2023\/10\/19\/fgjem-se-hara-cargo-por-el-asesinato-de-dos-personas-en-huixquilucan\/","title":{"rendered":"FGJEM SE HAR\u00c1 CARGO POR EL ASESINATO DE DOS PERSONAS EN HUIXQUILUCAN"},"content":{"rendered":"\n<p>*<strong>El gobierno municipal se\u00f1al\u00f3 que coadyuvar\u00e1 en las investigaciones para dar con los responsables<\/strong><\/p>\n\n\n\n<p>HUIXQUILUCAN, M\u00e9x.- Con relaci\u00f3n a los hechos ocurridos en Interlomas, d\u00f3nde dos personas murieron por impacto de bala, en Direcci\u00f3n General de Seguridad P\u00fablica y Vialidad de Huixquilucan informa lo siguiente:<\/p>\n\n\n\n<ol class=\"wp-block-list\">\n<li>Desde que se tuvo conocimiento del hecho, elementos de la Direcci\u00f3n de Seguridad P\u00fablica y Vialidad y de la Unidad de Rescate de Huixquilucan se movilizaron hasta el sitio.<\/li>\n\n\n\n<li>En el lugar, se hallaron a dos personas heridas aparentemente por impactos de bala, quienes, de inmediato fueron atendidas por los servicios de emergencia.<\/li>\n\n\n\n<li>Las v\u00edctimas fueron identificadas como \u00c1ngel \u201cN\u201d, de 69 a\u00f1os de edad; y Jonathan \u201cN\u201d, de 40 a\u00f1os de edad, con residencia en Azcapotzalco y Tlalnepantla, respectivamente, aunque, debido a la gravedad de las lesiones, perdieron la vida.<\/li>\n\n\n\n<li>Las primeras indagatorias han permitido establecer que las v\u00edctimas eran perseguidas previamente por sujetos armados y quienes viajaban a bordo de una motocicleta, toda vez que se trat\u00f3 de un ataque directo sobre la v\u00eda p\u00fablica. Posteriormente, los responsables se dieron a la fuga; sin embargo, ser\u00e1n las autoridades ministeriales quienes determinen las causas.<\/li>\n\n\n\n<li>El Gobierno de Huixquilucan refrenda su compromiso de mantener la seguridad en el territorio, por lo que no escatimar\u00e1 ning\u00fan esfuerzo para preservar la paz y la tranquilidad de la ciudadan\u00eda, con el reforzamiento de operativos y de los trabajos de inteligencia, adem\u00e1s del fortalecimiento del equipamiento.<\/li>\n<\/ol>\n","protected":false},"excerpt":{"rendered":"<p>*El gobierno municipal se\u00f1al\u00f3 que coadyuvar\u00e1 en las investigaciones para dar con los responsables HUIXQUILUCAN, M\u00e9x.- Con relaci\u00f3n a los hechos ocurridos en Interlomas, d\u00f3nde dos personas murieron por impacto de bala, en Direcci\u00f3n General de Seguridad P\u00fablica y Vialidad de Huixquilucan informa lo siguiente:<\/p>\n","protected":false},"author":6,"featured_media":45270,"comment_status":"open","ping_status":"open","sticky":false,"template":"","format":"standard","meta":{"footnotes":""},"categories":[2,5],"tags":[],"class_list":["post-45269","post","type-post","status-publish","format-standard","has-post-thumbnail","hentry","category-edomex","category-huixquilucan"],"yoast_head":"<!-- This site is optimized with the Yoast SEO plugin v27.5 - https:\/\/yoast.com\/product\/yoast-seo-wordpress\/ -->\n<title>FGJEM SE HAR\u00c1 CARGO POR EL ASESINATO DE DOS PERSONAS EN HUIXQUILUCAN -<\/title>\n<meta name=\"robots\" content=\"index, follow, max-snippet:-1, max-image-preview:large, max-video-preview:-1\" \/>\n<link rel=\"canonical\" href=\"https:\/\/continuamosmx.com\/index.php\/2023\/10\/19\/fgjem-se-hara-cargo-por-el-asesinato-de-dos-personas-en-huixquilucan\/\" \/>\n<meta property=\"og:locale\" content=\"es_ES\" \/>\n<meta property=\"og:type\" content=\"article\" \/>\n<meta property=\"og:title\" content=\"FGJEM SE HAR\u00c1 CARGO POR EL ASESINATO DE DOS PERSONAS EN HUIXQUILUCAN -\" \/>\n<meta property=\"og:description\" content=\"*El gobierno municipal se\u00f1al\u00f3 que coadyuvar\u00e1 en las investigaciones para dar con los responsables HUIXQUILUCAN, M\u00e9x.- Con relaci\u00f3n a los hechos ocurridos en Interlomas, d\u00f3nde dos personas murieron por impacto de bala, en Direcci\u00f3n General de Seguridad P\u00fablica y Vialidad de Huixquilucan informa lo siguiente:\" \/>\n<meta property=\"og:url\" content=\"https:\/\/continuamosmx.com\/index.php\/2023\/10\/19\/fgjem-se-hara-cargo-por-el-asesinato-de-dos-personas-en-huixquilucan\/\" \/>\n<meta property=\"article:published_time\" content=\"2023-10-19T09:16:30+00:00\" \/>\n<meta property=\"article:modified_time\" content=\"2023-10-19T09:16:31+00:00\" \/>\n<meta property=\"og:image\" content=\"https:\/\/continuamosmx.com\/wp-content\/uploads\/2023\/10\/atentado.jpg\" \/>\n\t<meta property=\"og:image:width\" content=\"648\" \/>\n\t<meta property=\"og:image:height\" content=\"576\" \/>\n\t<meta property=\"og:image:type\" content=\"image\/jpeg\" \/>\n<meta name=\"author\" content=\"Continuamos MX\" \/>\n<meta name=\"twitter:card\" content=\"summary_large_image\" \/>\n<meta name=\"twitter:label1\" content=\"Escrito por\" \/>\n\t<meta name=\"twitter:data1\" content=\"Continuamos MX\" \/>\n\t<meta name=\"twitter:label2\" content=\"Tiempo de lectura\" \/>\n\t<meta name=\"twitter:data2\" content=\"2 minutos\" \/>\n<script type=\"application\/ld+json\" class=\"yoast-schema-graph\">{\"@context\":\"https:\\\/\\\/schema.org\",\"@graph\":[{\"@type\":\"Article\",\"@id\":\"https:\\\/\\\/continuamosmx.com\\\/index.php\\\/2023\\\/10\\\/19\\\/fgjem-se-hara-cargo-por-el-asesinato-de-dos-personas-en-huixquilucan\\\/#article\",\"isPartOf\":{\"@id\":\"https:\\\/\\\/continuamosmx.com\\\/index.php\\\/2023\\\/10\\\/19\\\/fgjem-se-hara-cargo-por-el-asesinato-de-dos-personas-en-huixquilucan\\\/\"},\"author\":{\"name\":\"Continuamos MX\",\"@id\":\"https:\\\/\\\/continuamosmx.com\\\/#\\\/schema\\\/person\\\/5eb5356acb1fad784da407d14f0e8d89\"},\"headline\":\"FGJEM SE HAR\u00c1 CARGO POR EL ASESINATO DE DOS PERSONAS EN HUIXQUILUCAN\",\"datePublished\":\"2023-10-19T09:16:30+00:00\",\"dateModified\":\"2023-10-19T09:16:31+00:00\",\"mainEntityOfPage\":{\"@id\":\"https:\\\/\\\/continuamosmx.com\\\/index.php\\\/2023\\\/10\\\/19\\\/fgjem-se-hara-cargo-por-el-asesinato-de-dos-personas-en-huixquilucan\\\/\"},\"wordCount\":266,\"commentCount\":0,\"publisher\":{\"@id\":\"https:\\\/\\\/continuamosmx.com\\\/#organization\"},\"image\":{\"@id\":\"https:\\\/\\\/continuamosmx.com\\\/index.php\\\/2023\\\/10\\\/19\\\/fgjem-se-hara-cargo-por-el-asesinato-de-dos-personas-en-huixquilucan\\\/#primaryimage\"},\"thumbnailUrl\":\"https:\\\/\\\/continuamosmx.com\\\/wp-content\\\/uploads\\\/2023\\\/10\\\/atentado.jpg\",\"articleSection\":[\"EDOMEX\",\"HUIXQUILUCAN\"],\"inLanguage\":\"es\"},{\"@type\":\"WebPage\",\"@id\":\"https:\\\/\\\/continuamosmx.com\\\/index.php\\\/2023\\\/10\\\/19\\\/fgjem-se-hara-cargo-por-el-asesinato-de-dos-personas-en-huixquilucan\\\/\",\"url\":\"https:\\\/\\\/continuamosmx.com\\\/index.php\\\/2023\\\/10\\\/19\\\/fgjem-se-hara-cargo-por-el-asesinato-de-dos-personas-en-huixquilucan\\\/\",\"name\":\"FGJEM SE HAR\u00c1 CARGO POR EL ASESINATO DE DOS PERSONAS EN HUIXQUILUCAN -\",\"isPartOf\":{\"@id\":\"https:\\\/\\\/continuamosmx.com\\\/#website\"},\"primaryImageOfPage\":{\"@id\":\"https:\\\/\\\/continuamosmx.com\\\/index.php\\\/2023\\\/10\\\/19\\\/fgjem-se-hara-cargo-por-el-asesinato-de-dos-personas-en-huixquilucan\\\/#primaryimage\"},\"image\":{\"@id\":\"https:\\\/\\\/continuamosmx.com\\\/index.php\\\/2023\\\/10\\\/19\\\/fgjem-se-hara-cargo-por-el-asesinato-de-dos-personas-en-huixquilucan\\\/#primaryimage\"},\"thumbnailUrl\":\"https:\\\/\\\/continuamosmx.com\\\/wp-content\\\/uploads\\\/2023\\\/10\\\/atentado.jpg\",\"datePublished\":\"2023-10-19T09:16:30+00:00\",\"dateModified\":\"2023-10-19T09:16:31+00:00\",\"breadcrumb\":{\"@id\":\"https:\\\/\\\/continuamosmx.com\\\/index.php\\\/2023\\\/10\\\/19\\\/fgjem-se-hara-cargo-por-el-asesinato-de-dos-personas-en-huixquilucan\\\/#breadcrumb\"},\"inLanguage\":\"es\",\"potentialAction\":[{\"@type\":\"ReadAction\",\"target\":[\"https:\\\/\\\/continuamosmx.com\\\/index.php\\\/2023\\\/10\\\/19\\\/fgjem-se-hara-cargo-por-el-asesinato-de-dos-personas-en-huixquilucan\\\/\"]}]},{\"@type\":\"ImageObject\",\"inLanguage\":\"es\",\"@id\":\"https:\\\/\\\/continuamosmx.com\\\/index.php\\\/2023\\\/10\\\/19\\\/fgjem-se-hara-cargo-por-el-asesinato-de-dos-personas-en-huixquilucan\\\/#primaryimage\",\"url\":\"https:\\\/\\\/continuamosmx.com\\\/wp-content\\\/uploads\\\/2023\\\/10\\\/atentado.jpg\",\"contentUrl\":\"https:\\\/\\\/continuamosmx.com\\\/wp-content\\\/uploads\\\/2023\\\/10\\\/atentado.jpg\",\"width\":648,\"height\":576},{\"@type\":\"BreadcrumbList\",\"@id\":\"https:\\\/\\\/continuamosmx.com\\\/index.php\\\/2023\\\/10\\\/19\\\/fgjem-se-hara-cargo-por-el-asesinato-de-dos-personas-en-huixquilucan\\\/#breadcrumb\",\"itemListElement\":[{\"@type\":\"ListItem\",\"position\":1,\"name\":\"Inicio\",\"item\":\"https:\\\/\\\/continuamosmx.com\\\/\"},{\"@type\":\"ListItem\",\"position\":2,\"name\":\"FGJEM SE HAR\u00c1 CARGO POR EL ASESINATO DE DOS PERSONAS EN HUIXQUILUCAN\"}]},{\"@type\":\"WebSite\",\"@id\":\"https:\\\/\\\/continuamosmx.com\\\/#website\",\"url\":\"https:\\\/\\\/continuamosmx.com\\\/\",\"name\":\"www.continuamosmx.com\",\"description\":\"\",\"publisher\":{\"@id\":\"https:\\\/\\\/continuamosmx.com\\\/#organization\"},\"potentialAction\":[{\"@type\":\"SearchAction\",\"target\":{\"@type\":\"EntryPoint\",\"urlTemplate\":\"https:\\\/\\\/continuamosmx.com\\\/?s={search_term_string}\"},\"query-input\":{\"@type\":\"PropertyValueSpecification\",\"valueRequired\":true,\"valueName\":\"search_term_string\"}}],\"inLanguage\":\"es\"},{\"@type\":\"Organization\",\"@id\":\"https:\\\/\\\/continuamosmx.com\\\/#organization\",\"name\":\"ContinuamosMX\",\"url\":\"https:\\\/\\\/continuamosmx.com\\\/\",\"logo\":{\"@type\":\"ImageObject\",\"inLanguage\":\"es\",\"@id\":\"https:\\\/\\\/continuamosmx.com\\\/#\\\/schema\\\/logo\\\/image\\\/\",\"url\":\"https:\\\/\\\/continuamosmx.com\\\/wp-content\\\/uploads\\\/2023\\\/04\\\/cropped-LOGO-CONTI-NUEVO.png\",\"contentUrl\":\"https:\\\/\\\/continuamosmx.com\\\/wp-content\\\/uploads\\\/2023\\\/04\\\/cropped-LOGO-CONTI-NUEVO.png\",\"width\":1257,\"height\":430,\"caption\":\"ContinuamosMX\"},\"image\":{\"@id\":\"https:\\\/\\\/continuamosmx.com\\\/#\\\/schema\\\/logo\\\/image\\\/\"}},{\"@type\":\"Person\",\"@id\":\"https:\\\/\\\/continuamosmx.com\\\/#\\\/schema\\\/person\\\/5eb5356acb1fad784da407d14f0e8d89\",\"name\":\"Continuamos MX\",\"image\":{\"@type\":\"ImageObject\",\"inLanguage\":\"es\",\"@id\":\"https:\\\/\\\/secure.gravatar.com\\\/avatar\\\/30d4f9723476a15f4da34d35fb3501f08d2357016c76051c6a85c354c7489589?s=96&d=mm&r=g\",\"url\":\"https:\\\/\\\/secure.gravatar.com\\\/avatar\\\/30d4f9723476a15f4da34d35fb3501f08d2357016c76051c6a85c354c7489589?s=96&d=mm&r=g\",\"contentUrl\":\"https:\\\/\\\/secure.gravatar.com\\\/avatar\\\/30d4f9723476a15f4da34d35fb3501f08d2357016c76051c6a85c354c7489589?s=96&d=mm&r=g\",\"caption\":\"Continuamos MX\"},\"sameAs\":[\"http:\\\/\\\/www.continuamos.mx\"],\"url\":\"https:\\\/\\\/continuamosmx.com\\\/index.php\\\/author\\\/continuamos\\\/\"}]}<\/script>\n<!-- \/ Yoast SEO plugin. -->","yoast_head_json":{"title":"FGJEM SE HAR\u00c1 CARGO POR EL ASESINATO DE DOS PERSONAS EN HUIXQUILUCAN -","robots":{"index":"index","follow":"follow","max-snippet":"max-snippet:-1","max-image-preview":"max-image-preview:large","max-video-preview":"max-video-preview:-1"},"canonical":"https:\/\/continuamosmx.com\/index.php\/2023\/10\/19\/fgjem-se-hara-cargo-por-el-asesinato-de-dos-personas-en-huixquilucan\/","og_locale":"es_ES","og_type":"article","og_title":"FGJEM SE HAR\u00c1 CARGO POR EL ASESINATO DE DOS PERSONAS EN HUIXQUILUCAN -","og_description":"*El gobierno municipal se\u00f1al\u00f3 que coadyuvar\u00e1 en las investigaciones para dar con los responsables HUIXQUILUCAN, M\u00e9x.- Con relaci\u00f3n a los hechos ocurridos en Interlomas, d\u00f3nde dos personas murieron por impacto de bala, en Direcci\u00f3n General de Seguridad P\u00fablica y Vialidad de Huixquilucan informa lo siguiente:","og_url":"https:\/\/continuamosmx.com\/index.php\/2023\/10\/19\/fgjem-se-hara-cargo-por-el-asesinato-de-dos-personas-en-huixquilucan\/","article_published_time":"2023-10-19T09:16:30+00:00","article_modified_time":"2023-10-19T09:16:31+00:00","og_image":[{"width":648,"height":576,"url":"https:\/\/continuamosmx.com\/wp-content\/uploads\/2023\/10\/atentado.jpg","type":"image\/jpeg"}],"author":"Continuamos MX","twitter_card":"summary_large_image","twitter_misc":{"Escrito por":"Continuamos MX","Tiempo de lectura":"2 minutos"},"schema":{"@context":"https:\/\/schema.org","@graph":[{"@type":"Article","@id":"https:\/\/continuamosmx.com\/index.php\/2023\/10\/19\/fgjem-se-hara-cargo-por-el-asesinato-de-dos-personas-en-huixquilucan\/#article","isPartOf":{"@id":"https:\/\/continuamosmx.com\/index.php\/2023\/10\/19\/fgjem-se-hara-cargo-por-el-asesinato-de-dos-personas-en-huixquilucan\/"},"author":{"name":"Continuamos MX","@id":"https:\/\/continuamosmx.com\/#\/schema\/person\/5eb5356acb1fad784da407d14f0e8d89"},"headline":"FGJEM SE HAR\u00c1 CARGO POR EL ASESINATO DE DOS PERSONAS EN HUIXQUILUCAN","datePublished":"2023-10-19T09:16:30+00:00","dateModified":"2023-10-19T09:16:31+00:00","mainEntityOfPage":{"@id":"https:\/\/continuamosmx.com\/index.php\/2023\/10\/19\/fgjem-se-hara-cargo-por-el-asesinato-de-dos-personas-en-huixquilucan\/"},"wordCount":266,"commentCount":0,"publisher":{"@id":"https:\/\/continuamosmx.com\/#organization"},"image":{"@id":"https:\/\/continuamosmx.com\/index.php\/2023\/10\/19\/fgjem-se-hara-cargo-por-el-asesinato-de-dos-personas-en-huixquilucan\/#primaryimage"},"thumbnailUrl":"https:\/\/continuamosmx.com\/wp-content\/uploads\/2023\/10\/atentado.jpg","articleSection":["EDOMEX","HUIXQUILUCAN"],"inLanguage":"es"},{"@type":"WebPage","@id":"https:\/\/continuamosmx.com\/index.php\/2023\/10\/19\/fgjem-se-hara-cargo-por-el-asesinato-de-dos-personas-en-huixquilucan\/","url":"https:\/\/continuamosmx.com\/index.php\/2023\/10\/19\/fgjem-se-hara-cargo-por-el-asesinato-de-dos-personas-en-huixquilucan\/","name":"FGJEM SE HAR\u00c1 CARGO POR EL ASESINATO DE DOS PERSONAS EN HUIXQUILUCAN -","isPartOf":{"@id":"https:\/\/continuamosmx.com\/#website"},"primaryImageOfPage":{"@id":"https:\/\/continuamosmx.com\/index.php\/2023\/10\/19\/fgjem-se-hara-cargo-por-el-asesinato-de-dos-personas-en-huixquilucan\/#primaryimage"},"image":{"@id":"https:\/\/continuamosmx.com\/index.php\/2023\/10\/19\/fgjem-se-hara-cargo-por-el-asesinato-de-dos-personas-en-huixquilucan\/#primaryimage"},"thumbnailUrl":"https:\/\/continuamosmx.com\/wp-content\/uploads\/2023\/10\/atentado.jpg","datePublished":"2023-10-19T09:16:30+00:00","dateModified":"2023-10-19T09:16:31+00:00","breadcrumb":{"@id":"https:\/\/continuamosmx.com\/index.php\/2023\/10\/19\/fgjem-se-hara-cargo-por-el-asesinato-de-dos-personas-en-huixquilucan\/#breadcrumb"},"inLanguage":"es","potentialAction":[{"@type":"ReadAction","target":["https:\/\/continuamosmx.com\/index.php\/2023\/10\/19\/fgjem-se-hara-cargo-por-el-asesinato-de-dos-personas-en-huixquilucan\/"]}]},{"@type":"ImageObject","inLanguage":"es","@id":"https:\/\/continuamosmx.com\/index.php\/2023\/10\/19\/fgjem-se-hara-cargo-por-el-asesinato-de-dos-personas-en-huixquilucan\/#primaryimage","url":"https:\/\/continuamosmx.com\/wp-content\/uploads\/2023\/10\/atentado.jpg","contentUrl":"https:\/\/continuamosmx.com\/wp-content\/uploads\/2023\/10\/atentado.jpg","width":648,"height":576},{"@type":"BreadcrumbList","@id":"https:\/\/continuamosmx.com\/index.php\/2023\/10\/19\/fgjem-se-hara-cargo-por-el-asesinato-de-dos-personas-en-huixquilucan\/#breadcrumb","itemListElement":[{"@type":"ListItem","position":1,"name":"Inicio","item":"https:\/\/continuamosmx.com\/"},{"@type":"ListItem","position":2,"name":"FGJEM SE HAR\u00c1 CARGO POR EL ASESINATO DE DOS PERSONAS EN HUIXQUILUCAN"}]},{"@type":"WebSite","@id":"https:\/\/continuamosmx.com\/#website","url":"https:\/\/continuamosmx.com\/","name":"www.continuamosmx.com","description":"","publisher":{"@id":"https:\/\/continuamosmx.com\/#organization"},"potentialAction":[{"@type":"SearchAction","target":{"@type":"EntryPoint","urlTemplate":"https:\/\/continuamosmx.com\/?s={search_term_string}"},"query-input":{"@type":"PropertyValueSpecification","valueRequired":true,"valueName":"search_term_string"}}],"inLanguage":"es"},{"@type":"Organization","@id":"https:\/\/continuamosmx.com\/#organization","name":"ContinuamosMX","url":"https:\/\/continuamosmx.com\/","logo":{"@type":"ImageObject","inLanguage":"es","@id":"https:\/\/continuamosmx.com\/#\/schema\/logo\/image\/","url":"https:\/\/continuamosmx.com\/wp-content\/uploads\/2023\/04\/cropped-LOGO-CONTI-NUEVO.png","contentUrl":"https:\/\/continuamosmx.com\/wp-content\/uploads\/2023\/04\/cropped-LOGO-CONTI-NUEVO.png","width":1257,"height":430,"caption":"ContinuamosMX"},"image":{"@id":"https:\/\/continuamosmx.com\/#\/schema\/logo\/image\/"}},{"@type":"Person","@id":"https:\/\/continuamosmx.com\/#\/schema\/person\/5eb5356acb1fad784da407d14f0e8d89","name":"Continuamos MX","image":{"@type":"ImageObject","inLanguage":"es","@id":"https:\/\/secure.gravatar.com\/avatar\/30d4f9723476a15f4da34d35fb3501f08d2357016c76051c6a85c354c7489589?s=96&d=mm&r=g","url":"https:\/\/secure.gravatar.com\/avatar\/30d4f9723476a15f4da34d35fb3501f08d2357016c76051c6a85c354c7489589?s=96&d=mm&r=g","contentUrl":"https:\/\/secure.gravatar.com\/avatar\/30d4f9723476a15f4da34d35fb3501f08d2357016c76051c6a85c354c7489589?s=96&d=mm&r=g","caption":"Continuamos MX"},"sameAs":["http:\/\/www.continuamos.mx"],"url":"https:\/\/continuamosmx.com\/index.php\/author\/continuamos\/"}]}},"_links":{"self":[{"href":"https:\/\/continuamosmx.com\/index.php\/wp-json\/wp\/v2\/posts\/45269","targetHints":{"allow":["GET"]}}],"collection":[{"href":"https:\/\/continuamosmx.com\/index.php\/wp-json\/wp\/v2\/posts"}],"about":[{"href":"https:\/\/continuamosmx.com\/index.php\/wp-json\/wp\/v2\/types\/post"}],"author":[{"embeddable":true,"href":"https:\/\/continuamosmx.com\/index.php\/wp-json\/wp\/v2\/users\/6"}],"replies":[{"embeddable":true,"href":"https:\/\/continuamosmx.com\/index.php\/wp-json\/wp\/v2\/comments?post=45269"}],"version-history":[{"count":1,"href":"https:\/\/continuamosmx.com\/index.php\/wp-json\/wp\/v2\/posts\/45269\/revisions"}],"predecessor-version":[{"id":45271,"href":"https:\/\/continuamosmx.com\/index.php\/wp-json\/wp\/v2\/posts\/45269\/revisions\/45271"}],"wp:featuredmedia":[{"embeddable":true,"href":"https:\/\/continuamosmx.com\/index.php\/wp-json\/wp\/v2\/media\/45270"}],"wp:attachment":[{"href":"https:\/\/continuamosmx.com\/index.php\/wp-json\/wp\/v2\/media?parent=45269"}],"wp:term":[{"taxonomy":"category","embeddable":true,"href":"https:\/\/continuamosmx.com\/index.php\/wp-json\/wp\/v2\/categories?post=45269"},{"taxonomy":"post_tag","embeddable":true,"href":"https:\/\/continuamosmx.com\/index.php\/wp-json\/wp\/v2\/tags?post=45269"}],"curies":[{"name":"wp","href":"https:\/\/api.w.org\/{rel}","templated":true}]}}