{"id":45261,"date":"2023-10-18T03:03:21","date_gmt":"2023-10-18T03:03:21","guid":{"rendered":"https:\/\/continuamosmx.com\/?p=45261"},"modified":"2023-10-19T03:04:40","modified_gmt":"2023-10-19T03:04:40","slug":"gobierno-de-huixquilucan-abierto-a-la-ciudadania","status":"publish","type":"post","link":"https:\/\/continuamosmx.com\/index.php\/2023\/10\/18\/gobierno-de-huixquilucan-abierto-a-la-ciudadania\/","title":{"rendered":"GOBIERNO DE HUIXQUILUCAN ABIERTO A LA CIUDADAN\u00cdA"},"content":{"rendered":"\n<p>*<strong>En Cabildo Abierto, la alcaldesa Romina Contreras, escuch\u00f3 y turno a las diversas \u00e1reas para su atenci\u00f3n, las peticiones ciudadanas<\/strong><\/p>\n\n\n\n<p>REDACCI\u00d3N.<\/p>\n\n\n\n<p>HUIXQUILUCAN, M\u00e9x.- El Ayuntamiento de Huixquilucan llev\u00f3 a cabo la Septuag\u00e9sima Primera Sesi\u00f3n Ordinaria, con car\u00e1cter de Cabildo Abierto, en donde los ciudadanos participantes expusieron temas de inter\u00e9s para cada una de sus comunidades.<\/p>\n\n\n\n<p>Los temas que se abordaron fueron en materia de infraestructura, vivienda, vialidades y drenaje, entre otros, los cuales fueron turnados a las comisiones edilicias y \u00e1reas de la administraci\u00f3n con el fin de darles seguimiento y atenci\u00f3n en beneficio de los habitantes del municipio.<\/p>\n\n\n\n<p>La alcaldesa Romina Contreras Carrasco junto a su Cabildo,, escucharon las peticiones de habitantes de las comunidades de Jes\u00fas del Monte, El Palacio y Mont\u00f3n Cuarteles, quienes presentaron sus planteamientos ante el \u00f3rgano colegiado.<\/p>\n\n\n\n<p>\u201cAgradezco el inter\u00e9s de quienes participaron en este ejercicio ciudadano, presentando sus propuestas para mejorar sus comunidades. Sus planteamientos ser\u00e1n remitidos a las comisiones edilicias y \u00e1reas de la administraci\u00f3n p\u00fablica municipal que tengan competencia para su conocimiento y seguimiento correspondiente, quienes deber\u00e1n informar al Cabildo sobre la respuesta dada a los ciudadanos participantes, referente a su problem\u00e1tica a tratar\u201d, se\u00f1al\u00f3 Romina Contreras.<\/p>\n\n\n\n<p>En este sentido, la ciudadana de la colonia Jes\u00fas del Monte, Luciana V\u00e1zquez Z\u00fa\u00f1iga, solicit\u00f3 apoyo para concluir la construcci\u00f3n del techo de dos habitaciones de su vivienda, donde habita con su esposo, ambas personas de la tercera edad. Dicha petici\u00f3n fue turnada a la Direcci\u00f3n General de Desarrollo Social de Huixquilucan, adem\u00e1s de que integrantes del Cabildo ofrecieron su apoyo para dar respuesta a este planteamiento.<\/p>\n\n\n\n<p>El segundo ciudadano registrado, fue Juan Carlos D\u00edaz Reyes, de la comunidad de El Palacio, para pedir la introducci\u00f3n de drenaje, en beneficio de 35 familias de la zona, la cual fue remitida al Sistema Aguas de Huixquilucan para buscar una soluci\u00f3n.<\/p>\n\n\n\n<p>Por su parte, Efra\u00edn Rivera Alvarado, habitante de la colonia Mont\u00f3n Cuarteles, solicit\u00f3 la pavimentaci\u00f3n con concreto hidr\u00e1ulico y revisar las tomas de agua de la calle Fernando Quiroz; solicitud que ser\u00e1 atendida por la Direcci\u00f3n General de Infraestructura y Edificaci\u00f3n y el Sistema Aguas de Huixquilucan, respectivamente, para hacer una visita de revisi\u00f3n y verificar el estado de la calle.<\/p>\n\n\n\n<p>Finalmente, el vecino de Mont\u00f3n Cuarteles, Rufino Ortiz Quintana, solicit\u00f3 la revisi\u00f3n t\u00e9cnica del andador Francisco M\u00e1rquez, para verificar el declive que tiene, ya que su estado actual complica el tr\u00e1nsito de los vecinos, en especial de las personas de la tercera edad y los ni\u00f1os.<\/p>\n","protected":false},"excerpt":{"rendered":"<p>*En Cabildo Abierto, la alcaldesa Romina Contreras, escuch\u00f3 y turno a las diversas \u00e1reas para su atenci\u00f3n, las peticiones ciudadanas REDACCI\u00d3N. HUIXQUILUCAN, M\u00e9x.- El Ayuntamiento de Huixquilucan llev\u00f3 a cabo la Septuag\u00e9sima Primera Sesi\u00f3n Ordinaria, con car\u00e1cter de Cabildo Abierto, en donde los ciudadanos participantes expusieron temas de inter\u00e9s para cada una de sus comunidades. [&hellip;]<\/p>\n","protected":false},"author":6,"featured_media":45262,"comment_status":"open","ping_status":"open","sticky":false,"template":"","format":"standard","meta":{"footnotes":""},"categories":[5,4],"tags":[],"class_list":["post-45261","post","type-post","status-publish","format-standard","has-post-thumbnail","hentry","category-huixquilucan","category-locales"],"yoast_head":"<!-- This site is optimized with the Yoast SEO plugin v27.5 - https:\/\/yoast.com\/product\/yoast-seo-wordpress\/ -->\n<title>GOBIERNO DE HUIXQUILUCAN ABIERTO A LA CIUDADAN\u00cdA -<\/title>\n<meta name=\"robots\" content=\"index, follow, max-snippet:-1, max-image-preview:large, max-video-preview:-1\" \/>\n<link rel=\"canonical\" href=\"https:\/\/continuamosmx.com\/index.php\/2023\/10\/18\/gobierno-de-huixquilucan-abierto-a-la-ciudadania\/\" \/>\n<meta property=\"og:locale\" content=\"es_ES\" \/>\n<meta property=\"og:type\" content=\"article\" \/>\n<meta property=\"og:title\" content=\"GOBIERNO DE HUIXQUILUCAN ABIERTO A LA CIUDADAN\u00cdA -\" \/>\n<meta property=\"og:description\" content=\"*En Cabildo Abierto, la alcaldesa Romina Contreras, escuch\u00f3 y turno a las diversas \u00e1reas para su atenci\u00f3n, las peticiones ciudadanas REDACCI\u00d3N. HUIXQUILUCAN, M\u00e9x.- El Ayuntamiento de Huixquilucan llev\u00f3 a cabo la Septuag\u00e9sima Primera Sesi\u00f3n Ordinaria, con car\u00e1cter de Cabildo Abierto, en donde los ciudadanos participantes expusieron temas de inter\u00e9s para cada una de sus comunidades. [&hellip;]\" \/>\n<meta property=\"og:url\" content=\"https:\/\/continuamosmx.com\/index.php\/2023\/10\/18\/gobierno-de-huixquilucan-abierto-a-la-ciudadania\/\" \/>\n<meta property=\"article:published_time\" content=\"2023-10-18T03:03:21+00:00\" \/>\n<meta property=\"article:modified_time\" content=\"2023-10-19T03:04:40+00:00\" \/>\n<meta property=\"og:image\" content=\"https:\/\/continuamosmx.com\/wp-content\/uploads\/2023\/10\/Comunicado-de-Prensa-No.-248-2023-2.jpg\" \/>\n\t<meta property=\"og:image:width\" content=\"1941\" \/>\n\t<meta property=\"og:image:height\" content=\"1359\" \/>\n\t<meta property=\"og:image:type\" content=\"image\/jpeg\" \/>\n<meta name=\"author\" content=\"Continuamos MX\" \/>\n<meta name=\"twitter:card\" content=\"summary_large_image\" \/>\n<meta name=\"twitter:label1\" content=\"Escrito por\" \/>\n\t<meta name=\"twitter:data1\" content=\"Continuamos MX\" \/>\n\t<meta name=\"twitter:label2\" content=\"Tiempo de lectura\" \/>\n\t<meta name=\"twitter:data2\" content=\"2 minutos\" \/>\n<script type=\"application\/ld+json\" class=\"yoast-schema-graph\">{\"@context\":\"https:\\\/\\\/schema.org\",\"@graph\":[{\"@type\":\"Article\",\"@id\":\"https:\\\/\\\/continuamosmx.com\\\/index.php\\\/2023\\\/10\\\/18\\\/gobierno-de-huixquilucan-abierto-a-la-ciudadania\\\/#article\",\"isPartOf\":{\"@id\":\"https:\\\/\\\/continuamosmx.com\\\/index.php\\\/2023\\\/10\\\/18\\\/gobierno-de-huixquilucan-abierto-a-la-ciudadania\\\/\"},\"author\":{\"name\":\"Continuamos MX\",\"@id\":\"https:\\\/\\\/continuamosmx.com\\\/#\\\/schema\\\/person\\\/5eb5356acb1fad784da407d14f0e8d89\"},\"headline\":\"GOBIERNO DE HUIXQUILUCAN ABIERTO A LA CIUDADAN\u00cdA\",\"datePublished\":\"2023-10-18T03:03:21+00:00\",\"dateModified\":\"2023-10-19T03:04:40+00:00\",\"mainEntityOfPage\":{\"@id\":\"https:\\\/\\\/continuamosmx.com\\\/index.php\\\/2023\\\/10\\\/18\\\/gobierno-de-huixquilucan-abierto-a-la-ciudadania\\\/\"},\"wordCount\":461,\"commentCount\":0,\"publisher\":{\"@id\":\"https:\\\/\\\/continuamosmx.com\\\/#organization\"},\"image\":{\"@id\":\"https:\\\/\\\/continuamosmx.com\\\/index.php\\\/2023\\\/10\\\/18\\\/gobierno-de-huixquilucan-abierto-a-la-ciudadania\\\/#primaryimage\"},\"thumbnailUrl\":\"https:\\\/\\\/continuamosmx.com\\\/wp-content\\\/uploads\\\/2023\\\/10\\\/Comunicado-de-Prensa-No.-248-2023-2.jpg\",\"articleSection\":[\"HUIXQUILUCAN\",\"LOCALES\"],\"inLanguage\":\"es\"},{\"@type\":\"WebPage\",\"@id\":\"https:\\\/\\\/continuamosmx.com\\\/index.php\\\/2023\\\/10\\\/18\\\/gobierno-de-huixquilucan-abierto-a-la-ciudadania\\\/\",\"url\":\"https:\\\/\\\/continuamosmx.com\\\/index.php\\\/2023\\\/10\\\/18\\\/gobierno-de-huixquilucan-abierto-a-la-ciudadania\\\/\",\"name\":\"GOBIERNO DE HUIXQUILUCAN ABIERTO A LA CIUDADAN\u00cdA -\",\"isPartOf\":{\"@id\":\"https:\\\/\\\/continuamosmx.com\\\/#website\"},\"primaryImageOfPage\":{\"@id\":\"https:\\\/\\\/continuamosmx.com\\\/index.php\\\/2023\\\/10\\\/18\\\/gobierno-de-huixquilucan-abierto-a-la-ciudadania\\\/#primaryimage\"},\"image\":{\"@id\":\"https:\\\/\\\/continuamosmx.com\\\/index.php\\\/2023\\\/10\\\/18\\\/gobierno-de-huixquilucan-abierto-a-la-ciudadania\\\/#primaryimage\"},\"thumbnailUrl\":\"https:\\\/\\\/continuamosmx.com\\\/wp-content\\\/uploads\\\/2023\\\/10\\\/Comunicado-de-Prensa-No.-248-2023-2.jpg\",\"datePublished\":\"2023-10-18T03:03:21+00:00\",\"dateModified\":\"2023-10-19T03:04:40+00:00\",\"breadcrumb\":{\"@id\":\"https:\\\/\\\/continuamosmx.com\\\/index.php\\\/2023\\\/10\\\/18\\\/gobierno-de-huixquilucan-abierto-a-la-ciudadania\\\/#breadcrumb\"},\"inLanguage\":\"es\",\"potentialAction\":[{\"@type\":\"ReadAction\",\"target\":[\"https:\\\/\\\/continuamosmx.com\\\/index.php\\\/2023\\\/10\\\/18\\\/gobierno-de-huixquilucan-abierto-a-la-ciudadania\\\/\"]}]},{\"@type\":\"ImageObject\",\"inLanguage\":\"es\",\"@id\":\"https:\\\/\\\/continuamosmx.com\\\/index.php\\\/2023\\\/10\\\/18\\\/gobierno-de-huixquilucan-abierto-a-la-ciudadania\\\/#primaryimage\",\"url\":\"https:\\\/\\\/continuamosmx.com\\\/wp-content\\\/uploads\\\/2023\\\/10\\\/Comunicado-de-Prensa-No.-248-2023-2.jpg\",\"contentUrl\":\"https:\\\/\\\/continuamosmx.com\\\/wp-content\\\/uploads\\\/2023\\\/10\\\/Comunicado-de-Prensa-No.-248-2023-2.jpg\",\"width\":1941,\"height\":1359},{\"@type\":\"BreadcrumbList\",\"@id\":\"https:\\\/\\\/continuamosmx.com\\\/index.php\\\/2023\\\/10\\\/18\\\/gobierno-de-huixquilucan-abierto-a-la-ciudadania\\\/#breadcrumb\",\"itemListElement\":[{\"@type\":\"ListItem\",\"position\":1,\"name\":\"Inicio\",\"item\":\"https:\\\/\\\/continuamosmx.com\\\/\"},{\"@type\":\"ListItem\",\"position\":2,\"name\":\"GOBIERNO DE HUIXQUILUCAN ABIERTO A LA CIUDADAN\u00cdA\"}]},{\"@type\":\"WebSite\",\"@id\":\"https:\\\/\\\/continuamosmx.com\\\/#website\",\"url\":\"https:\\\/\\\/continuamosmx.com\\\/\",\"name\":\"www.continuamosmx.com\",\"description\":\"\",\"publisher\":{\"@id\":\"https:\\\/\\\/continuamosmx.com\\\/#organization\"},\"potentialAction\":[{\"@type\":\"SearchAction\",\"target\":{\"@type\":\"EntryPoint\",\"urlTemplate\":\"https:\\\/\\\/continuamosmx.com\\\/?s={search_term_string}\"},\"query-input\":{\"@type\":\"PropertyValueSpecification\",\"valueRequired\":true,\"valueName\":\"search_term_string\"}}],\"inLanguage\":\"es\"},{\"@type\":\"Organization\",\"@id\":\"https:\\\/\\\/continuamosmx.com\\\/#organization\",\"name\":\"ContinuamosMX\",\"url\":\"https:\\\/\\\/continuamosmx.com\\\/\",\"logo\":{\"@type\":\"ImageObject\",\"inLanguage\":\"es\",\"@id\":\"https:\\\/\\\/continuamosmx.com\\\/#\\\/schema\\\/logo\\\/image\\\/\",\"url\":\"https:\\\/\\\/continuamosmx.com\\\/wp-content\\\/uploads\\\/2023\\\/04\\\/cropped-LOGO-CONTI-NUEVO.png\",\"contentUrl\":\"https:\\\/\\\/continuamosmx.com\\\/wp-content\\\/uploads\\\/2023\\\/04\\\/cropped-LOGO-CONTI-NUEVO.png\",\"width\":1257,\"height\":430,\"caption\":\"ContinuamosMX\"},\"image\":{\"@id\":\"https:\\\/\\\/continuamosmx.com\\\/#\\\/schema\\\/logo\\\/image\\\/\"}},{\"@type\":\"Person\",\"@id\":\"https:\\\/\\\/continuamosmx.com\\\/#\\\/schema\\\/person\\\/5eb5356acb1fad784da407d14f0e8d89\",\"name\":\"Continuamos MX\",\"image\":{\"@type\":\"ImageObject\",\"inLanguage\":\"es\",\"@id\":\"https:\\\/\\\/secure.gravatar.com\\\/avatar\\\/30d4f9723476a15f4da34d35fb3501f08d2357016c76051c6a85c354c7489589?s=96&d=mm&r=g\",\"url\":\"https:\\\/\\\/secure.gravatar.com\\\/avatar\\\/30d4f9723476a15f4da34d35fb3501f08d2357016c76051c6a85c354c7489589?s=96&d=mm&r=g\",\"contentUrl\":\"https:\\\/\\\/secure.gravatar.com\\\/avatar\\\/30d4f9723476a15f4da34d35fb3501f08d2357016c76051c6a85c354c7489589?s=96&d=mm&r=g\",\"caption\":\"Continuamos MX\"},\"sameAs\":[\"http:\\\/\\\/www.continuamos.mx\"],\"url\":\"https:\\\/\\\/continuamosmx.com\\\/index.php\\\/author\\\/continuamos\\\/\"}]}<\/script>\n<!-- \/ Yoast SEO plugin. -->","yoast_head_json":{"title":"GOBIERNO DE HUIXQUILUCAN ABIERTO A LA CIUDADAN\u00cdA -","robots":{"index":"index","follow":"follow","max-snippet":"max-snippet:-1","max-image-preview":"max-image-preview:large","max-video-preview":"max-video-preview:-1"},"canonical":"https:\/\/continuamosmx.com\/index.php\/2023\/10\/18\/gobierno-de-huixquilucan-abierto-a-la-ciudadania\/","og_locale":"es_ES","og_type":"article","og_title":"GOBIERNO DE HUIXQUILUCAN ABIERTO A LA CIUDADAN\u00cdA -","og_description":"*En Cabildo Abierto, la alcaldesa Romina Contreras, escuch\u00f3 y turno a las diversas \u00e1reas para su atenci\u00f3n, las peticiones ciudadanas REDACCI\u00d3N. HUIXQUILUCAN, M\u00e9x.- El Ayuntamiento de Huixquilucan llev\u00f3 a cabo la Septuag\u00e9sima Primera Sesi\u00f3n Ordinaria, con car\u00e1cter de Cabildo Abierto, en donde los ciudadanos participantes expusieron temas de inter\u00e9s para cada una de sus comunidades. [&hellip;]","og_url":"https:\/\/continuamosmx.com\/index.php\/2023\/10\/18\/gobierno-de-huixquilucan-abierto-a-la-ciudadania\/","article_published_time":"2023-10-18T03:03:21+00:00","article_modified_time":"2023-10-19T03:04:40+00:00","og_image":[{"width":1941,"height":1359,"url":"https:\/\/continuamosmx.com\/wp-content\/uploads\/2023\/10\/Comunicado-de-Prensa-No.-248-2023-2.jpg","type":"image\/jpeg"}],"author":"Continuamos MX","twitter_card":"summary_large_image","twitter_misc":{"Escrito por":"Continuamos MX","Tiempo de lectura":"2 minutos"},"schema":{"@context":"https:\/\/schema.org","@graph":[{"@type":"Article","@id":"https:\/\/continuamosmx.com\/index.php\/2023\/10\/18\/gobierno-de-huixquilucan-abierto-a-la-ciudadania\/#article","isPartOf":{"@id":"https:\/\/continuamosmx.com\/index.php\/2023\/10\/18\/gobierno-de-huixquilucan-abierto-a-la-ciudadania\/"},"author":{"name":"Continuamos MX","@id":"https:\/\/continuamosmx.com\/#\/schema\/person\/5eb5356acb1fad784da407d14f0e8d89"},"headline":"GOBIERNO DE HUIXQUILUCAN ABIERTO A LA CIUDADAN\u00cdA","datePublished":"2023-10-18T03:03:21+00:00","dateModified":"2023-10-19T03:04:40+00:00","mainEntityOfPage":{"@id":"https:\/\/continuamosmx.com\/index.php\/2023\/10\/18\/gobierno-de-huixquilucan-abierto-a-la-ciudadania\/"},"wordCount":461,"commentCount":0,"publisher":{"@id":"https:\/\/continuamosmx.com\/#organization"},"image":{"@id":"https:\/\/continuamosmx.com\/index.php\/2023\/10\/18\/gobierno-de-huixquilucan-abierto-a-la-ciudadania\/#primaryimage"},"thumbnailUrl":"https:\/\/continuamosmx.com\/wp-content\/uploads\/2023\/10\/Comunicado-de-Prensa-No.-248-2023-2.jpg","articleSection":["HUIXQUILUCAN","LOCALES"],"inLanguage":"es"},{"@type":"WebPage","@id":"https:\/\/continuamosmx.com\/index.php\/2023\/10\/18\/gobierno-de-huixquilucan-abierto-a-la-ciudadania\/","url":"https:\/\/continuamosmx.com\/index.php\/2023\/10\/18\/gobierno-de-huixquilucan-abierto-a-la-ciudadania\/","name":"GOBIERNO DE HUIXQUILUCAN ABIERTO A LA CIUDADAN\u00cdA -","isPartOf":{"@id":"https:\/\/continuamosmx.com\/#website"},"primaryImageOfPage":{"@id":"https:\/\/continuamosmx.com\/index.php\/2023\/10\/18\/gobierno-de-huixquilucan-abierto-a-la-ciudadania\/#primaryimage"},"image":{"@id":"https:\/\/continuamosmx.com\/index.php\/2023\/10\/18\/gobierno-de-huixquilucan-abierto-a-la-ciudadania\/#primaryimage"},"thumbnailUrl":"https:\/\/continuamosmx.com\/wp-content\/uploads\/2023\/10\/Comunicado-de-Prensa-No.-248-2023-2.jpg","datePublished":"2023-10-18T03:03:21+00:00","dateModified":"2023-10-19T03:04:40+00:00","breadcrumb":{"@id":"https:\/\/continuamosmx.com\/index.php\/2023\/10\/18\/gobierno-de-huixquilucan-abierto-a-la-ciudadania\/#breadcrumb"},"inLanguage":"es","potentialAction":[{"@type":"ReadAction","target":["https:\/\/continuamosmx.com\/index.php\/2023\/10\/18\/gobierno-de-huixquilucan-abierto-a-la-ciudadania\/"]}]},{"@type":"ImageObject","inLanguage":"es","@id":"https:\/\/continuamosmx.com\/index.php\/2023\/10\/18\/gobierno-de-huixquilucan-abierto-a-la-ciudadania\/#primaryimage","url":"https:\/\/continuamosmx.com\/wp-content\/uploads\/2023\/10\/Comunicado-de-Prensa-No.-248-2023-2.jpg","contentUrl":"https:\/\/continuamosmx.com\/wp-content\/uploads\/2023\/10\/Comunicado-de-Prensa-No.-248-2023-2.jpg","width":1941,"height":1359},{"@type":"BreadcrumbList","@id":"https:\/\/continuamosmx.com\/index.php\/2023\/10\/18\/gobierno-de-huixquilucan-abierto-a-la-ciudadania\/#breadcrumb","itemListElement":[{"@type":"ListItem","position":1,"name":"Inicio","item":"https:\/\/continuamosmx.com\/"},{"@type":"ListItem","position":2,"name":"GOBIERNO DE HUIXQUILUCAN ABIERTO A LA CIUDADAN\u00cdA"}]},{"@type":"WebSite","@id":"https:\/\/continuamosmx.com\/#website","url":"https:\/\/continuamosmx.com\/","name":"www.continuamosmx.com","description":"","publisher":{"@id":"https:\/\/continuamosmx.com\/#organization"},"potentialAction":[{"@type":"SearchAction","target":{"@type":"EntryPoint","urlTemplate":"https:\/\/continuamosmx.com\/?s={search_term_string}"},"query-input":{"@type":"PropertyValueSpecification","valueRequired":true,"valueName":"search_term_string"}}],"inLanguage":"es"},{"@type":"Organization","@id":"https:\/\/continuamosmx.com\/#organization","name":"ContinuamosMX","url":"https:\/\/continuamosmx.com\/","logo":{"@type":"ImageObject","inLanguage":"es","@id":"https:\/\/continuamosmx.com\/#\/schema\/logo\/image\/","url":"https:\/\/continuamosmx.com\/wp-content\/uploads\/2023\/04\/cropped-LOGO-CONTI-NUEVO.png","contentUrl":"https:\/\/continuamosmx.com\/wp-content\/uploads\/2023\/04\/cropped-LOGO-CONTI-NUEVO.png","width":1257,"height":430,"caption":"ContinuamosMX"},"image":{"@id":"https:\/\/continuamosmx.com\/#\/schema\/logo\/image\/"}},{"@type":"Person","@id":"https:\/\/continuamosmx.com\/#\/schema\/person\/5eb5356acb1fad784da407d14f0e8d89","name":"Continuamos MX","image":{"@type":"ImageObject","inLanguage":"es","@id":"https:\/\/secure.gravatar.com\/avatar\/30d4f9723476a15f4da34d35fb3501f08d2357016c76051c6a85c354c7489589?s=96&d=mm&r=g","url":"https:\/\/secure.gravatar.com\/avatar\/30d4f9723476a15f4da34d35fb3501f08d2357016c76051c6a85c354c7489589?s=96&d=mm&r=g","contentUrl":"https:\/\/secure.gravatar.com\/avatar\/30d4f9723476a15f4da34d35fb3501f08d2357016c76051c6a85c354c7489589?s=96&d=mm&r=g","caption":"Continuamos MX"},"sameAs":["http:\/\/www.continuamos.mx"],"url":"https:\/\/continuamosmx.com\/index.php\/author\/continuamos\/"}]}},"_links":{"self":[{"href":"https:\/\/continuamosmx.com\/index.php\/wp-json\/wp\/v2\/posts\/45261","targetHints":{"allow":["GET"]}}],"collection":[{"href":"https:\/\/continuamosmx.com\/index.php\/wp-json\/wp\/v2\/posts"}],"about":[{"href":"https:\/\/continuamosmx.com\/index.php\/wp-json\/wp\/v2\/types\/post"}],"author":[{"embeddable":true,"href":"https:\/\/continuamosmx.com\/index.php\/wp-json\/wp\/v2\/users\/6"}],"replies":[{"embeddable":true,"href":"https:\/\/continuamosmx.com\/index.php\/wp-json\/wp\/v2\/comments?post=45261"}],"version-history":[{"count":1,"href":"https:\/\/continuamosmx.com\/index.php\/wp-json\/wp\/v2\/posts\/45261\/revisions"}],"predecessor-version":[{"id":45263,"href":"https:\/\/continuamosmx.com\/index.php\/wp-json\/wp\/v2\/posts\/45261\/revisions\/45263"}],"wp:featuredmedia":[{"embeddable":true,"href":"https:\/\/continuamosmx.com\/index.php\/wp-json\/wp\/v2\/media\/45262"}],"wp:attachment":[{"href":"https:\/\/continuamosmx.com\/index.php\/wp-json\/wp\/v2\/media?parent=45261"}],"wp:term":[{"taxonomy":"category","embeddable":true,"href":"https:\/\/continuamosmx.com\/index.php\/wp-json\/wp\/v2\/categories?post=45261"},{"taxonomy":"post_tag","embeddable":true,"href":"https:\/\/continuamosmx.com\/index.php\/wp-json\/wp\/v2\/tags?post=45261"}],"curies":[{"name":"wp","href":"https:\/\/api.w.org\/{rel}","templated":true}]}}