{"id":45159,"date":"2023-10-08T23:11:25","date_gmt":"2023-10-08T23:11:25","guid":{"rendered":"https:\/\/continuamosmx.com\/?p=45159"},"modified":"2023-10-08T23:11:26","modified_gmt":"2023-10-08T23:11:26","slug":"el-monumento-a-la-revolucion-mexicana","status":"publish","type":"post","link":"https:\/\/continuamosmx.com\/index.php\/2023\/10\/08\/el-monumento-a-la-revolucion-mexicana\/","title":{"rendered":"EL MONUMENTO A LA REVOLUCI\u00d3N MEXICANA"},"content":{"rendered":"\n<p>El Monumento a la Revoluci\u00f3n es una obra arquitect\u00f3nica y un mausoleo dedicado a la conmemoraci\u00f3n de la Revoluci\u00f3n mexicana. Se encuentra ubicado en la Ciudad de M\u00e9xico, en la Plaza de la Rep\u00fablica, cerca del Centro Hist\u00f3rico.<\/p>\n\n\n\n<p>La construcci\u00f3n del monumento se inici\u00f3 en 1910, durante el gobierno de Porfirio D\u00edaz, como parte del proyecto para la construcci\u00f3n del Palacio Legislativo Federal. El arquitecto franc\u00e9s \u00c9mile B\u00e9nard fue el encargado del dise\u00f1o, que se inspir\u00f3 en la arquitectura neocl\u00e1sica.<\/p>\n\n\n\n<p>La Revoluci\u00f3n mexicana interrumpi\u00f3 la construcci\u00f3n del Palacio Legislativo, que qued\u00f3 inconcluso. En 1925, el presidente Plutarco El\u00edas Calles encarg\u00f3 al arquitecto Carlos Obreg\u00f3n Santacilia la transformaci\u00f3n del edificio en un monumento a la Revoluci\u00f3n.<\/p>\n\n\n\n<p>Obreg\u00f3n Santacilia mantuvo la estructura original del edificio, pero le a\u00f1adi\u00f3 una c\u00fapula de acero y concreto de 67 metros de altura. Tambi\u00e9n agreg\u00f3 cuatro grupos escult\u00f3ricos en las esquinas del monumento, que representan aleg\u00f3ricamente la Independencia, las Leyes de Reforma, las Leyes Agrarias y las Leyes Obreras.<\/p>\n\n\n\n<p>El Monumento a la Revoluci\u00f3n fue inaugurado en 1938. En 1982, el gobierno mexicano decret\u00f3 que el monumento se convirtiera en un mausoleo para los h\u00e9roes de la Revoluci\u00f3n. En la actualidad, los restos de Francisco I. Madero, Francisco \u00abPancho\u00bb Villa, Venustiano Carranza, Plutarco El\u00edas Calles y L\u00e1zaro C\u00e1rdenas se encuentran enterrados en el monumento.<\/p>\n\n\n\n<p>El Monumento a la Revoluci\u00f3n es uno de los s\u00edmbolos m\u00e1s emblem\u00e1ticos de la Ciudad de M\u00e9xico. Es un lugar de visita obligada para los turistas y los mexicanos, que acuden al monumento para rendir homenaje a los h\u00e9roes de la Revoluci\u00f3n.<\/p>\n","protected":false},"excerpt":{"rendered":"<p>El Monumento a la Revoluci\u00f3n es una obra arquitect\u00f3nica y un mausoleo dedicado a la conmemoraci\u00f3n de la Revoluci\u00f3n mexicana. Se encuentra ubicado en la Ciudad de M\u00e9xico, en la Plaza de la Rep\u00fablica, cerca del Centro Hist\u00f3rico. La construcci\u00f3n del monumento se inici\u00f3 en 1910, durante el gobierno de Porfirio D\u00edaz, como parte del [&hellip;]<\/p>\n","protected":false},"author":6,"featured_media":45160,"comment_status":"open","ping_status":"open","sticky":false,"template":"","format":"standard","meta":{"footnotes":""},"categories":[15,47],"tags":[],"class_list":["post-45159","post","type-post","status-publish","format-standard","has-post-thumbnail","hentry","category-cultura","category-nacional"],"yoast_head":"<!-- This site is optimized with the Yoast SEO plugin v27.5 - https:\/\/yoast.com\/product\/yoast-seo-wordpress\/ -->\n<title>EL MONUMENTO A LA REVOLUCI\u00d3N MEXICANA -<\/title>\n<meta name=\"robots\" content=\"index, follow, max-snippet:-1, max-image-preview:large, max-video-preview:-1\" \/>\n<link rel=\"canonical\" href=\"https:\/\/continuamosmx.com\/index.php\/2023\/10\/08\/el-monumento-a-la-revolucion-mexicana\/\" \/>\n<meta property=\"og:locale\" content=\"es_ES\" \/>\n<meta property=\"og:type\" content=\"article\" \/>\n<meta property=\"og:title\" content=\"EL MONUMENTO A LA REVOLUCI\u00d3N MEXICANA -\" \/>\n<meta property=\"og:description\" content=\"El Monumento a la Revoluci\u00f3n es una obra arquitect\u00f3nica y un mausoleo dedicado a la conmemoraci\u00f3n de la Revoluci\u00f3n mexicana. Se encuentra ubicado en la Ciudad de M\u00e9xico, en la Plaza de la Rep\u00fablica, cerca del Centro Hist\u00f3rico. La construcci\u00f3n del monumento se inici\u00f3 en 1910, durante el gobierno de Porfirio D\u00edaz, como parte del [&hellip;]\" \/>\n<meta property=\"og:url\" content=\"https:\/\/continuamosmx.com\/index.php\/2023\/10\/08\/el-monumento-a-la-revolucion-mexicana\/\" \/>\n<meta property=\"article:published_time\" content=\"2023-10-08T23:11:25+00:00\" \/>\n<meta property=\"article:modified_time\" content=\"2023-10-08T23:11:26+00:00\" \/>\n<meta property=\"og:image\" content=\"https:\/\/continuamosmx.com\/wp-content\/uploads\/2023\/10\/revolucion.jpg\" \/>\n\t<meta property=\"og:image:width\" content=\"300\" \/>\n\t<meta property=\"og:image:height\" content=\"168\" \/>\n\t<meta property=\"og:image:type\" content=\"image\/jpeg\" \/>\n<meta name=\"author\" content=\"Continuamos MX\" \/>\n<meta name=\"twitter:card\" content=\"summary_large_image\" \/>\n<meta name=\"twitter:label1\" content=\"Escrito por\" \/>\n\t<meta name=\"twitter:data1\" content=\"Continuamos MX\" \/>\n\t<meta name=\"twitter:label2\" content=\"Tiempo de lectura\" \/>\n\t<meta name=\"twitter:data2\" content=\"2 minutos\" \/>\n<script type=\"application\/ld+json\" class=\"yoast-schema-graph\">{\"@context\":\"https:\\\/\\\/schema.org\",\"@graph\":[{\"@type\":\"Article\",\"@id\":\"https:\\\/\\\/continuamosmx.com\\\/index.php\\\/2023\\\/10\\\/08\\\/el-monumento-a-la-revolucion-mexicana\\\/#article\",\"isPartOf\":{\"@id\":\"https:\\\/\\\/continuamosmx.com\\\/index.php\\\/2023\\\/10\\\/08\\\/el-monumento-a-la-revolucion-mexicana\\\/\"},\"author\":{\"name\":\"Continuamos MX\",\"@id\":\"https:\\\/\\\/continuamosmx.com\\\/#\\\/schema\\\/person\\\/5eb5356acb1fad784da407d14f0e8d89\"},\"headline\":\"EL MONUMENTO A LA REVOLUCI\u00d3N MEXICANA\",\"datePublished\":\"2023-10-08T23:11:25+00:00\",\"dateModified\":\"2023-10-08T23:11:26+00:00\",\"mainEntityOfPage\":{\"@id\":\"https:\\\/\\\/continuamosmx.com\\\/index.php\\\/2023\\\/10\\\/08\\\/el-monumento-a-la-revolucion-mexicana\\\/\"},\"wordCount\":301,\"commentCount\":0,\"publisher\":{\"@id\":\"https:\\\/\\\/continuamosmx.com\\\/#organization\"},\"image\":{\"@id\":\"https:\\\/\\\/continuamosmx.com\\\/index.php\\\/2023\\\/10\\\/08\\\/el-monumento-a-la-revolucion-mexicana\\\/#primaryimage\"},\"thumbnailUrl\":\"https:\\\/\\\/continuamosmx.com\\\/wp-content\\\/uploads\\\/2023\\\/10\\\/revolucion.jpg\",\"articleSection\":[\"CULTURA\",\"NACIONAL\"],\"inLanguage\":\"es\"},{\"@type\":\"WebPage\",\"@id\":\"https:\\\/\\\/continuamosmx.com\\\/index.php\\\/2023\\\/10\\\/08\\\/el-monumento-a-la-revolucion-mexicana\\\/\",\"url\":\"https:\\\/\\\/continuamosmx.com\\\/index.php\\\/2023\\\/10\\\/08\\\/el-monumento-a-la-revolucion-mexicana\\\/\",\"name\":\"EL MONUMENTO A LA REVOLUCI\u00d3N MEXICANA -\",\"isPartOf\":{\"@id\":\"https:\\\/\\\/continuamosmx.com\\\/#website\"},\"primaryImageOfPage\":{\"@id\":\"https:\\\/\\\/continuamosmx.com\\\/index.php\\\/2023\\\/10\\\/08\\\/el-monumento-a-la-revolucion-mexicana\\\/#primaryimage\"},\"image\":{\"@id\":\"https:\\\/\\\/continuamosmx.com\\\/index.php\\\/2023\\\/10\\\/08\\\/el-monumento-a-la-revolucion-mexicana\\\/#primaryimage\"},\"thumbnailUrl\":\"https:\\\/\\\/continuamosmx.com\\\/wp-content\\\/uploads\\\/2023\\\/10\\\/revolucion.jpg\",\"datePublished\":\"2023-10-08T23:11:25+00:00\",\"dateModified\":\"2023-10-08T23:11:26+00:00\",\"breadcrumb\":{\"@id\":\"https:\\\/\\\/continuamosmx.com\\\/index.php\\\/2023\\\/10\\\/08\\\/el-monumento-a-la-revolucion-mexicana\\\/#breadcrumb\"},\"inLanguage\":\"es\",\"potentialAction\":[{\"@type\":\"ReadAction\",\"target\":[\"https:\\\/\\\/continuamosmx.com\\\/index.php\\\/2023\\\/10\\\/08\\\/el-monumento-a-la-revolucion-mexicana\\\/\"]}]},{\"@type\":\"ImageObject\",\"inLanguage\":\"es\",\"@id\":\"https:\\\/\\\/continuamosmx.com\\\/index.php\\\/2023\\\/10\\\/08\\\/el-monumento-a-la-revolucion-mexicana\\\/#primaryimage\",\"url\":\"https:\\\/\\\/continuamosmx.com\\\/wp-content\\\/uploads\\\/2023\\\/10\\\/revolucion.jpg\",\"contentUrl\":\"https:\\\/\\\/continuamosmx.com\\\/wp-content\\\/uploads\\\/2023\\\/10\\\/revolucion.jpg\",\"width\":300,\"height\":168},{\"@type\":\"BreadcrumbList\",\"@id\":\"https:\\\/\\\/continuamosmx.com\\\/index.php\\\/2023\\\/10\\\/08\\\/el-monumento-a-la-revolucion-mexicana\\\/#breadcrumb\",\"itemListElement\":[{\"@type\":\"ListItem\",\"position\":1,\"name\":\"Inicio\",\"item\":\"https:\\\/\\\/continuamosmx.com\\\/\"},{\"@type\":\"ListItem\",\"position\":2,\"name\":\"EL MONUMENTO A LA REVOLUCI\u00d3N MEXICANA\"}]},{\"@type\":\"WebSite\",\"@id\":\"https:\\\/\\\/continuamosmx.com\\\/#website\",\"url\":\"https:\\\/\\\/continuamosmx.com\\\/\",\"name\":\"www.continuamosmx.com\",\"description\":\"\",\"publisher\":{\"@id\":\"https:\\\/\\\/continuamosmx.com\\\/#organization\"},\"potentialAction\":[{\"@type\":\"SearchAction\",\"target\":{\"@type\":\"EntryPoint\",\"urlTemplate\":\"https:\\\/\\\/continuamosmx.com\\\/?s={search_term_string}\"},\"query-input\":{\"@type\":\"PropertyValueSpecification\",\"valueRequired\":true,\"valueName\":\"search_term_string\"}}],\"inLanguage\":\"es\"},{\"@type\":\"Organization\",\"@id\":\"https:\\\/\\\/continuamosmx.com\\\/#organization\",\"name\":\"ContinuamosMX\",\"url\":\"https:\\\/\\\/continuamosmx.com\\\/\",\"logo\":{\"@type\":\"ImageObject\",\"inLanguage\":\"es\",\"@id\":\"https:\\\/\\\/continuamosmx.com\\\/#\\\/schema\\\/logo\\\/image\\\/\",\"url\":\"https:\\\/\\\/continuamosmx.com\\\/wp-content\\\/uploads\\\/2023\\\/04\\\/cropped-LOGO-CONTI-NUEVO.png\",\"contentUrl\":\"https:\\\/\\\/continuamosmx.com\\\/wp-content\\\/uploads\\\/2023\\\/04\\\/cropped-LOGO-CONTI-NUEVO.png\",\"width\":1257,\"height\":430,\"caption\":\"ContinuamosMX\"},\"image\":{\"@id\":\"https:\\\/\\\/continuamosmx.com\\\/#\\\/schema\\\/logo\\\/image\\\/\"}},{\"@type\":\"Person\",\"@id\":\"https:\\\/\\\/continuamosmx.com\\\/#\\\/schema\\\/person\\\/5eb5356acb1fad784da407d14f0e8d89\",\"name\":\"Continuamos MX\",\"image\":{\"@type\":\"ImageObject\",\"inLanguage\":\"es\",\"@id\":\"https:\\\/\\\/secure.gravatar.com\\\/avatar\\\/30d4f9723476a15f4da34d35fb3501f08d2357016c76051c6a85c354c7489589?s=96&d=mm&r=g\",\"url\":\"https:\\\/\\\/secure.gravatar.com\\\/avatar\\\/30d4f9723476a15f4da34d35fb3501f08d2357016c76051c6a85c354c7489589?s=96&d=mm&r=g\",\"contentUrl\":\"https:\\\/\\\/secure.gravatar.com\\\/avatar\\\/30d4f9723476a15f4da34d35fb3501f08d2357016c76051c6a85c354c7489589?s=96&d=mm&r=g\",\"caption\":\"Continuamos MX\"},\"sameAs\":[\"http:\\\/\\\/www.continuamos.mx\"],\"url\":\"https:\\\/\\\/continuamosmx.com\\\/index.php\\\/author\\\/continuamos\\\/\"}]}<\/script>\n<!-- \/ Yoast SEO plugin. -->","yoast_head_json":{"title":"EL MONUMENTO A LA REVOLUCI\u00d3N MEXICANA -","robots":{"index":"index","follow":"follow","max-snippet":"max-snippet:-1","max-image-preview":"max-image-preview:large","max-video-preview":"max-video-preview:-1"},"canonical":"https:\/\/continuamosmx.com\/index.php\/2023\/10\/08\/el-monumento-a-la-revolucion-mexicana\/","og_locale":"es_ES","og_type":"article","og_title":"EL MONUMENTO A LA REVOLUCI\u00d3N MEXICANA -","og_description":"El Monumento a la Revoluci\u00f3n es una obra arquitect\u00f3nica y un mausoleo dedicado a la conmemoraci\u00f3n de la Revoluci\u00f3n mexicana. Se encuentra ubicado en la Ciudad de M\u00e9xico, en la Plaza de la Rep\u00fablica, cerca del Centro Hist\u00f3rico. La construcci\u00f3n del monumento se inici\u00f3 en 1910, durante el gobierno de Porfirio D\u00edaz, como parte del [&hellip;]","og_url":"https:\/\/continuamosmx.com\/index.php\/2023\/10\/08\/el-monumento-a-la-revolucion-mexicana\/","article_published_time":"2023-10-08T23:11:25+00:00","article_modified_time":"2023-10-08T23:11:26+00:00","og_image":[{"width":300,"height":168,"url":"https:\/\/continuamosmx.com\/wp-content\/uploads\/2023\/10\/revolucion.jpg","type":"image\/jpeg"}],"author":"Continuamos MX","twitter_card":"summary_large_image","twitter_misc":{"Escrito por":"Continuamos MX","Tiempo de lectura":"2 minutos"},"schema":{"@context":"https:\/\/schema.org","@graph":[{"@type":"Article","@id":"https:\/\/continuamosmx.com\/index.php\/2023\/10\/08\/el-monumento-a-la-revolucion-mexicana\/#article","isPartOf":{"@id":"https:\/\/continuamosmx.com\/index.php\/2023\/10\/08\/el-monumento-a-la-revolucion-mexicana\/"},"author":{"name":"Continuamos MX","@id":"https:\/\/continuamosmx.com\/#\/schema\/person\/5eb5356acb1fad784da407d14f0e8d89"},"headline":"EL MONUMENTO A LA REVOLUCI\u00d3N MEXICANA","datePublished":"2023-10-08T23:11:25+00:00","dateModified":"2023-10-08T23:11:26+00:00","mainEntityOfPage":{"@id":"https:\/\/continuamosmx.com\/index.php\/2023\/10\/08\/el-monumento-a-la-revolucion-mexicana\/"},"wordCount":301,"commentCount":0,"publisher":{"@id":"https:\/\/continuamosmx.com\/#organization"},"image":{"@id":"https:\/\/continuamosmx.com\/index.php\/2023\/10\/08\/el-monumento-a-la-revolucion-mexicana\/#primaryimage"},"thumbnailUrl":"https:\/\/continuamosmx.com\/wp-content\/uploads\/2023\/10\/revolucion.jpg","articleSection":["CULTURA","NACIONAL"],"inLanguage":"es"},{"@type":"WebPage","@id":"https:\/\/continuamosmx.com\/index.php\/2023\/10\/08\/el-monumento-a-la-revolucion-mexicana\/","url":"https:\/\/continuamosmx.com\/index.php\/2023\/10\/08\/el-monumento-a-la-revolucion-mexicana\/","name":"EL MONUMENTO A LA REVOLUCI\u00d3N MEXICANA -","isPartOf":{"@id":"https:\/\/continuamosmx.com\/#website"},"primaryImageOfPage":{"@id":"https:\/\/continuamosmx.com\/index.php\/2023\/10\/08\/el-monumento-a-la-revolucion-mexicana\/#primaryimage"},"image":{"@id":"https:\/\/continuamosmx.com\/index.php\/2023\/10\/08\/el-monumento-a-la-revolucion-mexicana\/#primaryimage"},"thumbnailUrl":"https:\/\/continuamosmx.com\/wp-content\/uploads\/2023\/10\/revolucion.jpg","datePublished":"2023-10-08T23:11:25+00:00","dateModified":"2023-10-08T23:11:26+00:00","breadcrumb":{"@id":"https:\/\/continuamosmx.com\/index.php\/2023\/10\/08\/el-monumento-a-la-revolucion-mexicana\/#breadcrumb"},"inLanguage":"es","potentialAction":[{"@type":"ReadAction","target":["https:\/\/continuamosmx.com\/index.php\/2023\/10\/08\/el-monumento-a-la-revolucion-mexicana\/"]}]},{"@type":"ImageObject","inLanguage":"es","@id":"https:\/\/continuamosmx.com\/index.php\/2023\/10\/08\/el-monumento-a-la-revolucion-mexicana\/#primaryimage","url":"https:\/\/continuamosmx.com\/wp-content\/uploads\/2023\/10\/revolucion.jpg","contentUrl":"https:\/\/continuamosmx.com\/wp-content\/uploads\/2023\/10\/revolucion.jpg","width":300,"height":168},{"@type":"BreadcrumbList","@id":"https:\/\/continuamosmx.com\/index.php\/2023\/10\/08\/el-monumento-a-la-revolucion-mexicana\/#breadcrumb","itemListElement":[{"@type":"ListItem","position":1,"name":"Inicio","item":"https:\/\/continuamosmx.com\/"},{"@type":"ListItem","position":2,"name":"EL MONUMENTO A LA REVOLUCI\u00d3N MEXICANA"}]},{"@type":"WebSite","@id":"https:\/\/continuamosmx.com\/#website","url":"https:\/\/continuamosmx.com\/","name":"www.continuamosmx.com","description":"","publisher":{"@id":"https:\/\/continuamosmx.com\/#organization"},"potentialAction":[{"@type":"SearchAction","target":{"@type":"EntryPoint","urlTemplate":"https:\/\/continuamosmx.com\/?s={search_term_string}"},"query-input":{"@type":"PropertyValueSpecification","valueRequired":true,"valueName":"search_term_string"}}],"inLanguage":"es"},{"@type":"Organization","@id":"https:\/\/continuamosmx.com\/#organization","name":"ContinuamosMX","url":"https:\/\/continuamosmx.com\/","logo":{"@type":"ImageObject","inLanguage":"es","@id":"https:\/\/continuamosmx.com\/#\/schema\/logo\/image\/","url":"https:\/\/continuamosmx.com\/wp-content\/uploads\/2023\/04\/cropped-LOGO-CONTI-NUEVO.png","contentUrl":"https:\/\/continuamosmx.com\/wp-content\/uploads\/2023\/04\/cropped-LOGO-CONTI-NUEVO.png","width":1257,"height":430,"caption":"ContinuamosMX"},"image":{"@id":"https:\/\/continuamosmx.com\/#\/schema\/logo\/image\/"}},{"@type":"Person","@id":"https:\/\/continuamosmx.com\/#\/schema\/person\/5eb5356acb1fad784da407d14f0e8d89","name":"Continuamos MX","image":{"@type":"ImageObject","inLanguage":"es","@id":"https:\/\/secure.gravatar.com\/avatar\/30d4f9723476a15f4da34d35fb3501f08d2357016c76051c6a85c354c7489589?s=96&d=mm&r=g","url":"https:\/\/secure.gravatar.com\/avatar\/30d4f9723476a15f4da34d35fb3501f08d2357016c76051c6a85c354c7489589?s=96&d=mm&r=g","contentUrl":"https:\/\/secure.gravatar.com\/avatar\/30d4f9723476a15f4da34d35fb3501f08d2357016c76051c6a85c354c7489589?s=96&d=mm&r=g","caption":"Continuamos MX"},"sameAs":["http:\/\/www.continuamos.mx"],"url":"https:\/\/continuamosmx.com\/index.php\/author\/continuamos\/"}]}},"_links":{"self":[{"href":"https:\/\/continuamosmx.com\/index.php\/wp-json\/wp\/v2\/posts\/45159","targetHints":{"allow":["GET"]}}],"collection":[{"href":"https:\/\/continuamosmx.com\/index.php\/wp-json\/wp\/v2\/posts"}],"about":[{"href":"https:\/\/continuamosmx.com\/index.php\/wp-json\/wp\/v2\/types\/post"}],"author":[{"embeddable":true,"href":"https:\/\/continuamosmx.com\/index.php\/wp-json\/wp\/v2\/users\/6"}],"replies":[{"embeddable":true,"href":"https:\/\/continuamosmx.com\/index.php\/wp-json\/wp\/v2\/comments?post=45159"}],"version-history":[{"count":1,"href":"https:\/\/continuamosmx.com\/index.php\/wp-json\/wp\/v2\/posts\/45159\/revisions"}],"predecessor-version":[{"id":45161,"href":"https:\/\/continuamosmx.com\/index.php\/wp-json\/wp\/v2\/posts\/45159\/revisions\/45161"}],"wp:featuredmedia":[{"embeddable":true,"href":"https:\/\/continuamosmx.com\/index.php\/wp-json\/wp\/v2\/media\/45160"}],"wp:attachment":[{"href":"https:\/\/continuamosmx.com\/index.php\/wp-json\/wp\/v2\/media?parent=45159"}],"wp:term":[{"taxonomy":"category","embeddable":true,"href":"https:\/\/continuamosmx.com\/index.php\/wp-json\/wp\/v2\/categories?post=45159"},{"taxonomy":"post_tag","embeddable":true,"href":"https:\/\/continuamosmx.com\/index.php\/wp-json\/wp\/v2\/tags?post=45159"}],"curies":[{"name":"wp","href":"https:\/\/api.w.org\/{rel}","templated":true}]}}