{"id":45098,"date":"2023-09-29T14:53:00","date_gmt":"2023-09-29T14:53:00","guid":{"rendered":"https:\/\/continuamosmx.com\/?p=45098"},"modified":"2023-10-01T02:56:23","modified_gmt":"2023-10-01T02:56:23","slug":"omar-tapia-informa-17","status":"publish","type":"post","link":"https:\/\/continuamosmx.com\/index.php\/2023\/09\/29\/omar-tapia-informa-17\/","title":{"rendered":"OMAR TAPIA INFORMA"},"content":{"rendered":"\n<p>No ma\u2026s eso nos faltaba!!!&nbsp; Ahora resulta que todos los \u201cASPIRACIONISTAS\u201d de Morena a la Presidencia municipal de Izcalli, tienen SUS encuestas en las que aparecen como innegables punteros. No pues s\u00ed. Y luego con las \u201cencuestas\u201d a las que nos han acostumbrado los de ese Partido, en las que no hay ni por d\u00f3nde buscarle. Porque as\u00ed como Delfina fue el dedazo de un s\u00f3lo hombre; como igualmente result\u00f3 Claudia, sin mayor sorpresa, ac\u00e1 tambi\u00e9n se est\u00e1n haciendo bolas y ver\u00e1n que la IMPOSICI\u00d3N ser\u00e1 a quien tengan que tragarse, digan lo que digan. Hagan de cuenta el PRI en sus mejores (o peores) tiempos.<\/p>\n\n\n\n<p>&nbsp;&nbsp;&nbsp;&nbsp;&nbsp;&nbsp;&nbsp;&nbsp;&nbsp;&nbsp;&nbsp; El que CREO que empez\u00f3 con esto fue el EX Diputado Local por el Distrito 26 y ahora REPITIENDO el cargo como PLURINOMINAL, JORGE DIONICIO qui\u00e9n sabe qu\u00e9, porque nunca me he aprendido sus apellidos. Y me enter\u00e9 por una nota de mis amigos de \u201cEl Izcallense\u201d donde dec\u00eda que de acuerdo a alguna \u201cencuestadora\u201d marca patito, \u201cel primer lugar en las preferencias de los izcallenses con miras a la Presidencia municipal\u201d, destacaba este se\u00f1or. H\u00e1ganme ustedes el re fabr\u00f3n cavor\u2026 QUI\u00c9N rayos conoce a ese Diputado que ha pasado como de noche, de quien lo \u00daNICO que hemos escuchado es que, siendo de Izcalli, es uno de los que VOT\u00d3 a favor para que la parte de San Mateo Ixtacalco que le pertenece a nuestro municipio, regresara al OTRO Cuautitl\u00e1n, pleito que hasta ahora se sigue peleando. As\u00ed de rufi\u00e1n. Y el otro motivo por el que es \u201cconocido\u201d o criticado, es porque APARTE de su SUELDOTOTOTE como Diputado, cobra su pensi\u00f3n del Seguro Social y adem\u00e1s la ayuda del gobierno Federal para adultos mayores. Seguramente mucho la ha de necesitar.<\/p>\n\n\n\n<p>&nbsp;&nbsp;&nbsp;&nbsp;&nbsp;&nbsp;&nbsp;&nbsp;&nbsp;&nbsp;&nbsp; Pero repito, aunque NADIE lo conoce, seg\u00fan \u201cuna encuesta\u201d \u00e9l va encabezando las preferencias de los izcallenses. Bendito sea Dios.<\/p>\n\n\n\n<p>&nbsp;&nbsp;&nbsp;&nbsp;&nbsp;&nbsp;&nbsp;&nbsp;&nbsp;&nbsp;&nbsp; Y luego, ya esta semana, caus\u00f3 revuelo el resultado de otras dos encuestas que de repente aparecieron y que curiosamente, ponen en PRIMER lugar a OTROS personajes igualmente de Morena, quienes andan alebrestad\u00edsimos porque piensan -primero- que en realidad van a ser los CANDIDATOS; y en segundo lugar, que como va a ser una elecci\u00f3n Federal, se repetir\u00e1 el mismo efecto de hace 6 a\u00f1os y quede quien quede, volver\u00e1 a suceder lo que pas\u00f3 con Ricardo N\u00fa\u00f1ez a quien incluso DESPU\u00c9S de su gobierno, la mitad de Izcalli nunca lo conoci\u00f3. Ahora no ser\u00e1 lo mismo, desde la elecci\u00f3n de los CANDIDATOS que ya ver\u00e1n ser\u00e1 por dedazo y con \u201cCONVENIOS\u201d previos bien establecidos, al igual que los integrantes del CABILDO quienes indudablemente ya NO obedecer\u00e1n a un solo AMO (como TODOS los de ahorita de ese Partido, que los IMPUSO el AMADO l\u00edder de Los Puros). Esto apenas empieza, aunque la mayor\u00eda ahora de Morena como antes eran los del PRI, est\u00e1n mostrando su avaricia o desesperaci\u00f3n, PINTANDO BARDAS por donde quiera o pagando ENCUESTAS piteras que no van a servir de nada a la hora de la hora; o como los de antes, s\u00f3lo para NEGOCIAR otros puestos menores. O sea, son iguales a los anteriores que tanto criticaron.<\/p>\n\n\n\n<p>Pero cambiando de tema, vamos de algo chistoso a algo realmente TRISTE, porque la muerte por donde quiera que se le vea es fea. Como ustedes&nbsp; seguramente est\u00e1n enterados, porque AQU\u00cd y muchos de mis compa\u00f1eros publicamos el sorpresivo fallecimiento de SANDRA MART\u00cdNEZ SINECIO, amiga de casi todos los que hacemos periodismo en Izcalli, porque era la Directora del portal de noticias llamado \u201cAh\u00ed Mexiquense\u201d. Una mujer que se llevaba bien con casi todos y se destac\u00f3 siempre por su gran amor a los animales, concretamente a los PERROS, pero no era s\u00f3lo de dientes para afuera, sino que se involucraba con muchas Asociaciones en defensa de los animales; canalizaba casos, apoyaba en las denuncias de MALTRATO, solicitaba apoyos, involucraba autoridades y lo que estuviera en sus manos.<\/p>\n\n\n\n<p>Se fue de pronto, las \u00faltimas veces que la vi me cont\u00f3 que estaba mal del est\u00f3mago, que se inflamaba mucho y ve\u00eda a uno u otro doctor, pero como que no le hallaban el problema. Dej\u00e9 de verla en los eventos en los que nos encontr\u00e1bamos, tres o cuando mucho cuatro semanas y unos d\u00edas antes de su muerte le escrib\u00ed, pregunt\u00e1ndole si estaba bien porque ya no la ve\u00eda yo tan seguido como antes. Me respondi\u00f3 que s\u00ed, que le hab\u00edan detectado unos problemas en el est\u00f3mago y ten\u00eda que hacerse distintos an\u00e1lisis, \u201cPero estoy bien -me dijo- gracias por preguntar y esto apenas empieza\u201d. Y el martes de esta semana amanecemos con la noticia de que hab\u00eda muerto. Qu\u00e9 mala sorpresa.<\/p>\n\n\n\n<p>Me quedo con el agradecimiento porque siempre le\u00eda mis publicaciones y cuando hab\u00eda oportunidad me las comentaba; con las veces en los que se iba o regresaba conmigo a cubrir alguna informaci\u00f3n y en el camino pod\u00edamos chismear a gusto de distintos temas, pero creo que realmente lo que esta partida me deja una vez m\u00e1s, es que nadie somos eternos y como siempre he reiterado: si algo tenemos seguro, es que nos vamos a morir y afortunada o desafortunadamente no sabemos CU\u00c1NDO, pero s\u00ed deber\u00edamos tratar de estar en paz lo mejor posible, con nuestra familia en primer lugar y con nuestros amigos y personas que estimamos, para que no nos vayamos con ning\u00fan pendiente o resentimiento. Creo sinceramente que es complicado, pero al menos deber\u00edamos tratar.<\/p>\n\n\n\n<p>Descanse en Paz mi amiga Sandra y un abrazo para toda su FAMILIA.<\/p>\n\n\n\n<p>Relacionado con esto, me refiero a la muerte, HOY es el \u00faltimo d\u00eda de la campa\u00f1a de los TESTAMENTOS a bajo costo, que les dije una y otra vez que, espec\u00edficamente en Izcalli por los convenios que la Presidenta municipal hizo con los Notarios, el COSTO qued\u00f3 en tan s\u00f3lo 350 pesos, que por un papel tan importante, es en verdad una s\u00faper ayuda para todos los izcallenses, sabiendo adem\u00e1s que se puede hacer cuantas veces quieran, si en alg\u00fan momento cambian de parecer respecto a qui\u00e9n heredan sus bienes.<\/p>\n\n\n\n<p>Sin embargo y por eso lo traigo a colaci\u00f3n, aunque todav\u00eda no es oficial, pero yo me enter\u00e9 que es muy probable que esta campa\u00f1a, s\u00f3lo en Izcalli, se extienda no s\u00f3lo un mes m\u00e1s como me lo dijo en una entrevista la Directora del Jur\u00eddico de la Administraci\u00f3n de Karla Fiesco, sino que pudiera ser todo lo que resta del a\u00f1o. El anuncio es muy probable que se d\u00e9 la semana entrante, espero que as\u00ed sea y ya se los estar\u00e9 comentando en mis redes sociales, para saber sobre todo si ser\u00e1 con el mismo COSTO, porque eso es precisamente lo que lo hace interesante, as\u00ed es de que voy a estar muy pendiente y se los aviso de inmediato, esperando que puedan aprovecharlo, porque adem\u00e1s tiene la ventaja de que pueden acudir a la oficina del Jur\u00eddico que est\u00e1 a la entrada del edificio de Operagua, o en los D\u00cdAS CIUDADANOS que espero ya mucha gente est\u00e9 enterada de que se realizan en distintas colonias o pueblos del municipio y pueden ir al que les quede m\u00e1s cerca de donde viven para ni siquiera gastar en pasajes.<\/p>\n\n\n\n<p>Por cierto, el D\u00cdA CIUDADANO de antier mi\u00e9rcoles fue en Tepalcapa donde asisti\u00f3 bastante gente. Qu\u00e9 bueno y me toc\u00f3 ver a gente de Cumbria, a un se\u00f1or que conozco de El Tikal e incluso hasta a Juli\u00e1n Angulo (ex Presidente de Izcalli), que es de Bosques del Lago lo vi ah\u00ed esperando turno para hablar, junto con el Delegado de su colonia, con la Presidenta municipal. Pero bueno, ya la pr\u00f3xima semana espero tenerles raz\u00f3n de si se extiende el plazo o no para lo de los TESTAMENTOS.<\/p>\n\n\n\n<p>Tambi\u00e9n quiero decirles que esta semana, igual el mi\u00e9rcoles para ser exactos, por la tarde, fue en nuestro Cuautitl\u00e1n Izcalli y qu\u00e9 mejor que en el Parque de las Esculturas, donde se dio el arranque para la COLECTA del TELET\u00d3N 2023, entregando a los servidores p\u00fablicos de nuestro Ayuntamiento (a los altos mandos, no crean que a todos los empleados), su ALCANC\u00cdA amarilla en forma de cochinito, para que salgan a BOTEAR por donde quieran o puedan y juntar as\u00ed la mayor cantidad de DINERO para esta noble causa que lleva ya m\u00e1s de 25 a\u00f1os AYUDANDO a tant\u00edsimos NI\u00d1OS con alguna DISCAPACIDAD. Y en este arranque estuvo presente justo el Director del CRIT Telet\u00f3n de Tlalnepantla, Jardiel Quintal, acompa\u00f1ado de la Presidenta honoraria del DIF de Cuautitl\u00e1n Izcalli, Jessica Villase\u00f1or, que quiero resaltarlo porque \u00e9l mismo destac\u00f3 que el a\u00f1o pasado nuestro municipio, o bueno, concretamente el Ayuntamiento de Izcalli, fue el que M\u00c1S dinero recaud\u00f3 con su BOTEO, entregando 215 MIL pesos; y eso toma m\u00e1s relevancia porque precisamente en ese CRIT est\u00e1n atendiendo a 216 NI\u00d1OS de Cuautitl\u00e1n Izcalli. Qu\u00e9 bueno que nuestro gobierno municipal contribuya&nbsp;con quien est\u00e1 ayudando a tantas personitas que lo necesitan. Enhorabuena y nada m\u00e1s irrelevante y est\u00fapido que un comentario en mi publicaci\u00f3n de este arranque del TELET\u00d3N, hecho por un sujeto defensor de la 4T, quien dice llamarse Manuel Mart\u00ednez, que escribi\u00f3: \u201cPura demagogia defraudaci\u00f3n fiscal de las empresas y lavado de dinero de la administraci\u00f3n\u201d. As\u00ed, sin saber usar una coma, pero \u00e9l habla de \u201cdemagogia\u201d &nbsp;y de \u201cLavado de dinero\u201d, h\u00e1ganme ustedes el favor, pero ciertamente, como siempre digo, hay que tomarlo de quien viene.<\/p>\n\n\n\n<p>Finalmente y aunque ya lo hice en una publicaci\u00f3n especial en Facebook, quiero reiterar mi AGRADECIMIENTO a GONZALO VEGA DUARTE, porque me ayud\u00f3 con una SILLA DE RUEDAS que me solicit\u00f3 una persona de la Col. Atlanta, pues su esposo tiene un problema grave de c\u00e1ncer. Gracias a GONZALO por continuar con estos apoyos, que si usted que me est\u00e1 leyendo no es de CORTA MEMORIA como los que militan o defienden a Morena, saben que GONZALO (aparte de los panes de muerto, los pavos, regalos para los ni\u00f1os, las madres, los padres o hasta el 14 de febrero y sin faltar desde luego las Roscas de Reyes), desde hace MUCH\u00cdSIMOS a\u00f1os ha entregado tambi\u00e9n qui\u00e9n sabe CU\u00c1NTAS sillas de ruedas a gente de Cuautitl\u00e1n Izcalli. DIOS lo bendiga y yo siempre le estar\u00e9 agradecido.<\/p>\n\n\n\n<p>Por cierto, ahora que hicieron limpieza en mi PAPELER\u00cdA (como ver\u00e1n no es tan seguido), aparecieron por ah\u00ed DOS pares de MULETAS, por si ustedes conocen a alguien de escasos recursos y que las necesiten, ya saben que est\u00e1n a sus \u00f3rdenes. MUCHAS GRACIAS. &nbsp;&nbsp;<\/p>\n","protected":false},"excerpt":{"rendered":"<p>No ma\u2026s eso nos faltaba!!!&nbsp; Ahora resulta que todos los \u201cASPIRACIONISTAS\u201d de Morena a la Presidencia municipal de Izcalli, tienen SUS encuestas en las que aparecen como innegables punteros. No pues s\u00ed. Y luego con las \u201cencuestas\u201d a las que nos han acostumbrado los de ese Partido, en las que no hay ni por d\u00f3nde [&hellip;]<\/p>\n","protected":false},"author":6,"featured_media":12739,"comment_status":"open","ping_status":"open","sticky":false,"template":"","format":"standard","meta":{"footnotes":""},"categories":[10,9],"tags":[],"class_list":["post-45098","post","type-post","status-publish","format-standard","has-post-thumbnail","hentry","category-articulo-de-contenido","category-columnas"],"yoast_head":"<!-- This site is optimized with the Yoast SEO plugin v27.5 - https:\/\/yoast.com\/product\/yoast-seo-wordpress\/ -->\n<title>OMAR TAPIA INFORMA -<\/title>\n<meta name=\"robots\" content=\"index, follow, max-snippet:-1, max-image-preview:large, max-video-preview:-1\" \/>\n<link rel=\"canonical\" href=\"https:\/\/continuamosmx.com\/index.php\/2023\/09\/29\/omar-tapia-informa-17\/\" \/>\n<meta property=\"og:locale\" content=\"es_ES\" \/>\n<meta property=\"og:type\" content=\"article\" \/>\n<meta property=\"og:title\" content=\"OMAR TAPIA INFORMA -\" \/>\n<meta property=\"og:description\" content=\"No ma\u2026s eso nos faltaba!!!&nbsp; Ahora resulta que todos los \u201cASPIRACIONISTAS\u201d de Morena a la Presidencia municipal de Izcalli, tienen SUS encuestas en las que aparecen como innegables punteros. No pues s\u00ed. Y luego con las \u201cencuestas\u201d a las que nos han acostumbrado los de ese Partido, en las que no hay ni por d\u00f3nde [&hellip;]\" \/>\n<meta property=\"og:url\" content=\"https:\/\/continuamosmx.com\/index.php\/2023\/09\/29\/omar-tapia-informa-17\/\" \/>\n<meta property=\"article:published_time\" content=\"2023-09-29T14:53:00+00:00\" \/>\n<meta property=\"article:modified_time\" content=\"2023-10-01T02:56:23+00:00\" \/>\n<meta property=\"og:image\" content=\"https:\/\/continuamosmx.com\/wp-content\/uploads\/2021\/02\/OMAR-OK.png\" \/>\n\t<meta property=\"og:image:width\" content=\"2051\" \/>\n\t<meta property=\"og:image:height\" content=\"1155\" \/>\n\t<meta property=\"og:image:type\" content=\"image\/png\" \/>\n<meta name=\"author\" content=\"Continuamos MX\" \/>\n<meta name=\"twitter:card\" content=\"summary_large_image\" \/>\n<meta name=\"twitter:label1\" content=\"Escrito por\" \/>\n\t<meta name=\"twitter:data1\" content=\"Continuamos MX\" \/>\n\t<meta name=\"twitter:label2\" content=\"Tiempo de lectura\" \/>\n\t<meta name=\"twitter:data2\" content=\"8 minutos\" \/>\n<script type=\"application\/ld+json\" class=\"yoast-schema-graph\">{\"@context\":\"https:\\\/\\\/schema.org\",\"@graph\":[{\"@type\":\"Article\",\"@id\":\"https:\\\/\\\/continuamosmx.com\\\/index.php\\\/2023\\\/09\\\/29\\\/omar-tapia-informa-17\\\/#article\",\"isPartOf\":{\"@id\":\"https:\\\/\\\/continuamosmx.com\\\/index.php\\\/2023\\\/09\\\/29\\\/omar-tapia-informa-17\\\/\"},\"author\":{\"name\":\"Continuamos MX\",\"@id\":\"https:\\\/\\\/continuamosmx.com\\\/#\\\/schema\\\/person\\\/5eb5356acb1fad784da407d14f0e8d89\"},\"headline\":\"OMAR TAPIA INFORMA\",\"datePublished\":\"2023-09-29T14:53:00+00:00\",\"dateModified\":\"2023-10-01T02:56:23+00:00\",\"mainEntityOfPage\":{\"@id\":\"https:\\\/\\\/continuamosmx.com\\\/index.php\\\/2023\\\/09\\\/29\\\/omar-tapia-informa-17\\\/\"},\"wordCount\":1893,\"commentCount\":0,\"publisher\":{\"@id\":\"https:\\\/\\\/continuamosmx.com\\\/#organization\"},\"image\":{\"@id\":\"https:\\\/\\\/continuamosmx.com\\\/index.php\\\/2023\\\/09\\\/29\\\/omar-tapia-informa-17\\\/#primaryimage\"},\"thumbnailUrl\":\"https:\\\/\\\/continuamosmx.com\\\/wp-content\\\/uploads\\\/2021\\\/02\\\/OMAR-OK.png\",\"articleSection\":[\"ART\u00cdCULO DE CONTENIDO\",\"COLUMNAS\"],\"inLanguage\":\"es\"},{\"@type\":\"WebPage\",\"@id\":\"https:\\\/\\\/continuamosmx.com\\\/index.php\\\/2023\\\/09\\\/29\\\/omar-tapia-informa-17\\\/\",\"url\":\"https:\\\/\\\/continuamosmx.com\\\/index.php\\\/2023\\\/09\\\/29\\\/omar-tapia-informa-17\\\/\",\"name\":\"OMAR TAPIA INFORMA -\",\"isPartOf\":{\"@id\":\"https:\\\/\\\/continuamosmx.com\\\/#website\"},\"primaryImageOfPage\":{\"@id\":\"https:\\\/\\\/continuamosmx.com\\\/index.php\\\/2023\\\/09\\\/29\\\/omar-tapia-informa-17\\\/#primaryimage\"},\"image\":{\"@id\":\"https:\\\/\\\/continuamosmx.com\\\/index.php\\\/2023\\\/09\\\/29\\\/omar-tapia-informa-17\\\/#primaryimage\"},\"thumbnailUrl\":\"https:\\\/\\\/continuamosmx.com\\\/wp-content\\\/uploads\\\/2021\\\/02\\\/OMAR-OK.png\",\"datePublished\":\"2023-09-29T14:53:00+00:00\",\"dateModified\":\"2023-10-01T02:56:23+00:00\",\"breadcrumb\":{\"@id\":\"https:\\\/\\\/continuamosmx.com\\\/index.php\\\/2023\\\/09\\\/29\\\/omar-tapia-informa-17\\\/#breadcrumb\"},\"inLanguage\":\"es\",\"potentialAction\":[{\"@type\":\"ReadAction\",\"target\":[\"https:\\\/\\\/continuamosmx.com\\\/index.php\\\/2023\\\/09\\\/29\\\/omar-tapia-informa-17\\\/\"]}]},{\"@type\":\"ImageObject\",\"inLanguage\":\"es\",\"@id\":\"https:\\\/\\\/continuamosmx.com\\\/index.php\\\/2023\\\/09\\\/29\\\/omar-tapia-informa-17\\\/#primaryimage\",\"url\":\"https:\\\/\\\/continuamosmx.com\\\/wp-content\\\/uploads\\\/2021\\\/02\\\/OMAR-OK.png\",\"contentUrl\":\"https:\\\/\\\/continuamosmx.com\\\/wp-content\\\/uploads\\\/2021\\\/02\\\/OMAR-OK.png\",\"width\":2051,\"height\":1155},{\"@type\":\"BreadcrumbList\",\"@id\":\"https:\\\/\\\/continuamosmx.com\\\/index.php\\\/2023\\\/09\\\/29\\\/omar-tapia-informa-17\\\/#breadcrumb\",\"itemListElement\":[{\"@type\":\"ListItem\",\"position\":1,\"name\":\"Inicio\",\"item\":\"https:\\\/\\\/continuamosmx.com\\\/\"},{\"@type\":\"ListItem\",\"position\":2,\"name\":\"OMAR TAPIA INFORMA\"}]},{\"@type\":\"WebSite\",\"@id\":\"https:\\\/\\\/continuamosmx.com\\\/#website\",\"url\":\"https:\\\/\\\/continuamosmx.com\\\/\",\"name\":\"www.continuamosmx.com\",\"description\":\"\",\"publisher\":{\"@id\":\"https:\\\/\\\/continuamosmx.com\\\/#organization\"},\"potentialAction\":[{\"@type\":\"SearchAction\",\"target\":{\"@type\":\"EntryPoint\",\"urlTemplate\":\"https:\\\/\\\/continuamosmx.com\\\/?s={search_term_string}\"},\"query-input\":{\"@type\":\"PropertyValueSpecification\",\"valueRequired\":true,\"valueName\":\"search_term_string\"}}],\"inLanguage\":\"es\"},{\"@type\":\"Organization\",\"@id\":\"https:\\\/\\\/continuamosmx.com\\\/#organization\",\"name\":\"ContinuamosMX\",\"url\":\"https:\\\/\\\/continuamosmx.com\\\/\",\"logo\":{\"@type\":\"ImageObject\",\"inLanguage\":\"es\",\"@id\":\"https:\\\/\\\/continuamosmx.com\\\/#\\\/schema\\\/logo\\\/image\\\/\",\"url\":\"https:\\\/\\\/continuamosmx.com\\\/wp-content\\\/uploads\\\/2023\\\/04\\\/cropped-LOGO-CONTI-NUEVO.png\",\"contentUrl\":\"https:\\\/\\\/continuamosmx.com\\\/wp-content\\\/uploads\\\/2023\\\/04\\\/cropped-LOGO-CONTI-NUEVO.png\",\"width\":1257,\"height\":430,\"caption\":\"ContinuamosMX\"},\"image\":{\"@id\":\"https:\\\/\\\/continuamosmx.com\\\/#\\\/schema\\\/logo\\\/image\\\/\"}},{\"@type\":\"Person\",\"@id\":\"https:\\\/\\\/continuamosmx.com\\\/#\\\/schema\\\/person\\\/5eb5356acb1fad784da407d14f0e8d89\",\"name\":\"Continuamos MX\",\"image\":{\"@type\":\"ImageObject\",\"inLanguage\":\"es\",\"@id\":\"https:\\\/\\\/secure.gravatar.com\\\/avatar\\\/30d4f9723476a15f4da34d35fb3501f08d2357016c76051c6a85c354c7489589?s=96&d=mm&r=g\",\"url\":\"https:\\\/\\\/secure.gravatar.com\\\/avatar\\\/30d4f9723476a15f4da34d35fb3501f08d2357016c76051c6a85c354c7489589?s=96&d=mm&r=g\",\"contentUrl\":\"https:\\\/\\\/secure.gravatar.com\\\/avatar\\\/30d4f9723476a15f4da34d35fb3501f08d2357016c76051c6a85c354c7489589?s=96&d=mm&r=g\",\"caption\":\"Continuamos MX\"},\"sameAs\":[\"http:\\\/\\\/www.continuamos.mx\"],\"url\":\"https:\\\/\\\/continuamosmx.com\\\/index.php\\\/author\\\/continuamos\\\/\"}]}<\/script>\n<!-- \/ Yoast SEO plugin. -->","yoast_head_json":{"title":"OMAR TAPIA INFORMA -","robots":{"index":"index","follow":"follow","max-snippet":"max-snippet:-1","max-image-preview":"max-image-preview:large","max-video-preview":"max-video-preview:-1"},"canonical":"https:\/\/continuamosmx.com\/index.php\/2023\/09\/29\/omar-tapia-informa-17\/","og_locale":"es_ES","og_type":"article","og_title":"OMAR TAPIA INFORMA -","og_description":"No ma\u2026s eso nos faltaba!!!&nbsp; Ahora resulta que todos los \u201cASPIRACIONISTAS\u201d de Morena a la Presidencia municipal de Izcalli, tienen SUS encuestas en las que aparecen como innegables punteros. No pues s\u00ed. Y luego con las \u201cencuestas\u201d a las que nos han acostumbrado los de ese Partido, en las que no hay ni por d\u00f3nde [&hellip;]","og_url":"https:\/\/continuamosmx.com\/index.php\/2023\/09\/29\/omar-tapia-informa-17\/","article_published_time":"2023-09-29T14:53:00+00:00","article_modified_time":"2023-10-01T02:56:23+00:00","og_image":[{"width":2051,"height":1155,"url":"https:\/\/continuamosmx.com\/wp-content\/uploads\/2021\/02\/OMAR-OK.png","type":"image\/png"}],"author":"Continuamos MX","twitter_card":"summary_large_image","twitter_misc":{"Escrito por":"Continuamos MX","Tiempo de lectura":"8 minutos"},"schema":{"@context":"https:\/\/schema.org","@graph":[{"@type":"Article","@id":"https:\/\/continuamosmx.com\/index.php\/2023\/09\/29\/omar-tapia-informa-17\/#article","isPartOf":{"@id":"https:\/\/continuamosmx.com\/index.php\/2023\/09\/29\/omar-tapia-informa-17\/"},"author":{"name":"Continuamos MX","@id":"https:\/\/continuamosmx.com\/#\/schema\/person\/5eb5356acb1fad784da407d14f0e8d89"},"headline":"OMAR TAPIA INFORMA","datePublished":"2023-09-29T14:53:00+00:00","dateModified":"2023-10-01T02:56:23+00:00","mainEntityOfPage":{"@id":"https:\/\/continuamosmx.com\/index.php\/2023\/09\/29\/omar-tapia-informa-17\/"},"wordCount":1893,"commentCount":0,"publisher":{"@id":"https:\/\/continuamosmx.com\/#organization"},"image":{"@id":"https:\/\/continuamosmx.com\/index.php\/2023\/09\/29\/omar-tapia-informa-17\/#primaryimage"},"thumbnailUrl":"https:\/\/continuamosmx.com\/wp-content\/uploads\/2021\/02\/OMAR-OK.png","articleSection":["ART\u00cdCULO DE CONTENIDO","COLUMNAS"],"inLanguage":"es"},{"@type":"WebPage","@id":"https:\/\/continuamosmx.com\/index.php\/2023\/09\/29\/omar-tapia-informa-17\/","url":"https:\/\/continuamosmx.com\/index.php\/2023\/09\/29\/omar-tapia-informa-17\/","name":"OMAR TAPIA INFORMA -","isPartOf":{"@id":"https:\/\/continuamosmx.com\/#website"},"primaryImageOfPage":{"@id":"https:\/\/continuamosmx.com\/index.php\/2023\/09\/29\/omar-tapia-informa-17\/#primaryimage"},"image":{"@id":"https:\/\/continuamosmx.com\/index.php\/2023\/09\/29\/omar-tapia-informa-17\/#primaryimage"},"thumbnailUrl":"https:\/\/continuamosmx.com\/wp-content\/uploads\/2021\/02\/OMAR-OK.png","datePublished":"2023-09-29T14:53:00+00:00","dateModified":"2023-10-01T02:56:23+00:00","breadcrumb":{"@id":"https:\/\/continuamosmx.com\/index.php\/2023\/09\/29\/omar-tapia-informa-17\/#breadcrumb"},"inLanguage":"es","potentialAction":[{"@type":"ReadAction","target":["https:\/\/continuamosmx.com\/index.php\/2023\/09\/29\/omar-tapia-informa-17\/"]}]},{"@type":"ImageObject","inLanguage":"es","@id":"https:\/\/continuamosmx.com\/index.php\/2023\/09\/29\/omar-tapia-informa-17\/#primaryimage","url":"https:\/\/continuamosmx.com\/wp-content\/uploads\/2021\/02\/OMAR-OK.png","contentUrl":"https:\/\/continuamosmx.com\/wp-content\/uploads\/2021\/02\/OMAR-OK.png","width":2051,"height":1155},{"@type":"BreadcrumbList","@id":"https:\/\/continuamosmx.com\/index.php\/2023\/09\/29\/omar-tapia-informa-17\/#breadcrumb","itemListElement":[{"@type":"ListItem","position":1,"name":"Inicio","item":"https:\/\/continuamosmx.com\/"},{"@type":"ListItem","position":2,"name":"OMAR TAPIA INFORMA"}]},{"@type":"WebSite","@id":"https:\/\/continuamosmx.com\/#website","url":"https:\/\/continuamosmx.com\/","name":"www.continuamosmx.com","description":"","publisher":{"@id":"https:\/\/continuamosmx.com\/#organization"},"potentialAction":[{"@type":"SearchAction","target":{"@type":"EntryPoint","urlTemplate":"https:\/\/continuamosmx.com\/?s={search_term_string}"},"query-input":{"@type":"PropertyValueSpecification","valueRequired":true,"valueName":"search_term_string"}}],"inLanguage":"es"},{"@type":"Organization","@id":"https:\/\/continuamosmx.com\/#organization","name":"ContinuamosMX","url":"https:\/\/continuamosmx.com\/","logo":{"@type":"ImageObject","inLanguage":"es","@id":"https:\/\/continuamosmx.com\/#\/schema\/logo\/image\/","url":"https:\/\/continuamosmx.com\/wp-content\/uploads\/2023\/04\/cropped-LOGO-CONTI-NUEVO.png","contentUrl":"https:\/\/continuamosmx.com\/wp-content\/uploads\/2023\/04\/cropped-LOGO-CONTI-NUEVO.png","width":1257,"height":430,"caption":"ContinuamosMX"},"image":{"@id":"https:\/\/continuamosmx.com\/#\/schema\/logo\/image\/"}},{"@type":"Person","@id":"https:\/\/continuamosmx.com\/#\/schema\/person\/5eb5356acb1fad784da407d14f0e8d89","name":"Continuamos MX","image":{"@type":"ImageObject","inLanguage":"es","@id":"https:\/\/secure.gravatar.com\/avatar\/30d4f9723476a15f4da34d35fb3501f08d2357016c76051c6a85c354c7489589?s=96&d=mm&r=g","url":"https:\/\/secure.gravatar.com\/avatar\/30d4f9723476a15f4da34d35fb3501f08d2357016c76051c6a85c354c7489589?s=96&d=mm&r=g","contentUrl":"https:\/\/secure.gravatar.com\/avatar\/30d4f9723476a15f4da34d35fb3501f08d2357016c76051c6a85c354c7489589?s=96&d=mm&r=g","caption":"Continuamos MX"},"sameAs":["http:\/\/www.continuamos.mx"],"url":"https:\/\/continuamosmx.com\/index.php\/author\/continuamos\/"}]}},"_links":{"self":[{"href":"https:\/\/continuamosmx.com\/index.php\/wp-json\/wp\/v2\/posts\/45098","targetHints":{"allow":["GET"]}}],"collection":[{"href":"https:\/\/continuamosmx.com\/index.php\/wp-json\/wp\/v2\/posts"}],"about":[{"href":"https:\/\/continuamosmx.com\/index.php\/wp-json\/wp\/v2\/types\/post"}],"author":[{"embeddable":true,"href":"https:\/\/continuamosmx.com\/index.php\/wp-json\/wp\/v2\/users\/6"}],"replies":[{"embeddable":true,"href":"https:\/\/continuamosmx.com\/index.php\/wp-json\/wp\/v2\/comments?post=45098"}],"version-history":[{"count":1,"href":"https:\/\/continuamosmx.com\/index.php\/wp-json\/wp\/v2\/posts\/45098\/revisions"}],"predecessor-version":[{"id":45099,"href":"https:\/\/continuamosmx.com\/index.php\/wp-json\/wp\/v2\/posts\/45098\/revisions\/45099"}],"wp:featuredmedia":[{"embeddable":true,"href":"https:\/\/continuamosmx.com\/index.php\/wp-json\/wp\/v2\/media\/12739"}],"wp:attachment":[{"href":"https:\/\/continuamosmx.com\/index.php\/wp-json\/wp\/v2\/media?parent=45098"}],"wp:term":[{"taxonomy":"category","embeddable":true,"href":"https:\/\/continuamosmx.com\/index.php\/wp-json\/wp\/v2\/categories?post=45098"},{"taxonomy":"post_tag","embeddable":true,"href":"https:\/\/continuamosmx.com\/index.php\/wp-json\/wp\/v2\/tags?post=45098"}],"curies":[{"name":"wp","href":"https:\/\/api.w.org\/{rel}","templated":true}]}}