{"id":45088,"date":"2023-09-29T06:06:17","date_gmt":"2023-09-29T06:06:17","guid":{"rendered":"https:\/\/continuamosmx.com\/?p=45088"},"modified":"2023-09-29T06:06:18","modified_gmt":"2023-09-29T06:06:18","slug":"emprendedoras-de-atizapan-crecen-con-apoyo-del-gobierno-municipal","status":"publish","type":"post","link":"https:\/\/continuamosmx.com\/index.php\/2023\/09\/29\/emprendedoras-de-atizapan-crecen-con-apoyo-del-gobierno-municipal\/","title":{"rendered":"EMPRENDEDORAS DE ATIZAP\u00c1N CRECEN CON APOYO DEL GOBIERNO MUNICIPAL"},"content":{"rendered":"\n<p>*<strong>Muchas mujeres crecieron tanto que dejaron la informalidad para pasar a tener un negocio establecido.<\/strong><\/p>\n\n\n\n<p>REDACCI\u00d3N.<\/p>\n\n\n\n<p>ATIZAP\u00c1N, M\u00e9x.- Mujeres emprendedoras que pertenecen a la red de mujeres \u201cYo Recomiendo\u201d agradecieron al presidente municipal Pedro Rodr\u00edguez Villegas, el apoyo de su administraci\u00f3n para que sus negocios sean visibles en m\u00e1s espacios y tengan crecimiento.<\/p>\n\n\n\n<p>Durante una visita que el alcalde hizo a una de las sucursales de \u201cYo Recomiendo\u201d, en Las Alamedas, Nancy Jarillo Est\u00e9vez, representante de la red, expres\u00f3 la importancia del apoyo que han recibido de parte del gobierno local.<\/p>\n\n\n\n<p>\u201cEste es un proyecto muy importante para nosotras porque actualmente somos una comunidad de m\u00e1s de 8 mil mujeres. Es muy valioso tener el apoyo y el respaldo del Presidente Municipal\u201d, celebr\u00f3.<\/p>\n\n\n\n<p>Por su parte, el panista reiter\u00f3 su apoyo a las mujeres emprendedoras para que sigan por la ruta de la autosuficiencia e independencia econ\u00f3micas.<\/p>\n\n\n\n<p>\u201cQuiero que sepan que en esta Administraci\u00f3n encontrar\u00e1n en Pedro Rodr\u00edguez un amigo y un aliado para impulsar la labor que ustedes realizan. Necesitamos promover la actividad que ustedes tienen, que les permita ser autosuficientes, no ser dependientes, y que eso les permita seguir creciendo\u201d, consider\u00f3 el Edil.<\/p>\n\n\n\n<p>\u201cQue piensen en grande, hay que so\u00f1ar en grande, pero hay que saber que se tiene que trabajar todos los d\u00edas para alcanzar sus sue\u00f1os. Ustedes ya dieron el primer paso al impulsar este proyecto\u201d, destac\u00f3.<\/p>\n\n\n\n<p>En su intervenci\u00f3n, Karla Fuentes, quien se dedica a hacer sellos de goma, resalt\u00f3 el crecimiento que negocios como el suyo han tenido gracias al impulso y apoyo de las autoridades.<\/p>\n\n\n\n<p>\u201cYo Recomiendo es un espacio para todas las mujeres emprendedoras que desean iniciar, continuar o expandir su negocio. Gracias, se\u00f1or Presidente, porque esta es la segunda vez que toma de su tiempo para estar con nosotras\u201d, expres\u00f3.<\/p>\n\n\n\n<p>\u201cAl d\u00eda de hoy, tengo un cliente que es CAPUFE, que es muy bueno, es muy grande. El mes pasado nos hizo una compra muy grande gracias a que se abri\u00f3 este espacio\u201d.<\/p>\n\n\n\n<p>Y hubo otras mujeres que refirieron haber dejado de vender en las calles para pasar a tener locales comerciales y distribuidores de sus productos.<\/p>\n\n\n\n<p>\u00abMi proyecto nace tocando puertas, nace en una cajuela vendiendo en la informalidad afuera de una panader\u00eda. Ahora estoy en centros comerciales, con distribuidores, gente que fabrica conmigo en menos de dos a\u00f1os. Imag\u00ednese el impacto que puede tener este tipo de proyectos y gracias al apoyo que personas como usted nos brindan hacen que el negocio crezca de una forma en la que jam\u00e1s pudimos imaginar y eso es muy valioso, sobre todo para mujeres como, en mi caso, que somos el sustento de nuestras familias\u00bb, describi\u00f3 Idania Villal\u00f3n.<\/p>\n\n\n\n<p>Yo Recomiendo fue una de las organizaciones que participaron a principios de mes en Mercadita, un bazar organizado por el Instituto de la Mujer, con el objetivo de promocionar y vender productos y servicios, adem\u00e1s de compartir experiencias y crear redes de apoyo entre mujeres, aprendiendo unas de otras.<\/p>\n","protected":false},"excerpt":{"rendered":"<p>*Muchas mujeres crecieron tanto que dejaron la informalidad para pasar a tener un negocio establecido. REDACCI\u00d3N. ATIZAP\u00c1N, M\u00e9x.- Mujeres emprendedoras que pertenecen a la red de mujeres \u201cYo Recomiendo\u201d agradecieron al presidente municipal Pedro Rodr\u00edguez Villegas, el apoyo de su administraci\u00f3n para que sus negocios sean visibles en m\u00e1s espacios y tengan crecimiento. Durante una [&hellip;]<\/p>\n","protected":false},"author":6,"featured_media":45089,"comment_status":"open","ping_status":"open","sticky":false,"template":"","format":"standard","meta":{"footnotes":""},"categories":[20,4],"tags":[],"class_list":["post-45088","post","type-post","status-publish","format-standard","has-post-thumbnail","hentry","category-atizapan-de-zaragoza","category-locales"],"yoast_head":"<!-- This site is optimized with the Yoast SEO plugin v27.4 - https:\/\/yoast.com\/product\/yoast-seo-wordpress\/ -->\n<title>EMPRENDEDORAS DE ATIZAP\u00c1N CRECEN CON APOYO DEL GOBIERNO MUNICIPAL -<\/title>\n<meta name=\"robots\" content=\"index, follow, max-snippet:-1, max-image-preview:large, max-video-preview:-1\" \/>\n<link rel=\"canonical\" href=\"https:\/\/continuamosmx.com\/index.php\/2023\/09\/29\/emprendedoras-de-atizapan-crecen-con-apoyo-del-gobierno-municipal\/\" \/>\n<meta property=\"og:locale\" content=\"es_ES\" \/>\n<meta property=\"og:type\" content=\"article\" \/>\n<meta property=\"og:title\" content=\"EMPRENDEDORAS DE ATIZAP\u00c1N CRECEN CON APOYO DEL GOBIERNO MUNICIPAL -\" \/>\n<meta property=\"og:description\" content=\"*Muchas mujeres crecieron tanto que dejaron la informalidad para pasar a tener un negocio establecido. REDACCI\u00d3N. ATIZAP\u00c1N, M\u00e9x.- Mujeres emprendedoras que pertenecen a la red de mujeres \u201cYo Recomiendo\u201d agradecieron al presidente municipal Pedro Rodr\u00edguez Villegas, el apoyo de su administraci\u00f3n para que sus negocios sean visibles en m\u00e1s espacios y tengan crecimiento. Durante una [&hellip;]\" \/>\n<meta property=\"og:url\" content=\"https:\/\/continuamosmx.com\/index.php\/2023\/09\/29\/emprendedoras-de-atizapan-crecen-con-apoyo-del-gobierno-municipal\/\" \/>\n<meta property=\"article:published_time\" content=\"2023-09-29T06:06:17+00:00\" \/>\n<meta property=\"article:modified_time\" content=\"2023-09-29T06:06:18+00:00\" \/>\n<meta property=\"og:image\" content=\"https:\/\/continuamosmx.com\/wp-content\/uploads\/2023\/09\/pedro.jpg\" \/>\n\t<meta property=\"og:image:width\" content=\"1200\" \/>\n\t<meta property=\"og:image:height\" content=\"926\" \/>\n\t<meta property=\"og:image:type\" content=\"image\/jpeg\" \/>\n<meta name=\"author\" content=\"Continuamos MX\" \/>\n<meta name=\"twitter:card\" content=\"summary_large_image\" \/>\n<meta name=\"twitter:label1\" content=\"Escrito por\" \/>\n\t<meta name=\"twitter:data1\" content=\"Continuamos MX\" \/>\n\t<meta name=\"twitter:label2\" content=\"Tiempo de lectura\" \/>\n\t<meta name=\"twitter:data2\" content=\"3 minutos\" \/>\n<script type=\"application\/ld+json\" class=\"yoast-schema-graph\">{\"@context\":\"https:\\\/\\\/schema.org\",\"@graph\":[{\"@type\":\"Article\",\"@id\":\"https:\\\/\\\/continuamosmx.com\\\/index.php\\\/2023\\\/09\\\/29\\\/emprendedoras-de-atizapan-crecen-con-apoyo-del-gobierno-municipal\\\/#article\",\"isPartOf\":{\"@id\":\"https:\\\/\\\/continuamosmx.com\\\/index.php\\\/2023\\\/09\\\/29\\\/emprendedoras-de-atizapan-crecen-con-apoyo-del-gobierno-municipal\\\/\"},\"author\":{\"name\":\"Continuamos MX\",\"@id\":\"https:\\\/\\\/continuamosmx.com\\\/#\\\/schema\\\/person\\\/5eb5356acb1fad784da407d14f0e8d89\"},\"headline\":\"EMPRENDEDORAS DE ATIZAP\u00c1N CRECEN CON APOYO DEL GOBIERNO MUNICIPAL\",\"datePublished\":\"2023-09-29T06:06:17+00:00\",\"dateModified\":\"2023-09-29T06:06:18+00:00\",\"mainEntityOfPage\":{\"@id\":\"https:\\\/\\\/continuamosmx.com\\\/index.php\\\/2023\\\/09\\\/29\\\/emprendedoras-de-atizapan-crecen-con-apoyo-del-gobierno-municipal\\\/\"},\"wordCount\":529,\"commentCount\":0,\"publisher\":{\"@id\":\"https:\\\/\\\/continuamosmx.com\\\/#organization\"},\"image\":{\"@id\":\"https:\\\/\\\/continuamosmx.com\\\/index.php\\\/2023\\\/09\\\/29\\\/emprendedoras-de-atizapan-crecen-con-apoyo-del-gobierno-municipal\\\/#primaryimage\"},\"thumbnailUrl\":\"https:\\\/\\\/continuamosmx.com\\\/wp-content\\\/uploads\\\/2023\\\/09\\\/pedro.jpg\",\"articleSection\":[\"ATIZAPAN DE ZARAGOZA\",\"LOCALES\"],\"inLanguage\":\"es\"},{\"@type\":\"WebPage\",\"@id\":\"https:\\\/\\\/continuamosmx.com\\\/index.php\\\/2023\\\/09\\\/29\\\/emprendedoras-de-atizapan-crecen-con-apoyo-del-gobierno-municipal\\\/\",\"url\":\"https:\\\/\\\/continuamosmx.com\\\/index.php\\\/2023\\\/09\\\/29\\\/emprendedoras-de-atizapan-crecen-con-apoyo-del-gobierno-municipal\\\/\",\"name\":\"EMPRENDEDORAS DE ATIZAP\u00c1N CRECEN CON APOYO DEL GOBIERNO MUNICIPAL -\",\"isPartOf\":{\"@id\":\"https:\\\/\\\/continuamosmx.com\\\/#website\"},\"primaryImageOfPage\":{\"@id\":\"https:\\\/\\\/continuamosmx.com\\\/index.php\\\/2023\\\/09\\\/29\\\/emprendedoras-de-atizapan-crecen-con-apoyo-del-gobierno-municipal\\\/#primaryimage\"},\"image\":{\"@id\":\"https:\\\/\\\/continuamosmx.com\\\/index.php\\\/2023\\\/09\\\/29\\\/emprendedoras-de-atizapan-crecen-con-apoyo-del-gobierno-municipal\\\/#primaryimage\"},\"thumbnailUrl\":\"https:\\\/\\\/continuamosmx.com\\\/wp-content\\\/uploads\\\/2023\\\/09\\\/pedro.jpg\",\"datePublished\":\"2023-09-29T06:06:17+00:00\",\"dateModified\":\"2023-09-29T06:06:18+00:00\",\"breadcrumb\":{\"@id\":\"https:\\\/\\\/continuamosmx.com\\\/index.php\\\/2023\\\/09\\\/29\\\/emprendedoras-de-atizapan-crecen-con-apoyo-del-gobierno-municipal\\\/#breadcrumb\"},\"inLanguage\":\"es\",\"potentialAction\":[{\"@type\":\"ReadAction\",\"target\":[\"https:\\\/\\\/continuamosmx.com\\\/index.php\\\/2023\\\/09\\\/29\\\/emprendedoras-de-atizapan-crecen-con-apoyo-del-gobierno-municipal\\\/\"]}]},{\"@type\":\"ImageObject\",\"inLanguage\":\"es\",\"@id\":\"https:\\\/\\\/continuamosmx.com\\\/index.php\\\/2023\\\/09\\\/29\\\/emprendedoras-de-atizapan-crecen-con-apoyo-del-gobierno-municipal\\\/#primaryimage\",\"url\":\"https:\\\/\\\/continuamosmx.com\\\/wp-content\\\/uploads\\\/2023\\\/09\\\/pedro.jpg\",\"contentUrl\":\"https:\\\/\\\/continuamosmx.com\\\/wp-content\\\/uploads\\\/2023\\\/09\\\/pedro.jpg\",\"width\":1200,\"height\":926},{\"@type\":\"BreadcrumbList\",\"@id\":\"https:\\\/\\\/continuamosmx.com\\\/index.php\\\/2023\\\/09\\\/29\\\/emprendedoras-de-atizapan-crecen-con-apoyo-del-gobierno-municipal\\\/#breadcrumb\",\"itemListElement\":[{\"@type\":\"ListItem\",\"position\":1,\"name\":\"Inicio\",\"item\":\"https:\\\/\\\/continuamosmx.com\\\/\"},{\"@type\":\"ListItem\",\"position\":2,\"name\":\"EMPRENDEDORAS DE ATIZAP\u00c1N CRECEN CON APOYO DEL GOBIERNO MUNICIPAL\"}]},{\"@type\":\"WebSite\",\"@id\":\"https:\\\/\\\/continuamosmx.com\\\/#website\",\"url\":\"https:\\\/\\\/continuamosmx.com\\\/\",\"name\":\"www.continuamosmx.com\",\"description\":\"\",\"publisher\":{\"@id\":\"https:\\\/\\\/continuamosmx.com\\\/#organization\"},\"potentialAction\":[{\"@type\":\"SearchAction\",\"target\":{\"@type\":\"EntryPoint\",\"urlTemplate\":\"https:\\\/\\\/continuamosmx.com\\\/?s={search_term_string}\"},\"query-input\":{\"@type\":\"PropertyValueSpecification\",\"valueRequired\":true,\"valueName\":\"search_term_string\"}}],\"inLanguage\":\"es\"},{\"@type\":\"Organization\",\"@id\":\"https:\\\/\\\/continuamosmx.com\\\/#organization\",\"name\":\"ContinuamosMX\",\"url\":\"https:\\\/\\\/continuamosmx.com\\\/\",\"logo\":{\"@type\":\"ImageObject\",\"inLanguage\":\"es\",\"@id\":\"https:\\\/\\\/continuamosmx.com\\\/#\\\/schema\\\/logo\\\/image\\\/\",\"url\":\"https:\\\/\\\/continuamosmx.com\\\/wp-content\\\/uploads\\\/2023\\\/04\\\/cropped-LOGO-CONTI-NUEVO.png\",\"contentUrl\":\"https:\\\/\\\/continuamosmx.com\\\/wp-content\\\/uploads\\\/2023\\\/04\\\/cropped-LOGO-CONTI-NUEVO.png\",\"width\":1257,\"height\":430,\"caption\":\"ContinuamosMX\"},\"image\":{\"@id\":\"https:\\\/\\\/continuamosmx.com\\\/#\\\/schema\\\/logo\\\/image\\\/\"}},{\"@type\":\"Person\",\"@id\":\"https:\\\/\\\/continuamosmx.com\\\/#\\\/schema\\\/person\\\/5eb5356acb1fad784da407d14f0e8d89\",\"name\":\"Continuamos MX\",\"image\":{\"@type\":\"ImageObject\",\"inLanguage\":\"es\",\"@id\":\"https:\\\/\\\/secure.gravatar.com\\\/avatar\\\/30d4f9723476a15f4da34d35fb3501f08d2357016c76051c6a85c354c7489589?s=96&d=mm&r=g\",\"url\":\"https:\\\/\\\/secure.gravatar.com\\\/avatar\\\/30d4f9723476a15f4da34d35fb3501f08d2357016c76051c6a85c354c7489589?s=96&d=mm&r=g\",\"contentUrl\":\"https:\\\/\\\/secure.gravatar.com\\\/avatar\\\/30d4f9723476a15f4da34d35fb3501f08d2357016c76051c6a85c354c7489589?s=96&d=mm&r=g\",\"caption\":\"Continuamos MX\"},\"sameAs\":[\"http:\\\/\\\/www.continuamos.mx\"],\"url\":\"https:\\\/\\\/continuamosmx.com\\\/index.php\\\/author\\\/continuamos\\\/\"}]}<\/script>\n<!-- \/ Yoast SEO plugin. -->","yoast_head_json":{"title":"EMPRENDEDORAS DE ATIZAP\u00c1N CRECEN CON APOYO DEL GOBIERNO MUNICIPAL -","robots":{"index":"index","follow":"follow","max-snippet":"max-snippet:-1","max-image-preview":"max-image-preview:large","max-video-preview":"max-video-preview:-1"},"canonical":"https:\/\/continuamosmx.com\/index.php\/2023\/09\/29\/emprendedoras-de-atizapan-crecen-con-apoyo-del-gobierno-municipal\/","og_locale":"es_ES","og_type":"article","og_title":"EMPRENDEDORAS DE ATIZAP\u00c1N CRECEN CON APOYO DEL GOBIERNO MUNICIPAL -","og_description":"*Muchas mujeres crecieron tanto que dejaron la informalidad para pasar a tener un negocio establecido. REDACCI\u00d3N. ATIZAP\u00c1N, M\u00e9x.- Mujeres emprendedoras que pertenecen a la red de mujeres \u201cYo Recomiendo\u201d agradecieron al presidente municipal Pedro Rodr\u00edguez Villegas, el apoyo de su administraci\u00f3n para que sus negocios sean visibles en m\u00e1s espacios y tengan crecimiento. Durante una [&hellip;]","og_url":"https:\/\/continuamosmx.com\/index.php\/2023\/09\/29\/emprendedoras-de-atizapan-crecen-con-apoyo-del-gobierno-municipal\/","article_published_time":"2023-09-29T06:06:17+00:00","article_modified_time":"2023-09-29T06:06:18+00:00","og_image":[{"width":1200,"height":926,"url":"https:\/\/continuamosmx.com\/wp-content\/uploads\/2023\/09\/pedro.jpg","type":"image\/jpeg"}],"author":"Continuamos MX","twitter_card":"summary_large_image","twitter_misc":{"Escrito por":"Continuamos MX","Tiempo de lectura":"3 minutos"},"schema":{"@context":"https:\/\/schema.org","@graph":[{"@type":"Article","@id":"https:\/\/continuamosmx.com\/index.php\/2023\/09\/29\/emprendedoras-de-atizapan-crecen-con-apoyo-del-gobierno-municipal\/#article","isPartOf":{"@id":"https:\/\/continuamosmx.com\/index.php\/2023\/09\/29\/emprendedoras-de-atizapan-crecen-con-apoyo-del-gobierno-municipal\/"},"author":{"name":"Continuamos MX","@id":"https:\/\/continuamosmx.com\/#\/schema\/person\/5eb5356acb1fad784da407d14f0e8d89"},"headline":"EMPRENDEDORAS DE ATIZAP\u00c1N CRECEN CON APOYO DEL GOBIERNO MUNICIPAL","datePublished":"2023-09-29T06:06:17+00:00","dateModified":"2023-09-29T06:06:18+00:00","mainEntityOfPage":{"@id":"https:\/\/continuamosmx.com\/index.php\/2023\/09\/29\/emprendedoras-de-atizapan-crecen-con-apoyo-del-gobierno-municipal\/"},"wordCount":529,"commentCount":0,"publisher":{"@id":"https:\/\/continuamosmx.com\/#organization"},"image":{"@id":"https:\/\/continuamosmx.com\/index.php\/2023\/09\/29\/emprendedoras-de-atizapan-crecen-con-apoyo-del-gobierno-municipal\/#primaryimage"},"thumbnailUrl":"https:\/\/continuamosmx.com\/wp-content\/uploads\/2023\/09\/pedro.jpg","articleSection":["ATIZAPAN DE ZARAGOZA","LOCALES"],"inLanguage":"es"},{"@type":"WebPage","@id":"https:\/\/continuamosmx.com\/index.php\/2023\/09\/29\/emprendedoras-de-atizapan-crecen-con-apoyo-del-gobierno-municipal\/","url":"https:\/\/continuamosmx.com\/index.php\/2023\/09\/29\/emprendedoras-de-atizapan-crecen-con-apoyo-del-gobierno-municipal\/","name":"EMPRENDEDORAS DE ATIZAP\u00c1N CRECEN CON APOYO DEL GOBIERNO MUNICIPAL -","isPartOf":{"@id":"https:\/\/continuamosmx.com\/#website"},"primaryImageOfPage":{"@id":"https:\/\/continuamosmx.com\/index.php\/2023\/09\/29\/emprendedoras-de-atizapan-crecen-con-apoyo-del-gobierno-municipal\/#primaryimage"},"image":{"@id":"https:\/\/continuamosmx.com\/index.php\/2023\/09\/29\/emprendedoras-de-atizapan-crecen-con-apoyo-del-gobierno-municipal\/#primaryimage"},"thumbnailUrl":"https:\/\/continuamosmx.com\/wp-content\/uploads\/2023\/09\/pedro.jpg","datePublished":"2023-09-29T06:06:17+00:00","dateModified":"2023-09-29T06:06:18+00:00","breadcrumb":{"@id":"https:\/\/continuamosmx.com\/index.php\/2023\/09\/29\/emprendedoras-de-atizapan-crecen-con-apoyo-del-gobierno-municipal\/#breadcrumb"},"inLanguage":"es","potentialAction":[{"@type":"ReadAction","target":["https:\/\/continuamosmx.com\/index.php\/2023\/09\/29\/emprendedoras-de-atizapan-crecen-con-apoyo-del-gobierno-municipal\/"]}]},{"@type":"ImageObject","inLanguage":"es","@id":"https:\/\/continuamosmx.com\/index.php\/2023\/09\/29\/emprendedoras-de-atizapan-crecen-con-apoyo-del-gobierno-municipal\/#primaryimage","url":"https:\/\/continuamosmx.com\/wp-content\/uploads\/2023\/09\/pedro.jpg","contentUrl":"https:\/\/continuamosmx.com\/wp-content\/uploads\/2023\/09\/pedro.jpg","width":1200,"height":926},{"@type":"BreadcrumbList","@id":"https:\/\/continuamosmx.com\/index.php\/2023\/09\/29\/emprendedoras-de-atizapan-crecen-con-apoyo-del-gobierno-municipal\/#breadcrumb","itemListElement":[{"@type":"ListItem","position":1,"name":"Inicio","item":"https:\/\/continuamosmx.com\/"},{"@type":"ListItem","position":2,"name":"EMPRENDEDORAS DE ATIZAP\u00c1N CRECEN CON APOYO DEL GOBIERNO MUNICIPAL"}]},{"@type":"WebSite","@id":"https:\/\/continuamosmx.com\/#website","url":"https:\/\/continuamosmx.com\/","name":"www.continuamosmx.com","description":"","publisher":{"@id":"https:\/\/continuamosmx.com\/#organization"},"potentialAction":[{"@type":"SearchAction","target":{"@type":"EntryPoint","urlTemplate":"https:\/\/continuamosmx.com\/?s={search_term_string}"},"query-input":{"@type":"PropertyValueSpecification","valueRequired":true,"valueName":"search_term_string"}}],"inLanguage":"es"},{"@type":"Organization","@id":"https:\/\/continuamosmx.com\/#organization","name":"ContinuamosMX","url":"https:\/\/continuamosmx.com\/","logo":{"@type":"ImageObject","inLanguage":"es","@id":"https:\/\/continuamosmx.com\/#\/schema\/logo\/image\/","url":"https:\/\/continuamosmx.com\/wp-content\/uploads\/2023\/04\/cropped-LOGO-CONTI-NUEVO.png","contentUrl":"https:\/\/continuamosmx.com\/wp-content\/uploads\/2023\/04\/cropped-LOGO-CONTI-NUEVO.png","width":1257,"height":430,"caption":"ContinuamosMX"},"image":{"@id":"https:\/\/continuamosmx.com\/#\/schema\/logo\/image\/"}},{"@type":"Person","@id":"https:\/\/continuamosmx.com\/#\/schema\/person\/5eb5356acb1fad784da407d14f0e8d89","name":"Continuamos MX","image":{"@type":"ImageObject","inLanguage":"es","@id":"https:\/\/secure.gravatar.com\/avatar\/30d4f9723476a15f4da34d35fb3501f08d2357016c76051c6a85c354c7489589?s=96&d=mm&r=g","url":"https:\/\/secure.gravatar.com\/avatar\/30d4f9723476a15f4da34d35fb3501f08d2357016c76051c6a85c354c7489589?s=96&d=mm&r=g","contentUrl":"https:\/\/secure.gravatar.com\/avatar\/30d4f9723476a15f4da34d35fb3501f08d2357016c76051c6a85c354c7489589?s=96&d=mm&r=g","caption":"Continuamos MX"},"sameAs":["http:\/\/www.continuamos.mx"],"url":"https:\/\/continuamosmx.com\/index.php\/author\/continuamos\/"}]}},"_links":{"self":[{"href":"https:\/\/continuamosmx.com\/index.php\/wp-json\/wp\/v2\/posts\/45088","targetHints":{"allow":["GET"]}}],"collection":[{"href":"https:\/\/continuamosmx.com\/index.php\/wp-json\/wp\/v2\/posts"}],"about":[{"href":"https:\/\/continuamosmx.com\/index.php\/wp-json\/wp\/v2\/types\/post"}],"author":[{"embeddable":true,"href":"https:\/\/continuamosmx.com\/index.php\/wp-json\/wp\/v2\/users\/6"}],"replies":[{"embeddable":true,"href":"https:\/\/continuamosmx.com\/index.php\/wp-json\/wp\/v2\/comments?post=45088"}],"version-history":[{"count":1,"href":"https:\/\/continuamosmx.com\/index.php\/wp-json\/wp\/v2\/posts\/45088\/revisions"}],"predecessor-version":[{"id":45090,"href":"https:\/\/continuamosmx.com\/index.php\/wp-json\/wp\/v2\/posts\/45088\/revisions\/45090"}],"wp:featuredmedia":[{"embeddable":true,"href":"https:\/\/continuamosmx.com\/index.php\/wp-json\/wp\/v2\/media\/45089"}],"wp:attachment":[{"href":"https:\/\/continuamosmx.com\/index.php\/wp-json\/wp\/v2\/media?parent=45088"}],"wp:term":[{"taxonomy":"category","embeddable":true,"href":"https:\/\/continuamosmx.com\/index.php\/wp-json\/wp\/v2\/categories?post=45088"},{"taxonomy":"post_tag","embeddable":true,"href":"https:\/\/continuamosmx.com\/index.php\/wp-json\/wp\/v2\/tags?post=45088"}],"curies":[{"name":"wp","href":"https:\/\/api.w.org\/{rel}","templated":true}]}}