{"id":44987,"date":"2023-09-21T04:46:22","date_gmt":"2023-09-21T04:46:22","guid":{"rendered":"https:\/\/continuamosmx.com\/?p=44987"},"modified":"2023-09-21T04:51:25","modified_gmt":"2023-09-21T04:51:25","slug":"desde-las-camaras-de-vigilancia-del-c4-de-texcoco-se-detecto-a-presunto-narcomenudista-ya-fue-derenido","status":"publish","type":"post","link":"https:\/\/continuamosmx.com\/index.php\/2023\/09\/21\/desde-las-camaras-de-vigilancia-del-c4-de-texcoco-se-detecto-a-presunto-narcomenudista-ya-fue-derenido\/","title":{"rendered":"DETIENEN A NARCOMENUDISTA EN TEXCOCO"},"content":{"rendered":"\n<p>*<strong>Desde el centro del C4 se realiza el monitoreo permanente de m\u00e1s de mil 500 c\u00e1maras de vigilancia<\/strong><\/p>\n\n\n\n<p>TEXCOCO, M\u00e9x.- La Direcci\u00f3n de Seguridad P\u00fablica y Movilidad de Texcoco a trav\u00e9s del Centro de Control, Comando, comunicaci\u00f3n y Computo (C4) ubic\u00f3 a un masculino en posesi\u00f3n de presuntos estupefacientes.<\/p>\n\n\n\n<p>A trav\u00e9s de las c\u00e1maras de videovigilancia, monitoristas del C4, detectaron la comercializaci\u00f3n de presuntos estupefacientes en la parte de afuera de una tienda de conveniencia ubicada en la Gonz\u00e1lez esquina con la carretera Texcoco \u2013 Lecher\u00eda en la comunidad de Coatlinch\u00e1n.<\/p>\n\n\n\n<p>De inmediato se alert\u00f3 a la unidad policiaca asignada a la zona, al llegar al lugar vieron que se encontraba un hombre de 27 a\u00f1os, quien dijo ser vecino de la comunidad de Montecillos.<\/p>\n\n\n\n<p>Al momento de la revisi\u00f3n de rutina por parte de los uniformados le fue localizada una bolsa de pl\u00e1stico y que en su interior conten\u00eda una sustancia granulada cristalina caracter\u00edsticas propias del cristal y envoltorios de papel blanco con caracter\u00edsticas de la coca\u00edna en piedra.<\/p>\n\n\n\n<p>Ante ello, los elementos de la polic\u00eda municipal de Texcoco logro aseguraron a Juan David \u201cN\u201d por delitos contra la salud, por lo que fue puesto a disposici\u00f3n de la Fiscal\u00eda Regional con sede en Texcoco.<\/p>\n\n\n\n<p>El director de Seguridad, V\u00edctor Hugo P\u00e9rez Alarc\u00f3n explic\u00f3 que el centro de mando del municipio cuenta con m\u00e1s de mil 500 c\u00e1maras de videovigilancia que se ubican en todas las comunidades y carreteras de la localidad.<\/p>\n\n\n\n<p>Estas c\u00e1maras son monitoreadas por personal capacitado las 24 horas los 365 d\u00edas del a\u00f1o, en los muros instalados con un total de 18 pantallas desde donde se monitorea todas las colonias y barrios del municipio.<\/p>\n\n\n\n<p>A este sistema de monitoreo se suman los n\u00fameros de emergencia 5959540006 y 5959552074, as\u00ed como el 911 que permite redireccionar los reportes al C4.<\/p>\n\n\n\n<p>P\u00e9rez Alarc\u00f3n se\u00f1al\u00f3 que otra opci\u00f3n de apoyo a la ciudadan\u00eda es la aplicaci\u00f3n Aler-Tex, la que a trav\u00e9s de los tel\u00e9fonos inteligentes pone al alcance de un clic el apoyo policiaco desde el C4 y las unidades policiacas.<\/p>\n\n\n\n<p><\/p>\n","protected":false},"excerpt":{"rendered":"<p>*Desde el centro del C4 se realiza el monitoreo permanente de m\u00e1s de mil 500 c\u00e1maras de vigilancia TEXCOCO, M\u00e9x.- La Direcci\u00f3n de Seguridad P\u00fablica y Movilidad de Texcoco a trav\u00e9s del Centro de Control, Comando, comunicaci\u00f3n y Computo (C4) ubic\u00f3 a un masculino en posesi\u00f3n de presuntos estupefacientes. A trav\u00e9s de las c\u00e1maras de [&hellip;]<\/p>\n","protected":false},"author":6,"featured_media":44988,"comment_status":"open","ping_status":"open","sticky":false,"template":"","format":"standard","meta":{"footnotes":""},"categories":[4,48,6],"tags":[],"class_list":["post-44987","post","type-post","status-publish","format-standard","has-post-thumbnail","hentry","category-locales","category-policiaca","category-texcoco"],"yoast_head":"<!-- This site is optimized with the Yoast SEO plugin v27.5 - https:\/\/yoast.com\/product\/yoast-seo-wordpress\/ -->\n<title>DETIENEN A NARCOMENUDISTA EN TEXCOCO -<\/title>\n<meta name=\"robots\" content=\"index, follow, max-snippet:-1, max-image-preview:large, max-video-preview:-1\" \/>\n<link rel=\"canonical\" href=\"https:\/\/continuamosmx.com\/index.php\/2023\/09\/21\/desde-las-camaras-de-vigilancia-del-c4-de-texcoco-se-detecto-a-presunto-narcomenudista-ya-fue-derenido\/\" \/>\n<meta property=\"og:locale\" content=\"es_ES\" \/>\n<meta property=\"og:type\" content=\"article\" \/>\n<meta property=\"og:title\" content=\"DETIENEN A NARCOMENUDISTA EN TEXCOCO -\" \/>\n<meta property=\"og:description\" content=\"*Desde el centro del C4 se realiza el monitoreo permanente de m\u00e1s de mil 500 c\u00e1maras de vigilancia TEXCOCO, M\u00e9x.- La Direcci\u00f3n de Seguridad P\u00fablica y Movilidad de Texcoco a trav\u00e9s del Centro de Control, Comando, comunicaci\u00f3n y Computo (C4) ubic\u00f3 a un masculino en posesi\u00f3n de presuntos estupefacientes. A trav\u00e9s de las c\u00e1maras de [&hellip;]\" \/>\n<meta property=\"og:url\" content=\"https:\/\/continuamosmx.com\/index.php\/2023\/09\/21\/desde-las-camaras-de-vigilancia-del-c4-de-texcoco-se-detecto-a-presunto-narcomenudista-ya-fue-derenido\/\" \/>\n<meta property=\"article:published_time\" content=\"2023-09-21T04:46:22+00:00\" \/>\n<meta property=\"article:modified_time\" content=\"2023-09-21T04:51:25+00:00\" \/>\n<meta property=\"og:image\" content=\"https:\/\/continuamosmx.com\/wp-content\/uploads\/2023\/09\/POLIS-1.jpg\" \/>\n\t<meta property=\"og:image:width\" content=\"791\" \/>\n\t<meta property=\"og:image:height\" content=\"391\" \/>\n\t<meta property=\"og:image:type\" content=\"image\/jpeg\" \/>\n<meta name=\"author\" content=\"Continuamos MX\" \/>\n<meta name=\"twitter:card\" content=\"summary_large_image\" \/>\n<meta name=\"twitter:label1\" content=\"Escrito por\" \/>\n\t<meta name=\"twitter:data1\" content=\"Continuamos MX\" \/>\n\t<meta name=\"twitter:label2\" content=\"Tiempo de lectura\" \/>\n\t<meta name=\"twitter:data2\" content=\"2 minutos\" \/>\n<script type=\"application\/ld+json\" class=\"yoast-schema-graph\">{\"@context\":\"https:\\\/\\\/schema.org\",\"@graph\":[{\"@type\":\"Article\",\"@id\":\"https:\\\/\\\/continuamosmx.com\\\/index.php\\\/2023\\\/09\\\/21\\\/desde-las-camaras-de-vigilancia-del-c4-de-texcoco-se-detecto-a-presunto-narcomenudista-ya-fue-derenido\\\/#article\",\"isPartOf\":{\"@id\":\"https:\\\/\\\/continuamosmx.com\\\/index.php\\\/2023\\\/09\\\/21\\\/desde-las-camaras-de-vigilancia-del-c4-de-texcoco-se-detecto-a-presunto-narcomenudista-ya-fue-derenido\\\/\"},\"author\":{\"name\":\"Continuamos MX\",\"@id\":\"https:\\\/\\\/continuamosmx.com\\\/#\\\/schema\\\/person\\\/5eb5356acb1fad784da407d14f0e8d89\"},\"headline\":\"DETIENEN A NARCOMENUDISTA EN TEXCOCO\",\"datePublished\":\"2023-09-21T04:46:22+00:00\",\"dateModified\":\"2023-09-21T04:51:25+00:00\",\"mainEntityOfPage\":{\"@id\":\"https:\\\/\\\/continuamosmx.com\\\/index.php\\\/2023\\\/09\\\/21\\\/desde-las-camaras-de-vigilancia-del-c4-de-texcoco-se-detecto-a-presunto-narcomenudista-ya-fue-derenido\\\/\"},\"wordCount\":380,\"commentCount\":0,\"publisher\":{\"@id\":\"https:\\\/\\\/continuamosmx.com\\\/#organization\"},\"image\":{\"@id\":\"https:\\\/\\\/continuamosmx.com\\\/index.php\\\/2023\\\/09\\\/21\\\/desde-las-camaras-de-vigilancia-del-c4-de-texcoco-se-detecto-a-presunto-narcomenudista-ya-fue-derenido\\\/#primaryimage\"},\"thumbnailUrl\":\"https:\\\/\\\/continuamosmx.com\\\/wp-content\\\/uploads\\\/2023\\\/09\\\/POLIS-1.jpg\",\"articleSection\":[\"LOCALES\",\"POLICIACA\",\"TEXCOCO\"],\"inLanguage\":\"es\"},{\"@type\":\"WebPage\",\"@id\":\"https:\\\/\\\/continuamosmx.com\\\/index.php\\\/2023\\\/09\\\/21\\\/desde-las-camaras-de-vigilancia-del-c4-de-texcoco-se-detecto-a-presunto-narcomenudista-ya-fue-derenido\\\/\",\"url\":\"https:\\\/\\\/continuamosmx.com\\\/index.php\\\/2023\\\/09\\\/21\\\/desde-las-camaras-de-vigilancia-del-c4-de-texcoco-se-detecto-a-presunto-narcomenudista-ya-fue-derenido\\\/\",\"name\":\"DETIENEN A NARCOMENUDISTA EN TEXCOCO -\",\"isPartOf\":{\"@id\":\"https:\\\/\\\/continuamosmx.com\\\/#website\"},\"primaryImageOfPage\":{\"@id\":\"https:\\\/\\\/continuamosmx.com\\\/index.php\\\/2023\\\/09\\\/21\\\/desde-las-camaras-de-vigilancia-del-c4-de-texcoco-se-detecto-a-presunto-narcomenudista-ya-fue-derenido\\\/#primaryimage\"},\"image\":{\"@id\":\"https:\\\/\\\/continuamosmx.com\\\/index.php\\\/2023\\\/09\\\/21\\\/desde-las-camaras-de-vigilancia-del-c4-de-texcoco-se-detecto-a-presunto-narcomenudista-ya-fue-derenido\\\/#primaryimage\"},\"thumbnailUrl\":\"https:\\\/\\\/continuamosmx.com\\\/wp-content\\\/uploads\\\/2023\\\/09\\\/POLIS-1.jpg\",\"datePublished\":\"2023-09-21T04:46:22+00:00\",\"dateModified\":\"2023-09-21T04:51:25+00:00\",\"breadcrumb\":{\"@id\":\"https:\\\/\\\/continuamosmx.com\\\/index.php\\\/2023\\\/09\\\/21\\\/desde-las-camaras-de-vigilancia-del-c4-de-texcoco-se-detecto-a-presunto-narcomenudista-ya-fue-derenido\\\/#breadcrumb\"},\"inLanguage\":\"es\",\"potentialAction\":[{\"@type\":\"ReadAction\",\"target\":[\"https:\\\/\\\/continuamosmx.com\\\/index.php\\\/2023\\\/09\\\/21\\\/desde-las-camaras-de-vigilancia-del-c4-de-texcoco-se-detecto-a-presunto-narcomenudista-ya-fue-derenido\\\/\"]}]},{\"@type\":\"ImageObject\",\"inLanguage\":\"es\",\"@id\":\"https:\\\/\\\/continuamosmx.com\\\/index.php\\\/2023\\\/09\\\/21\\\/desde-las-camaras-de-vigilancia-del-c4-de-texcoco-se-detecto-a-presunto-narcomenudista-ya-fue-derenido\\\/#primaryimage\",\"url\":\"https:\\\/\\\/continuamosmx.com\\\/wp-content\\\/uploads\\\/2023\\\/09\\\/POLIS-1.jpg\",\"contentUrl\":\"https:\\\/\\\/continuamosmx.com\\\/wp-content\\\/uploads\\\/2023\\\/09\\\/POLIS-1.jpg\",\"width\":791,\"height\":391},{\"@type\":\"BreadcrumbList\",\"@id\":\"https:\\\/\\\/continuamosmx.com\\\/index.php\\\/2023\\\/09\\\/21\\\/desde-las-camaras-de-vigilancia-del-c4-de-texcoco-se-detecto-a-presunto-narcomenudista-ya-fue-derenido\\\/#breadcrumb\",\"itemListElement\":[{\"@type\":\"ListItem\",\"position\":1,\"name\":\"Inicio\",\"item\":\"https:\\\/\\\/continuamosmx.com\\\/\"},{\"@type\":\"ListItem\",\"position\":2,\"name\":\"DETIENEN A NARCOMENUDISTA EN TEXCOCO\"}]},{\"@type\":\"WebSite\",\"@id\":\"https:\\\/\\\/continuamosmx.com\\\/#website\",\"url\":\"https:\\\/\\\/continuamosmx.com\\\/\",\"name\":\"www.continuamosmx.com\",\"description\":\"\",\"publisher\":{\"@id\":\"https:\\\/\\\/continuamosmx.com\\\/#organization\"},\"potentialAction\":[{\"@type\":\"SearchAction\",\"target\":{\"@type\":\"EntryPoint\",\"urlTemplate\":\"https:\\\/\\\/continuamosmx.com\\\/?s={search_term_string}\"},\"query-input\":{\"@type\":\"PropertyValueSpecification\",\"valueRequired\":true,\"valueName\":\"search_term_string\"}}],\"inLanguage\":\"es\"},{\"@type\":\"Organization\",\"@id\":\"https:\\\/\\\/continuamosmx.com\\\/#organization\",\"name\":\"ContinuamosMX\",\"url\":\"https:\\\/\\\/continuamosmx.com\\\/\",\"logo\":{\"@type\":\"ImageObject\",\"inLanguage\":\"es\",\"@id\":\"https:\\\/\\\/continuamosmx.com\\\/#\\\/schema\\\/logo\\\/image\\\/\",\"url\":\"https:\\\/\\\/continuamosmx.com\\\/wp-content\\\/uploads\\\/2023\\\/04\\\/cropped-LOGO-CONTI-NUEVO.png\",\"contentUrl\":\"https:\\\/\\\/continuamosmx.com\\\/wp-content\\\/uploads\\\/2023\\\/04\\\/cropped-LOGO-CONTI-NUEVO.png\",\"width\":1257,\"height\":430,\"caption\":\"ContinuamosMX\"},\"image\":{\"@id\":\"https:\\\/\\\/continuamosmx.com\\\/#\\\/schema\\\/logo\\\/image\\\/\"}},{\"@type\":\"Person\",\"@id\":\"https:\\\/\\\/continuamosmx.com\\\/#\\\/schema\\\/person\\\/5eb5356acb1fad784da407d14f0e8d89\",\"name\":\"Continuamos MX\",\"image\":{\"@type\":\"ImageObject\",\"inLanguage\":\"es\",\"@id\":\"https:\\\/\\\/secure.gravatar.com\\\/avatar\\\/30d4f9723476a15f4da34d35fb3501f08d2357016c76051c6a85c354c7489589?s=96&d=mm&r=g\",\"url\":\"https:\\\/\\\/secure.gravatar.com\\\/avatar\\\/30d4f9723476a15f4da34d35fb3501f08d2357016c76051c6a85c354c7489589?s=96&d=mm&r=g\",\"contentUrl\":\"https:\\\/\\\/secure.gravatar.com\\\/avatar\\\/30d4f9723476a15f4da34d35fb3501f08d2357016c76051c6a85c354c7489589?s=96&d=mm&r=g\",\"caption\":\"Continuamos MX\"},\"sameAs\":[\"http:\\\/\\\/www.continuamos.mx\"],\"url\":\"https:\\\/\\\/continuamosmx.com\\\/index.php\\\/author\\\/continuamos\\\/\"}]}<\/script>\n<!-- \/ Yoast SEO plugin. -->","yoast_head_json":{"title":"DETIENEN A NARCOMENUDISTA EN TEXCOCO -","robots":{"index":"index","follow":"follow","max-snippet":"max-snippet:-1","max-image-preview":"max-image-preview:large","max-video-preview":"max-video-preview:-1"},"canonical":"https:\/\/continuamosmx.com\/index.php\/2023\/09\/21\/desde-las-camaras-de-vigilancia-del-c4-de-texcoco-se-detecto-a-presunto-narcomenudista-ya-fue-derenido\/","og_locale":"es_ES","og_type":"article","og_title":"DETIENEN A NARCOMENUDISTA EN TEXCOCO -","og_description":"*Desde el centro del C4 se realiza el monitoreo permanente de m\u00e1s de mil 500 c\u00e1maras de vigilancia TEXCOCO, M\u00e9x.- La Direcci\u00f3n de Seguridad P\u00fablica y Movilidad de Texcoco a trav\u00e9s del Centro de Control, Comando, comunicaci\u00f3n y Computo (C4) ubic\u00f3 a un masculino en posesi\u00f3n de presuntos estupefacientes. A trav\u00e9s de las c\u00e1maras de [&hellip;]","og_url":"https:\/\/continuamosmx.com\/index.php\/2023\/09\/21\/desde-las-camaras-de-vigilancia-del-c4-de-texcoco-se-detecto-a-presunto-narcomenudista-ya-fue-derenido\/","article_published_time":"2023-09-21T04:46:22+00:00","article_modified_time":"2023-09-21T04:51:25+00:00","og_image":[{"width":791,"height":391,"url":"https:\/\/continuamosmx.com\/wp-content\/uploads\/2023\/09\/POLIS-1.jpg","type":"image\/jpeg"}],"author":"Continuamos MX","twitter_card":"summary_large_image","twitter_misc":{"Escrito por":"Continuamos MX","Tiempo de lectura":"2 minutos"},"schema":{"@context":"https:\/\/schema.org","@graph":[{"@type":"Article","@id":"https:\/\/continuamosmx.com\/index.php\/2023\/09\/21\/desde-las-camaras-de-vigilancia-del-c4-de-texcoco-se-detecto-a-presunto-narcomenudista-ya-fue-derenido\/#article","isPartOf":{"@id":"https:\/\/continuamosmx.com\/index.php\/2023\/09\/21\/desde-las-camaras-de-vigilancia-del-c4-de-texcoco-se-detecto-a-presunto-narcomenudista-ya-fue-derenido\/"},"author":{"name":"Continuamos MX","@id":"https:\/\/continuamosmx.com\/#\/schema\/person\/5eb5356acb1fad784da407d14f0e8d89"},"headline":"DETIENEN A NARCOMENUDISTA EN TEXCOCO","datePublished":"2023-09-21T04:46:22+00:00","dateModified":"2023-09-21T04:51:25+00:00","mainEntityOfPage":{"@id":"https:\/\/continuamosmx.com\/index.php\/2023\/09\/21\/desde-las-camaras-de-vigilancia-del-c4-de-texcoco-se-detecto-a-presunto-narcomenudista-ya-fue-derenido\/"},"wordCount":380,"commentCount":0,"publisher":{"@id":"https:\/\/continuamosmx.com\/#organization"},"image":{"@id":"https:\/\/continuamosmx.com\/index.php\/2023\/09\/21\/desde-las-camaras-de-vigilancia-del-c4-de-texcoco-se-detecto-a-presunto-narcomenudista-ya-fue-derenido\/#primaryimage"},"thumbnailUrl":"https:\/\/continuamosmx.com\/wp-content\/uploads\/2023\/09\/POLIS-1.jpg","articleSection":["LOCALES","POLICIACA","TEXCOCO"],"inLanguage":"es"},{"@type":"WebPage","@id":"https:\/\/continuamosmx.com\/index.php\/2023\/09\/21\/desde-las-camaras-de-vigilancia-del-c4-de-texcoco-se-detecto-a-presunto-narcomenudista-ya-fue-derenido\/","url":"https:\/\/continuamosmx.com\/index.php\/2023\/09\/21\/desde-las-camaras-de-vigilancia-del-c4-de-texcoco-se-detecto-a-presunto-narcomenudista-ya-fue-derenido\/","name":"DETIENEN A NARCOMENUDISTA EN TEXCOCO -","isPartOf":{"@id":"https:\/\/continuamosmx.com\/#website"},"primaryImageOfPage":{"@id":"https:\/\/continuamosmx.com\/index.php\/2023\/09\/21\/desde-las-camaras-de-vigilancia-del-c4-de-texcoco-se-detecto-a-presunto-narcomenudista-ya-fue-derenido\/#primaryimage"},"image":{"@id":"https:\/\/continuamosmx.com\/index.php\/2023\/09\/21\/desde-las-camaras-de-vigilancia-del-c4-de-texcoco-se-detecto-a-presunto-narcomenudista-ya-fue-derenido\/#primaryimage"},"thumbnailUrl":"https:\/\/continuamosmx.com\/wp-content\/uploads\/2023\/09\/POLIS-1.jpg","datePublished":"2023-09-21T04:46:22+00:00","dateModified":"2023-09-21T04:51:25+00:00","breadcrumb":{"@id":"https:\/\/continuamosmx.com\/index.php\/2023\/09\/21\/desde-las-camaras-de-vigilancia-del-c4-de-texcoco-se-detecto-a-presunto-narcomenudista-ya-fue-derenido\/#breadcrumb"},"inLanguage":"es","potentialAction":[{"@type":"ReadAction","target":["https:\/\/continuamosmx.com\/index.php\/2023\/09\/21\/desde-las-camaras-de-vigilancia-del-c4-de-texcoco-se-detecto-a-presunto-narcomenudista-ya-fue-derenido\/"]}]},{"@type":"ImageObject","inLanguage":"es","@id":"https:\/\/continuamosmx.com\/index.php\/2023\/09\/21\/desde-las-camaras-de-vigilancia-del-c4-de-texcoco-se-detecto-a-presunto-narcomenudista-ya-fue-derenido\/#primaryimage","url":"https:\/\/continuamosmx.com\/wp-content\/uploads\/2023\/09\/POLIS-1.jpg","contentUrl":"https:\/\/continuamosmx.com\/wp-content\/uploads\/2023\/09\/POLIS-1.jpg","width":791,"height":391},{"@type":"BreadcrumbList","@id":"https:\/\/continuamosmx.com\/index.php\/2023\/09\/21\/desde-las-camaras-de-vigilancia-del-c4-de-texcoco-se-detecto-a-presunto-narcomenudista-ya-fue-derenido\/#breadcrumb","itemListElement":[{"@type":"ListItem","position":1,"name":"Inicio","item":"https:\/\/continuamosmx.com\/"},{"@type":"ListItem","position":2,"name":"DETIENEN A NARCOMENUDISTA EN TEXCOCO"}]},{"@type":"WebSite","@id":"https:\/\/continuamosmx.com\/#website","url":"https:\/\/continuamosmx.com\/","name":"www.continuamosmx.com","description":"","publisher":{"@id":"https:\/\/continuamosmx.com\/#organization"},"potentialAction":[{"@type":"SearchAction","target":{"@type":"EntryPoint","urlTemplate":"https:\/\/continuamosmx.com\/?s={search_term_string}"},"query-input":{"@type":"PropertyValueSpecification","valueRequired":true,"valueName":"search_term_string"}}],"inLanguage":"es"},{"@type":"Organization","@id":"https:\/\/continuamosmx.com\/#organization","name":"ContinuamosMX","url":"https:\/\/continuamosmx.com\/","logo":{"@type":"ImageObject","inLanguage":"es","@id":"https:\/\/continuamosmx.com\/#\/schema\/logo\/image\/","url":"https:\/\/continuamosmx.com\/wp-content\/uploads\/2023\/04\/cropped-LOGO-CONTI-NUEVO.png","contentUrl":"https:\/\/continuamosmx.com\/wp-content\/uploads\/2023\/04\/cropped-LOGO-CONTI-NUEVO.png","width":1257,"height":430,"caption":"ContinuamosMX"},"image":{"@id":"https:\/\/continuamosmx.com\/#\/schema\/logo\/image\/"}},{"@type":"Person","@id":"https:\/\/continuamosmx.com\/#\/schema\/person\/5eb5356acb1fad784da407d14f0e8d89","name":"Continuamos MX","image":{"@type":"ImageObject","inLanguage":"es","@id":"https:\/\/secure.gravatar.com\/avatar\/30d4f9723476a15f4da34d35fb3501f08d2357016c76051c6a85c354c7489589?s=96&d=mm&r=g","url":"https:\/\/secure.gravatar.com\/avatar\/30d4f9723476a15f4da34d35fb3501f08d2357016c76051c6a85c354c7489589?s=96&d=mm&r=g","contentUrl":"https:\/\/secure.gravatar.com\/avatar\/30d4f9723476a15f4da34d35fb3501f08d2357016c76051c6a85c354c7489589?s=96&d=mm&r=g","caption":"Continuamos MX"},"sameAs":["http:\/\/www.continuamos.mx"],"url":"https:\/\/continuamosmx.com\/index.php\/author\/continuamos\/"}]}},"_links":{"self":[{"href":"https:\/\/continuamosmx.com\/index.php\/wp-json\/wp\/v2\/posts\/44987","targetHints":{"allow":["GET"]}}],"collection":[{"href":"https:\/\/continuamosmx.com\/index.php\/wp-json\/wp\/v2\/posts"}],"about":[{"href":"https:\/\/continuamosmx.com\/index.php\/wp-json\/wp\/v2\/types\/post"}],"author":[{"embeddable":true,"href":"https:\/\/continuamosmx.com\/index.php\/wp-json\/wp\/v2\/users\/6"}],"replies":[{"embeddable":true,"href":"https:\/\/continuamosmx.com\/index.php\/wp-json\/wp\/v2\/comments?post=44987"}],"version-history":[{"count":2,"href":"https:\/\/continuamosmx.com\/index.php\/wp-json\/wp\/v2\/posts\/44987\/revisions"}],"predecessor-version":[{"id":44991,"href":"https:\/\/continuamosmx.com\/index.php\/wp-json\/wp\/v2\/posts\/44987\/revisions\/44991"}],"wp:featuredmedia":[{"embeddable":true,"href":"https:\/\/continuamosmx.com\/index.php\/wp-json\/wp\/v2\/media\/44988"}],"wp:attachment":[{"href":"https:\/\/continuamosmx.com\/index.php\/wp-json\/wp\/v2\/media?parent=44987"}],"wp:term":[{"taxonomy":"category","embeddable":true,"href":"https:\/\/continuamosmx.com\/index.php\/wp-json\/wp\/v2\/categories?post=44987"},{"taxonomy":"post_tag","embeddable":true,"href":"https:\/\/continuamosmx.com\/index.php\/wp-json\/wp\/v2\/tags?post=44987"}],"curies":[{"name":"wp","href":"https:\/\/api.w.org\/{rel}","templated":true}]}}