{"id":44932,"date":"2023-09-17T03:27:58","date_gmt":"2023-09-17T03:27:58","guid":{"rendered":"https:\/\/continuamosmx.com\/?p=44932"},"modified":"2023-09-17T03:27:59","modified_gmt":"2023-09-17T03:27:59","slug":"encabeza-romina-contreras-desfile-civico-por-el-213-aniversario-del-inicio-de-la-independencia-de-mexico","status":"publish","type":"post","link":"https:\/\/continuamosmx.com\/index.php\/2023\/09\/17\/encabeza-romina-contreras-desfile-civico-por-el-213-aniversario-del-inicio-de-la-independencia-de-mexico\/","title":{"rendered":"ENCABEZA ROMINA CONTRERAS DESFILE C\u00cdVICO POR EL 213 ANIVERSARIO DEL INICIO DE LA INDEPENDENCIA DE M\u00c9XICO"},"content":{"rendered":"\n<p>*<strong>La alcaldesa Romina Contreras, destac\u00f3 que los festejos patrios de este 15 y 16 de septiembre se realizaron en completa paz y con tranquilidad en su municipio.<\/strong><\/p>\n\n\n\n<p>REDACCI\u00d3N.<\/p>\n\n\n\n<p>HUIXQUILUCAN, M\u00e9x.- La presidenta municipal Romina Contreras Carrasco, encabez\u00f3 el Desfile C\u00edvico, con motivo del 213 Aniversario del Inicio de la Independencia de M\u00e9xico y el cual cont\u00f3 con la participaci\u00f3n de m\u00e1s de seis mil 300 personas, entre servidores p\u00fablicos, elementos de la polic\u00eda municipal, estudiantes y docentes, as\u00ed como charros de esta localidad.<\/p>\n\n\n\n<p>Acompa\u00f1ada del coordinador de los diputados locales del Partido Acci\u00f3n Nacional, Enrique Vargas del Villar y de los integrantes del cuerpo edilicio y del gabinete, la presidenta municipal autoriz\u00f3 el inici\u00f3 del recorrido a las 09:15 horas de este s\u00e1bado, el cual parti\u00f3 desde la calle Moctezuma, para incorporarse a la avenida Venustiano Carranza, hasta llegar a Quintana Roo y, finalmente, a la calle Nicol\u00e1s Bravo.<\/p>\n\n\n\n<p>Durante el recorrido hacia el Palacio Municipal, Romina Contreras y sus acompa\u00f1antes caminaron a paso lento y saludaron a los asistentes que se dieron cita en las principales calles de la Cabecera Municipal para presenciar este acto.<\/p>\n\n\n\n<p>Posteriormente, la alcaldesa subi\u00f3 hasta el balc\u00f3n del Palacio Municipal, en donde observ\u00f3 el despliegue c\u00edvico en medio del j\u00fabilo que ocasion\u00f3 el paso de los contingentes de las diversas \u00e1reas de gobierno, as\u00ed como de los veh\u00edculos oficiales que se movilizaron para disfrute de las familias huixquiluquenses.<\/p>\n\n\n\n<p>Al concluir el paso de los contingentes, el Jefe de Estado Mayor, Aar\u00f3n Guti\u00e9rrez, rindi\u00f3 el parte de novedades, en donde destac\u00f3 la participaci\u00f3n de seis mil 300 personas, entre las que se incluyeron tres mil 3 mil 344 servidores p\u00fablicos de las diferentes \u00e1reas del Ayuntamiento, 30 banderas de escoltas y un estandarte, 840 alumnos y docentes de nivel b\u00e1sico, 611 de nivel medio superior y 640 de nivel superior, as\u00ed como 350 conscriptos del Servicio Militar Nacional.<\/p>\n\n\n\n<p>A ellos, se sumaron 323 integrantes de la Direcci\u00f3n General de Seguridad P\u00fablica y Vialidad, 52 elementos del Cuerpo de Bomberos y de la Unidad de Rescate, 35 de Protecci\u00f3n Civil, 30 charros, 30 semovientes, ocho binomios caninos, 48 veh\u00edculos automotores y una torre de videovigilancia.<\/p>\n\n\n\n<p>Tambi\u00e9n se incorporaron al desfile, el grupo de motociclistas de Vialidad, la banda de guerra de la Direcci\u00f3n de Seguridad P\u00fablica y Vialidad, el Grupo SERO, los binomios caninos, el Centro de Mando, la Polic\u00eda de G\u00e9nero y la Asociaci\u00f3n de Charros de Huixquilucan, entre otros.<\/p>\n\n\n\n<p>Al finalizar este acto c\u00edvico, la presidenta municipal, Romina Contreras, acudi\u00f3 al Lienzo Charro \u201cSan Mart\u00edn Caballero\u201d, ubicado en San Francisco Dos R\u00edos, donde presenci\u00f3 una tradicional charreada.<\/p>\n\n\n\n<p>Los festejos patrios de este 15 y 16 de septiembre se realizaron en completa paz y con tranquilidad en Huixquilucan, por lo que agradeci\u00f3 la participaci\u00f3n de las y los huixquiluquenses que se sumaron a esta fiesta nacional, aunque record\u00f3 que el operativo para estas fiestas patrias se mantendr\u00e1 hasta este domingo 17 de septiembre, con el objetivo de reforzar la presencia policiaca en todo el territorio.<\/p>\n","protected":false},"excerpt":{"rendered":"<p>*La alcaldesa Romina Contreras, destac\u00f3 que los festejos patrios de este 15 y 16 de septiembre se realizaron en completa paz y con tranquilidad en su municipio. REDACCI\u00d3N. HUIXQUILUCAN, M\u00e9x.- La presidenta municipal Romina Contreras Carrasco, encabez\u00f3 el Desfile C\u00edvico, con motivo del 213 Aniversario del Inicio de la Independencia de M\u00e9xico y el cual [&hellip;]<\/p>\n","protected":false},"author":6,"featured_media":44933,"comment_status":"open","ping_status":"open","sticky":false,"template":"","format":"standard","meta":{"footnotes":""},"categories":[5,4],"tags":[],"class_list":["post-44932","post","type-post","status-publish","format-standard","has-post-thumbnail","hentry","category-huixquilucan","category-locales"],"yoast_head":"<!-- This site is optimized with the Yoast SEO plugin v27.5 - https:\/\/yoast.com\/product\/yoast-seo-wordpress\/ -->\n<title>ENCABEZA ROMINA CONTRERAS DESFILE C\u00cdVICO POR EL 213 ANIVERSARIO DEL INICIO DE LA INDEPENDENCIA DE M\u00c9XICO -<\/title>\n<meta name=\"robots\" content=\"index, follow, max-snippet:-1, max-image-preview:large, max-video-preview:-1\" \/>\n<link rel=\"canonical\" href=\"https:\/\/continuamosmx.com\/index.php\/2023\/09\/17\/encabeza-romina-contreras-desfile-civico-por-el-213-aniversario-del-inicio-de-la-independencia-de-mexico\/\" \/>\n<meta property=\"og:locale\" content=\"es_ES\" \/>\n<meta property=\"og:type\" content=\"article\" \/>\n<meta property=\"og:title\" content=\"ENCABEZA ROMINA CONTRERAS DESFILE C\u00cdVICO POR EL 213 ANIVERSARIO DEL INICIO DE LA INDEPENDENCIA DE M\u00c9XICO -\" \/>\n<meta property=\"og:description\" content=\"*La alcaldesa Romina Contreras, destac\u00f3 que los festejos patrios de este 15 y 16 de septiembre se realizaron en completa paz y con tranquilidad en su municipio. REDACCI\u00d3N. HUIXQUILUCAN, M\u00e9x.- La presidenta municipal Romina Contreras Carrasco, encabez\u00f3 el Desfile C\u00edvico, con motivo del 213 Aniversario del Inicio de la Independencia de M\u00e9xico y el cual [&hellip;]\" \/>\n<meta property=\"og:url\" content=\"https:\/\/continuamosmx.com\/index.php\/2023\/09\/17\/encabeza-romina-contreras-desfile-civico-por-el-213-aniversario-del-inicio-de-la-independencia-de-mexico\/\" \/>\n<meta property=\"article:published_time\" content=\"2023-09-17T03:27:58+00:00\" \/>\n<meta property=\"article:modified_time\" content=\"2023-09-17T03:27:59+00:00\" \/>\n<meta property=\"og:image\" content=\"https:\/\/continuamosmx.com\/wp-content\/uploads\/2023\/09\/Comunicado-de-Prensa-216-2023.jpg\" \/>\n\t<meta property=\"og:image:width\" content=\"1280\" \/>\n\t<meta property=\"og:image:height\" content=\"720\" \/>\n\t<meta property=\"og:image:type\" content=\"image\/jpeg\" \/>\n<meta name=\"author\" content=\"Continuamos MX\" \/>\n<meta name=\"twitter:card\" content=\"summary_large_image\" \/>\n<meta name=\"twitter:label1\" content=\"Escrito por\" \/>\n\t<meta name=\"twitter:data1\" content=\"Continuamos MX\" \/>\n\t<meta name=\"twitter:label2\" content=\"Tiempo de lectura\" \/>\n\t<meta name=\"twitter:data2\" content=\"3 minutos\" \/>\n<script type=\"application\/ld+json\" class=\"yoast-schema-graph\">{\"@context\":\"https:\\\/\\\/schema.org\",\"@graph\":[{\"@type\":\"Article\",\"@id\":\"https:\\\/\\\/continuamosmx.com\\\/index.php\\\/2023\\\/09\\\/17\\\/encabeza-romina-contreras-desfile-civico-por-el-213-aniversario-del-inicio-de-la-independencia-de-mexico\\\/#article\",\"isPartOf\":{\"@id\":\"https:\\\/\\\/continuamosmx.com\\\/index.php\\\/2023\\\/09\\\/17\\\/encabeza-romina-contreras-desfile-civico-por-el-213-aniversario-del-inicio-de-la-independencia-de-mexico\\\/\"},\"author\":{\"name\":\"Continuamos MX\",\"@id\":\"https:\\\/\\\/continuamosmx.com\\\/#\\\/schema\\\/person\\\/5eb5356acb1fad784da407d14f0e8d89\"},\"headline\":\"ENCABEZA ROMINA CONTRERAS DESFILE C\u00cdVICO POR EL 213 ANIVERSARIO DEL INICIO DE LA INDEPENDENCIA DE M\u00c9XICO\",\"datePublished\":\"2023-09-17T03:27:58+00:00\",\"dateModified\":\"2023-09-17T03:27:59+00:00\",\"mainEntityOfPage\":{\"@id\":\"https:\\\/\\\/continuamosmx.com\\\/index.php\\\/2023\\\/09\\\/17\\\/encabeza-romina-contreras-desfile-civico-por-el-213-aniversario-del-inicio-de-la-independencia-de-mexico\\\/\"},\"wordCount\":532,\"commentCount\":0,\"publisher\":{\"@id\":\"https:\\\/\\\/continuamosmx.com\\\/#organization\"},\"image\":{\"@id\":\"https:\\\/\\\/continuamosmx.com\\\/index.php\\\/2023\\\/09\\\/17\\\/encabeza-romina-contreras-desfile-civico-por-el-213-aniversario-del-inicio-de-la-independencia-de-mexico\\\/#primaryimage\"},\"thumbnailUrl\":\"https:\\\/\\\/continuamosmx.com\\\/wp-content\\\/uploads\\\/2023\\\/09\\\/Comunicado-de-Prensa-216-2023.jpg\",\"articleSection\":[\"HUIXQUILUCAN\",\"LOCALES\"],\"inLanguage\":\"es\"},{\"@type\":\"WebPage\",\"@id\":\"https:\\\/\\\/continuamosmx.com\\\/index.php\\\/2023\\\/09\\\/17\\\/encabeza-romina-contreras-desfile-civico-por-el-213-aniversario-del-inicio-de-la-independencia-de-mexico\\\/\",\"url\":\"https:\\\/\\\/continuamosmx.com\\\/index.php\\\/2023\\\/09\\\/17\\\/encabeza-romina-contreras-desfile-civico-por-el-213-aniversario-del-inicio-de-la-independencia-de-mexico\\\/\",\"name\":\"ENCABEZA ROMINA CONTRERAS DESFILE C\u00cdVICO POR EL 213 ANIVERSARIO DEL INICIO DE LA INDEPENDENCIA DE M\u00c9XICO -\",\"isPartOf\":{\"@id\":\"https:\\\/\\\/continuamosmx.com\\\/#website\"},\"primaryImageOfPage\":{\"@id\":\"https:\\\/\\\/continuamosmx.com\\\/index.php\\\/2023\\\/09\\\/17\\\/encabeza-romina-contreras-desfile-civico-por-el-213-aniversario-del-inicio-de-la-independencia-de-mexico\\\/#primaryimage\"},\"image\":{\"@id\":\"https:\\\/\\\/continuamosmx.com\\\/index.php\\\/2023\\\/09\\\/17\\\/encabeza-romina-contreras-desfile-civico-por-el-213-aniversario-del-inicio-de-la-independencia-de-mexico\\\/#primaryimage\"},\"thumbnailUrl\":\"https:\\\/\\\/continuamosmx.com\\\/wp-content\\\/uploads\\\/2023\\\/09\\\/Comunicado-de-Prensa-216-2023.jpg\",\"datePublished\":\"2023-09-17T03:27:58+00:00\",\"dateModified\":\"2023-09-17T03:27:59+00:00\",\"breadcrumb\":{\"@id\":\"https:\\\/\\\/continuamosmx.com\\\/index.php\\\/2023\\\/09\\\/17\\\/encabeza-romina-contreras-desfile-civico-por-el-213-aniversario-del-inicio-de-la-independencia-de-mexico\\\/#breadcrumb\"},\"inLanguage\":\"es\",\"potentialAction\":[{\"@type\":\"ReadAction\",\"target\":[\"https:\\\/\\\/continuamosmx.com\\\/index.php\\\/2023\\\/09\\\/17\\\/encabeza-romina-contreras-desfile-civico-por-el-213-aniversario-del-inicio-de-la-independencia-de-mexico\\\/\"]}]},{\"@type\":\"ImageObject\",\"inLanguage\":\"es\",\"@id\":\"https:\\\/\\\/continuamosmx.com\\\/index.php\\\/2023\\\/09\\\/17\\\/encabeza-romina-contreras-desfile-civico-por-el-213-aniversario-del-inicio-de-la-independencia-de-mexico\\\/#primaryimage\",\"url\":\"https:\\\/\\\/continuamosmx.com\\\/wp-content\\\/uploads\\\/2023\\\/09\\\/Comunicado-de-Prensa-216-2023.jpg\",\"contentUrl\":\"https:\\\/\\\/continuamosmx.com\\\/wp-content\\\/uploads\\\/2023\\\/09\\\/Comunicado-de-Prensa-216-2023.jpg\",\"width\":1280,\"height\":720},{\"@type\":\"BreadcrumbList\",\"@id\":\"https:\\\/\\\/continuamosmx.com\\\/index.php\\\/2023\\\/09\\\/17\\\/encabeza-romina-contreras-desfile-civico-por-el-213-aniversario-del-inicio-de-la-independencia-de-mexico\\\/#breadcrumb\",\"itemListElement\":[{\"@type\":\"ListItem\",\"position\":1,\"name\":\"Inicio\",\"item\":\"https:\\\/\\\/continuamosmx.com\\\/\"},{\"@type\":\"ListItem\",\"position\":2,\"name\":\"ENCABEZA ROMINA CONTRERAS DESFILE C\u00cdVICO POR EL 213 ANIVERSARIO DEL INICIO DE LA INDEPENDENCIA DE M\u00c9XICO\"}]},{\"@type\":\"WebSite\",\"@id\":\"https:\\\/\\\/continuamosmx.com\\\/#website\",\"url\":\"https:\\\/\\\/continuamosmx.com\\\/\",\"name\":\"www.continuamosmx.com\",\"description\":\"\",\"publisher\":{\"@id\":\"https:\\\/\\\/continuamosmx.com\\\/#organization\"},\"potentialAction\":[{\"@type\":\"SearchAction\",\"target\":{\"@type\":\"EntryPoint\",\"urlTemplate\":\"https:\\\/\\\/continuamosmx.com\\\/?s={search_term_string}\"},\"query-input\":{\"@type\":\"PropertyValueSpecification\",\"valueRequired\":true,\"valueName\":\"search_term_string\"}}],\"inLanguage\":\"es\"},{\"@type\":\"Organization\",\"@id\":\"https:\\\/\\\/continuamosmx.com\\\/#organization\",\"name\":\"ContinuamosMX\",\"url\":\"https:\\\/\\\/continuamosmx.com\\\/\",\"logo\":{\"@type\":\"ImageObject\",\"inLanguage\":\"es\",\"@id\":\"https:\\\/\\\/continuamosmx.com\\\/#\\\/schema\\\/logo\\\/image\\\/\",\"url\":\"https:\\\/\\\/continuamosmx.com\\\/wp-content\\\/uploads\\\/2023\\\/04\\\/cropped-LOGO-CONTI-NUEVO.png\",\"contentUrl\":\"https:\\\/\\\/continuamosmx.com\\\/wp-content\\\/uploads\\\/2023\\\/04\\\/cropped-LOGO-CONTI-NUEVO.png\",\"width\":1257,\"height\":430,\"caption\":\"ContinuamosMX\"},\"image\":{\"@id\":\"https:\\\/\\\/continuamosmx.com\\\/#\\\/schema\\\/logo\\\/image\\\/\"}},{\"@type\":\"Person\",\"@id\":\"https:\\\/\\\/continuamosmx.com\\\/#\\\/schema\\\/person\\\/5eb5356acb1fad784da407d14f0e8d89\",\"name\":\"Continuamos MX\",\"image\":{\"@type\":\"ImageObject\",\"inLanguage\":\"es\",\"@id\":\"https:\\\/\\\/secure.gravatar.com\\\/avatar\\\/30d4f9723476a15f4da34d35fb3501f08d2357016c76051c6a85c354c7489589?s=96&d=mm&r=g\",\"url\":\"https:\\\/\\\/secure.gravatar.com\\\/avatar\\\/30d4f9723476a15f4da34d35fb3501f08d2357016c76051c6a85c354c7489589?s=96&d=mm&r=g\",\"contentUrl\":\"https:\\\/\\\/secure.gravatar.com\\\/avatar\\\/30d4f9723476a15f4da34d35fb3501f08d2357016c76051c6a85c354c7489589?s=96&d=mm&r=g\",\"caption\":\"Continuamos MX\"},\"sameAs\":[\"http:\\\/\\\/www.continuamos.mx\"],\"url\":\"https:\\\/\\\/continuamosmx.com\\\/index.php\\\/author\\\/continuamos\\\/\"}]}<\/script>\n<!-- \/ Yoast SEO plugin. -->","yoast_head_json":{"title":"ENCABEZA ROMINA CONTRERAS DESFILE C\u00cdVICO POR EL 213 ANIVERSARIO DEL INICIO DE LA INDEPENDENCIA DE M\u00c9XICO -","robots":{"index":"index","follow":"follow","max-snippet":"max-snippet:-1","max-image-preview":"max-image-preview:large","max-video-preview":"max-video-preview:-1"},"canonical":"https:\/\/continuamosmx.com\/index.php\/2023\/09\/17\/encabeza-romina-contreras-desfile-civico-por-el-213-aniversario-del-inicio-de-la-independencia-de-mexico\/","og_locale":"es_ES","og_type":"article","og_title":"ENCABEZA ROMINA CONTRERAS DESFILE C\u00cdVICO POR EL 213 ANIVERSARIO DEL INICIO DE LA INDEPENDENCIA DE M\u00c9XICO -","og_description":"*La alcaldesa Romina Contreras, destac\u00f3 que los festejos patrios de este 15 y 16 de septiembre se realizaron en completa paz y con tranquilidad en su municipio. REDACCI\u00d3N. HUIXQUILUCAN, M\u00e9x.- La presidenta municipal Romina Contreras Carrasco, encabez\u00f3 el Desfile C\u00edvico, con motivo del 213 Aniversario del Inicio de la Independencia de M\u00e9xico y el cual [&hellip;]","og_url":"https:\/\/continuamosmx.com\/index.php\/2023\/09\/17\/encabeza-romina-contreras-desfile-civico-por-el-213-aniversario-del-inicio-de-la-independencia-de-mexico\/","article_published_time":"2023-09-17T03:27:58+00:00","article_modified_time":"2023-09-17T03:27:59+00:00","og_image":[{"width":1280,"height":720,"url":"https:\/\/continuamosmx.com\/wp-content\/uploads\/2023\/09\/Comunicado-de-Prensa-216-2023.jpg","type":"image\/jpeg"}],"author":"Continuamos MX","twitter_card":"summary_large_image","twitter_misc":{"Escrito por":"Continuamos MX","Tiempo de lectura":"3 minutos"},"schema":{"@context":"https:\/\/schema.org","@graph":[{"@type":"Article","@id":"https:\/\/continuamosmx.com\/index.php\/2023\/09\/17\/encabeza-romina-contreras-desfile-civico-por-el-213-aniversario-del-inicio-de-la-independencia-de-mexico\/#article","isPartOf":{"@id":"https:\/\/continuamosmx.com\/index.php\/2023\/09\/17\/encabeza-romina-contreras-desfile-civico-por-el-213-aniversario-del-inicio-de-la-independencia-de-mexico\/"},"author":{"name":"Continuamos MX","@id":"https:\/\/continuamosmx.com\/#\/schema\/person\/5eb5356acb1fad784da407d14f0e8d89"},"headline":"ENCABEZA ROMINA CONTRERAS DESFILE C\u00cdVICO POR EL 213 ANIVERSARIO DEL INICIO DE LA INDEPENDENCIA DE M\u00c9XICO","datePublished":"2023-09-17T03:27:58+00:00","dateModified":"2023-09-17T03:27:59+00:00","mainEntityOfPage":{"@id":"https:\/\/continuamosmx.com\/index.php\/2023\/09\/17\/encabeza-romina-contreras-desfile-civico-por-el-213-aniversario-del-inicio-de-la-independencia-de-mexico\/"},"wordCount":532,"commentCount":0,"publisher":{"@id":"https:\/\/continuamosmx.com\/#organization"},"image":{"@id":"https:\/\/continuamosmx.com\/index.php\/2023\/09\/17\/encabeza-romina-contreras-desfile-civico-por-el-213-aniversario-del-inicio-de-la-independencia-de-mexico\/#primaryimage"},"thumbnailUrl":"https:\/\/continuamosmx.com\/wp-content\/uploads\/2023\/09\/Comunicado-de-Prensa-216-2023.jpg","articleSection":["HUIXQUILUCAN","LOCALES"],"inLanguage":"es"},{"@type":"WebPage","@id":"https:\/\/continuamosmx.com\/index.php\/2023\/09\/17\/encabeza-romina-contreras-desfile-civico-por-el-213-aniversario-del-inicio-de-la-independencia-de-mexico\/","url":"https:\/\/continuamosmx.com\/index.php\/2023\/09\/17\/encabeza-romina-contreras-desfile-civico-por-el-213-aniversario-del-inicio-de-la-independencia-de-mexico\/","name":"ENCABEZA ROMINA CONTRERAS DESFILE C\u00cdVICO POR EL 213 ANIVERSARIO DEL INICIO DE LA INDEPENDENCIA DE M\u00c9XICO -","isPartOf":{"@id":"https:\/\/continuamosmx.com\/#website"},"primaryImageOfPage":{"@id":"https:\/\/continuamosmx.com\/index.php\/2023\/09\/17\/encabeza-romina-contreras-desfile-civico-por-el-213-aniversario-del-inicio-de-la-independencia-de-mexico\/#primaryimage"},"image":{"@id":"https:\/\/continuamosmx.com\/index.php\/2023\/09\/17\/encabeza-romina-contreras-desfile-civico-por-el-213-aniversario-del-inicio-de-la-independencia-de-mexico\/#primaryimage"},"thumbnailUrl":"https:\/\/continuamosmx.com\/wp-content\/uploads\/2023\/09\/Comunicado-de-Prensa-216-2023.jpg","datePublished":"2023-09-17T03:27:58+00:00","dateModified":"2023-09-17T03:27:59+00:00","breadcrumb":{"@id":"https:\/\/continuamosmx.com\/index.php\/2023\/09\/17\/encabeza-romina-contreras-desfile-civico-por-el-213-aniversario-del-inicio-de-la-independencia-de-mexico\/#breadcrumb"},"inLanguage":"es","potentialAction":[{"@type":"ReadAction","target":["https:\/\/continuamosmx.com\/index.php\/2023\/09\/17\/encabeza-romina-contreras-desfile-civico-por-el-213-aniversario-del-inicio-de-la-independencia-de-mexico\/"]}]},{"@type":"ImageObject","inLanguage":"es","@id":"https:\/\/continuamosmx.com\/index.php\/2023\/09\/17\/encabeza-romina-contreras-desfile-civico-por-el-213-aniversario-del-inicio-de-la-independencia-de-mexico\/#primaryimage","url":"https:\/\/continuamosmx.com\/wp-content\/uploads\/2023\/09\/Comunicado-de-Prensa-216-2023.jpg","contentUrl":"https:\/\/continuamosmx.com\/wp-content\/uploads\/2023\/09\/Comunicado-de-Prensa-216-2023.jpg","width":1280,"height":720},{"@type":"BreadcrumbList","@id":"https:\/\/continuamosmx.com\/index.php\/2023\/09\/17\/encabeza-romina-contreras-desfile-civico-por-el-213-aniversario-del-inicio-de-la-independencia-de-mexico\/#breadcrumb","itemListElement":[{"@type":"ListItem","position":1,"name":"Inicio","item":"https:\/\/continuamosmx.com\/"},{"@type":"ListItem","position":2,"name":"ENCABEZA ROMINA CONTRERAS DESFILE C\u00cdVICO POR EL 213 ANIVERSARIO DEL INICIO DE LA INDEPENDENCIA DE M\u00c9XICO"}]},{"@type":"WebSite","@id":"https:\/\/continuamosmx.com\/#website","url":"https:\/\/continuamosmx.com\/","name":"www.continuamosmx.com","description":"","publisher":{"@id":"https:\/\/continuamosmx.com\/#organization"},"potentialAction":[{"@type":"SearchAction","target":{"@type":"EntryPoint","urlTemplate":"https:\/\/continuamosmx.com\/?s={search_term_string}"},"query-input":{"@type":"PropertyValueSpecification","valueRequired":true,"valueName":"search_term_string"}}],"inLanguage":"es"},{"@type":"Organization","@id":"https:\/\/continuamosmx.com\/#organization","name":"ContinuamosMX","url":"https:\/\/continuamosmx.com\/","logo":{"@type":"ImageObject","inLanguage":"es","@id":"https:\/\/continuamosmx.com\/#\/schema\/logo\/image\/","url":"https:\/\/continuamosmx.com\/wp-content\/uploads\/2023\/04\/cropped-LOGO-CONTI-NUEVO.png","contentUrl":"https:\/\/continuamosmx.com\/wp-content\/uploads\/2023\/04\/cropped-LOGO-CONTI-NUEVO.png","width":1257,"height":430,"caption":"ContinuamosMX"},"image":{"@id":"https:\/\/continuamosmx.com\/#\/schema\/logo\/image\/"}},{"@type":"Person","@id":"https:\/\/continuamosmx.com\/#\/schema\/person\/5eb5356acb1fad784da407d14f0e8d89","name":"Continuamos MX","image":{"@type":"ImageObject","inLanguage":"es","@id":"https:\/\/secure.gravatar.com\/avatar\/30d4f9723476a15f4da34d35fb3501f08d2357016c76051c6a85c354c7489589?s=96&d=mm&r=g","url":"https:\/\/secure.gravatar.com\/avatar\/30d4f9723476a15f4da34d35fb3501f08d2357016c76051c6a85c354c7489589?s=96&d=mm&r=g","contentUrl":"https:\/\/secure.gravatar.com\/avatar\/30d4f9723476a15f4da34d35fb3501f08d2357016c76051c6a85c354c7489589?s=96&d=mm&r=g","caption":"Continuamos MX"},"sameAs":["http:\/\/www.continuamos.mx"],"url":"https:\/\/continuamosmx.com\/index.php\/author\/continuamos\/"}]}},"_links":{"self":[{"href":"https:\/\/continuamosmx.com\/index.php\/wp-json\/wp\/v2\/posts\/44932","targetHints":{"allow":["GET"]}}],"collection":[{"href":"https:\/\/continuamosmx.com\/index.php\/wp-json\/wp\/v2\/posts"}],"about":[{"href":"https:\/\/continuamosmx.com\/index.php\/wp-json\/wp\/v2\/types\/post"}],"author":[{"embeddable":true,"href":"https:\/\/continuamosmx.com\/index.php\/wp-json\/wp\/v2\/users\/6"}],"replies":[{"embeddable":true,"href":"https:\/\/continuamosmx.com\/index.php\/wp-json\/wp\/v2\/comments?post=44932"}],"version-history":[{"count":1,"href":"https:\/\/continuamosmx.com\/index.php\/wp-json\/wp\/v2\/posts\/44932\/revisions"}],"predecessor-version":[{"id":44934,"href":"https:\/\/continuamosmx.com\/index.php\/wp-json\/wp\/v2\/posts\/44932\/revisions\/44934"}],"wp:featuredmedia":[{"embeddable":true,"href":"https:\/\/continuamosmx.com\/index.php\/wp-json\/wp\/v2\/media\/44933"}],"wp:attachment":[{"href":"https:\/\/continuamosmx.com\/index.php\/wp-json\/wp\/v2\/media?parent=44932"}],"wp:term":[{"taxonomy":"category","embeddable":true,"href":"https:\/\/continuamosmx.com\/index.php\/wp-json\/wp\/v2\/categories?post=44932"},{"taxonomy":"post_tag","embeddable":true,"href":"https:\/\/continuamosmx.com\/index.php\/wp-json\/wp\/v2\/tags?post=44932"}],"curies":[{"name":"wp","href":"https:\/\/api.w.org\/{rel}","templated":true}]}}