{"id":44838,"date":"2023-09-04T07:15:39","date_gmt":"2023-09-04T07:15:39","guid":{"rendered":"https:\/\/continuamosmx.com\/?p=44838"},"modified":"2023-09-04T07:15:40","modified_gmt":"2023-09-04T07:15:40","slug":"oposicion-en-edomex-sera-responsable-con-el-gobierno-de-delfina-gomez-enrique-vargas","status":"publish","type":"post","link":"https:\/\/continuamosmx.com\/index.php\/2023\/09\/04\/oposicion-en-edomex-sera-responsable-con-el-gobierno-de-delfina-gomez-enrique-vargas\/","title":{"rendered":"OPOSICI\u00d3N EN EDOMEX SER\u00c1 RESPONSABLE CON EL GOBIERNO DE DELFINA G\u00d3MEZ: ENRIQUE VARGAS"},"content":{"rendered":"\n<p><strong>El diputado local del PAN, se\u00f1al\u00f3 que su bancada sera responsable y no un obst\u00e1culo para la morenista<\/strong><\/p>\n\n\n\n<p>Por Jorge Contreras<\/p>\n\n\n\n<p>TOLUCA, M\u00e9x.- El Coordinador de la fracci\u00f3n parlamentaria del PAN en el congreso mexiquense, Enrique Vargas del Villar se\u00f1al\u00f3 que su partido no ser\u00e1 un obst\u00e1culo para la nueva gobernadora Delfina G\u00f3mez \u00c1lvarez<\/p>\n\n\n\n<p>\u00abAcci\u00f3n Nacional no ser\u00e1 un obst\u00e1culo para el nuevo gobierno del Estado de M\u00e9xico, al contrario, seguir\u00e1 siendo una oposici\u00f3n responsable que acompa\u00f1ar\u00e1 temas que sean en beneficio de la ciudadan\u00eda y los que no compartan lo expresar\u00e1n claramente\u00bb destac\u00f3 el diputado.<\/p>\n\n\n\n<p>Adem\u00e1s se\u00f1al\u00f3 que las elecciones quedaron atr\u00e1s y ahora lo que sigue es trabajar para sacar adelante al Estado y apoyar a la mandataria para darle la gobernabilidad que se necesita.<\/p>\n\n\n\n<p>\u00abEl tema electoral ya quedo atr\u00e1s, ahora se necesitan muchas manos para hacer del territorio mexiquense, una entidad pr\u00f3spera\u00bb, se\u00f1al\u00f3 el panista.<\/p>\n\n\n\n<p>Reiter\u00f3, que el grupo parlamentario de Acci\u00f3n Nacional es y seguir\u00e1 siendo una oposici\u00f3n responsable en beneficio de las y los mexiquenses, y con el pr\u00f3ximo gobierno, \u00abseremos respetuosos y claros de lo que est\u00e9 bien o mal\u00bb.<\/p>\n\n\n\n<p>El legislador local albiazul, se\u00f1al\u00f3 que la gobernadora electa tendr\u00e1 un gran reto por ser la primera mujer en gobernar el Estado de M\u00e9xico, una entidad complicada como lo es, todo el pa\u00eds.<\/p>\n\n\n\n<p>Vargas del Villar puntualiz\u00f3 que los Diputados y Diputadas panistas, \u201cno vamos agarrar el arranque de gobierno con el inicio del a\u00f1o electoral como un pretexto pol\u00edtico, ya que el tema electoral, se debe quedar ah\u00ed\u201d.<\/p>\n","protected":false},"excerpt":{"rendered":"<p>El diputado local del PAN, se\u00f1al\u00f3 que su bancada sera responsable y no un obst\u00e1culo para la morenista Por Jorge Contreras TOLUCA, M\u00e9x.- El Coordinador de la fracci\u00f3n parlamentaria del PAN en el congreso mexiquense, Enrique Vargas del Villar se\u00f1al\u00f3 que su partido no ser\u00e1 un obst\u00e1culo para la nueva gobernadora Delfina G\u00f3mez \u00c1lvarez \u00abAcci\u00f3n [&hellip;]<\/p>\n","protected":false},"author":6,"featured_media":44839,"comment_status":"open","ping_status":"open","sticky":false,"template":"","format":"standard","meta":{"footnotes":""},"categories":[2,3],"tags":[],"class_list":["post-44838","post","type-post","status-publish","format-standard","has-post-thumbnail","hentry","category-edomex","category-politica"],"yoast_head":"<!-- This site is optimized with the Yoast SEO plugin v27.5 - https:\/\/yoast.com\/product\/yoast-seo-wordpress\/ -->\n<title>OPOSICI\u00d3N EN EDOMEX SER\u00c1 RESPONSABLE CON EL GOBIERNO DE DELFINA G\u00d3MEZ: ENRIQUE VARGAS -<\/title>\n<meta name=\"robots\" content=\"index, follow, max-snippet:-1, max-image-preview:large, max-video-preview:-1\" \/>\n<link rel=\"canonical\" href=\"https:\/\/continuamosmx.com\/index.php\/2023\/09\/04\/oposicion-en-edomex-sera-responsable-con-el-gobierno-de-delfina-gomez-enrique-vargas\/\" \/>\n<meta property=\"og:locale\" content=\"es_ES\" \/>\n<meta property=\"og:type\" content=\"article\" \/>\n<meta property=\"og:title\" content=\"OPOSICI\u00d3N EN EDOMEX SER\u00c1 RESPONSABLE CON EL GOBIERNO DE DELFINA G\u00d3MEZ: ENRIQUE VARGAS -\" \/>\n<meta property=\"og:description\" content=\"El diputado local del PAN, se\u00f1al\u00f3 que su bancada sera responsable y no un obst\u00e1culo para la morenista Por Jorge Contreras TOLUCA, M\u00e9x.- El Coordinador de la fracci\u00f3n parlamentaria del PAN en el congreso mexiquense, Enrique Vargas del Villar se\u00f1al\u00f3 que su partido no ser\u00e1 un obst\u00e1culo para la nueva gobernadora Delfina G\u00f3mez \u00c1lvarez \u00abAcci\u00f3n [&hellip;]\" \/>\n<meta property=\"og:url\" content=\"https:\/\/continuamosmx.com\/index.php\/2023\/09\/04\/oposicion-en-edomex-sera-responsable-con-el-gobierno-de-delfina-gomez-enrique-vargas\/\" \/>\n<meta property=\"article:published_time\" content=\"2023-09-04T07:15:39+00:00\" \/>\n<meta property=\"article:modified_time\" content=\"2023-09-04T07:15:40+00:00\" \/>\n<meta property=\"og:image\" content=\"https:\/\/continuamosmx.com\/wp-content\/uploads\/2023\/09\/252.jpeg\" \/>\n\t<meta property=\"og:image:width\" content=\"1280\" \/>\n\t<meta property=\"og:image:height\" content=\"720\" \/>\n\t<meta property=\"og:image:type\" content=\"image\/jpeg\" \/>\n<meta name=\"author\" content=\"Continuamos MX\" \/>\n<meta name=\"twitter:card\" content=\"summary_large_image\" \/>\n<meta name=\"twitter:label1\" content=\"Escrito por\" \/>\n\t<meta name=\"twitter:data1\" content=\"Continuamos MX\" \/>\n\t<meta name=\"twitter:label2\" content=\"Tiempo de lectura\" \/>\n\t<meta name=\"twitter:data2\" content=\"2 minutos\" \/>\n<script type=\"application\/ld+json\" class=\"yoast-schema-graph\">{\"@context\":\"https:\\\/\\\/schema.org\",\"@graph\":[{\"@type\":\"Article\",\"@id\":\"https:\\\/\\\/continuamosmx.com\\\/index.php\\\/2023\\\/09\\\/04\\\/oposicion-en-edomex-sera-responsable-con-el-gobierno-de-delfina-gomez-enrique-vargas\\\/#article\",\"isPartOf\":{\"@id\":\"https:\\\/\\\/continuamosmx.com\\\/index.php\\\/2023\\\/09\\\/04\\\/oposicion-en-edomex-sera-responsable-con-el-gobierno-de-delfina-gomez-enrique-vargas\\\/\"},\"author\":{\"name\":\"Continuamos MX\",\"@id\":\"https:\\\/\\\/continuamosmx.com\\\/#\\\/schema\\\/person\\\/5eb5356acb1fad784da407d14f0e8d89\"},\"headline\":\"OPOSICI\u00d3N EN EDOMEX SER\u00c1 RESPONSABLE CON EL GOBIERNO DE DELFINA G\u00d3MEZ: ENRIQUE VARGAS\",\"datePublished\":\"2023-09-04T07:15:39+00:00\",\"dateModified\":\"2023-09-04T07:15:40+00:00\",\"mainEntityOfPage\":{\"@id\":\"https:\\\/\\\/continuamosmx.com\\\/index.php\\\/2023\\\/09\\\/04\\\/oposicion-en-edomex-sera-responsable-con-el-gobierno-de-delfina-gomez-enrique-vargas\\\/\"},\"wordCount\":300,\"commentCount\":0,\"publisher\":{\"@id\":\"https:\\\/\\\/continuamosmx.com\\\/#organization\"},\"image\":{\"@id\":\"https:\\\/\\\/continuamosmx.com\\\/index.php\\\/2023\\\/09\\\/04\\\/oposicion-en-edomex-sera-responsable-con-el-gobierno-de-delfina-gomez-enrique-vargas\\\/#primaryimage\"},\"thumbnailUrl\":\"https:\\\/\\\/continuamosmx.com\\\/wp-content\\\/uploads\\\/2023\\\/09\\\/252.jpeg\",\"articleSection\":[\"EDOMEX\",\"POL\u00cdTICA\"],\"inLanguage\":\"es\"},{\"@type\":\"WebPage\",\"@id\":\"https:\\\/\\\/continuamosmx.com\\\/index.php\\\/2023\\\/09\\\/04\\\/oposicion-en-edomex-sera-responsable-con-el-gobierno-de-delfina-gomez-enrique-vargas\\\/\",\"url\":\"https:\\\/\\\/continuamosmx.com\\\/index.php\\\/2023\\\/09\\\/04\\\/oposicion-en-edomex-sera-responsable-con-el-gobierno-de-delfina-gomez-enrique-vargas\\\/\",\"name\":\"OPOSICI\u00d3N EN EDOMEX SER\u00c1 RESPONSABLE CON EL GOBIERNO DE DELFINA G\u00d3MEZ: ENRIQUE VARGAS -\",\"isPartOf\":{\"@id\":\"https:\\\/\\\/continuamosmx.com\\\/#website\"},\"primaryImageOfPage\":{\"@id\":\"https:\\\/\\\/continuamosmx.com\\\/index.php\\\/2023\\\/09\\\/04\\\/oposicion-en-edomex-sera-responsable-con-el-gobierno-de-delfina-gomez-enrique-vargas\\\/#primaryimage\"},\"image\":{\"@id\":\"https:\\\/\\\/continuamosmx.com\\\/index.php\\\/2023\\\/09\\\/04\\\/oposicion-en-edomex-sera-responsable-con-el-gobierno-de-delfina-gomez-enrique-vargas\\\/#primaryimage\"},\"thumbnailUrl\":\"https:\\\/\\\/continuamosmx.com\\\/wp-content\\\/uploads\\\/2023\\\/09\\\/252.jpeg\",\"datePublished\":\"2023-09-04T07:15:39+00:00\",\"dateModified\":\"2023-09-04T07:15:40+00:00\",\"breadcrumb\":{\"@id\":\"https:\\\/\\\/continuamosmx.com\\\/index.php\\\/2023\\\/09\\\/04\\\/oposicion-en-edomex-sera-responsable-con-el-gobierno-de-delfina-gomez-enrique-vargas\\\/#breadcrumb\"},\"inLanguage\":\"es\",\"potentialAction\":[{\"@type\":\"ReadAction\",\"target\":[\"https:\\\/\\\/continuamosmx.com\\\/index.php\\\/2023\\\/09\\\/04\\\/oposicion-en-edomex-sera-responsable-con-el-gobierno-de-delfina-gomez-enrique-vargas\\\/\"]}]},{\"@type\":\"ImageObject\",\"inLanguage\":\"es\",\"@id\":\"https:\\\/\\\/continuamosmx.com\\\/index.php\\\/2023\\\/09\\\/04\\\/oposicion-en-edomex-sera-responsable-con-el-gobierno-de-delfina-gomez-enrique-vargas\\\/#primaryimage\",\"url\":\"https:\\\/\\\/continuamosmx.com\\\/wp-content\\\/uploads\\\/2023\\\/09\\\/252.jpeg\",\"contentUrl\":\"https:\\\/\\\/continuamosmx.com\\\/wp-content\\\/uploads\\\/2023\\\/09\\\/252.jpeg\",\"width\":1280,\"height\":720},{\"@type\":\"BreadcrumbList\",\"@id\":\"https:\\\/\\\/continuamosmx.com\\\/index.php\\\/2023\\\/09\\\/04\\\/oposicion-en-edomex-sera-responsable-con-el-gobierno-de-delfina-gomez-enrique-vargas\\\/#breadcrumb\",\"itemListElement\":[{\"@type\":\"ListItem\",\"position\":1,\"name\":\"Inicio\",\"item\":\"https:\\\/\\\/continuamosmx.com\\\/\"},{\"@type\":\"ListItem\",\"position\":2,\"name\":\"OPOSICI\u00d3N EN EDOMEX SER\u00c1 RESPONSABLE CON EL GOBIERNO DE DELFINA G\u00d3MEZ: ENRIQUE VARGAS\"}]},{\"@type\":\"WebSite\",\"@id\":\"https:\\\/\\\/continuamosmx.com\\\/#website\",\"url\":\"https:\\\/\\\/continuamosmx.com\\\/\",\"name\":\"www.continuamosmx.com\",\"description\":\"\",\"publisher\":{\"@id\":\"https:\\\/\\\/continuamosmx.com\\\/#organization\"},\"potentialAction\":[{\"@type\":\"SearchAction\",\"target\":{\"@type\":\"EntryPoint\",\"urlTemplate\":\"https:\\\/\\\/continuamosmx.com\\\/?s={search_term_string}\"},\"query-input\":{\"@type\":\"PropertyValueSpecification\",\"valueRequired\":true,\"valueName\":\"search_term_string\"}}],\"inLanguage\":\"es\"},{\"@type\":\"Organization\",\"@id\":\"https:\\\/\\\/continuamosmx.com\\\/#organization\",\"name\":\"ContinuamosMX\",\"url\":\"https:\\\/\\\/continuamosmx.com\\\/\",\"logo\":{\"@type\":\"ImageObject\",\"inLanguage\":\"es\",\"@id\":\"https:\\\/\\\/continuamosmx.com\\\/#\\\/schema\\\/logo\\\/image\\\/\",\"url\":\"https:\\\/\\\/continuamosmx.com\\\/wp-content\\\/uploads\\\/2023\\\/04\\\/cropped-LOGO-CONTI-NUEVO.png\",\"contentUrl\":\"https:\\\/\\\/continuamosmx.com\\\/wp-content\\\/uploads\\\/2023\\\/04\\\/cropped-LOGO-CONTI-NUEVO.png\",\"width\":1257,\"height\":430,\"caption\":\"ContinuamosMX\"},\"image\":{\"@id\":\"https:\\\/\\\/continuamosmx.com\\\/#\\\/schema\\\/logo\\\/image\\\/\"}},{\"@type\":\"Person\",\"@id\":\"https:\\\/\\\/continuamosmx.com\\\/#\\\/schema\\\/person\\\/5eb5356acb1fad784da407d14f0e8d89\",\"name\":\"Continuamos MX\",\"image\":{\"@type\":\"ImageObject\",\"inLanguage\":\"es\",\"@id\":\"https:\\\/\\\/secure.gravatar.com\\\/avatar\\\/30d4f9723476a15f4da34d35fb3501f08d2357016c76051c6a85c354c7489589?s=96&d=mm&r=g\",\"url\":\"https:\\\/\\\/secure.gravatar.com\\\/avatar\\\/30d4f9723476a15f4da34d35fb3501f08d2357016c76051c6a85c354c7489589?s=96&d=mm&r=g\",\"contentUrl\":\"https:\\\/\\\/secure.gravatar.com\\\/avatar\\\/30d4f9723476a15f4da34d35fb3501f08d2357016c76051c6a85c354c7489589?s=96&d=mm&r=g\",\"caption\":\"Continuamos MX\"},\"sameAs\":[\"http:\\\/\\\/www.continuamos.mx\"],\"url\":\"https:\\\/\\\/continuamosmx.com\\\/index.php\\\/author\\\/continuamos\\\/\"}]}<\/script>\n<!-- \/ Yoast SEO plugin. -->","yoast_head_json":{"title":"OPOSICI\u00d3N EN EDOMEX SER\u00c1 RESPONSABLE CON EL GOBIERNO DE DELFINA G\u00d3MEZ: ENRIQUE VARGAS -","robots":{"index":"index","follow":"follow","max-snippet":"max-snippet:-1","max-image-preview":"max-image-preview:large","max-video-preview":"max-video-preview:-1"},"canonical":"https:\/\/continuamosmx.com\/index.php\/2023\/09\/04\/oposicion-en-edomex-sera-responsable-con-el-gobierno-de-delfina-gomez-enrique-vargas\/","og_locale":"es_ES","og_type":"article","og_title":"OPOSICI\u00d3N EN EDOMEX SER\u00c1 RESPONSABLE CON EL GOBIERNO DE DELFINA G\u00d3MEZ: ENRIQUE VARGAS -","og_description":"El diputado local del PAN, se\u00f1al\u00f3 que su bancada sera responsable y no un obst\u00e1culo para la morenista Por Jorge Contreras TOLUCA, M\u00e9x.- El Coordinador de la fracci\u00f3n parlamentaria del PAN en el congreso mexiquense, Enrique Vargas del Villar se\u00f1al\u00f3 que su partido no ser\u00e1 un obst\u00e1culo para la nueva gobernadora Delfina G\u00f3mez \u00c1lvarez \u00abAcci\u00f3n [&hellip;]","og_url":"https:\/\/continuamosmx.com\/index.php\/2023\/09\/04\/oposicion-en-edomex-sera-responsable-con-el-gobierno-de-delfina-gomez-enrique-vargas\/","article_published_time":"2023-09-04T07:15:39+00:00","article_modified_time":"2023-09-04T07:15:40+00:00","og_image":[{"width":1280,"height":720,"url":"https:\/\/continuamosmx.com\/wp-content\/uploads\/2023\/09\/252.jpeg","type":"image\/jpeg"}],"author":"Continuamos MX","twitter_card":"summary_large_image","twitter_misc":{"Escrito por":"Continuamos MX","Tiempo de lectura":"2 minutos"},"schema":{"@context":"https:\/\/schema.org","@graph":[{"@type":"Article","@id":"https:\/\/continuamosmx.com\/index.php\/2023\/09\/04\/oposicion-en-edomex-sera-responsable-con-el-gobierno-de-delfina-gomez-enrique-vargas\/#article","isPartOf":{"@id":"https:\/\/continuamosmx.com\/index.php\/2023\/09\/04\/oposicion-en-edomex-sera-responsable-con-el-gobierno-de-delfina-gomez-enrique-vargas\/"},"author":{"name":"Continuamos MX","@id":"https:\/\/continuamosmx.com\/#\/schema\/person\/5eb5356acb1fad784da407d14f0e8d89"},"headline":"OPOSICI\u00d3N EN EDOMEX SER\u00c1 RESPONSABLE CON EL GOBIERNO DE DELFINA G\u00d3MEZ: ENRIQUE VARGAS","datePublished":"2023-09-04T07:15:39+00:00","dateModified":"2023-09-04T07:15:40+00:00","mainEntityOfPage":{"@id":"https:\/\/continuamosmx.com\/index.php\/2023\/09\/04\/oposicion-en-edomex-sera-responsable-con-el-gobierno-de-delfina-gomez-enrique-vargas\/"},"wordCount":300,"commentCount":0,"publisher":{"@id":"https:\/\/continuamosmx.com\/#organization"},"image":{"@id":"https:\/\/continuamosmx.com\/index.php\/2023\/09\/04\/oposicion-en-edomex-sera-responsable-con-el-gobierno-de-delfina-gomez-enrique-vargas\/#primaryimage"},"thumbnailUrl":"https:\/\/continuamosmx.com\/wp-content\/uploads\/2023\/09\/252.jpeg","articleSection":["EDOMEX","POL\u00cdTICA"],"inLanguage":"es"},{"@type":"WebPage","@id":"https:\/\/continuamosmx.com\/index.php\/2023\/09\/04\/oposicion-en-edomex-sera-responsable-con-el-gobierno-de-delfina-gomez-enrique-vargas\/","url":"https:\/\/continuamosmx.com\/index.php\/2023\/09\/04\/oposicion-en-edomex-sera-responsable-con-el-gobierno-de-delfina-gomez-enrique-vargas\/","name":"OPOSICI\u00d3N EN EDOMEX SER\u00c1 RESPONSABLE CON EL GOBIERNO DE DELFINA G\u00d3MEZ: ENRIQUE VARGAS -","isPartOf":{"@id":"https:\/\/continuamosmx.com\/#website"},"primaryImageOfPage":{"@id":"https:\/\/continuamosmx.com\/index.php\/2023\/09\/04\/oposicion-en-edomex-sera-responsable-con-el-gobierno-de-delfina-gomez-enrique-vargas\/#primaryimage"},"image":{"@id":"https:\/\/continuamosmx.com\/index.php\/2023\/09\/04\/oposicion-en-edomex-sera-responsable-con-el-gobierno-de-delfina-gomez-enrique-vargas\/#primaryimage"},"thumbnailUrl":"https:\/\/continuamosmx.com\/wp-content\/uploads\/2023\/09\/252.jpeg","datePublished":"2023-09-04T07:15:39+00:00","dateModified":"2023-09-04T07:15:40+00:00","breadcrumb":{"@id":"https:\/\/continuamosmx.com\/index.php\/2023\/09\/04\/oposicion-en-edomex-sera-responsable-con-el-gobierno-de-delfina-gomez-enrique-vargas\/#breadcrumb"},"inLanguage":"es","potentialAction":[{"@type":"ReadAction","target":["https:\/\/continuamosmx.com\/index.php\/2023\/09\/04\/oposicion-en-edomex-sera-responsable-con-el-gobierno-de-delfina-gomez-enrique-vargas\/"]}]},{"@type":"ImageObject","inLanguage":"es","@id":"https:\/\/continuamosmx.com\/index.php\/2023\/09\/04\/oposicion-en-edomex-sera-responsable-con-el-gobierno-de-delfina-gomez-enrique-vargas\/#primaryimage","url":"https:\/\/continuamosmx.com\/wp-content\/uploads\/2023\/09\/252.jpeg","contentUrl":"https:\/\/continuamosmx.com\/wp-content\/uploads\/2023\/09\/252.jpeg","width":1280,"height":720},{"@type":"BreadcrumbList","@id":"https:\/\/continuamosmx.com\/index.php\/2023\/09\/04\/oposicion-en-edomex-sera-responsable-con-el-gobierno-de-delfina-gomez-enrique-vargas\/#breadcrumb","itemListElement":[{"@type":"ListItem","position":1,"name":"Inicio","item":"https:\/\/continuamosmx.com\/"},{"@type":"ListItem","position":2,"name":"OPOSICI\u00d3N EN EDOMEX SER\u00c1 RESPONSABLE CON EL GOBIERNO DE DELFINA G\u00d3MEZ: ENRIQUE VARGAS"}]},{"@type":"WebSite","@id":"https:\/\/continuamosmx.com\/#website","url":"https:\/\/continuamosmx.com\/","name":"www.continuamosmx.com","description":"","publisher":{"@id":"https:\/\/continuamosmx.com\/#organization"},"potentialAction":[{"@type":"SearchAction","target":{"@type":"EntryPoint","urlTemplate":"https:\/\/continuamosmx.com\/?s={search_term_string}"},"query-input":{"@type":"PropertyValueSpecification","valueRequired":true,"valueName":"search_term_string"}}],"inLanguage":"es"},{"@type":"Organization","@id":"https:\/\/continuamosmx.com\/#organization","name":"ContinuamosMX","url":"https:\/\/continuamosmx.com\/","logo":{"@type":"ImageObject","inLanguage":"es","@id":"https:\/\/continuamosmx.com\/#\/schema\/logo\/image\/","url":"https:\/\/continuamosmx.com\/wp-content\/uploads\/2023\/04\/cropped-LOGO-CONTI-NUEVO.png","contentUrl":"https:\/\/continuamosmx.com\/wp-content\/uploads\/2023\/04\/cropped-LOGO-CONTI-NUEVO.png","width":1257,"height":430,"caption":"ContinuamosMX"},"image":{"@id":"https:\/\/continuamosmx.com\/#\/schema\/logo\/image\/"}},{"@type":"Person","@id":"https:\/\/continuamosmx.com\/#\/schema\/person\/5eb5356acb1fad784da407d14f0e8d89","name":"Continuamos MX","image":{"@type":"ImageObject","inLanguage":"es","@id":"https:\/\/secure.gravatar.com\/avatar\/30d4f9723476a15f4da34d35fb3501f08d2357016c76051c6a85c354c7489589?s=96&d=mm&r=g","url":"https:\/\/secure.gravatar.com\/avatar\/30d4f9723476a15f4da34d35fb3501f08d2357016c76051c6a85c354c7489589?s=96&d=mm&r=g","contentUrl":"https:\/\/secure.gravatar.com\/avatar\/30d4f9723476a15f4da34d35fb3501f08d2357016c76051c6a85c354c7489589?s=96&d=mm&r=g","caption":"Continuamos MX"},"sameAs":["http:\/\/www.continuamos.mx"],"url":"https:\/\/continuamosmx.com\/index.php\/author\/continuamos\/"}]}},"_links":{"self":[{"href":"https:\/\/continuamosmx.com\/index.php\/wp-json\/wp\/v2\/posts\/44838","targetHints":{"allow":["GET"]}}],"collection":[{"href":"https:\/\/continuamosmx.com\/index.php\/wp-json\/wp\/v2\/posts"}],"about":[{"href":"https:\/\/continuamosmx.com\/index.php\/wp-json\/wp\/v2\/types\/post"}],"author":[{"embeddable":true,"href":"https:\/\/continuamosmx.com\/index.php\/wp-json\/wp\/v2\/users\/6"}],"replies":[{"embeddable":true,"href":"https:\/\/continuamosmx.com\/index.php\/wp-json\/wp\/v2\/comments?post=44838"}],"version-history":[{"count":1,"href":"https:\/\/continuamosmx.com\/index.php\/wp-json\/wp\/v2\/posts\/44838\/revisions"}],"predecessor-version":[{"id":44840,"href":"https:\/\/continuamosmx.com\/index.php\/wp-json\/wp\/v2\/posts\/44838\/revisions\/44840"}],"wp:featuredmedia":[{"embeddable":true,"href":"https:\/\/continuamosmx.com\/index.php\/wp-json\/wp\/v2\/media\/44839"}],"wp:attachment":[{"href":"https:\/\/continuamosmx.com\/index.php\/wp-json\/wp\/v2\/media?parent=44838"}],"wp:term":[{"taxonomy":"category","embeddable":true,"href":"https:\/\/continuamosmx.com\/index.php\/wp-json\/wp\/v2\/categories?post=44838"},{"taxonomy":"post_tag","embeddable":true,"href":"https:\/\/continuamosmx.com\/index.php\/wp-json\/wp\/v2\/tags?post=44838"}],"curies":[{"name":"wp","href":"https:\/\/api.w.org\/{rel}","templated":true}]}}