{"id":44700,"date":"2023-08-18T09:06:00","date_gmt":"2023-08-18T09:06:00","guid":{"rendered":"https:\/\/continuamosmx.com\/?p=44700"},"modified":"2023-08-17T21:07:51","modified_gmt":"2023-08-17T21:07:51","slug":"omar-tapia-informa-15","status":"publish","type":"post","link":"https:\/\/continuamosmx.com\/index.php\/2023\/08\/18\/omar-tapia-informa-15\/","title":{"rendered":"OMAR TAPIA INFORMA"},"content":{"rendered":"\n<p>Pues aparte del l\u00edo que hay con lo de los LIBROS de texto a 10 d\u00edas de que inicie el nuevo CICLO ESCOLAR, est\u00e1 el otro pleito que son los \u00daTILES ESCOLARES con lo que se dejan pedir algunas escuelas y los COSTOS de casi todo lo b\u00e1sico que a m\u00ed me toca revisar y comprar por el tema de mi PAPELER\u00cdA que tengo desde hace casi 40 a\u00f1os, ahora con unos precios muy elevados. En algunos estados, como AQU\u00cd en el Estado de M\u00e9xico, el gobierno estatal da una ayuda o paquetes de \u00fatiles que se reparten en esta temporada, aunque desafortunadamente no son suficientes o son de tan mala calidad que dif\u00edcilmente aguantan el traj\u00edn y en poco tiempo, los pap\u00e1s deben comprar OTROS para que sus hijos contin\u00faen con sus labores escolares. Pero indudablemente, como siempre lo he dicho, al regresar los estudiantes a la escuela, ponen en movimiento toda la econom\u00eda porque se usa el transporte, porque hay que comprar y hay quienes vendemos \u00fatiles escolares, porque se requieren zapatos, uniformes, comida que es otro aspecto importante e infinidad de cosas que a duras penas y como se vaya pudiendo, en la mayor\u00eda de los casos se subsana aunque sea con muchos sacrificios.<\/p>\n\n\n\n<p>Pero d\u00e9jenme platicarles, como sub\u00ed algunas fotograf\u00edas el domingo pasado, del lugar donde nos surtimos los que tenemos PAPELER\u00cdAS, que est\u00e1 hasta\u2026 el gorro de gente que no es porque compre para revender, sino porque CREYENDO que se \u201cahorran\u201d unos pesos, van a esas calles de la CDMX a comprar lo que les piden a sus hijos. Uno, dos o m\u00e1s, el caso es que ellos sienten que es mejor lanzarse hasta all\u00e1 porque vale la pena el viaje y el \u201cahorro\u201d. Pero cada a\u00f1o veo la misma historia: FAMILIAS completas van por los \u00fatiles de uno o dos ni\u00f1os, a establecimientos que no todos venden al menudeo, andan batallando de comercio en comercio a ver qui\u00e9n les atiende. Luego, me ha tocado ver padres rega\u00f1ando a sus hijos porque ya no quieren caminar entre tanta gente, porque quieren hacer del ba\u00f1o o piden algo de comer porque l\u00f3gicamente tienen hambre. Esta vez me toc\u00f3 incluso ver a una ni\u00f1a de 10 o 12 a\u00f1os vomit\u00e1ndose, no s\u00e9 si porque lleg\u00f3 mareada o comi\u00f3 algo que le hizo da\u00f1o, pero imag\u00ednense el espect\u00e1culo.<\/p>\n\n\n\n<p>El estacionamiento es dif\u00edcil de encontrar, l\u00f3gicamente a quienes vamos por varias cosas nos afecta todav\u00eda m\u00e1s, pero aparte se pagan 35 pesos por hora y dif\u00edcilmente NO van a terminar en una hora, as\u00ed es de que m\u00ednimo \u00e9chele dos si es que tienen suerte, que ya sumar\u00edan 70 pesos. Y los que van en transporte p\u00fablico, aparte del pasaje que desde luego es mucho menos que gastar gasolina y pagar estacionamiento, pero tambi\u00e9n es algo de DINERO que deben sumarla a lo \u201cbarato\u201d que seg\u00fan ellos les sale yendo hasta all\u00e1. Y agr\u00e9guele que en muchas ocasiones tienen que comer aunque sea una TORTA o algo para mitigar el hambre, pues finalmente el dichoso \u201cahorro\u201d casi que hasta les sale m\u00e1s caro que si compran en la PAPELER\u00cdA m\u00e1s cercana a su domicilio y ah\u00ed s\u00ed AHORR\u00c1NDOSE el cansancio y el tiempo.<\/p>\n\n\n\n<p>Pero adem\u00e1s, tambi\u00e9n es bueno mencionar primero, que en esta temporada los AMBULANTES sobrepasan cualquier l\u00edmite que usted pueda imaginarse, que obviamente dejan un muy buen DINERO a sus \u201cl\u00edderes\u201d o al mismo gobierno que es quien les permite instalarse ah\u00ed por casi dos meses diariamente. Ya despu\u00e9s le hacen al cuento dizque haciendo \u201cbarridos\u201d y se llevan a uno que otro ambulante que nadam\u00e1s andan cazando a los polic\u00edas y en cuanto los ven, se echan a correr. Pero en estos d\u00edas, ni siquiera disimulan con esos teatros, les dan manga ancha, AFECTANDO desde luego a los comercios ESTABLECIDOS que le trabajan todo el a\u00f1o y pagan unas RENTAS alt\u00edsimas en esos inmuebles viej\u00edsimos donde est\u00e1n rentando la mayor\u00eda de ellos.<\/p>\n\n\n\n<p>Y algo que tambi\u00e9n es importante destacar, es que muchos de esos AMBULANTES, justo en esta temporada ofrecen bastantes productos PIRATA que la mayor\u00eda de los padres de familia que van una vez al a\u00f1o a comprar \u00fatiles ni se enteran y los compran, d\u00e1ndose cuenta ya tarde que no rinden o no sirven como los originales. Y a veces hasta nosotros mismos caemos porque son muy parecidos a los \u201cbuenos\u201d.&nbsp; A este respecto, nunca he visto a alg\u00fan INSPECTOR que mande la alcald\u00eda o la Delegaci\u00f3n para ver ese tema; y el otro asunto ser\u00eda \u00bfpor d\u00f3nde llega toda esa PIRATER\u00cdA o se fabrica AQU\u00cd mismo dentro de nuestro pa\u00eds? Pero es algo que a\u00fan ahora con el \u00daNICO gobierno HONRADO que tenemos tanto en la Ciudad de M\u00e9xico como a nivel Federal, se sigue dando como en la era NEOLIBERAL que tanto criticaban los que ahora gobiernan.<\/p>\n\n\n\n<p>En fin, eso es algo de lo que \u201clos papeleros callamos\u201d y que en esta ocasi\u00f3n quise compartirles. Desde luego que les pido encarecidamente que si les queda cerca y pueden COMPRAR en mi PAPELER\u00cdA, por favor lo hagan porque de eso vivimos exactamente y a ver si tenemos lo que buscan, porque cada vez piden cosas nuevas que a veces ni conozco o nos piden algo que por mera casualidad ya se nos termin\u00f3. Pero en lo que podamos servirle, acu\u00e9rdense de mi negocio y no s\u00f3lo en esta entrada a clases, sino todo el a\u00f1o, porque siempre hay que pagar RENTA, servicios, sueldos y desde luego que resurtir con lo poco que queda.<\/p>\n\n\n\n<p>En otros temas, ya que mencion\u00e9 a la CDMX \u00bfqu\u00e9 tal con los trabajadores del gobierno de Claudia Sheinbaum, quienes &nbsp;DENUNCIARON que les DESCONTARON 2 MIL pesos, as\u00ed por sus calzones, al parecer para su CAMPA\u00d1A ahora que anda queriendo ser la pr\u00f3xima Presidenta de nuestro pa\u00eds, con la venia de quien la ha hecho a su imagen y semejanza? Esto ya sobrepasa cualquier l\u00edmite y luego de lo que el mismo Marcelo Ebrard denunci\u00f3 que se estaba haciendo en Colima (precisamente para la misma \u201ccorcholata\u201d) y lo que se destap\u00f3 y juzg\u00f3 con Delfina G\u00f3mez en Texcoco, ya no nos deber\u00eda quedar duda alguna de que es el \u201cmodus operandi\u201d de MORENA y una vez m\u00e1s sale a flote que lo expuesto en el libro \u201cEl Rey del Cash\u201d, no est\u00e1 nada despegado de la realidad, aunque haya quienes insistan en defender a esta bola de CORRUPTOS que ciertamente no son iguales que los anteriores, porque estos nos salieron PEORES.<\/p>\n\n\n\n<p>Y algo todav\u00eda m\u00e1s grave es lo que en esta semana tambi\u00e9n Marcelo Ebrard grito exigiendo que se investigara el DESVI\u00d3 DE RECURSOS a trav\u00e9s de la \u201cSecretar\u00eda del Bienestar\u201d, precisamente para la PROMOCI\u00d3N y ACARREO en favor de la ex Jefa de Gobierno y favorita de L\u00f3pez Obrador. Esto que ahora podr\u00eda ser causa de una DENUNCIA PENAL porque es un DELITO GRAVE en la nueva Ley Electoral. Les digo, los de antes por lo menos simulaban, pero a estos con todo y los cambios que ellos mismos impulsaron, les vale madre. \u201cNo me vengan con que la Ley es la Ley\u201d. &nbsp;&nbsp;<\/p>\n\n\n\n<p>Regresando a nuestro Cuautitl\u00e1n Izcalli, f\u00edjense que una persona me habl\u00f3 para contarme que en su casa viv\u00eda un matrimonio joven, porque le estaban RENTANDO dos habitaciones. Todo iba bien, hasta que de plano, estos esposos decidieron cambiarse a otro lugar por ah\u00ed mismo, pero a partir de ah\u00ed (ya casi va para un a\u00f1o), que esta persona que me habl\u00f3 dice que le llegan los COBRADORES tanto de Elektra como de Coppel, por ADEUDOS que dejaron los que eran sus inquilinos, registrando ese domicilio sin su autorizaci\u00f3n y ahora casi casi que le exigen a ella que les PAGUE lo que los otros pidieron o sacaron a cr\u00e9dito. \u201cYa incluso hasta vino un ABOGADO que dice que es de Elektra e igual que los cobradores me AMENAZ\u00d3 de que si no pago me van a EMBARGAR lo que sea necesario para cubrir esa deuda\u201d. \u00a1Qu\u00e9 poca\u2026!<\/p>\n\n\n\n<p>Esta persona est\u00e1 muy PREOCUPADA y hasta m\u00e1s se le han acentuado sus enfermedades; mejor ella ya investig\u00f3 la nueva direcci\u00f3n del matrimonio al que le rentaba y se los hizo saber a los COBRADORES, pero con todo y eso la siguen molestando y no cesan las AMENAZAS, por lo que ya no sabe ni qu\u00e9 hacer. Ya le pas\u00e9 sus datos a un ABOGADO amigo m\u00edo, espero le ayude, a ver en qu\u00e9 termina este caso que estoy seguro no es el \u00fanico en el que est\u00e9n pagando justos por pecadores y creo que ni quien les haga caso.<\/p>\n\n\n\n<p>Cambiando de tema, para quien todav\u00eda alcance a leer esto a tiempo, el D\u00cdA CIUDADANO de hoy VIERNES en Cuautitl\u00e1n Izcalli, se est\u00e1 llevando a cabo en la Unidad FIDEL VEL\u00c1ZQUEZ y ya saben que es para que les atiendan directamente en los m\u00f3dulos de las diferentes \u00e1reas de la Administraci\u00f3n municipal, ah\u00ed est\u00e1n la mayor\u00eda de las veces los mismos DIRECTORES recibiendo las quejas o las peticiones; y tambi\u00e9n la Presidenta municipal al pendiente de atender a quienes deseen exponerle alg\u00fan asunto en particular. Esto se hace dos veces por semana (mi\u00e9rcoles y viernes), si hoy no puede o le queda retirado ir a la FIDEL VEL\u00c1ZQUEZ, est\u00e9 pendiente de mis redes sociales, o al menos de Facebook que es donde m\u00e1s publico, para que se enteren d\u00f3nde van a estar cada semana y pueda usted acercarse con mayor facilidad. Porque miren, hay una persona de Secci\u00f3n Parque, que a cada rato est\u00e1 insistiendo o preguntando que CU\u00c1NDO van a ir a esa colonia, porque seg\u00fan ella hay varios problemas por resolver, PERO ya estuvieron en ese lugar y seguro ni se enter\u00f3, aunque siempre ve lo que publico. Y algunas otras personas (son dos) tambi\u00e9n insistiendo que vayan a TEPOJACO con el D\u00eda Ciudadano, a donde igual ya fueron tanto al pueblo como a Lomas de Cuautitl\u00e1n, por lo que si usan mi p\u00e1gina para estar insistiendo en esto, tambi\u00e9n deber\u00edan ver las PUBLICACIONES que hago cada que me entero de D\u00d3NDE van a estar con el D\u00eda Ciudadano.<\/p>\n\n\n\n<p>Ya me voy, no sin antes recordarles que la pr\u00f3xima semana, del viernes 25 al domingo 27, la DELEGACI\u00d3N de Santa Rosa de Lima nos hace una INVITACI\u00d3N para que asistamos a su FIESTA patronal, teniendo esos tres d\u00edas distintas actividades musicales y culturales, as\u00ed como ceremonias religiosas y desde luego juegos mec\u00e1nicos para toda la familia. Los que puedan dense una vuelta por all\u00e1, porque entre m\u00e1s gente llegue, m\u00e1s valdr\u00e1 la pena el TRABAJO que est\u00e1n haciendo para mantener viva esa tradici\u00f3n en honor a Santa Rosa de Lima. MUCHAS GRACIAS.&nbsp;<\/p>\n","protected":false},"excerpt":{"rendered":"<p>Pues aparte del l\u00edo que hay con lo de los LIBROS de texto a 10 d\u00edas de que inicie el nuevo CICLO ESCOLAR, est\u00e1 el otro pleito que son los \u00daTILES ESCOLARES con lo que se dejan pedir algunas escuelas y los COSTOS de casi todo lo b\u00e1sico que a m\u00ed me toca revisar y [&hellip;]<\/p>\n","protected":false},"author":6,"featured_media":12739,"comment_status":"open","ping_status":"open","sticky":false,"template":"","format":"standard","meta":{"footnotes":""},"categories":[10,9],"tags":[],"class_list":["post-44700","post","type-post","status-publish","format-standard","has-post-thumbnail","hentry","category-articulo-de-contenido","category-columnas"],"yoast_head":"<!-- This site is optimized with the Yoast SEO plugin v27.4 - https:\/\/yoast.com\/product\/yoast-seo-wordpress\/ -->\n<title>OMAR TAPIA INFORMA -<\/title>\n<meta name=\"robots\" content=\"index, follow, max-snippet:-1, max-image-preview:large, max-video-preview:-1\" \/>\n<link rel=\"canonical\" href=\"https:\/\/continuamosmx.com\/index.php\/2023\/08\/18\/omar-tapia-informa-15\/\" \/>\n<meta property=\"og:locale\" content=\"es_ES\" \/>\n<meta property=\"og:type\" content=\"article\" \/>\n<meta property=\"og:title\" content=\"OMAR TAPIA INFORMA -\" \/>\n<meta property=\"og:description\" content=\"Pues aparte del l\u00edo que hay con lo de los LIBROS de texto a 10 d\u00edas de que inicie el nuevo CICLO ESCOLAR, est\u00e1 el otro pleito que son los \u00daTILES ESCOLARES con lo que se dejan pedir algunas escuelas y los COSTOS de casi todo lo b\u00e1sico que a m\u00ed me toca revisar y [&hellip;]\" \/>\n<meta property=\"og:url\" content=\"https:\/\/continuamosmx.com\/index.php\/2023\/08\/18\/omar-tapia-informa-15\/\" \/>\n<meta property=\"article:published_time\" content=\"2023-08-18T09:06:00+00:00\" \/>\n<meta property=\"og:image\" content=\"https:\/\/continuamosmx.com\/wp-content\/uploads\/2021\/02\/OMAR-OK.png\" \/>\n\t<meta property=\"og:image:width\" content=\"2051\" \/>\n\t<meta property=\"og:image:height\" content=\"1155\" \/>\n\t<meta property=\"og:image:type\" content=\"image\/png\" \/>\n<meta name=\"author\" content=\"Continuamos MX\" \/>\n<meta name=\"twitter:card\" content=\"summary_large_image\" \/>\n<meta name=\"twitter:label1\" content=\"Escrito por\" \/>\n\t<meta name=\"twitter:data1\" content=\"Continuamos MX\" \/>\n\t<meta name=\"twitter:label2\" content=\"Tiempo de lectura\" \/>\n\t<meta name=\"twitter:data2\" content=\"9 minutos\" \/>\n<script type=\"application\/ld+json\" class=\"yoast-schema-graph\">{\"@context\":\"https:\\\/\\\/schema.org\",\"@graph\":[{\"@type\":\"Article\",\"@id\":\"https:\\\/\\\/continuamosmx.com\\\/index.php\\\/2023\\\/08\\\/18\\\/omar-tapia-informa-15\\\/#article\",\"isPartOf\":{\"@id\":\"https:\\\/\\\/continuamosmx.com\\\/index.php\\\/2023\\\/08\\\/18\\\/omar-tapia-informa-15\\\/\"},\"author\":{\"name\":\"Continuamos MX\",\"@id\":\"https:\\\/\\\/continuamosmx.com\\\/#\\\/schema\\\/person\\\/5eb5356acb1fad784da407d14f0e8d89\"},\"headline\":\"OMAR TAPIA INFORMA\",\"datePublished\":\"2023-08-18T09:06:00+00:00\",\"mainEntityOfPage\":{\"@id\":\"https:\\\/\\\/continuamosmx.com\\\/index.php\\\/2023\\\/08\\\/18\\\/omar-tapia-informa-15\\\/\"},\"wordCount\":1907,\"commentCount\":0,\"publisher\":{\"@id\":\"https:\\\/\\\/continuamosmx.com\\\/#organization\"},\"image\":{\"@id\":\"https:\\\/\\\/continuamosmx.com\\\/index.php\\\/2023\\\/08\\\/18\\\/omar-tapia-informa-15\\\/#primaryimage\"},\"thumbnailUrl\":\"https:\\\/\\\/continuamosmx.com\\\/wp-content\\\/uploads\\\/2021\\\/02\\\/OMAR-OK.png\",\"articleSection\":[\"ART\u00cdCULO DE CONTENIDO\",\"COLUMNAS\"],\"inLanguage\":\"es\"},{\"@type\":\"WebPage\",\"@id\":\"https:\\\/\\\/continuamosmx.com\\\/index.php\\\/2023\\\/08\\\/18\\\/omar-tapia-informa-15\\\/\",\"url\":\"https:\\\/\\\/continuamosmx.com\\\/index.php\\\/2023\\\/08\\\/18\\\/omar-tapia-informa-15\\\/\",\"name\":\"OMAR TAPIA INFORMA -\",\"isPartOf\":{\"@id\":\"https:\\\/\\\/continuamosmx.com\\\/#website\"},\"primaryImageOfPage\":{\"@id\":\"https:\\\/\\\/continuamosmx.com\\\/index.php\\\/2023\\\/08\\\/18\\\/omar-tapia-informa-15\\\/#primaryimage\"},\"image\":{\"@id\":\"https:\\\/\\\/continuamosmx.com\\\/index.php\\\/2023\\\/08\\\/18\\\/omar-tapia-informa-15\\\/#primaryimage\"},\"thumbnailUrl\":\"https:\\\/\\\/continuamosmx.com\\\/wp-content\\\/uploads\\\/2021\\\/02\\\/OMAR-OK.png\",\"datePublished\":\"2023-08-18T09:06:00+00:00\",\"breadcrumb\":{\"@id\":\"https:\\\/\\\/continuamosmx.com\\\/index.php\\\/2023\\\/08\\\/18\\\/omar-tapia-informa-15\\\/#breadcrumb\"},\"inLanguage\":\"es\",\"potentialAction\":[{\"@type\":\"ReadAction\",\"target\":[\"https:\\\/\\\/continuamosmx.com\\\/index.php\\\/2023\\\/08\\\/18\\\/omar-tapia-informa-15\\\/\"]}]},{\"@type\":\"ImageObject\",\"inLanguage\":\"es\",\"@id\":\"https:\\\/\\\/continuamosmx.com\\\/index.php\\\/2023\\\/08\\\/18\\\/omar-tapia-informa-15\\\/#primaryimage\",\"url\":\"https:\\\/\\\/continuamosmx.com\\\/wp-content\\\/uploads\\\/2021\\\/02\\\/OMAR-OK.png\",\"contentUrl\":\"https:\\\/\\\/continuamosmx.com\\\/wp-content\\\/uploads\\\/2021\\\/02\\\/OMAR-OK.png\",\"width\":2051,\"height\":1155},{\"@type\":\"BreadcrumbList\",\"@id\":\"https:\\\/\\\/continuamosmx.com\\\/index.php\\\/2023\\\/08\\\/18\\\/omar-tapia-informa-15\\\/#breadcrumb\",\"itemListElement\":[{\"@type\":\"ListItem\",\"position\":1,\"name\":\"Inicio\",\"item\":\"https:\\\/\\\/continuamosmx.com\\\/\"},{\"@type\":\"ListItem\",\"position\":2,\"name\":\"OMAR TAPIA INFORMA\"}]},{\"@type\":\"WebSite\",\"@id\":\"https:\\\/\\\/continuamosmx.com\\\/#website\",\"url\":\"https:\\\/\\\/continuamosmx.com\\\/\",\"name\":\"www.continuamosmx.com\",\"description\":\"\",\"publisher\":{\"@id\":\"https:\\\/\\\/continuamosmx.com\\\/#organization\"},\"potentialAction\":[{\"@type\":\"SearchAction\",\"target\":{\"@type\":\"EntryPoint\",\"urlTemplate\":\"https:\\\/\\\/continuamosmx.com\\\/?s={search_term_string}\"},\"query-input\":{\"@type\":\"PropertyValueSpecification\",\"valueRequired\":true,\"valueName\":\"search_term_string\"}}],\"inLanguage\":\"es\"},{\"@type\":\"Organization\",\"@id\":\"https:\\\/\\\/continuamosmx.com\\\/#organization\",\"name\":\"ContinuamosMX\",\"url\":\"https:\\\/\\\/continuamosmx.com\\\/\",\"logo\":{\"@type\":\"ImageObject\",\"inLanguage\":\"es\",\"@id\":\"https:\\\/\\\/continuamosmx.com\\\/#\\\/schema\\\/logo\\\/image\\\/\",\"url\":\"https:\\\/\\\/continuamosmx.com\\\/wp-content\\\/uploads\\\/2023\\\/04\\\/cropped-LOGO-CONTI-NUEVO.png\",\"contentUrl\":\"https:\\\/\\\/continuamosmx.com\\\/wp-content\\\/uploads\\\/2023\\\/04\\\/cropped-LOGO-CONTI-NUEVO.png\",\"width\":1257,\"height\":430,\"caption\":\"ContinuamosMX\"},\"image\":{\"@id\":\"https:\\\/\\\/continuamosmx.com\\\/#\\\/schema\\\/logo\\\/image\\\/\"}},{\"@type\":\"Person\",\"@id\":\"https:\\\/\\\/continuamosmx.com\\\/#\\\/schema\\\/person\\\/5eb5356acb1fad784da407d14f0e8d89\",\"name\":\"Continuamos MX\",\"image\":{\"@type\":\"ImageObject\",\"inLanguage\":\"es\",\"@id\":\"https:\\\/\\\/secure.gravatar.com\\\/avatar\\\/30d4f9723476a15f4da34d35fb3501f08d2357016c76051c6a85c354c7489589?s=96&d=mm&r=g\",\"url\":\"https:\\\/\\\/secure.gravatar.com\\\/avatar\\\/30d4f9723476a15f4da34d35fb3501f08d2357016c76051c6a85c354c7489589?s=96&d=mm&r=g\",\"contentUrl\":\"https:\\\/\\\/secure.gravatar.com\\\/avatar\\\/30d4f9723476a15f4da34d35fb3501f08d2357016c76051c6a85c354c7489589?s=96&d=mm&r=g\",\"caption\":\"Continuamos MX\"},\"sameAs\":[\"http:\\\/\\\/www.continuamos.mx\"],\"url\":\"https:\\\/\\\/continuamosmx.com\\\/index.php\\\/author\\\/continuamos\\\/\"}]}<\/script>\n<!-- \/ Yoast SEO plugin. -->","yoast_head_json":{"title":"OMAR TAPIA INFORMA -","robots":{"index":"index","follow":"follow","max-snippet":"max-snippet:-1","max-image-preview":"max-image-preview:large","max-video-preview":"max-video-preview:-1"},"canonical":"https:\/\/continuamosmx.com\/index.php\/2023\/08\/18\/omar-tapia-informa-15\/","og_locale":"es_ES","og_type":"article","og_title":"OMAR TAPIA INFORMA -","og_description":"Pues aparte del l\u00edo que hay con lo de los LIBROS de texto a 10 d\u00edas de que inicie el nuevo CICLO ESCOLAR, est\u00e1 el otro pleito que son los \u00daTILES ESCOLARES con lo que se dejan pedir algunas escuelas y los COSTOS de casi todo lo b\u00e1sico que a m\u00ed me toca revisar y [&hellip;]","og_url":"https:\/\/continuamosmx.com\/index.php\/2023\/08\/18\/omar-tapia-informa-15\/","article_published_time":"2023-08-18T09:06:00+00:00","og_image":[{"width":2051,"height":1155,"url":"https:\/\/continuamosmx.com\/wp-content\/uploads\/2021\/02\/OMAR-OK.png","type":"image\/png"}],"author":"Continuamos MX","twitter_card":"summary_large_image","twitter_misc":{"Escrito por":"Continuamos MX","Tiempo de lectura":"9 minutos"},"schema":{"@context":"https:\/\/schema.org","@graph":[{"@type":"Article","@id":"https:\/\/continuamosmx.com\/index.php\/2023\/08\/18\/omar-tapia-informa-15\/#article","isPartOf":{"@id":"https:\/\/continuamosmx.com\/index.php\/2023\/08\/18\/omar-tapia-informa-15\/"},"author":{"name":"Continuamos MX","@id":"https:\/\/continuamosmx.com\/#\/schema\/person\/5eb5356acb1fad784da407d14f0e8d89"},"headline":"OMAR TAPIA INFORMA","datePublished":"2023-08-18T09:06:00+00:00","mainEntityOfPage":{"@id":"https:\/\/continuamosmx.com\/index.php\/2023\/08\/18\/omar-tapia-informa-15\/"},"wordCount":1907,"commentCount":0,"publisher":{"@id":"https:\/\/continuamosmx.com\/#organization"},"image":{"@id":"https:\/\/continuamosmx.com\/index.php\/2023\/08\/18\/omar-tapia-informa-15\/#primaryimage"},"thumbnailUrl":"https:\/\/continuamosmx.com\/wp-content\/uploads\/2021\/02\/OMAR-OK.png","articleSection":["ART\u00cdCULO DE CONTENIDO","COLUMNAS"],"inLanguage":"es"},{"@type":"WebPage","@id":"https:\/\/continuamosmx.com\/index.php\/2023\/08\/18\/omar-tapia-informa-15\/","url":"https:\/\/continuamosmx.com\/index.php\/2023\/08\/18\/omar-tapia-informa-15\/","name":"OMAR TAPIA INFORMA -","isPartOf":{"@id":"https:\/\/continuamosmx.com\/#website"},"primaryImageOfPage":{"@id":"https:\/\/continuamosmx.com\/index.php\/2023\/08\/18\/omar-tapia-informa-15\/#primaryimage"},"image":{"@id":"https:\/\/continuamosmx.com\/index.php\/2023\/08\/18\/omar-tapia-informa-15\/#primaryimage"},"thumbnailUrl":"https:\/\/continuamosmx.com\/wp-content\/uploads\/2021\/02\/OMAR-OK.png","datePublished":"2023-08-18T09:06:00+00:00","breadcrumb":{"@id":"https:\/\/continuamosmx.com\/index.php\/2023\/08\/18\/omar-tapia-informa-15\/#breadcrumb"},"inLanguage":"es","potentialAction":[{"@type":"ReadAction","target":["https:\/\/continuamosmx.com\/index.php\/2023\/08\/18\/omar-tapia-informa-15\/"]}]},{"@type":"ImageObject","inLanguage":"es","@id":"https:\/\/continuamosmx.com\/index.php\/2023\/08\/18\/omar-tapia-informa-15\/#primaryimage","url":"https:\/\/continuamosmx.com\/wp-content\/uploads\/2021\/02\/OMAR-OK.png","contentUrl":"https:\/\/continuamosmx.com\/wp-content\/uploads\/2021\/02\/OMAR-OK.png","width":2051,"height":1155},{"@type":"BreadcrumbList","@id":"https:\/\/continuamosmx.com\/index.php\/2023\/08\/18\/omar-tapia-informa-15\/#breadcrumb","itemListElement":[{"@type":"ListItem","position":1,"name":"Inicio","item":"https:\/\/continuamosmx.com\/"},{"@type":"ListItem","position":2,"name":"OMAR TAPIA INFORMA"}]},{"@type":"WebSite","@id":"https:\/\/continuamosmx.com\/#website","url":"https:\/\/continuamosmx.com\/","name":"www.continuamosmx.com","description":"","publisher":{"@id":"https:\/\/continuamosmx.com\/#organization"},"potentialAction":[{"@type":"SearchAction","target":{"@type":"EntryPoint","urlTemplate":"https:\/\/continuamosmx.com\/?s={search_term_string}"},"query-input":{"@type":"PropertyValueSpecification","valueRequired":true,"valueName":"search_term_string"}}],"inLanguage":"es"},{"@type":"Organization","@id":"https:\/\/continuamosmx.com\/#organization","name":"ContinuamosMX","url":"https:\/\/continuamosmx.com\/","logo":{"@type":"ImageObject","inLanguage":"es","@id":"https:\/\/continuamosmx.com\/#\/schema\/logo\/image\/","url":"https:\/\/continuamosmx.com\/wp-content\/uploads\/2023\/04\/cropped-LOGO-CONTI-NUEVO.png","contentUrl":"https:\/\/continuamosmx.com\/wp-content\/uploads\/2023\/04\/cropped-LOGO-CONTI-NUEVO.png","width":1257,"height":430,"caption":"ContinuamosMX"},"image":{"@id":"https:\/\/continuamosmx.com\/#\/schema\/logo\/image\/"}},{"@type":"Person","@id":"https:\/\/continuamosmx.com\/#\/schema\/person\/5eb5356acb1fad784da407d14f0e8d89","name":"Continuamos MX","image":{"@type":"ImageObject","inLanguage":"es","@id":"https:\/\/secure.gravatar.com\/avatar\/30d4f9723476a15f4da34d35fb3501f08d2357016c76051c6a85c354c7489589?s=96&d=mm&r=g","url":"https:\/\/secure.gravatar.com\/avatar\/30d4f9723476a15f4da34d35fb3501f08d2357016c76051c6a85c354c7489589?s=96&d=mm&r=g","contentUrl":"https:\/\/secure.gravatar.com\/avatar\/30d4f9723476a15f4da34d35fb3501f08d2357016c76051c6a85c354c7489589?s=96&d=mm&r=g","caption":"Continuamos MX"},"sameAs":["http:\/\/www.continuamos.mx"],"url":"https:\/\/continuamosmx.com\/index.php\/author\/continuamos\/"}]}},"_links":{"self":[{"href":"https:\/\/continuamosmx.com\/index.php\/wp-json\/wp\/v2\/posts\/44700","targetHints":{"allow":["GET"]}}],"collection":[{"href":"https:\/\/continuamosmx.com\/index.php\/wp-json\/wp\/v2\/posts"}],"about":[{"href":"https:\/\/continuamosmx.com\/index.php\/wp-json\/wp\/v2\/types\/post"}],"author":[{"embeddable":true,"href":"https:\/\/continuamosmx.com\/index.php\/wp-json\/wp\/v2\/users\/6"}],"replies":[{"embeddable":true,"href":"https:\/\/continuamosmx.com\/index.php\/wp-json\/wp\/v2\/comments?post=44700"}],"version-history":[{"count":1,"href":"https:\/\/continuamosmx.com\/index.php\/wp-json\/wp\/v2\/posts\/44700\/revisions"}],"predecessor-version":[{"id":44701,"href":"https:\/\/continuamosmx.com\/index.php\/wp-json\/wp\/v2\/posts\/44700\/revisions\/44701"}],"wp:featuredmedia":[{"embeddable":true,"href":"https:\/\/continuamosmx.com\/index.php\/wp-json\/wp\/v2\/media\/12739"}],"wp:attachment":[{"href":"https:\/\/continuamosmx.com\/index.php\/wp-json\/wp\/v2\/media?parent=44700"}],"wp:term":[{"taxonomy":"category","embeddable":true,"href":"https:\/\/continuamosmx.com\/index.php\/wp-json\/wp\/v2\/categories?post=44700"},{"taxonomy":"post_tag","embeddable":true,"href":"https:\/\/continuamosmx.com\/index.php\/wp-json\/wp\/v2\/tags?post=44700"}],"curies":[{"name":"wp","href":"https:\/\/api.w.org\/{rel}","templated":true}]}}