{"id":44673,"date":"2023-08-15T17:18:59","date_gmt":"2023-08-15T17:18:59","guid":{"rendered":"https:\/\/continuamosmx.com\/?p=44673"},"modified":"2023-08-15T17:19:00","modified_gmt":"2023-08-15T17:19:00","slug":"trabajo-coordinado-en-seguridad-para-el-edomex","status":"publish","type":"post","link":"https:\/\/continuamosmx.com\/index.php\/2023\/08\/15\/trabajo-coordinado-en-seguridad-para-el-edomex\/","title":{"rendered":"TRABAJO COORDINADO EN SEGURIDAD PARA EL EDOMEX"},"content":{"rendered":"\n<p>*<strong>Delfina G\u00f3mez, Gobernadora Electa del Estado de M\u00e9xico, sostiene reuni\u00f3n con Rosa Icela Rodr\u00edguez, Secretaria de Seguridad Federal.<\/strong><\/p>\n\n\n\n<p>VALLE DE M\u00c9XICO.- La maestra Delfina G\u00f3mez \u00c1lvarez, Gobernadora Electa del Estado de M\u00e9xico, sostuvo una reuni\u00f3n con Rosa Icela Rodr\u00edguez Vel\u00e1zquez, Secretaria de Seguridad y Protecci\u00f3n Ciudadana (SSPC) del Gobierno Federal, con el objetivo de seguir formando alianzas para fortalecer la estrategia de seguridad que ser\u00e1 implementada en la entidad.<\/p>\n\n\n\n<p>\u201cComo parte de las estrategias de bienestar para el Estado de M\u00e9xico, me reun\u00ed con la Secretaria de Seguridad y Protecci\u00f3n Ciudadana federal, Rosa Icela Rodr\u00edguez. Mantendremos comunicaci\u00f3n permanente y el intercambio de informaci\u00f3n e inteligencia sobre los temas de seguridad del Estado de M\u00e9xico. Seguiremos con estas reuniones de trabajo para que los mexiquenses puedan tener la paz que tanto anhelan\u201d, refiri\u00f3 la maestra Delfina G\u00f3mez en redes sociales.<\/p>\n\n\n\n<p>Durante el encuentro, la Gobernadora Electa y la Secretaria de Seguridad Federal manifestaron su disposici\u00f3n de trabajar coordinadamente en la implementaci\u00f3n de estrategias y acciones para combatir la inseguridad y la violencia en el Estado de M\u00e9xico.<\/p>\n\n\n\n<p>\u201cNos dio mucho gusto reunirnos con la Gobernadora Electa del Estado de M\u00e9xico,<br>Delfina G\u00f3mez, y Horacio Duarte, para empezar a trabajar de forma coordinada en beneficio de los mexiquenses. Juntos construimos la paz\u201d, se\u00f1al\u00f3 en redes Rosa Icela Rodr\u00edguez, Secretaria de Seguridad Federal.<\/p>\n\n\n\n<p>La maestra Delfina G\u00f3mez asegur\u00f3 que la seguridad es uno de los temas prioritarios en la entidad, por lo que continuar\u00e1 robusteciendo su Plan de Gobierno a fin de garantizar la paz y la tranquilidad de los mexiquenses.<\/p>\n\n\n\n<p>Estuvo presente en la reuni\u00f3n Horacio Duarte Olivares, Coordinador del equipo de Transici\u00f3n de la Gobernadora Electa.<\/p>\n","protected":false},"excerpt":{"rendered":"<p>*Delfina G\u00f3mez, Gobernadora Electa del Estado de M\u00e9xico, sostiene reuni\u00f3n con Rosa Icela Rodr\u00edguez, Secretaria de Seguridad Federal. VALLE DE M\u00c9XICO.- La maestra Delfina G\u00f3mez \u00c1lvarez, Gobernadora Electa del Estado de M\u00e9xico, sostuvo una reuni\u00f3n con Rosa Icela Rodr\u00edguez Vel\u00e1zquez, Secretaria de Seguridad y Protecci\u00f3n Ciudadana (SSPC) del Gobierno Federal, con el objetivo de seguir [&hellip;]<\/p>\n","protected":false},"author":6,"featured_media":44674,"comment_status":"open","ping_status":"open","sticky":false,"template":"","format":"standard","meta":{"footnotes":""},"categories":[2,3],"tags":[],"class_list":["post-44673","post","type-post","status-publish","format-standard","has-post-thumbnail","hentry","category-edomex","category-politica"],"yoast_head":"<!-- This site is optimized with the Yoast SEO plugin v27.5 - https:\/\/yoast.com\/product\/yoast-seo-wordpress\/ -->\n<title>TRABAJO COORDINADO EN SEGURIDAD PARA EL EDOMEX -<\/title>\n<meta name=\"robots\" content=\"index, follow, max-snippet:-1, max-image-preview:large, max-video-preview:-1\" \/>\n<link rel=\"canonical\" href=\"https:\/\/continuamosmx.com\/index.php\/2023\/08\/15\/trabajo-coordinado-en-seguridad-para-el-edomex\/\" \/>\n<meta property=\"og:locale\" content=\"es_ES\" \/>\n<meta property=\"og:type\" content=\"article\" \/>\n<meta property=\"og:title\" content=\"TRABAJO COORDINADO EN SEGURIDAD PARA EL EDOMEX -\" \/>\n<meta property=\"og:description\" content=\"*Delfina G\u00f3mez, Gobernadora Electa del Estado de M\u00e9xico, sostiene reuni\u00f3n con Rosa Icela Rodr\u00edguez, Secretaria de Seguridad Federal. VALLE DE M\u00c9XICO.- La maestra Delfina G\u00f3mez \u00c1lvarez, Gobernadora Electa del Estado de M\u00e9xico, sostuvo una reuni\u00f3n con Rosa Icela Rodr\u00edguez Vel\u00e1zquez, Secretaria de Seguridad y Protecci\u00f3n Ciudadana (SSPC) del Gobierno Federal, con el objetivo de seguir [&hellip;]\" \/>\n<meta property=\"og:url\" content=\"https:\/\/continuamosmx.com\/index.php\/2023\/08\/15\/trabajo-coordinado-en-seguridad-para-el-edomex\/\" \/>\n<meta property=\"article:published_time\" content=\"2023-08-15T17:18:59+00:00\" \/>\n<meta property=\"article:modified_time\" content=\"2023-08-15T17:19:00+00:00\" \/>\n<meta property=\"og:image\" content=\"https:\/\/continuamosmx.com\/wp-content\/uploads\/2023\/08\/delfina2.jpg\" \/>\n\t<meta property=\"og:image:width\" content=\"682\" \/>\n\t<meta property=\"og:image:height\" content=\"1024\" \/>\n\t<meta property=\"og:image:type\" content=\"image\/jpeg\" \/>\n<meta name=\"author\" content=\"Continuamos MX\" \/>\n<meta name=\"twitter:card\" content=\"summary_large_image\" \/>\n<meta name=\"twitter:label1\" content=\"Escrito por\" \/>\n\t<meta name=\"twitter:data1\" content=\"Continuamos MX\" \/>\n\t<meta name=\"twitter:label2\" content=\"Tiempo de lectura\" \/>\n\t<meta name=\"twitter:data2\" content=\"2 minutos\" \/>\n<script type=\"application\/ld+json\" class=\"yoast-schema-graph\">{\"@context\":\"https:\\\/\\\/schema.org\",\"@graph\":[{\"@type\":\"Article\",\"@id\":\"https:\\\/\\\/continuamosmx.com\\\/index.php\\\/2023\\\/08\\\/15\\\/trabajo-coordinado-en-seguridad-para-el-edomex\\\/#article\",\"isPartOf\":{\"@id\":\"https:\\\/\\\/continuamosmx.com\\\/index.php\\\/2023\\\/08\\\/15\\\/trabajo-coordinado-en-seguridad-para-el-edomex\\\/\"},\"author\":{\"name\":\"Continuamos MX\",\"@id\":\"https:\\\/\\\/continuamosmx.com\\\/#\\\/schema\\\/person\\\/5eb5356acb1fad784da407d14f0e8d89\"},\"headline\":\"TRABAJO COORDINADO EN SEGURIDAD PARA EL EDOMEX\",\"datePublished\":\"2023-08-15T17:18:59+00:00\",\"dateModified\":\"2023-08-15T17:19:00+00:00\",\"mainEntityOfPage\":{\"@id\":\"https:\\\/\\\/continuamosmx.com\\\/index.php\\\/2023\\\/08\\\/15\\\/trabajo-coordinado-en-seguridad-para-el-edomex\\\/\"},\"wordCount\":311,\"commentCount\":0,\"publisher\":{\"@id\":\"https:\\\/\\\/continuamosmx.com\\\/#organization\"},\"image\":{\"@id\":\"https:\\\/\\\/continuamosmx.com\\\/index.php\\\/2023\\\/08\\\/15\\\/trabajo-coordinado-en-seguridad-para-el-edomex\\\/#primaryimage\"},\"thumbnailUrl\":\"https:\\\/\\\/continuamosmx.com\\\/wp-content\\\/uploads\\\/2023\\\/08\\\/delfina2.jpg\",\"articleSection\":[\"EDOMEX\",\"POL\u00cdTICA\"],\"inLanguage\":\"es\"},{\"@type\":\"WebPage\",\"@id\":\"https:\\\/\\\/continuamosmx.com\\\/index.php\\\/2023\\\/08\\\/15\\\/trabajo-coordinado-en-seguridad-para-el-edomex\\\/\",\"url\":\"https:\\\/\\\/continuamosmx.com\\\/index.php\\\/2023\\\/08\\\/15\\\/trabajo-coordinado-en-seguridad-para-el-edomex\\\/\",\"name\":\"TRABAJO COORDINADO EN SEGURIDAD PARA EL EDOMEX -\",\"isPartOf\":{\"@id\":\"https:\\\/\\\/continuamosmx.com\\\/#website\"},\"primaryImageOfPage\":{\"@id\":\"https:\\\/\\\/continuamosmx.com\\\/index.php\\\/2023\\\/08\\\/15\\\/trabajo-coordinado-en-seguridad-para-el-edomex\\\/#primaryimage\"},\"image\":{\"@id\":\"https:\\\/\\\/continuamosmx.com\\\/index.php\\\/2023\\\/08\\\/15\\\/trabajo-coordinado-en-seguridad-para-el-edomex\\\/#primaryimage\"},\"thumbnailUrl\":\"https:\\\/\\\/continuamosmx.com\\\/wp-content\\\/uploads\\\/2023\\\/08\\\/delfina2.jpg\",\"datePublished\":\"2023-08-15T17:18:59+00:00\",\"dateModified\":\"2023-08-15T17:19:00+00:00\",\"breadcrumb\":{\"@id\":\"https:\\\/\\\/continuamosmx.com\\\/index.php\\\/2023\\\/08\\\/15\\\/trabajo-coordinado-en-seguridad-para-el-edomex\\\/#breadcrumb\"},\"inLanguage\":\"es\",\"potentialAction\":[{\"@type\":\"ReadAction\",\"target\":[\"https:\\\/\\\/continuamosmx.com\\\/index.php\\\/2023\\\/08\\\/15\\\/trabajo-coordinado-en-seguridad-para-el-edomex\\\/\"]}]},{\"@type\":\"ImageObject\",\"inLanguage\":\"es\",\"@id\":\"https:\\\/\\\/continuamosmx.com\\\/index.php\\\/2023\\\/08\\\/15\\\/trabajo-coordinado-en-seguridad-para-el-edomex\\\/#primaryimage\",\"url\":\"https:\\\/\\\/continuamosmx.com\\\/wp-content\\\/uploads\\\/2023\\\/08\\\/delfina2.jpg\",\"contentUrl\":\"https:\\\/\\\/continuamosmx.com\\\/wp-content\\\/uploads\\\/2023\\\/08\\\/delfina2.jpg\",\"width\":682,\"height\":1024},{\"@type\":\"BreadcrumbList\",\"@id\":\"https:\\\/\\\/continuamosmx.com\\\/index.php\\\/2023\\\/08\\\/15\\\/trabajo-coordinado-en-seguridad-para-el-edomex\\\/#breadcrumb\",\"itemListElement\":[{\"@type\":\"ListItem\",\"position\":1,\"name\":\"Inicio\",\"item\":\"https:\\\/\\\/continuamosmx.com\\\/\"},{\"@type\":\"ListItem\",\"position\":2,\"name\":\"TRABAJO COORDINADO EN SEGURIDAD PARA EL EDOMEX\"}]},{\"@type\":\"WebSite\",\"@id\":\"https:\\\/\\\/continuamosmx.com\\\/#website\",\"url\":\"https:\\\/\\\/continuamosmx.com\\\/\",\"name\":\"www.continuamosmx.com\",\"description\":\"\",\"publisher\":{\"@id\":\"https:\\\/\\\/continuamosmx.com\\\/#organization\"},\"potentialAction\":[{\"@type\":\"SearchAction\",\"target\":{\"@type\":\"EntryPoint\",\"urlTemplate\":\"https:\\\/\\\/continuamosmx.com\\\/?s={search_term_string}\"},\"query-input\":{\"@type\":\"PropertyValueSpecification\",\"valueRequired\":true,\"valueName\":\"search_term_string\"}}],\"inLanguage\":\"es\"},{\"@type\":\"Organization\",\"@id\":\"https:\\\/\\\/continuamosmx.com\\\/#organization\",\"name\":\"ContinuamosMX\",\"url\":\"https:\\\/\\\/continuamosmx.com\\\/\",\"logo\":{\"@type\":\"ImageObject\",\"inLanguage\":\"es\",\"@id\":\"https:\\\/\\\/continuamosmx.com\\\/#\\\/schema\\\/logo\\\/image\\\/\",\"url\":\"https:\\\/\\\/continuamosmx.com\\\/wp-content\\\/uploads\\\/2023\\\/04\\\/cropped-LOGO-CONTI-NUEVO.png\",\"contentUrl\":\"https:\\\/\\\/continuamosmx.com\\\/wp-content\\\/uploads\\\/2023\\\/04\\\/cropped-LOGO-CONTI-NUEVO.png\",\"width\":1257,\"height\":430,\"caption\":\"ContinuamosMX\"},\"image\":{\"@id\":\"https:\\\/\\\/continuamosmx.com\\\/#\\\/schema\\\/logo\\\/image\\\/\"}},{\"@type\":\"Person\",\"@id\":\"https:\\\/\\\/continuamosmx.com\\\/#\\\/schema\\\/person\\\/5eb5356acb1fad784da407d14f0e8d89\",\"name\":\"Continuamos MX\",\"image\":{\"@type\":\"ImageObject\",\"inLanguage\":\"es\",\"@id\":\"https:\\\/\\\/secure.gravatar.com\\\/avatar\\\/30d4f9723476a15f4da34d35fb3501f08d2357016c76051c6a85c354c7489589?s=96&d=mm&r=g\",\"url\":\"https:\\\/\\\/secure.gravatar.com\\\/avatar\\\/30d4f9723476a15f4da34d35fb3501f08d2357016c76051c6a85c354c7489589?s=96&d=mm&r=g\",\"contentUrl\":\"https:\\\/\\\/secure.gravatar.com\\\/avatar\\\/30d4f9723476a15f4da34d35fb3501f08d2357016c76051c6a85c354c7489589?s=96&d=mm&r=g\",\"caption\":\"Continuamos MX\"},\"sameAs\":[\"http:\\\/\\\/www.continuamos.mx\"],\"url\":\"https:\\\/\\\/continuamosmx.com\\\/index.php\\\/author\\\/continuamos\\\/\"}]}<\/script>\n<!-- \/ Yoast SEO plugin. -->","yoast_head_json":{"title":"TRABAJO COORDINADO EN SEGURIDAD PARA EL EDOMEX -","robots":{"index":"index","follow":"follow","max-snippet":"max-snippet:-1","max-image-preview":"max-image-preview:large","max-video-preview":"max-video-preview:-1"},"canonical":"https:\/\/continuamosmx.com\/index.php\/2023\/08\/15\/trabajo-coordinado-en-seguridad-para-el-edomex\/","og_locale":"es_ES","og_type":"article","og_title":"TRABAJO COORDINADO EN SEGURIDAD PARA EL EDOMEX -","og_description":"*Delfina G\u00f3mez, Gobernadora Electa del Estado de M\u00e9xico, sostiene reuni\u00f3n con Rosa Icela Rodr\u00edguez, Secretaria de Seguridad Federal. VALLE DE M\u00c9XICO.- La maestra Delfina G\u00f3mez \u00c1lvarez, Gobernadora Electa del Estado de M\u00e9xico, sostuvo una reuni\u00f3n con Rosa Icela Rodr\u00edguez Vel\u00e1zquez, Secretaria de Seguridad y Protecci\u00f3n Ciudadana (SSPC) del Gobierno Federal, con el objetivo de seguir [&hellip;]","og_url":"https:\/\/continuamosmx.com\/index.php\/2023\/08\/15\/trabajo-coordinado-en-seguridad-para-el-edomex\/","article_published_time":"2023-08-15T17:18:59+00:00","article_modified_time":"2023-08-15T17:19:00+00:00","og_image":[{"width":682,"height":1024,"url":"https:\/\/continuamosmx.com\/wp-content\/uploads\/2023\/08\/delfina2.jpg","type":"image\/jpeg"}],"author":"Continuamos MX","twitter_card":"summary_large_image","twitter_misc":{"Escrito por":"Continuamos MX","Tiempo de lectura":"2 minutos"},"schema":{"@context":"https:\/\/schema.org","@graph":[{"@type":"Article","@id":"https:\/\/continuamosmx.com\/index.php\/2023\/08\/15\/trabajo-coordinado-en-seguridad-para-el-edomex\/#article","isPartOf":{"@id":"https:\/\/continuamosmx.com\/index.php\/2023\/08\/15\/trabajo-coordinado-en-seguridad-para-el-edomex\/"},"author":{"name":"Continuamos MX","@id":"https:\/\/continuamosmx.com\/#\/schema\/person\/5eb5356acb1fad784da407d14f0e8d89"},"headline":"TRABAJO COORDINADO EN SEGURIDAD PARA EL EDOMEX","datePublished":"2023-08-15T17:18:59+00:00","dateModified":"2023-08-15T17:19:00+00:00","mainEntityOfPage":{"@id":"https:\/\/continuamosmx.com\/index.php\/2023\/08\/15\/trabajo-coordinado-en-seguridad-para-el-edomex\/"},"wordCount":311,"commentCount":0,"publisher":{"@id":"https:\/\/continuamosmx.com\/#organization"},"image":{"@id":"https:\/\/continuamosmx.com\/index.php\/2023\/08\/15\/trabajo-coordinado-en-seguridad-para-el-edomex\/#primaryimage"},"thumbnailUrl":"https:\/\/continuamosmx.com\/wp-content\/uploads\/2023\/08\/delfina2.jpg","articleSection":["EDOMEX","POL\u00cdTICA"],"inLanguage":"es"},{"@type":"WebPage","@id":"https:\/\/continuamosmx.com\/index.php\/2023\/08\/15\/trabajo-coordinado-en-seguridad-para-el-edomex\/","url":"https:\/\/continuamosmx.com\/index.php\/2023\/08\/15\/trabajo-coordinado-en-seguridad-para-el-edomex\/","name":"TRABAJO COORDINADO EN SEGURIDAD PARA EL EDOMEX -","isPartOf":{"@id":"https:\/\/continuamosmx.com\/#website"},"primaryImageOfPage":{"@id":"https:\/\/continuamosmx.com\/index.php\/2023\/08\/15\/trabajo-coordinado-en-seguridad-para-el-edomex\/#primaryimage"},"image":{"@id":"https:\/\/continuamosmx.com\/index.php\/2023\/08\/15\/trabajo-coordinado-en-seguridad-para-el-edomex\/#primaryimage"},"thumbnailUrl":"https:\/\/continuamosmx.com\/wp-content\/uploads\/2023\/08\/delfina2.jpg","datePublished":"2023-08-15T17:18:59+00:00","dateModified":"2023-08-15T17:19:00+00:00","breadcrumb":{"@id":"https:\/\/continuamosmx.com\/index.php\/2023\/08\/15\/trabajo-coordinado-en-seguridad-para-el-edomex\/#breadcrumb"},"inLanguage":"es","potentialAction":[{"@type":"ReadAction","target":["https:\/\/continuamosmx.com\/index.php\/2023\/08\/15\/trabajo-coordinado-en-seguridad-para-el-edomex\/"]}]},{"@type":"ImageObject","inLanguage":"es","@id":"https:\/\/continuamosmx.com\/index.php\/2023\/08\/15\/trabajo-coordinado-en-seguridad-para-el-edomex\/#primaryimage","url":"https:\/\/continuamosmx.com\/wp-content\/uploads\/2023\/08\/delfina2.jpg","contentUrl":"https:\/\/continuamosmx.com\/wp-content\/uploads\/2023\/08\/delfina2.jpg","width":682,"height":1024},{"@type":"BreadcrumbList","@id":"https:\/\/continuamosmx.com\/index.php\/2023\/08\/15\/trabajo-coordinado-en-seguridad-para-el-edomex\/#breadcrumb","itemListElement":[{"@type":"ListItem","position":1,"name":"Inicio","item":"https:\/\/continuamosmx.com\/"},{"@type":"ListItem","position":2,"name":"TRABAJO COORDINADO EN SEGURIDAD PARA EL EDOMEX"}]},{"@type":"WebSite","@id":"https:\/\/continuamosmx.com\/#website","url":"https:\/\/continuamosmx.com\/","name":"www.continuamosmx.com","description":"","publisher":{"@id":"https:\/\/continuamosmx.com\/#organization"},"potentialAction":[{"@type":"SearchAction","target":{"@type":"EntryPoint","urlTemplate":"https:\/\/continuamosmx.com\/?s={search_term_string}"},"query-input":{"@type":"PropertyValueSpecification","valueRequired":true,"valueName":"search_term_string"}}],"inLanguage":"es"},{"@type":"Organization","@id":"https:\/\/continuamosmx.com\/#organization","name":"ContinuamosMX","url":"https:\/\/continuamosmx.com\/","logo":{"@type":"ImageObject","inLanguage":"es","@id":"https:\/\/continuamosmx.com\/#\/schema\/logo\/image\/","url":"https:\/\/continuamosmx.com\/wp-content\/uploads\/2023\/04\/cropped-LOGO-CONTI-NUEVO.png","contentUrl":"https:\/\/continuamosmx.com\/wp-content\/uploads\/2023\/04\/cropped-LOGO-CONTI-NUEVO.png","width":1257,"height":430,"caption":"ContinuamosMX"},"image":{"@id":"https:\/\/continuamosmx.com\/#\/schema\/logo\/image\/"}},{"@type":"Person","@id":"https:\/\/continuamosmx.com\/#\/schema\/person\/5eb5356acb1fad784da407d14f0e8d89","name":"Continuamos MX","image":{"@type":"ImageObject","inLanguage":"es","@id":"https:\/\/secure.gravatar.com\/avatar\/30d4f9723476a15f4da34d35fb3501f08d2357016c76051c6a85c354c7489589?s=96&d=mm&r=g","url":"https:\/\/secure.gravatar.com\/avatar\/30d4f9723476a15f4da34d35fb3501f08d2357016c76051c6a85c354c7489589?s=96&d=mm&r=g","contentUrl":"https:\/\/secure.gravatar.com\/avatar\/30d4f9723476a15f4da34d35fb3501f08d2357016c76051c6a85c354c7489589?s=96&d=mm&r=g","caption":"Continuamos MX"},"sameAs":["http:\/\/www.continuamos.mx"],"url":"https:\/\/continuamosmx.com\/index.php\/author\/continuamos\/"}]}},"_links":{"self":[{"href":"https:\/\/continuamosmx.com\/index.php\/wp-json\/wp\/v2\/posts\/44673","targetHints":{"allow":["GET"]}}],"collection":[{"href":"https:\/\/continuamosmx.com\/index.php\/wp-json\/wp\/v2\/posts"}],"about":[{"href":"https:\/\/continuamosmx.com\/index.php\/wp-json\/wp\/v2\/types\/post"}],"author":[{"embeddable":true,"href":"https:\/\/continuamosmx.com\/index.php\/wp-json\/wp\/v2\/users\/6"}],"replies":[{"embeddable":true,"href":"https:\/\/continuamosmx.com\/index.php\/wp-json\/wp\/v2\/comments?post=44673"}],"version-history":[{"count":1,"href":"https:\/\/continuamosmx.com\/index.php\/wp-json\/wp\/v2\/posts\/44673\/revisions"}],"predecessor-version":[{"id":44675,"href":"https:\/\/continuamosmx.com\/index.php\/wp-json\/wp\/v2\/posts\/44673\/revisions\/44675"}],"wp:featuredmedia":[{"embeddable":true,"href":"https:\/\/continuamosmx.com\/index.php\/wp-json\/wp\/v2\/media\/44674"}],"wp:attachment":[{"href":"https:\/\/continuamosmx.com\/index.php\/wp-json\/wp\/v2\/media?parent=44673"}],"wp:term":[{"taxonomy":"category","embeddable":true,"href":"https:\/\/continuamosmx.com\/index.php\/wp-json\/wp\/v2\/categories?post=44673"},{"taxonomy":"post_tag","embeddable":true,"href":"https:\/\/continuamosmx.com\/index.php\/wp-json\/wp\/v2\/tags?post=44673"}],"curies":[{"name":"wp","href":"https:\/\/api.w.org\/{rel}","templated":true}]}}