{"id":44625,"date":"2023-08-10T07:14:23","date_gmt":"2023-08-10T07:14:23","guid":{"rendered":"https:\/\/continuamosmx.com\/?p=44625"},"modified":"2023-08-10T07:14:24","modified_gmt":"2023-08-10T07:14:24","slug":"lista-la-juventudes-fest-2023-en-huixquilucan","status":"publish","type":"post","link":"https:\/\/continuamosmx.com\/index.php\/2023\/08\/10\/lista-la-juventudes-fest-2023-en-huixquilucan\/","title":{"rendered":"LISTA LA \u201cJUVENTUDES FEST 2023\u201d EN HUIXQUILUCAN"},"content":{"rendered":"\n<p><strong>En el marco del D\u00eda Internacional de la Juventud con este festival que se realizar\u00e1 el 12 de agosto, se ofrecer\u00e1 diversas actividades recreativas y culturales, bazar de emprendedores del municipio, entre otras<\/strong>.<\/p>\n\n\n\n<p>HUIXQUILUCAN, M\u00e9x.- En el marco del D\u00eda Internacional de la Juventud, el gobierno de Huixquilucan invita a los j\u00f3venes a celebrar el \u201cJuventudes Fest 2023\u201d; evento con el que se realizar\u00e1n diversas actividades culturales y de recreaci\u00f3n social.<\/p>\n\n\n\n<p>Habr\u00e1 tardeada sonidera, un bazar de emprendedores, exhibici\u00f3n de arte urbano textil, adem\u00e1s de la colocaci\u00f3n de una pista de skateboard, entre otras.<\/p>\n\n\n\n<p>La presidenta municipal, Romina Contreras Carrasco, invit\u00f3 a las y los huixquiluquenses a asistir a este evento, que se llevar\u00e1 a cabo el pr\u00f3ximo s\u00e1bado 12 de agosto en el Auditorio de \u201cLa Celco\u201d, en la colonia Constituyentes de 1917, a partir de las 12:00 horas, donde podr\u00e1n disfrutar de actividades recreativas y art\u00edsticas que les permitir\u00e1n convivir y disfrutar de una manera sana; destacando que estas acciones forman parte de las pol\u00edticas p\u00fablicas que lleva a cabo su administraci\u00f3n para procurar el desarrollo integral de los j\u00f3venes.<\/p>\n\n\n\n<p>\u201cComo gobierno municipal, preparamos la segunda edici\u00f3n del Juventudes Fest para nuestros j\u00f3venes, con el fin de que cuenten con espacios p\u00fablicos donde puedan reunirse y disfrutar de una gran variedad de opciones para divertirse sanamente. El objetivo es acercarles actividades de inter\u00e9s, pues tendremos m\u00fasica, expresiones art\u00edsticas y deporte, adem\u00e1s, los emprendedores podr\u00e1n dar a conocer y vender sus productos\u201d, expres\u00f3 Romina Contreras.<\/p>\n\n\n\n<p>Para amenizar la tardeada sonidera y poner a bailar a los asistentes, en la parte musical participar\u00e1 el sonido Pirata, Grupo GT5 Los genios de la Kumbia, Sonido Conquistador Latino, Los del Nuevo Estilo, la discoteca m\u00f3vil Sk\u00e1ndalo de los hermanos Castel\u00e1n, entre otros; tambi\u00e9n, habr\u00e1 una exhibici\u00f3n y venta de productos elaborados por j\u00f3venes emprendedores de Huixquilucan.<\/p>\n\n\n\n<p>Para fomentar la actividad f\u00edsica, as\u00ed como las habilidades y destrezas de quienes practican esta disciplina, se instalar\u00e1 una pista de skateboard, en la que podr\u00e1n tomar clases con profesionales, con equipo de seguridad y patinetas incluidas.<\/p>\n\n\n\n<p>Inspirados en la tendencia francesa de intervenir textiles en tiempo real, participar\u00e1 un artista urbano huixquiluquense para plasmar su arte en playeras obsequiadas por la Direcci\u00f3n General de la Juventud, con el prop\u00f3sito de explotar la creatividad a trav\u00e9s de esta t\u00e9cnica.<\/p>\n","protected":false},"excerpt":{"rendered":"<p>En el marco del D\u00eda Internacional de la Juventud con este festival que se realizar\u00e1 el 12 de agosto, se ofrecer\u00e1 diversas actividades recreativas y culturales, bazar de emprendedores del municipio, entre otras. HUIXQUILUCAN, M\u00e9x.- En el marco del D\u00eda Internacional de la Juventud, el gobierno de Huixquilucan invita a los j\u00f3venes a celebrar el [&hellip;]<\/p>\n","protected":false},"author":6,"featured_media":44626,"comment_status":"open","ping_status":"open","sticky":false,"template":"","format":"standard","meta":{"footnotes":""},"categories":[5,4],"tags":[],"class_list":["post-44625","post","type-post","status-publish","format-standard","has-post-thumbnail","hentry","category-huixquilucan","category-locales"],"yoast_head":"<!-- This site is optimized with the Yoast SEO plugin v27.5 - https:\/\/yoast.com\/product\/yoast-seo-wordpress\/ -->\n<title>LISTA LA \u201cJUVENTUDES FEST 2023\u201d EN HUIXQUILUCAN -<\/title>\n<meta name=\"robots\" content=\"index, follow, max-snippet:-1, max-image-preview:large, max-video-preview:-1\" \/>\n<link rel=\"canonical\" href=\"https:\/\/continuamosmx.com\/index.php\/2023\/08\/10\/lista-la-juventudes-fest-2023-en-huixquilucan\/\" \/>\n<meta property=\"og:locale\" content=\"es_ES\" \/>\n<meta property=\"og:type\" content=\"article\" \/>\n<meta property=\"og:title\" content=\"LISTA LA \u201cJUVENTUDES FEST 2023\u201d EN HUIXQUILUCAN -\" \/>\n<meta property=\"og:description\" content=\"En el marco del D\u00eda Internacional de la Juventud con este festival que se realizar\u00e1 el 12 de agosto, se ofrecer\u00e1 diversas actividades recreativas y culturales, bazar de emprendedores del municipio, entre otras. HUIXQUILUCAN, M\u00e9x.- En el marco del D\u00eda Internacional de la Juventud, el gobierno de Huixquilucan invita a los j\u00f3venes a celebrar el [&hellip;]\" \/>\n<meta property=\"og:url\" content=\"https:\/\/continuamosmx.com\/index.php\/2023\/08\/10\/lista-la-juventudes-fest-2023-en-huixquilucan\/\" \/>\n<meta property=\"article:published_time\" content=\"2023-08-10T07:14:23+00:00\" \/>\n<meta property=\"article:modified_time\" content=\"2023-08-10T07:14:24+00:00\" \/>\n<meta property=\"og:image\" content=\"https:\/\/continuamosmx.com\/wp-content\/uploads\/2023\/08\/juetud-1.jpeg\" \/>\n\t<meta property=\"og:image:width\" content=\"1600\" \/>\n\t<meta property=\"og:image:height\" content=\"1080\" \/>\n\t<meta property=\"og:image:type\" content=\"image\/jpeg\" \/>\n<meta name=\"author\" content=\"Continuamos MX\" \/>\n<meta name=\"twitter:card\" content=\"summary_large_image\" \/>\n<meta name=\"twitter:label1\" content=\"Escrito por\" \/>\n\t<meta name=\"twitter:data1\" content=\"Continuamos MX\" \/>\n\t<meta name=\"twitter:label2\" content=\"Tiempo de lectura\" \/>\n\t<meta name=\"twitter:data2\" content=\"2 minutos\" \/>\n<script type=\"application\/ld+json\" class=\"yoast-schema-graph\">{\"@context\":\"https:\\\/\\\/schema.org\",\"@graph\":[{\"@type\":\"Article\",\"@id\":\"https:\\\/\\\/continuamosmx.com\\\/index.php\\\/2023\\\/08\\\/10\\\/lista-la-juventudes-fest-2023-en-huixquilucan\\\/#article\",\"isPartOf\":{\"@id\":\"https:\\\/\\\/continuamosmx.com\\\/index.php\\\/2023\\\/08\\\/10\\\/lista-la-juventudes-fest-2023-en-huixquilucan\\\/\"},\"author\":{\"name\":\"Continuamos MX\",\"@id\":\"https:\\\/\\\/continuamosmx.com\\\/#\\\/schema\\\/person\\\/5eb5356acb1fad784da407d14f0e8d89\"},\"headline\":\"LISTA LA \u201cJUVENTUDES FEST 2023\u201d EN HUIXQUILUCAN\",\"datePublished\":\"2023-08-10T07:14:23+00:00\",\"dateModified\":\"2023-08-10T07:14:24+00:00\",\"mainEntityOfPage\":{\"@id\":\"https:\\\/\\\/continuamosmx.com\\\/index.php\\\/2023\\\/08\\\/10\\\/lista-la-juventudes-fest-2023-en-huixquilucan\\\/\"},\"wordCount\":423,\"commentCount\":0,\"publisher\":{\"@id\":\"https:\\\/\\\/continuamosmx.com\\\/#organization\"},\"image\":{\"@id\":\"https:\\\/\\\/continuamosmx.com\\\/index.php\\\/2023\\\/08\\\/10\\\/lista-la-juventudes-fest-2023-en-huixquilucan\\\/#primaryimage\"},\"thumbnailUrl\":\"https:\\\/\\\/continuamosmx.com\\\/wp-content\\\/uploads\\\/2023\\\/08\\\/juetud-1.jpeg\",\"articleSection\":[\"HUIXQUILUCAN\",\"LOCALES\"],\"inLanguage\":\"es\"},{\"@type\":\"WebPage\",\"@id\":\"https:\\\/\\\/continuamosmx.com\\\/index.php\\\/2023\\\/08\\\/10\\\/lista-la-juventudes-fest-2023-en-huixquilucan\\\/\",\"url\":\"https:\\\/\\\/continuamosmx.com\\\/index.php\\\/2023\\\/08\\\/10\\\/lista-la-juventudes-fest-2023-en-huixquilucan\\\/\",\"name\":\"LISTA LA \u201cJUVENTUDES FEST 2023\u201d EN HUIXQUILUCAN -\",\"isPartOf\":{\"@id\":\"https:\\\/\\\/continuamosmx.com\\\/#website\"},\"primaryImageOfPage\":{\"@id\":\"https:\\\/\\\/continuamosmx.com\\\/index.php\\\/2023\\\/08\\\/10\\\/lista-la-juventudes-fest-2023-en-huixquilucan\\\/#primaryimage\"},\"image\":{\"@id\":\"https:\\\/\\\/continuamosmx.com\\\/index.php\\\/2023\\\/08\\\/10\\\/lista-la-juventudes-fest-2023-en-huixquilucan\\\/#primaryimage\"},\"thumbnailUrl\":\"https:\\\/\\\/continuamosmx.com\\\/wp-content\\\/uploads\\\/2023\\\/08\\\/juetud-1.jpeg\",\"datePublished\":\"2023-08-10T07:14:23+00:00\",\"dateModified\":\"2023-08-10T07:14:24+00:00\",\"breadcrumb\":{\"@id\":\"https:\\\/\\\/continuamosmx.com\\\/index.php\\\/2023\\\/08\\\/10\\\/lista-la-juventudes-fest-2023-en-huixquilucan\\\/#breadcrumb\"},\"inLanguage\":\"es\",\"potentialAction\":[{\"@type\":\"ReadAction\",\"target\":[\"https:\\\/\\\/continuamosmx.com\\\/index.php\\\/2023\\\/08\\\/10\\\/lista-la-juventudes-fest-2023-en-huixquilucan\\\/\"]}]},{\"@type\":\"ImageObject\",\"inLanguage\":\"es\",\"@id\":\"https:\\\/\\\/continuamosmx.com\\\/index.php\\\/2023\\\/08\\\/10\\\/lista-la-juventudes-fest-2023-en-huixquilucan\\\/#primaryimage\",\"url\":\"https:\\\/\\\/continuamosmx.com\\\/wp-content\\\/uploads\\\/2023\\\/08\\\/juetud-1.jpeg\",\"contentUrl\":\"https:\\\/\\\/continuamosmx.com\\\/wp-content\\\/uploads\\\/2023\\\/08\\\/juetud-1.jpeg\",\"width\":1600,\"height\":1080},{\"@type\":\"BreadcrumbList\",\"@id\":\"https:\\\/\\\/continuamosmx.com\\\/index.php\\\/2023\\\/08\\\/10\\\/lista-la-juventudes-fest-2023-en-huixquilucan\\\/#breadcrumb\",\"itemListElement\":[{\"@type\":\"ListItem\",\"position\":1,\"name\":\"Inicio\",\"item\":\"https:\\\/\\\/continuamosmx.com\\\/\"},{\"@type\":\"ListItem\",\"position\":2,\"name\":\"LISTA LA \u201cJUVENTUDES FEST 2023\u201d EN HUIXQUILUCAN\"}]},{\"@type\":\"WebSite\",\"@id\":\"https:\\\/\\\/continuamosmx.com\\\/#website\",\"url\":\"https:\\\/\\\/continuamosmx.com\\\/\",\"name\":\"www.continuamosmx.com\",\"description\":\"\",\"publisher\":{\"@id\":\"https:\\\/\\\/continuamosmx.com\\\/#organization\"},\"potentialAction\":[{\"@type\":\"SearchAction\",\"target\":{\"@type\":\"EntryPoint\",\"urlTemplate\":\"https:\\\/\\\/continuamosmx.com\\\/?s={search_term_string}\"},\"query-input\":{\"@type\":\"PropertyValueSpecification\",\"valueRequired\":true,\"valueName\":\"search_term_string\"}}],\"inLanguage\":\"es\"},{\"@type\":\"Organization\",\"@id\":\"https:\\\/\\\/continuamosmx.com\\\/#organization\",\"name\":\"ContinuamosMX\",\"url\":\"https:\\\/\\\/continuamosmx.com\\\/\",\"logo\":{\"@type\":\"ImageObject\",\"inLanguage\":\"es\",\"@id\":\"https:\\\/\\\/continuamosmx.com\\\/#\\\/schema\\\/logo\\\/image\\\/\",\"url\":\"https:\\\/\\\/continuamosmx.com\\\/wp-content\\\/uploads\\\/2023\\\/04\\\/cropped-LOGO-CONTI-NUEVO.png\",\"contentUrl\":\"https:\\\/\\\/continuamosmx.com\\\/wp-content\\\/uploads\\\/2023\\\/04\\\/cropped-LOGO-CONTI-NUEVO.png\",\"width\":1257,\"height\":430,\"caption\":\"ContinuamosMX\"},\"image\":{\"@id\":\"https:\\\/\\\/continuamosmx.com\\\/#\\\/schema\\\/logo\\\/image\\\/\"}},{\"@type\":\"Person\",\"@id\":\"https:\\\/\\\/continuamosmx.com\\\/#\\\/schema\\\/person\\\/5eb5356acb1fad784da407d14f0e8d89\",\"name\":\"Continuamos MX\",\"image\":{\"@type\":\"ImageObject\",\"inLanguage\":\"es\",\"@id\":\"https:\\\/\\\/secure.gravatar.com\\\/avatar\\\/30d4f9723476a15f4da34d35fb3501f08d2357016c76051c6a85c354c7489589?s=96&d=mm&r=g\",\"url\":\"https:\\\/\\\/secure.gravatar.com\\\/avatar\\\/30d4f9723476a15f4da34d35fb3501f08d2357016c76051c6a85c354c7489589?s=96&d=mm&r=g\",\"contentUrl\":\"https:\\\/\\\/secure.gravatar.com\\\/avatar\\\/30d4f9723476a15f4da34d35fb3501f08d2357016c76051c6a85c354c7489589?s=96&d=mm&r=g\",\"caption\":\"Continuamos MX\"},\"sameAs\":[\"http:\\\/\\\/www.continuamos.mx\"],\"url\":\"https:\\\/\\\/continuamosmx.com\\\/index.php\\\/author\\\/continuamos\\\/\"}]}<\/script>\n<!-- \/ Yoast SEO plugin. -->","yoast_head_json":{"title":"LISTA LA \u201cJUVENTUDES FEST 2023\u201d EN HUIXQUILUCAN -","robots":{"index":"index","follow":"follow","max-snippet":"max-snippet:-1","max-image-preview":"max-image-preview:large","max-video-preview":"max-video-preview:-1"},"canonical":"https:\/\/continuamosmx.com\/index.php\/2023\/08\/10\/lista-la-juventudes-fest-2023-en-huixquilucan\/","og_locale":"es_ES","og_type":"article","og_title":"LISTA LA \u201cJUVENTUDES FEST 2023\u201d EN HUIXQUILUCAN -","og_description":"En el marco del D\u00eda Internacional de la Juventud con este festival que se realizar\u00e1 el 12 de agosto, se ofrecer\u00e1 diversas actividades recreativas y culturales, bazar de emprendedores del municipio, entre otras. HUIXQUILUCAN, M\u00e9x.- En el marco del D\u00eda Internacional de la Juventud, el gobierno de Huixquilucan invita a los j\u00f3venes a celebrar el [&hellip;]","og_url":"https:\/\/continuamosmx.com\/index.php\/2023\/08\/10\/lista-la-juventudes-fest-2023-en-huixquilucan\/","article_published_time":"2023-08-10T07:14:23+00:00","article_modified_time":"2023-08-10T07:14:24+00:00","og_image":[{"width":1600,"height":1080,"url":"https:\/\/continuamosmx.com\/wp-content\/uploads\/2023\/08\/juetud-1.jpeg","type":"image\/jpeg"}],"author":"Continuamos MX","twitter_card":"summary_large_image","twitter_misc":{"Escrito por":"Continuamos MX","Tiempo de lectura":"2 minutos"},"schema":{"@context":"https:\/\/schema.org","@graph":[{"@type":"Article","@id":"https:\/\/continuamosmx.com\/index.php\/2023\/08\/10\/lista-la-juventudes-fest-2023-en-huixquilucan\/#article","isPartOf":{"@id":"https:\/\/continuamosmx.com\/index.php\/2023\/08\/10\/lista-la-juventudes-fest-2023-en-huixquilucan\/"},"author":{"name":"Continuamos MX","@id":"https:\/\/continuamosmx.com\/#\/schema\/person\/5eb5356acb1fad784da407d14f0e8d89"},"headline":"LISTA LA \u201cJUVENTUDES FEST 2023\u201d EN HUIXQUILUCAN","datePublished":"2023-08-10T07:14:23+00:00","dateModified":"2023-08-10T07:14:24+00:00","mainEntityOfPage":{"@id":"https:\/\/continuamosmx.com\/index.php\/2023\/08\/10\/lista-la-juventudes-fest-2023-en-huixquilucan\/"},"wordCount":423,"commentCount":0,"publisher":{"@id":"https:\/\/continuamosmx.com\/#organization"},"image":{"@id":"https:\/\/continuamosmx.com\/index.php\/2023\/08\/10\/lista-la-juventudes-fest-2023-en-huixquilucan\/#primaryimage"},"thumbnailUrl":"https:\/\/continuamosmx.com\/wp-content\/uploads\/2023\/08\/juetud-1.jpeg","articleSection":["HUIXQUILUCAN","LOCALES"],"inLanguage":"es"},{"@type":"WebPage","@id":"https:\/\/continuamosmx.com\/index.php\/2023\/08\/10\/lista-la-juventudes-fest-2023-en-huixquilucan\/","url":"https:\/\/continuamosmx.com\/index.php\/2023\/08\/10\/lista-la-juventudes-fest-2023-en-huixquilucan\/","name":"LISTA LA \u201cJUVENTUDES FEST 2023\u201d EN HUIXQUILUCAN -","isPartOf":{"@id":"https:\/\/continuamosmx.com\/#website"},"primaryImageOfPage":{"@id":"https:\/\/continuamosmx.com\/index.php\/2023\/08\/10\/lista-la-juventudes-fest-2023-en-huixquilucan\/#primaryimage"},"image":{"@id":"https:\/\/continuamosmx.com\/index.php\/2023\/08\/10\/lista-la-juventudes-fest-2023-en-huixquilucan\/#primaryimage"},"thumbnailUrl":"https:\/\/continuamosmx.com\/wp-content\/uploads\/2023\/08\/juetud-1.jpeg","datePublished":"2023-08-10T07:14:23+00:00","dateModified":"2023-08-10T07:14:24+00:00","breadcrumb":{"@id":"https:\/\/continuamosmx.com\/index.php\/2023\/08\/10\/lista-la-juventudes-fest-2023-en-huixquilucan\/#breadcrumb"},"inLanguage":"es","potentialAction":[{"@type":"ReadAction","target":["https:\/\/continuamosmx.com\/index.php\/2023\/08\/10\/lista-la-juventudes-fest-2023-en-huixquilucan\/"]}]},{"@type":"ImageObject","inLanguage":"es","@id":"https:\/\/continuamosmx.com\/index.php\/2023\/08\/10\/lista-la-juventudes-fest-2023-en-huixquilucan\/#primaryimage","url":"https:\/\/continuamosmx.com\/wp-content\/uploads\/2023\/08\/juetud-1.jpeg","contentUrl":"https:\/\/continuamosmx.com\/wp-content\/uploads\/2023\/08\/juetud-1.jpeg","width":1600,"height":1080},{"@type":"BreadcrumbList","@id":"https:\/\/continuamosmx.com\/index.php\/2023\/08\/10\/lista-la-juventudes-fest-2023-en-huixquilucan\/#breadcrumb","itemListElement":[{"@type":"ListItem","position":1,"name":"Inicio","item":"https:\/\/continuamosmx.com\/"},{"@type":"ListItem","position":2,"name":"LISTA LA \u201cJUVENTUDES FEST 2023\u201d EN HUIXQUILUCAN"}]},{"@type":"WebSite","@id":"https:\/\/continuamosmx.com\/#website","url":"https:\/\/continuamosmx.com\/","name":"www.continuamosmx.com","description":"","publisher":{"@id":"https:\/\/continuamosmx.com\/#organization"},"potentialAction":[{"@type":"SearchAction","target":{"@type":"EntryPoint","urlTemplate":"https:\/\/continuamosmx.com\/?s={search_term_string}"},"query-input":{"@type":"PropertyValueSpecification","valueRequired":true,"valueName":"search_term_string"}}],"inLanguage":"es"},{"@type":"Organization","@id":"https:\/\/continuamosmx.com\/#organization","name":"ContinuamosMX","url":"https:\/\/continuamosmx.com\/","logo":{"@type":"ImageObject","inLanguage":"es","@id":"https:\/\/continuamosmx.com\/#\/schema\/logo\/image\/","url":"https:\/\/continuamosmx.com\/wp-content\/uploads\/2023\/04\/cropped-LOGO-CONTI-NUEVO.png","contentUrl":"https:\/\/continuamosmx.com\/wp-content\/uploads\/2023\/04\/cropped-LOGO-CONTI-NUEVO.png","width":1257,"height":430,"caption":"ContinuamosMX"},"image":{"@id":"https:\/\/continuamosmx.com\/#\/schema\/logo\/image\/"}},{"@type":"Person","@id":"https:\/\/continuamosmx.com\/#\/schema\/person\/5eb5356acb1fad784da407d14f0e8d89","name":"Continuamos MX","image":{"@type":"ImageObject","inLanguage":"es","@id":"https:\/\/secure.gravatar.com\/avatar\/30d4f9723476a15f4da34d35fb3501f08d2357016c76051c6a85c354c7489589?s=96&d=mm&r=g","url":"https:\/\/secure.gravatar.com\/avatar\/30d4f9723476a15f4da34d35fb3501f08d2357016c76051c6a85c354c7489589?s=96&d=mm&r=g","contentUrl":"https:\/\/secure.gravatar.com\/avatar\/30d4f9723476a15f4da34d35fb3501f08d2357016c76051c6a85c354c7489589?s=96&d=mm&r=g","caption":"Continuamos MX"},"sameAs":["http:\/\/www.continuamos.mx"],"url":"https:\/\/continuamosmx.com\/index.php\/author\/continuamos\/"}]}},"_links":{"self":[{"href":"https:\/\/continuamosmx.com\/index.php\/wp-json\/wp\/v2\/posts\/44625","targetHints":{"allow":["GET"]}}],"collection":[{"href":"https:\/\/continuamosmx.com\/index.php\/wp-json\/wp\/v2\/posts"}],"about":[{"href":"https:\/\/continuamosmx.com\/index.php\/wp-json\/wp\/v2\/types\/post"}],"author":[{"embeddable":true,"href":"https:\/\/continuamosmx.com\/index.php\/wp-json\/wp\/v2\/users\/6"}],"replies":[{"embeddable":true,"href":"https:\/\/continuamosmx.com\/index.php\/wp-json\/wp\/v2\/comments?post=44625"}],"version-history":[{"count":1,"href":"https:\/\/continuamosmx.com\/index.php\/wp-json\/wp\/v2\/posts\/44625\/revisions"}],"predecessor-version":[{"id":44627,"href":"https:\/\/continuamosmx.com\/index.php\/wp-json\/wp\/v2\/posts\/44625\/revisions\/44627"}],"wp:featuredmedia":[{"embeddable":true,"href":"https:\/\/continuamosmx.com\/index.php\/wp-json\/wp\/v2\/media\/44626"}],"wp:attachment":[{"href":"https:\/\/continuamosmx.com\/index.php\/wp-json\/wp\/v2\/media?parent=44625"}],"wp:term":[{"taxonomy":"category","embeddable":true,"href":"https:\/\/continuamosmx.com\/index.php\/wp-json\/wp\/v2\/categories?post=44625"},{"taxonomy":"post_tag","embeddable":true,"href":"https:\/\/continuamosmx.com\/index.php\/wp-json\/wp\/v2\/tags?post=44625"}],"curies":[{"name":"wp","href":"https:\/\/api.w.org\/{rel}","templated":true}]}}