{"id":44612,"date":"2023-08-09T19:52:22","date_gmt":"2023-08-09T19:52:22","guid":{"rendered":"https:\/\/continuamosmx.com\/?p=44612"},"modified":"2023-08-09T19:52:23","modified_gmt":"2023-08-09T19:52:23","slug":"amlo-acudira-a-toma-de-protesta-de-delfina-gomez","status":"publish","type":"post","link":"https:\/\/continuamosmx.com\/index.php\/2023\/08\/09\/amlo-acudira-a-toma-de-protesta-de-delfina-gomez\/","title":{"rendered":"AMLO ACUDIR\u00c1 A TOMA DE PROTESTA DE DELFINA G\u00d3MEZ"},"content":{"rendered":"\n<p>*<strong>Gobernadora de Edomex tomar\u00e1 protesta al cargo el 14 de septiembre.<\/strong><\/p>\n\n\n\n<p>Toluca, M\u00e9x.- La Junta de Coordinaci\u00f3n Pol\u00edtica del Congreso mexiquense acord\u00f3 la propuesta de formato de toma de protesta de la pr\u00f3xima gobernadora constitucional, Delfina G\u00f3mez \u00c1lvarez, ante el pleno del Poder Legislativo del Estado de M\u00e9xico el 14 de septiembre a las cinco de la tarde, con un mensaje posterior en el Teatro Morelos.<\/p>\n\n\n\n<p>As\u00ed lo dio a conocer el diputado El\u00edas Rescala Jim\u00e9nez, presidente de la Jucopo y coordinador del grupo parlamentario del PRI, quien resalt\u00f3 que la Sesi\u00f3n Solemne de toma de protesta se realizar\u00e1 en el recinto legislativo y mencion\u00f3 que esperar\u00e1n las propuestas de reformas que env\u00ede el equipo de la gobernadora electa.<\/p>\n\n\n\n<p>En este sentido, abund\u00f3 que una vez que las reciba, la Legislatura analizar\u00e1 estas propuestas de forma institucional para coadyuvar con el Ejecutivo estatal en beneficio de las y los mexiquenses.<\/p>\n\n\n\n<p>\u201cLo que s\u00ed queremos decir es que en el PRI siempre hemos sido institucionales y creemos que nosotros podemos coadyuvar a que se haga un mejor gobierno. Seremos coadyuvantes del gobierno estatal y daremos impulso a lo que creamos que tiene sentido para beneficio de los mexiquenses\u201d.<\/p>\n\n\n\n<p>Por sur parte, el coordinador de los diputados locales de Morena, Maurilio Hern\u00e1ndez Gonz\u00e1lez, confirm\u00f3 que se gir\u00f3 invitaci\u00f3n al presidente Andr\u00e9s Manuel L\u00f3pez Obrador para acudir a la ceremonia solemne.<\/p>\n\n\n\n<p>Dijo que al asistir a la toma de protesta, el jefe del Ejecutivo federal ser\u00eda la primera ocasi\u00f3n durante el sexenio que acuda a una ceremonia de este tipo.<\/p>\n\n\n\n<p>Destac\u00f3 que la toma de protesta ser\u00e1 en el recinto legislativo, una vez que el 5 de septiembre se realice la primera sesi\u00f3n del Tercer A\u00f1o de Ejercicio de la 61 Legislatura.<\/p>\n\n\n\n<p>En entrevista aparte, el Coordinador de Transici\u00f3n, Horacio Duarte Olivares dijo que el presidente Andr\u00e9s Manuel L\u00f3pez Obrador le confirm\u00f3 a la gobernadora electa de asistir a su toma de protesta.<\/p>\n\n\n\n<p>\u00abSi estar\u00e1 el presidente el d\u00eda 14 de septiembre, as\u00ed lo inform\u00f3 a la maestra Delfina y eso le va a dar una relevancia pol\u00edtica muy importante\u00bb, destac\u00f3.<\/p>\n\n\n\n<p>En su toma de protesta, ser\u00e1 es un acto simb\u00f3lico muy importante y le va a dar un realce pol\u00edtico al Estado de M\u00e9xico c\u00f3mo ya lo tenemos tanto en t\u00e9rminos de poblaci\u00f3n, pol\u00edtico econ\u00f3mico, ahora con una relevancia pol\u00edtica, sentenci\u00f3 el mexiquense.<\/p>\n","protected":false},"excerpt":{"rendered":"<p>*Gobernadora de Edomex tomar\u00e1 protesta al cargo el 14 de septiembre. Toluca, M\u00e9x.- La Junta de Coordinaci\u00f3n Pol\u00edtica del Congreso mexiquense acord\u00f3 la propuesta de formato de toma de protesta de la pr\u00f3xima gobernadora constitucional, Delfina G\u00f3mez \u00c1lvarez, ante el pleno del Poder Legislativo del Estado de M\u00e9xico el 14 de septiembre a las cinco [&hellip;]<\/p>\n","protected":false},"author":6,"featured_media":44613,"comment_status":"open","ping_status":"open","sticky":false,"template":"","format":"standard","meta":{"footnotes":""},"categories":[2,3],"tags":[],"class_list":["post-44612","post","type-post","status-publish","format-standard","has-post-thumbnail","hentry","category-edomex","category-politica"],"yoast_head":"<!-- This site is optimized with the Yoast SEO plugin v27.5 - https:\/\/yoast.com\/product\/yoast-seo-wordpress\/ -->\n<title>AMLO ACUDIR\u00c1 A TOMA DE PROTESTA DE DELFINA G\u00d3MEZ -<\/title>\n<meta name=\"robots\" content=\"index, follow, max-snippet:-1, max-image-preview:large, max-video-preview:-1\" \/>\n<link rel=\"canonical\" href=\"https:\/\/continuamosmx.com\/index.php\/2023\/08\/09\/amlo-acudira-a-toma-de-protesta-de-delfina-gomez\/\" \/>\n<meta property=\"og:locale\" content=\"es_ES\" \/>\n<meta property=\"og:type\" content=\"article\" \/>\n<meta property=\"og:title\" content=\"AMLO ACUDIR\u00c1 A TOMA DE PROTESTA DE DELFINA G\u00d3MEZ -\" \/>\n<meta property=\"og:description\" content=\"*Gobernadora de Edomex tomar\u00e1 protesta al cargo el 14 de septiembre. Toluca, M\u00e9x.- La Junta de Coordinaci\u00f3n Pol\u00edtica del Congreso mexiquense acord\u00f3 la propuesta de formato de toma de protesta de la pr\u00f3xima gobernadora constitucional, Delfina G\u00f3mez \u00c1lvarez, ante el pleno del Poder Legislativo del Estado de M\u00e9xico el 14 de septiembre a las cinco [&hellip;]\" \/>\n<meta property=\"og:url\" content=\"https:\/\/continuamosmx.com\/index.php\/2023\/08\/09\/amlo-acudira-a-toma-de-protesta-de-delfina-gomez\/\" \/>\n<meta property=\"article:published_time\" content=\"2023-08-09T19:52:22+00:00\" \/>\n<meta property=\"article:modified_time\" content=\"2023-08-09T19:52:23+00:00\" \/>\n<meta property=\"og:image\" content=\"https:\/\/continuamosmx.com\/wp-content\/uploads\/2023\/08\/congreso.jpg\" \/>\n\t<meta property=\"og:image:width\" content=\"850\" \/>\n\t<meta property=\"og:image:height\" content=\"567\" \/>\n\t<meta property=\"og:image:type\" content=\"image\/jpeg\" \/>\n<meta name=\"author\" content=\"Continuamos MX\" \/>\n<meta name=\"twitter:card\" content=\"summary_large_image\" \/>\n<meta name=\"twitter:label1\" content=\"Escrito por\" \/>\n\t<meta name=\"twitter:data1\" content=\"Continuamos MX\" \/>\n\t<meta name=\"twitter:label2\" content=\"Tiempo de lectura\" \/>\n\t<meta name=\"twitter:data2\" content=\"2 minutos\" \/>\n<script type=\"application\/ld+json\" class=\"yoast-schema-graph\">{\"@context\":\"https:\\\/\\\/schema.org\",\"@graph\":[{\"@type\":\"Article\",\"@id\":\"https:\\\/\\\/continuamosmx.com\\\/index.php\\\/2023\\\/08\\\/09\\\/amlo-acudira-a-toma-de-protesta-de-delfina-gomez\\\/#article\",\"isPartOf\":{\"@id\":\"https:\\\/\\\/continuamosmx.com\\\/index.php\\\/2023\\\/08\\\/09\\\/amlo-acudira-a-toma-de-protesta-de-delfina-gomez\\\/\"},\"author\":{\"name\":\"Continuamos MX\",\"@id\":\"https:\\\/\\\/continuamosmx.com\\\/#\\\/schema\\\/person\\\/5eb5356acb1fad784da407d14f0e8d89\"},\"headline\":\"AMLO ACUDIR\u00c1 A TOMA DE PROTESTA DE DELFINA G\u00d3MEZ\",\"datePublished\":\"2023-08-09T19:52:22+00:00\",\"dateModified\":\"2023-08-09T19:52:23+00:00\",\"mainEntityOfPage\":{\"@id\":\"https:\\\/\\\/continuamosmx.com\\\/index.php\\\/2023\\\/08\\\/09\\\/amlo-acudira-a-toma-de-protesta-de-delfina-gomez\\\/\"},\"wordCount\":431,\"commentCount\":0,\"publisher\":{\"@id\":\"https:\\\/\\\/continuamosmx.com\\\/#organization\"},\"image\":{\"@id\":\"https:\\\/\\\/continuamosmx.com\\\/index.php\\\/2023\\\/08\\\/09\\\/amlo-acudira-a-toma-de-protesta-de-delfina-gomez\\\/#primaryimage\"},\"thumbnailUrl\":\"https:\\\/\\\/continuamosmx.com\\\/wp-content\\\/uploads\\\/2023\\\/08\\\/congreso.jpg\",\"articleSection\":[\"EDOMEX\",\"POL\u00cdTICA\"],\"inLanguage\":\"es\"},{\"@type\":\"WebPage\",\"@id\":\"https:\\\/\\\/continuamosmx.com\\\/index.php\\\/2023\\\/08\\\/09\\\/amlo-acudira-a-toma-de-protesta-de-delfina-gomez\\\/\",\"url\":\"https:\\\/\\\/continuamosmx.com\\\/index.php\\\/2023\\\/08\\\/09\\\/amlo-acudira-a-toma-de-protesta-de-delfina-gomez\\\/\",\"name\":\"AMLO ACUDIR\u00c1 A TOMA DE PROTESTA DE DELFINA G\u00d3MEZ -\",\"isPartOf\":{\"@id\":\"https:\\\/\\\/continuamosmx.com\\\/#website\"},\"primaryImageOfPage\":{\"@id\":\"https:\\\/\\\/continuamosmx.com\\\/index.php\\\/2023\\\/08\\\/09\\\/amlo-acudira-a-toma-de-protesta-de-delfina-gomez\\\/#primaryimage\"},\"image\":{\"@id\":\"https:\\\/\\\/continuamosmx.com\\\/index.php\\\/2023\\\/08\\\/09\\\/amlo-acudira-a-toma-de-protesta-de-delfina-gomez\\\/#primaryimage\"},\"thumbnailUrl\":\"https:\\\/\\\/continuamosmx.com\\\/wp-content\\\/uploads\\\/2023\\\/08\\\/congreso.jpg\",\"datePublished\":\"2023-08-09T19:52:22+00:00\",\"dateModified\":\"2023-08-09T19:52:23+00:00\",\"breadcrumb\":{\"@id\":\"https:\\\/\\\/continuamosmx.com\\\/index.php\\\/2023\\\/08\\\/09\\\/amlo-acudira-a-toma-de-protesta-de-delfina-gomez\\\/#breadcrumb\"},\"inLanguage\":\"es\",\"potentialAction\":[{\"@type\":\"ReadAction\",\"target\":[\"https:\\\/\\\/continuamosmx.com\\\/index.php\\\/2023\\\/08\\\/09\\\/amlo-acudira-a-toma-de-protesta-de-delfina-gomez\\\/\"]}]},{\"@type\":\"ImageObject\",\"inLanguage\":\"es\",\"@id\":\"https:\\\/\\\/continuamosmx.com\\\/index.php\\\/2023\\\/08\\\/09\\\/amlo-acudira-a-toma-de-protesta-de-delfina-gomez\\\/#primaryimage\",\"url\":\"https:\\\/\\\/continuamosmx.com\\\/wp-content\\\/uploads\\\/2023\\\/08\\\/congreso.jpg\",\"contentUrl\":\"https:\\\/\\\/continuamosmx.com\\\/wp-content\\\/uploads\\\/2023\\\/08\\\/congreso.jpg\",\"width\":850,\"height\":567},{\"@type\":\"BreadcrumbList\",\"@id\":\"https:\\\/\\\/continuamosmx.com\\\/index.php\\\/2023\\\/08\\\/09\\\/amlo-acudira-a-toma-de-protesta-de-delfina-gomez\\\/#breadcrumb\",\"itemListElement\":[{\"@type\":\"ListItem\",\"position\":1,\"name\":\"Inicio\",\"item\":\"https:\\\/\\\/continuamosmx.com\\\/\"},{\"@type\":\"ListItem\",\"position\":2,\"name\":\"AMLO ACUDIR\u00c1 A TOMA DE PROTESTA DE DELFINA G\u00d3MEZ\"}]},{\"@type\":\"WebSite\",\"@id\":\"https:\\\/\\\/continuamosmx.com\\\/#website\",\"url\":\"https:\\\/\\\/continuamosmx.com\\\/\",\"name\":\"www.continuamosmx.com\",\"description\":\"\",\"publisher\":{\"@id\":\"https:\\\/\\\/continuamosmx.com\\\/#organization\"},\"potentialAction\":[{\"@type\":\"SearchAction\",\"target\":{\"@type\":\"EntryPoint\",\"urlTemplate\":\"https:\\\/\\\/continuamosmx.com\\\/?s={search_term_string}\"},\"query-input\":{\"@type\":\"PropertyValueSpecification\",\"valueRequired\":true,\"valueName\":\"search_term_string\"}}],\"inLanguage\":\"es\"},{\"@type\":\"Organization\",\"@id\":\"https:\\\/\\\/continuamosmx.com\\\/#organization\",\"name\":\"ContinuamosMX\",\"url\":\"https:\\\/\\\/continuamosmx.com\\\/\",\"logo\":{\"@type\":\"ImageObject\",\"inLanguage\":\"es\",\"@id\":\"https:\\\/\\\/continuamosmx.com\\\/#\\\/schema\\\/logo\\\/image\\\/\",\"url\":\"https:\\\/\\\/continuamosmx.com\\\/wp-content\\\/uploads\\\/2023\\\/04\\\/cropped-LOGO-CONTI-NUEVO.png\",\"contentUrl\":\"https:\\\/\\\/continuamosmx.com\\\/wp-content\\\/uploads\\\/2023\\\/04\\\/cropped-LOGO-CONTI-NUEVO.png\",\"width\":1257,\"height\":430,\"caption\":\"ContinuamosMX\"},\"image\":{\"@id\":\"https:\\\/\\\/continuamosmx.com\\\/#\\\/schema\\\/logo\\\/image\\\/\"}},{\"@type\":\"Person\",\"@id\":\"https:\\\/\\\/continuamosmx.com\\\/#\\\/schema\\\/person\\\/5eb5356acb1fad784da407d14f0e8d89\",\"name\":\"Continuamos MX\",\"image\":{\"@type\":\"ImageObject\",\"inLanguage\":\"es\",\"@id\":\"https:\\\/\\\/secure.gravatar.com\\\/avatar\\\/30d4f9723476a15f4da34d35fb3501f08d2357016c76051c6a85c354c7489589?s=96&d=mm&r=g\",\"url\":\"https:\\\/\\\/secure.gravatar.com\\\/avatar\\\/30d4f9723476a15f4da34d35fb3501f08d2357016c76051c6a85c354c7489589?s=96&d=mm&r=g\",\"contentUrl\":\"https:\\\/\\\/secure.gravatar.com\\\/avatar\\\/30d4f9723476a15f4da34d35fb3501f08d2357016c76051c6a85c354c7489589?s=96&d=mm&r=g\",\"caption\":\"Continuamos MX\"},\"sameAs\":[\"http:\\\/\\\/www.continuamos.mx\"],\"url\":\"https:\\\/\\\/continuamosmx.com\\\/index.php\\\/author\\\/continuamos\\\/\"}]}<\/script>\n<!-- \/ Yoast SEO plugin. -->","yoast_head_json":{"title":"AMLO ACUDIR\u00c1 A TOMA DE PROTESTA DE DELFINA G\u00d3MEZ -","robots":{"index":"index","follow":"follow","max-snippet":"max-snippet:-1","max-image-preview":"max-image-preview:large","max-video-preview":"max-video-preview:-1"},"canonical":"https:\/\/continuamosmx.com\/index.php\/2023\/08\/09\/amlo-acudira-a-toma-de-protesta-de-delfina-gomez\/","og_locale":"es_ES","og_type":"article","og_title":"AMLO ACUDIR\u00c1 A TOMA DE PROTESTA DE DELFINA G\u00d3MEZ -","og_description":"*Gobernadora de Edomex tomar\u00e1 protesta al cargo el 14 de septiembre. Toluca, M\u00e9x.- La Junta de Coordinaci\u00f3n Pol\u00edtica del Congreso mexiquense acord\u00f3 la propuesta de formato de toma de protesta de la pr\u00f3xima gobernadora constitucional, Delfina G\u00f3mez \u00c1lvarez, ante el pleno del Poder Legislativo del Estado de M\u00e9xico el 14 de septiembre a las cinco [&hellip;]","og_url":"https:\/\/continuamosmx.com\/index.php\/2023\/08\/09\/amlo-acudira-a-toma-de-protesta-de-delfina-gomez\/","article_published_time":"2023-08-09T19:52:22+00:00","article_modified_time":"2023-08-09T19:52:23+00:00","og_image":[{"width":850,"height":567,"url":"https:\/\/continuamosmx.com\/wp-content\/uploads\/2023\/08\/congreso.jpg","type":"image\/jpeg"}],"author":"Continuamos MX","twitter_card":"summary_large_image","twitter_misc":{"Escrito por":"Continuamos MX","Tiempo de lectura":"2 minutos"},"schema":{"@context":"https:\/\/schema.org","@graph":[{"@type":"Article","@id":"https:\/\/continuamosmx.com\/index.php\/2023\/08\/09\/amlo-acudira-a-toma-de-protesta-de-delfina-gomez\/#article","isPartOf":{"@id":"https:\/\/continuamosmx.com\/index.php\/2023\/08\/09\/amlo-acudira-a-toma-de-protesta-de-delfina-gomez\/"},"author":{"name":"Continuamos MX","@id":"https:\/\/continuamosmx.com\/#\/schema\/person\/5eb5356acb1fad784da407d14f0e8d89"},"headline":"AMLO ACUDIR\u00c1 A TOMA DE PROTESTA DE DELFINA G\u00d3MEZ","datePublished":"2023-08-09T19:52:22+00:00","dateModified":"2023-08-09T19:52:23+00:00","mainEntityOfPage":{"@id":"https:\/\/continuamosmx.com\/index.php\/2023\/08\/09\/amlo-acudira-a-toma-de-protesta-de-delfina-gomez\/"},"wordCount":431,"commentCount":0,"publisher":{"@id":"https:\/\/continuamosmx.com\/#organization"},"image":{"@id":"https:\/\/continuamosmx.com\/index.php\/2023\/08\/09\/amlo-acudira-a-toma-de-protesta-de-delfina-gomez\/#primaryimage"},"thumbnailUrl":"https:\/\/continuamosmx.com\/wp-content\/uploads\/2023\/08\/congreso.jpg","articleSection":["EDOMEX","POL\u00cdTICA"],"inLanguage":"es"},{"@type":"WebPage","@id":"https:\/\/continuamosmx.com\/index.php\/2023\/08\/09\/amlo-acudira-a-toma-de-protesta-de-delfina-gomez\/","url":"https:\/\/continuamosmx.com\/index.php\/2023\/08\/09\/amlo-acudira-a-toma-de-protesta-de-delfina-gomez\/","name":"AMLO ACUDIR\u00c1 A TOMA DE PROTESTA DE DELFINA G\u00d3MEZ -","isPartOf":{"@id":"https:\/\/continuamosmx.com\/#website"},"primaryImageOfPage":{"@id":"https:\/\/continuamosmx.com\/index.php\/2023\/08\/09\/amlo-acudira-a-toma-de-protesta-de-delfina-gomez\/#primaryimage"},"image":{"@id":"https:\/\/continuamosmx.com\/index.php\/2023\/08\/09\/amlo-acudira-a-toma-de-protesta-de-delfina-gomez\/#primaryimage"},"thumbnailUrl":"https:\/\/continuamosmx.com\/wp-content\/uploads\/2023\/08\/congreso.jpg","datePublished":"2023-08-09T19:52:22+00:00","dateModified":"2023-08-09T19:52:23+00:00","breadcrumb":{"@id":"https:\/\/continuamosmx.com\/index.php\/2023\/08\/09\/amlo-acudira-a-toma-de-protesta-de-delfina-gomez\/#breadcrumb"},"inLanguage":"es","potentialAction":[{"@type":"ReadAction","target":["https:\/\/continuamosmx.com\/index.php\/2023\/08\/09\/amlo-acudira-a-toma-de-protesta-de-delfina-gomez\/"]}]},{"@type":"ImageObject","inLanguage":"es","@id":"https:\/\/continuamosmx.com\/index.php\/2023\/08\/09\/amlo-acudira-a-toma-de-protesta-de-delfina-gomez\/#primaryimage","url":"https:\/\/continuamosmx.com\/wp-content\/uploads\/2023\/08\/congreso.jpg","contentUrl":"https:\/\/continuamosmx.com\/wp-content\/uploads\/2023\/08\/congreso.jpg","width":850,"height":567},{"@type":"BreadcrumbList","@id":"https:\/\/continuamosmx.com\/index.php\/2023\/08\/09\/amlo-acudira-a-toma-de-protesta-de-delfina-gomez\/#breadcrumb","itemListElement":[{"@type":"ListItem","position":1,"name":"Inicio","item":"https:\/\/continuamosmx.com\/"},{"@type":"ListItem","position":2,"name":"AMLO ACUDIR\u00c1 A TOMA DE PROTESTA DE DELFINA G\u00d3MEZ"}]},{"@type":"WebSite","@id":"https:\/\/continuamosmx.com\/#website","url":"https:\/\/continuamosmx.com\/","name":"www.continuamosmx.com","description":"","publisher":{"@id":"https:\/\/continuamosmx.com\/#organization"},"potentialAction":[{"@type":"SearchAction","target":{"@type":"EntryPoint","urlTemplate":"https:\/\/continuamosmx.com\/?s={search_term_string}"},"query-input":{"@type":"PropertyValueSpecification","valueRequired":true,"valueName":"search_term_string"}}],"inLanguage":"es"},{"@type":"Organization","@id":"https:\/\/continuamosmx.com\/#organization","name":"ContinuamosMX","url":"https:\/\/continuamosmx.com\/","logo":{"@type":"ImageObject","inLanguage":"es","@id":"https:\/\/continuamosmx.com\/#\/schema\/logo\/image\/","url":"https:\/\/continuamosmx.com\/wp-content\/uploads\/2023\/04\/cropped-LOGO-CONTI-NUEVO.png","contentUrl":"https:\/\/continuamosmx.com\/wp-content\/uploads\/2023\/04\/cropped-LOGO-CONTI-NUEVO.png","width":1257,"height":430,"caption":"ContinuamosMX"},"image":{"@id":"https:\/\/continuamosmx.com\/#\/schema\/logo\/image\/"}},{"@type":"Person","@id":"https:\/\/continuamosmx.com\/#\/schema\/person\/5eb5356acb1fad784da407d14f0e8d89","name":"Continuamos MX","image":{"@type":"ImageObject","inLanguage":"es","@id":"https:\/\/secure.gravatar.com\/avatar\/30d4f9723476a15f4da34d35fb3501f08d2357016c76051c6a85c354c7489589?s=96&d=mm&r=g","url":"https:\/\/secure.gravatar.com\/avatar\/30d4f9723476a15f4da34d35fb3501f08d2357016c76051c6a85c354c7489589?s=96&d=mm&r=g","contentUrl":"https:\/\/secure.gravatar.com\/avatar\/30d4f9723476a15f4da34d35fb3501f08d2357016c76051c6a85c354c7489589?s=96&d=mm&r=g","caption":"Continuamos MX"},"sameAs":["http:\/\/www.continuamos.mx"],"url":"https:\/\/continuamosmx.com\/index.php\/author\/continuamos\/"}]}},"_links":{"self":[{"href":"https:\/\/continuamosmx.com\/index.php\/wp-json\/wp\/v2\/posts\/44612","targetHints":{"allow":["GET"]}}],"collection":[{"href":"https:\/\/continuamosmx.com\/index.php\/wp-json\/wp\/v2\/posts"}],"about":[{"href":"https:\/\/continuamosmx.com\/index.php\/wp-json\/wp\/v2\/types\/post"}],"author":[{"embeddable":true,"href":"https:\/\/continuamosmx.com\/index.php\/wp-json\/wp\/v2\/users\/6"}],"replies":[{"embeddable":true,"href":"https:\/\/continuamosmx.com\/index.php\/wp-json\/wp\/v2\/comments?post=44612"}],"version-history":[{"count":1,"href":"https:\/\/continuamosmx.com\/index.php\/wp-json\/wp\/v2\/posts\/44612\/revisions"}],"predecessor-version":[{"id":44614,"href":"https:\/\/continuamosmx.com\/index.php\/wp-json\/wp\/v2\/posts\/44612\/revisions\/44614"}],"wp:featuredmedia":[{"embeddable":true,"href":"https:\/\/continuamosmx.com\/index.php\/wp-json\/wp\/v2\/media\/44613"}],"wp:attachment":[{"href":"https:\/\/continuamosmx.com\/index.php\/wp-json\/wp\/v2\/media?parent=44612"}],"wp:term":[{"taxonomy":"category","embeddable":true,"href":"https:\/\/continuamosmx.com\/index.php\/wp-json\/wp\/v2\/categories?post=44612"},{"taxonomy":"post_tag","embeddable":true,"href":"https:\/\/continuamosmx.com\/index.php\/wp-json\/wp\/v2\/tags?post=44612"}],"curies":[{"name":"wp","href":"https:\/\/api.w.org\/{rel}","templated":true}]}}