{"id":44604,"date":"2023-08-08T19:09:00","date_gmt":"2023-08-08T19:09:00","guid":{"rendered":"https:\/\/continuamosmx.com\/?p=44604"},"modified":"2023-08-09T05:50:45","modified_gmt":"2023-08-09T05:50:45","slug":"piden-armonizar-legislacion-de-movilidad-yseguridad-vial","status":"publish","type":"post","link":"https:\/\/continuamosmx.com\/index.php\/2023\/08\/08\/piden-armonizar-legislacion-de-movilidad-yseguridad-vial\/","title":{"rendered":"PIDEN ARMONIZAR LEGISLACI\u00d3N DE MOVILIDAD Y SEGURIDAD VIAL"},"content":{"rendered":"\n<p>*<strong>Van m\u00e1s de seis meses de retraso en la armonizaci\u00f3n de la Ley General de Movilidad<br>y Seguridad Vial en el Estado de M\u00e9xico, cuyo plazo venci\u00f3 el pasado 14 de<br>noviembre de 2022.<\/strong><\/p>\n\n\n\n<p>REDACCI\u00d3N<\/p>\n\n\n\n<p>TOLUCA, M\u00e9x.- En presencia de universitarios y docentes se llev\u00f3 a cabo el primer Taller \u201cArmonizando la Ley de Movilidad en el Estado de M\u00e9xico\u201d con el prop\u00f3sito de encontrar soluciones que faciliten el desplazamiento seguro, eficiente y sostenible en el territorio estatal dentro del marco publicado en mayo del 2022.<\/p>\n\n\n\n<p>Cabe se\u00f1alar que, a pesar de no estar entre los estados con m\u00e1s siniestros viales, el Edomex<br>es la entidad con m\u00e1s muertes por esta causa, pues registr\u00f3 un incremento de 11.51%<br>durante el a\u00f1o 2022 con respecto al 2021, de acuerdo con datos del Secretariado Ejecutivo<br>del Sistema Nacional de Seguridad P\u00fablica (SESNSP).<\/p>\n\n\n\n<p>Esto refleja la urgencia de controlar los factores de riesgo relacionados con los decesos y con<br>da\u00f1os f\u00edsicos graves, pues de acuerdo con cifras oficiales, en M\u00e9xico murieron 44 personas al<br>d\u00eda por hechos relacionados a los accidentes de tr\u00e1nsito, mismos que fueron causados por<br>exceso de velocidad, consumo de alcohol, uso de dispositivos electr\u00f3nicos o celular.<\/p>\n\n\n\n<p>Ante esta situaci\u00f3n, con el respaldo del diputado local, David Parra S\u00e1nchez,<br>representantes de la Sociedad Civil Organizada, y especialistas en pol\u00edticas p\u00fablicas del<br>Edomex, urgieron continuar y concluir el proceso de armonizaci\u00f3n legislativa de la<br>ley del Estado de M\u00e9xico con la Ley General de Movilidad y Seguridad vial.<\/p>\n\n\n\n<p>Por su parte, en nombre del diputado, Alberto G\u00f3mez Salgado, indic\u00f3 que la regulaci\u00f3n de las<br>normas en materia de movilidad implica la colaboraci\u00f3n estrecha entre ciudadan\u00eda, sectores sociales, empresas y gobierno.<\/p>\n\n\n\n<p>\u201cSe debe invertir en infraestructura adecuada, transporte<br>p\u00fablico asequible y sustentable, as\u00ed como disminuir la dependencia del autom\u00f3vil y ampliar el<br>uso de veh\u00edculos el\u00e9ctricos y sistemas de transporte compartido, entre otros\u201d, se\u00f1al\u00f3.<\/p>\n\n\n\n<p>Al respecto, Paola Lara, especialista y abogada de la Coalici\u00f3n Movilidad Segura, puntualiz\u00f3<br>que es necesario \u201cajustar las leyes estatales para ser consistentes con la Ley General es<br>esencial por dos razones: en primer lugar establece un piso m\u00ednimo de est\u00e1ndares que<br>permiten garantizar el derecho a la movilidad para quienes vivimos en este pa\u00eds,<br>independientemente de los contextos locales. En segundo lugar, garantiza una coherencia<br>normativa y una aplicaci\u00f3n uniforme en todo el territorio nacional, lo cual no solo facilita la comprensi\u00f3n y cumplimiento por parte de los ciudadanos, sino que potencia la aplicaci\u00f3n de<br>soluciones de seguridad vial y movilidad sostenible m\u00e1s efectivas y eficientes\u00bb.<\/p>\n\n\n\n<p>En su intervenci\u00f3n, Orlando Siles, Sexto Regidor de Chimalhuac\u00e1n, destac\u00f3 la importancia de<br>traducir la participaci\u00f3n de la sociedad civil en leyes y lenguaje jur\u00eddico que lleven a un<br>transporte p\u00fablico, calles y caminos m\u00e1s seguros, mientras que, V\u00edctor Alvarado,<br>Responsable del \u00e1rea de Movilidad y Agenda Clim\u00e1tica en El Poder del Consumidor, recalc\u00f3<br>que el proceso de armonizaci\u00f3n de la ley debe ser prioridad considerando las necesidades de<br>los m\u00e1s vulnerables, principalmente en las zonas rurales.<\/p>\n\n\n\n<p>\u201cDurante a\u00f1os hemos trabajado en comunidad, pero este evento nos ha llenado de muchas<br>ganas de seguir compartiendo lo que hemos aprendido; esta ley es para todas y todos, llegar<br>a las personas m\u00e1s j\u00f3venes es vital\u201d, dijo Wilma Parra, miembro de Biciverde<br>AC.<\/p>\n\n\n\n<p>Por \u00faltimo, Paola G\u00f3mez, Coordinadora de Movilidad en Cuautitl\u00e1n Izcalli, pidi\u00f3 medidas que<br>garanticen la movilidad de personas vulnerables y de las que se dedican al cuidado, quienes realizan trabajo no remunerado como madres de familia.<\/p>\n\n\n\n<p>Finalmente, las y los expertos resaltaron la importancia de traducir la participaci\u00f3n de la<br>sociedad civil en leyes y lenguaje jur\u00eddico que lleven a un transporte p\u00fablico, calles y caminos<br>m\u00e1s seguros. Tambi\u00e9n se revel\u00f3 que en materia de desplazamientos y planeaci\u00f3n urbana en<br>la entidad, 62% de los planes municipales son obsoletos.<\/p>\n","protected":false},"excerpt":{"rendered":"<p>*Van m\u00e1s de seis meses de retraso en la armonizaci\u00f3n de la Ley General de Movilidady Seguridad Vial en el Estado de M\u00e9xico, cuyo plazo venci\u00f3 el pasado 14 denoviembre de 2022. REDACCI\u00d3N TOLUCA, M\u00e9x.- En presencia de universitarios y docentes se llev\u00f3 a cabo el primer Taller \u201cArmonizando la Ley de Movilidad en el [&hellip;]<\/p>\n","protected":false},"author":6,"featured_media":44605,"comment_status":"open","ping_status":"open","sticky":false,"template":"","format":"standard","meta":{"footnotes":""},"categories":[2,3],"tags":[],"class_list":["post-44604","post","type-post","status-publish","format-standard","has-post-thumbnail","hentry","category-edomex","category-politica"],"yoast_head":"<!-- This site is optimized with the Yoast SEO plugin v27.5 - https:\/\/yoast.com\/product\/yoast-seo-wordpress\/ -->\n<title>PIDEN ARMONIZAR LEGISLACI\u00d3N DE MOVILIDAD Y SEGURIDAD VIAL -<\/title>\n<meta name=\"robots\" content=\"index, follow, max-snippet:-1, max-image-preview:large, max-video-preview:-1\" \/>\n<link rel=\"canonical\" href=\"https:\/\/continuamosmx.com\/index.php\/2023\/08\/08\/piden-armonizar-legislacion-de-movilidad-yseguridad-vial\/\" \/>\n<meta property=\"og:locale\" content=\"es_ES\" \/>\n<meta property=\"og:type\" content=\"article\" \/>\n<meta property=\"og:title\" content=\"PIDEN ARMONIZAR LEGISLACI\u00d3N DE MOVILIDAD Y SEGURIDAD VIAL -\" \/>\n<meta property=\"og:description\" content=\"*Van m\u00e1s de seis meses de retraso en la armonizaci\u00f3n de la Ley General de Movilidady Seguridad Vial en el Estado de M\u00e9xico, cuyo plazo venci\u00f3 el pasado 14 denoviembre de 2022. REDACCI\u00d3N TOLUCA, M\u00e9x.- En presencia de universitarios y docentes se llev\u00f3 a cabo el primer Taller \u201cArmonizando la Ley de Movilidad en el [&hellip;]\" \/>\n<meta property=\"og:url\" content=\"https:\/\/continuamosmx.com\/index.php\/2023\/08\/08\/piden-armonizar-legislacion-de-movilidad-yseguridad-vial\/\" \/>\n<meta property=\"article:published_time\" content=\"2023-08-08T19:09:00+00:00\" \/>\n<meta property=\"article:modified_time\" content=\"2023-08-09T05:50:45+00:00\" \/>\n<meta property=\"og:image\" content=\"https:\/\/continuamosmx.com\/wp-content\/uploads\/2023\/08\/armo2.jpg\" \/>\n\t<meta property=\"og:image:width\" content=\"1600\" \/>\n\t<meta property=\"og:image:height\" content=\"1200\" \/>\n\t<meta property=\"og:image:type\" content=\"image\/jpeg\" \/>\n<meta name=\"author\" content=\"Continuamos MX\" \/>\n<meta name=\"twitter:card\" content=\"summary_large_image\" \/>\n<meta name=\"twitter:label1\" content=\"Escrito por\" \/>\n\t<meta name=\"twitter:data1\" content=\"Continuamos MX\" \/>\n\t<meta name=\"twitter:label2\" content=\"Tiempo de lectura\" \/>\n\t<meta name=\"twitter:data2\" content=\"3 minutos\" \/>\n<script type=\"application\/ld+json\" class=\"yoast-schema-graph\">{\"@context\":\"https:\\\/\\\/schema.org\",\"@graph\":[{\"@type\":\"Article\",\"@id\":\"https:\\\/\\\/continuamosmx.com\\\/index.php\\\/2023\\\/08\\\/08\\\/piden-armonizar-legislacion-de-movilidad-yseguridad-vial\\\/#article\",\"isPartOf\":{\"@id\":\"https:\\\/\\\/continuamosmx.com\\\/index.php\\\/2023\\\/08\\\/08\\\/piden-armonizar-legislacion-de-movilidad-yseguridad-vial\\\/\"},\"author\":{\"name\":\"Continuamos MX\",\"@id\":\"https:\\\/\\\/continuamosmx.com\\\/#\\\/schema\\\/person\\\/5eb5356acb1fad784da407d14f0e8d89\"},\"headline\":\"PIDEN ARMONIZAR LEGISLACI\u00d3N DE MOVILIDAD Y SEGURIDAD VIAL\",\"datePublished\":\"2023-08-08T19:09:00+00:00\",\"dateModified\":\"2023-08-09T05:50:45+00:00\",\"mainEntityOfPage\":{\"@id\":\"https:\\\/\\\/continuamosmx.com\\\/index.php\\\/2023\\\/08\\\/08\\\/piden-armonizar-legislacion-de-movilidad-yseguridad-vial\\\/\"},\"wordCount\":667,\"commentCount\":0,\"publisher\":{\"@id\":\"https:\\\/\\\/continuamosmx.com\\\/#organization\"},\"image\":{\"@id\":\"https:\\\/\\\/continuamosmx.com\\\/index.php\\\/2023\\\/08\\\/08\\\/piden-armonizar-legislacion-de-movilidad-yseguridad-vial\\\/#primaryimage\"},\"thumbnailUrl\":\"https:\\\/\\\/continuamosmx.com\\\/wp-content\\\/uploads\\\/2023\\\/08\\\/armo2.jpg\",\"articleSection\":[\"EDOMEX\",\"POL\u00cdTICA\"],\"inLanguage\":\"es\"},{\"@type\":\"WebPage\",\"@id\":\"https:\\\/\\\/continuamosmx.com\\\/index.php\\\/2023\\\/08\\\/08\\\/piden-armonizar-legislacion-de-movilidad-yseguridad-vial\\\/\",\"url\":\"https:\\\/\\\/continuamosmx.com\\\/index.php\\\/2023\\\/08\\\/08\\\/piden-armonizar-legislacion-de-movilidad-yseguridad-vial\\\/\",\"name\":\"PIDEN ARMONIZAR LEGISLACI\u00d3N DE MOVILIDAD Y SEGURIDAD VIAL -\",\"isPartOf\":{\"@id\":\"https:\\\/\\\/continuamosmx.com\\\/#website\"},\"primaryImageOfPage\":{\"@id\":\"https:\\\/\\\/continuamosmx.com\\\/index.php\\\/2023\\\/08\\\/08\\\/piden-armonizar-legislacion-de-movilidad-yseguridad-vial\\\/#primaryimage\"},\"image\":{\"@id\":\"https:\\\/\\\/continuamosmx.com\\\/index.php\\\/2023\\\/08\\\/08\\\/piden-armonizar-legislacion-de-movilidad-yseguridad-vial\\\/#primaryimage\"},\"thumbnailUrl\":\"https:\\\/\\\/continuamosmx.com\\\/wp-content\\\/uploads\\\/2023\\\/08\\\/armo2.jpg\",\"datePublished\":\"2023-08-08T19:09:00+00:00\",\"dateModified\":\"2023-08-09T05:50:45+00:00\",\"breadcrumb\":{\"@id\":\"https:\\\/\\\/continuamosmx.com\\\/index.php\\\/2023\\\/08\\\/08\\\/piden-armonizar-legislacion-de-movilidad-yseguridad-vial\\\/#breadcrumb\"},\"inLanguage\":\"es\",\"potentialAction\":[{\"@type\":\"ReadAction\",\"target\":[\"https:\\\/\\\/continuamosmx.com\\\/index.php\\\/2023\\\/08\\\/08\\\/piden-armonizar-legislacion-de-movilidad-yseguridad-vial\\\/\"]}]},{\"@type\":\"ImageObject\",\"inLanguage\":\"es\",\"@id\":\"https:\\\/\\\/continuamosmx.com\\\/index.php\\\/2023\\\/08\\\/08\\\/piden-armonizar-legislacion-de-movilidad-yseguridad-vial\\\/#primaryimage\",\"url\":\"https:\\\/\\\/continuamosmx.com\\\/wp-content\\\/uploads\\\/2023\\\/08\\\/armo2.jpg\",\"contentUrl\":\"https:\\\/\\\/continuamosmx.com\\\/wp-content\\\/uploads\\\/2023\\\/08\\\/armo2.jpg\",\"width\":1600,\"height\":1200},{\"@type\":\"BreadcrumbList\",\"@id\":\"https:\\\/\\\/continuamosmx.com\\\/index.php\\\/2023\\\/08\\\/08\\\/piden-armonizar-legislacion-de-movilidad-yseguridad-vial\\\/#breadcrumb\",\"itemListElement\":[{\"@type\":\"ListItem\",\"position\":1,\"name\":\"Inicio\",\"item\":\"https:\\\/\\\/continuamosmx.com\\\/\"},{\"@type\":\"ListItem\",\"position\":2,\"name\":\"PIDEN ARMONIZAR LEGISLACI\u00d3N DE MOVILIDAD Y SEGURIDAD VIAL\"}]},{\"@type\":\"WebSite\",\"@id\":\"https:\\\/\\\/continuamosmx.com\\\/#website\",\"url\":\"https:\\\/\\\/continuamosmx.com\\\/\",\"name\":\"www.continuamosmx.com\",\"description\":\"\",\"publisher\":{\"@id\":\"https:\\\/\\\/continuamosmx.com\\\/#organization\"},\"potentialAction\":[{\"@type\":\"SearchAction\",\"target\":{\"@type\":\"EntryPoint\",\"urlTemplate\":\"https:\\\/\\\/continuamosmx.com\\\/?s={search_term_string}\"},\"query-input\":{\"@type\":\"PropertyValueSpecification\",\"valueRequired\":true,\"valueName\":\"search_term_string\"}}],\"inLanguage\":\"es\"},{\"@type\":\"Organization\",\"@id\":\"https:\\\/\\\/continuamosmx.com\\\/#organization\",\"name\":\"ContinuamosMX\",\"url\":\"https:\\\/\\\/continuamosmx.com\\\/\",\"logo\":{\"@type\":\"ImageObject\",\"inLanguage\":\"es\",\"@id\":\"https:\\\/\\\/continuamosmx.com\\\/#\\\/schema\\\/logo\\\/image\\\/\",\"url\":\"https:\\\/\\\/continuamosmx.com\\\/wp-content\\\/uploads\\\/2023\\\/04\\\/cropped-LOGO-CONTI-NUEVO.png\",\"contentUrl\":\"https:\\\/\\\/continuamosmx.com\\\/wp-content\\\/uploads\\\/2023\\\/04\\\/cropped-LOGO-CONTI-NUEVO.png\",\"width\":1257,\"height\":430,\"caption\":\"ContinuamosMX\"},\"image\":{\"@id\":\"https:\\\/\\\/continuamosmx.com\\\/#\\\/schema\\\/logo\\\/image\\\/\"}},{\"@type\":\"Person\",\"@id\":\"https:\\\/\\\/continuamosmx.com\\\/#\\\/schema\\\/person\\\/5eb5356acb1fad784da407d14f0e8d89\",\"name\":\"Continuamos MX\",\"image\":{\"@type\":\"ImageObject\",\"inLanguage\":\"es\",\"@id\":\"https:\\\/\\\/secure.gravatar.com\\\/avatar\\\/30d4f9723476a15f4da34d35fb3501f08d2357016c76051c6a85c354c7489589?s=96&d=mm&r=g\",\"url\":\"https:\\\/\\\/secure.gravatar.com\\\/avatar\\\/30d4f9723476a15f4da34d35fb3501f08d2357016c76051c6a85c354c7489589?s=96&d=mm&r=g\",\"contentUrl\":\"https:\\\/\\\/secure.gravatar.com\\\/avatar\\\/30d4f9723476a15f4da34d35fb3501f08d2357016c76051c6a85c354c7489589?s=96&d=mm&r=g\",\"caption\":\"Continuamos MX\"},\"sameAs\":[\"http:\\\/\\\/www.continuamos.mx\"],\"url\":\"https:\\\/\\\/continuamosmx.com\\\/index.php\\\/author\\\/continuamos\\\/\"}]}<\/script>\n<!-- \/ Yoast SEO plugin. -->","yoast_head_json":{"title":"PIDEN ARMONIZAR LEGISLACI\u00d3N DE MOVILIDAD Y SEGURIDAD VIAL -","robots":{"index":"index","follow":"follow","max-snippet":"max-snippet:-1","max-image-preview":"max-image-preview:large","max-video-preview":"max-video-preview:-1"},"canonical":"https:\/\/continuamosmx.com\/index.php\/2023\/08\/08\/piden-armonizar-legislacion-de-movilidad-yseguridad-vial\/","og_locale":"es_ES","og_type":"article","og_title":"PIDEN ARMONIZAR LEGISLACI\u00d3N DE MOVILIDAD Y SEGURIDAD VIAL -","og_description":"*Van m\u00e1s de seis meses de retraso en la armonizaci\u00f3n de la Ley General de Movilidady Seguridad Vial en el Estado de M\u00e9xico, cuyo plazo venci\u00f3 el pasado 14 denoviembre de 2022. REDACCI\u00d3N TOLUCA, M\u00e9x.- En presencia de universitarios y docentes se llev\u00f3 a cabo el primer Taller \u201cArmonizando la Ley de Movilidad en el [&hellip;]","og_url":"https:\/\/continuamosmx.com\/index.php\/2023\/08\/08\/piden-armonizar-legislacion-de-movilidad-yseguridad-vial\/","article_published_time":"2023-08-08T19:09:00+00:00","article_modified_time":"2023-08-09T05:50:45+00:00","og_image":[{"width":1600,"height":1200,"url":"https:\/\/continuamosmx.com\/wp-content\/uploads\/2023\/08\/armo2.jpg","type":"image\/jpeg"}],"author":"Continuamos MX","twitter_card":"summary_large_image","twitter_misc":{"Escrito por":"Continuamos MX","Tiempo de lectura":"3 minutos"},"schema":{"@context":"https:\/\/schema.org","@graph":[{"@type":"Article","@id":"https:\/\/continuamosmx.com\/index.php\/2023\/08\/08\/piden-armonizar-legislacion-de-movilidad-yseguridad-vial\/#article","isPartOf":{"@id":"https:\/\/continuamosmx.com\/index.php\/2023\/08\/08\/piden-armonizar-legislacion-de-movilidad-yseguridad-vial\/"},"author":{"name":"Continuamos MX","@id":"https:\/\/continuamosmx.com\/#\/schema\/person\/5eb5356acb1fad784da407d14f0e8d89"},"headline":"PIDEN ARMONIZAR LEGISLACI\u00d3N DE MOVILIDAD Y SEGURIDAD VIAL","datePublished":"2023-08-08T19:09:00+00:00","dateModified":"2023-08-09T05:50:45+00:00","mainEntityOfPage":{"@id":"https:\/\/continuamosmx.com\/index.php\/2023\/08\/08\/piden-armonizar-legislacion-de-movilidad-yseguridad-vial\/"},"wordCount":667,"commentCount":0,"publisher":{"@id":"https:\/\/continuamosmx.com\/#organization"},"image":{"@id":"https:\/\/continuamosmx.com\/index.php\/2023\/08\/08\/piden-armonizar-legislacion-de-movilidad-yseguridad-vial\/#primaryimage"},"thumbnailUrl":"https:\/\/continuamosmx.com\/wp-content\/uploads\/2023\/08\/armo2.jpg","articleSection":["EDOMEX","POL\u00cdTICA"],"inLanguage":"es"},{"@type":"WebPage","@id":"https:\/\/continuamosmx.com\/index.php\/2023\/08\/08\/piden-armonizar-legislacion-de-movilidad-yseguridad-vial\/","url":"https:\/\/continuamosmx.com\/index.php\/2023\/08\/08\/piden-armonizar-legislacion-de-movilidad-yseguridad-vial\/","name":"PIDEN ARMONIZAR LEGISLACI\u00d3N DE MOVILIDAD Y SEGURIDAD VIAL -","isPartOf":{"@id":"https:\/\/continuamosmx.com\/#website"},"primaryImageOfPage":{"@id":"https:\/\/continuamosmx.com\/index.php\/2023\/08\/08\/piden-armonizar-legislacion-de-movilidad-yseguridad-vial\/#primaryimage"},"image":{"@id":"https:\/\/continuamosmx.com\/index.php\/2023\/08\/08\/piden-armonizar-legislacion-de-movilidad-yseguridad-vial\/#primaryimage"},"thumbnailUrl":"https:\/\/continuamosmx.com\/wp-content\/uploads\/2023\/08\/armo2.jpg","datePublished":"2023-08-08T19:09:00+00:00","dateModified":"2023-08-09T05:50:45+00:00","breadcrumb":{"@id":"https:\/\/continuamosmx.com\/index.php\/2023\/08\/08\/piden-armonizar-legislacion-de-movilidad-yseguridad-vial\/#breadcrumb"},"inLanguage":"es","potentialAction":[{"@type":"ReadAction","target":["https:\/\/continuamosmx.com\/index.php\/2023\/08\/08\/piden-armonizar-legislacion-de-movilidad-yseguridad-vial\/"]}]},{"@type":"ImageObject","inLanguage":"es","@id":"https:\/\/continuamosmx.com\/index.php\/2023\/08\/08\/piden-armonizar-legislacion-de-movilidad-yseguridad-vial\/#primaryimage","url":"https:\/\/continuamosmx.com\/wp-content\/uploads\/2023\/08\/armo2.jpg","contentUrl":"https:\/\/continuamosmx.com\/wp-content\/uploads\/2023\/08\/armo2.jpg","width":1600,"height":1200},{"@type":"BreadcrumbList","@id":"https:\/\/continuamosmx.com\/index.php\/2023\/08\/08\/piden-armonizar-legislacion-de-movilidad-yseguridad-vial\/#breadcrumb","itemListElement":[{"@type":"ListItem","position":1,"name":"Inicio","item":"https:\/\/continuamosmx.com\/"},{"@type":"ListItem","position":2,"name":"PIDEN ARMONIZAR LEGISLACI\u00d3N DE MOVILIDAD Y SEGURIDAD VIAL"}]},{"@type":"WebSite","@id":"https:\/\/continuamosmx.com\/#website","url":"https:\/\/continuamosmx.com\/","name":"www.continuamosmx.com","description":"","publisher":{"@id":"https:\/\/continuamosmx.com\/#organization"},"potentialAction":[{"@type":"SearchAction","target":{"@type":"EntryPoint","urlTemplate":"https:\/\/continuamosmx.com\/?s={search_term_string}"},"query-input":{"@type":"PropertyValueSpecification","valueRequired":true,"valueName":"search_term_string"}}],"inLanguage":"es"},{"@type":"Organization","@id":"https:\/\/continuamosmx.com\/#organization","name":"ContinuamosMX","url":"https:\/\/continuamosmx.com\/","logo":{"@type":"ImageObject","inLanguage":"es","@id":"https:\/\/continuamosmx.com\/#\/schema\/logo\/image\/","url":"https:\/\/continuamosmx.com\/wp-content\/uploads\/2023\/04\/cropped-LOGO-CONTI-NUEVO.png","contentUrl":"https:\/\/continuamosmx.com\/wp-content\/uploads\/2023\/04\/cropped-LOGO-CONTI-NUEVO.png","width":1257,"height":430,"caption":"ContinuamosMX"},"image":{"@id":"https:\/\/continuamosmx.com\/#\/schema\/logo\/image\/"}},{"@type":"Person","@id":"https:\/\/continuamosmx.com\/#\/schema\/person\/5eb5356acb1fad784da407d14f0e8d89","name":"Continuamos MX","image":{"@type":"ImageObject","inLanguage":"es","@id":"https:\/\/secure.gravatar.com\/avatar\/30d4f9723476a15f4da34d35fb3501f08d2357016c76051c6a85c354c7489589?s=96&d=mm&r=g","url":"https:\/\/secure.gravatar.com\/avatar\/30d4f9723476a15f4da34d35fb3501f08d2357016c76051c6a85c354c7489589?s=96&d=mm&r=g","contentUrl":"https:\/\/secure.gravatar.com\/avatar\/30d4f9723476a15f4da34d35fb3501f08d2357016c76051c6a85c354c7489589?s=96&d=mm&r=g","caption":"Continuamos MX"},"sameAs":["http:\/\/www.continuamos.mx"],"url":"https:\/\/continuamosmx.com\/index.php\/author\/continuamos\/"}]}},"_links":{"self":[{"href":"https:\/\/continuamosmx.com\/index.php\/wp-json\/wp\/v2\/posts\/44604","targetHints":{"allow":["GET"]}}],"collection":[{"href":"https:\/\/continuamosmx.com\/index.php\/wp-json\/wp\/v2\/posts"}],"about":[{"href":"https:\/\/continuamosmx.com\/index.php\/wp-json\/wp\/v2\/types\/post"}],"author":[{"embeddable":true,"href":"https:\/\/continuamosmx.com\/index.php\/wp-json\/wp\/v2\/users\/6"}],"replies":[{"embeddable":true,"href":"https:\/\/continuamosmx.com\/index.php\/wp-json\/wp\/v2\/comments?post=44604"}],"version-history":[{"count":2,"href":"https:\/\/continuamosmx.com\/index.php\/wp-json\/wp\/v2\/posts\/44604\/revisions"}],"predecessor-version":[{"id":44608,"href":"https:\/\/continuamosmx.com\/index.php\/wp-json\/wp\/v2\/posts\/44604\/revisions\/44608"}],"wp:featuredmedia":[{"embeddable":true,"href":"https:\/\/continuamosmx.com\/index.php\/wp-json\/wp\/v2\/media\/44605"}],"wp:attachment":[{"href":"https:\/\/continuamosmx.com\/index.php\/wp-json\/wp\/v2\/media?parent=44604"}],"wp:term":[{"taxonomy":"category","embeddable":true,"href":"https:\/\/continuamosmx.com\/index.php\/wp-json\/wp\/v2\/categories?post=44604"},{"taxonomy":"post_tag","embeddable":true,"href":"https:\/\/continuamosmx.com\/index.php\/wp-json\/wp\/v2\/tags?post=44604"}],"curies":[{"name":"wp","href":"https:\/\/api.w.org\/{rel}","templated":true}]}}