{"id":44574,"date":"2023-08-05T06:01:21","date_gmt":"2023-08-05T06:01:21","guid":{"rendered":"https:\/\/continuamosmx.com\/?p=44574"},"modified":"2023-08-05T06:01:21","modified_gmt":"2023-08-05T06:01:21","slug":"el-rincon-de-la-reflexion-14","status":"publish","type":"post","link":"https:\/\/continuamosmx.com\/index.php\/2023\/08\/05\/el-rincon-de-la-reflexion-14\/","title":{"rendered":"EL RINC\u00d3N DE LA REFLEXI\u00d3N."},"content":{"rendered":"\n<p><strong>La politizaci\u00f3n social y su importancia<\/strong><\/p>\n\n\n\n<p>Por: <strong>Alfredo Elizarraras<\/strong><\/p>\n\n\n\n<p>Hablar de politizaci\u00f3n social, implica un tema muy interesante, sobre todo por el contexto hist\u00f3rico en el que nos encontramos actualmente; ya que, es algo que involucra a la sociedad en general.<\/p>\n\n\n\n<p>De hecho, fue en tiempos del prianismo, en donde pr\u00e1cticamente se evitaba a toda costa, que la gente participara en los asuntos p\u00fablicos de su pa\u00eds. Una mafia que nos gobern\u00f3 durante tantos a\u00f1os y con tal de seguir viviendo de nuestros impuestos, no ve\u00eda conveniente que la gente estuviese al pendiente de sus acciones.<\/p>\n\n\n\n<p>Radio, televisi\u00f3n, medios impresos, todo sin excepci\u00f3n abarcaba un discurso desmotivador para que la ciudadan\u00eda, no se involucrara en los asuntos p\u00fablicos de nuestro pa\u00eds. Cuando el discurso ya no alcanzaba, nos bombardeaban con un sinf\u00edn de cajas chinas y cortinas de humo, que no eran otra cosa, que actuaciones telenovelezcas y manipulaci\u00f3n colectiva.<\/p>\n\n\n\n<p>Un pol\u00edtico sumamente corrupto, un medio informativo y cualquier tonter\u00eda, eran los elementos que, en aquel entonces, utilizaban para distraernos. \u00bfQu\u00e9 se necesitaba para privatizar Tel\u00e9fonos de M\u00e9xico? Inventa un chupacabras. \u00bfC\u00f3mo puedo esconder la represi\u00f3n en San Salvador Atenco? Simple, dile a la FEMEXFUT, que invente una copa de oro. Es decir, una nota amarillista y muchas veces falsa, ayudaba no solo a distraer a la gente de la vida p\u00fablica de nuestro pa\u00eds, tambi\u00e9n ayud\u00f3 a esconder las terribles atrocidades cometidas por nuestro gobierno.<\/p>\n\n\n\n<p>Curiosamente y muy a pesar de que nuestro actual gobierno hace p\u00fablica la informaci\u00f3n en las ma\u00f1aneras y, por ende, ya no usa las cortinas de humo (es por eso, que el prianismo siempre ha tratado de cancelar las ma\u00f1aneras), si lo quieren seguir haciendo, los mismos opositores y no solo una vez, ha sido en varias ocasiones. Imag\u00ednate el nivel de desesperaci\u00f3n de los opositores, que ni siquiera pudieron esconder que Ricardo Salinas, es la mano invisible que comenz\u00f3 a deslegitimar los libros de texto y eso es debido a su deuda en Estados Unidos\u2026<\/p>\n\n\n\n<p>As\u00ed es, la politizaci\u00f3n social, convirtiendo a la ciudadan\u00eda temerosa de ser reprimida, en un tigre fuerte, despierto y consciente de los asuntos p\u00fablicos de su pa\u00eds. El famoso tigre temido por los anteriores dictadores (francamente no los podemos llamar gobierno, cuando tomaron el gobierno con puros fraudes electorales).<\/p>\n\n\n\n<p>La politizaci\u00f3n que no solo invita a la gente a votar, tambi\u00e9n, le ense\u00f1a a ver su realidad desde otra \u00f3ptica. Incluso, invita al pueblo bueno y sabio a involucrarse y trabajar de la mano con su gobierno.<\/p>\n\n\n\n<p>\u00bfO acaso alguien ha visto que a los dictadores de antes, les sigue yendo tambi\u00e9n como en el momento en el que nos manten\u00edan distra\u00eddos y amenzados? Para muestra, basta el bot\u00f3n de la corcholata promovida arduamente por los opositores. En pr\u00e1cticamente cualquier lugar p\u00fablico, m\u00ednimamente le dedican una terrible rechifla, sin mencionar la gran cantidad de gritos que recibe.<\/p>\n\n\n\n<p>Una desesperaci\u00f3n tan terrible, que incluso oblig\u00f3 a los mismos prianistas a auto proclamarse como \u201cpanistas de izquierda o troskistas de abolengo\u201d. En pocas palabras, la misma mafia que siempre ha despreciado a la mayor\u00eda del pueblo, de repente contrajo amnesia y decidi\u00f3 militar, aunque sea temporalmente (aunque sea en su mente) en la izquierda.<\/p>\n\n\n\n<p>Bien dicen por ah\u00ed, que, ante la falta de argumentos, conviene m\u00e1s la mentira y la simulaci\u00f3n, ayudan a mantenerte en circulaci\u00f3n.<\/p>\n","protected":false},"excerpt":{"rendered":"<p>La politizaci\u00f3n social y su importancia Por: Alfredo Elizarraras Hablar de politizaci\u00f3n social, implica un tema muy interesante, sobre todo por el contexto hist\u00f3rico en el que nos encontramos actualmente; ya que, es algo que involucra a la sociedad en general. De hecho, fue en tiempos del prianismo, en donde pr\u00e1cticamente se evitaba a toda [&hellip;]<\/p>\n","protected":false},"author":6,"featured_media":44575,"comment_status":"open","ping_status":"open","sticky":false,"template":"","format":"standard","meta":{"footnotes":""},"categories":[10,9],"tags":[],"class_list":["post-44574","post","type-post","status-publish","format-standard","has-post-thumbnail","hentry","category-articulo-de-contenido","category-columnas"],"yoast_head":"<!-- This site is optimized with the Yoast SEO plugin v27.4 - https:\/\/yoast.com\/product\/yoast-seo-wordpress\/ -->\n<title>EL RINC\u00d3N DE LA REFLEXI\u00d3N. -<\/title>\n<meta name=\"robots\" content=\"index, follow, max-snippet:-1, max-image-preview:large, max-video-preview:-1\" \/>\n<link rel=\"canonical\" href=\"https:\/\/continuamosmx.com\/index.php\/2023\/08\/05\/el-rincon-de-la-reflexion-14\/\" \/>\n<meta property=\"og:locale\" content=\"es_ES\" \/>\n<meta property=\"og:type\" content=\"article\" \/>\n<meta property=\"og:title\" content=\"EL RINC\u00d3N DE LA REFLEXI\u00d3N. -\" \/>\n<meta property=\"og:description\" content=\"La politizaci\u00f3n social y su importancia Por: Alfredo Elizarraras Hablar de politizaci\u00f3n social, implica un tema muy interesante, sobre todo por el contexto hist\u00f3rico en el que nos encontramos actualmente; ya que, es algo que involucra a la sociedad en general. De hecho, fue en tiempos del prianismo, en donde pr\u00e1cticamente se evitaba a toda [&hellip;]\" \/>\n<meta property=\"og:url\" content=\"https:\/\/continuamosmx.com\/index.php\/2023\/08\/05\/el-rincon-de-la-reflexion-14\/\" \/>\n<meta property=\"article:published_time\" content=\"2023-08-05T06:01:21+00:00\" \/>\n<meta property=\"og:image\" content=\"https:\/\/continuamosmx.com\/wp-content\/uploads\/2023\/08\/columna.jpg\" \/>\n\t<meta property=\"og:image:width\" content=\"373\" \/>\n\t<meta property=\"og:image:height\" content=\"280\" \/>\n\t<meta property=\"og:image:type\" content=\"image\/jpeg\" \/>\n<meta name=\"author\" content=\"Continuamos MX\" \/>\n<meta name=\"twitter:card\" content=\"summary_large_image\" \/>\n<meta name=\"twitter:label1\" content=\"Escrito por\" \/>\n\t<meta name=\"twitter:data1\" content=\"Continuamos MX\" \/>\n\t<meta name=\"twitter:label2\" content=\"Tiempo de lectura\" \/>\n\t<meta name=\"twitter:data2\" content=\"3 minutos\" \/>\n<script type=\"application\/ld+json\" class=\"yoast-schema-graph\">{\"@context\":\"https:\\\/\\\/schema.org\",\"@graph\":[{\"@type\":\"Article\",\"@id\":\"https:\\\/\\\/continuamosmx.com\\\/index.php\\\/2023\\\/08\\\/05\\\/el-rincon-de-la-reflexion-14\\\/#article\",\"isPartOf\":{\"@id\":\"https:\\\/\\\/continuamosmx.com\\\/index.php\\\/2023\\\/08\\\/05\\\/el-rincon-de-la-reflexion-14\\\/\"},\"author\":{\"name\":\"Continuamos MX\",\"@id\":\"https:\\\/\\\/continuamosmx.com\\\/#\\\/schema\\\/person\\\/5eb5356acb1fad784da407d14f0e8d89\"},\"headline\":\"EL RINC\u00d3N DE LA REFLEXI\u00d3N.\",\"datePublished\":\"2023-08-05T06:01:21+00:00\",\"mainEntityOfPage\":{\"@id\":\"https:\\\/\\\/continuamosmx.com\\\/index.php\\\/2023\\\/08\\\/05\\\/el-rincon-de-la-reflexion-14\\\/\"},\"wordCount\":612,\"commentCount\":0,\"publisher\":{\"@id\":\"https:\\\/\\\/continuamosmx.com\\\/#organization\"},\"image\":{\"@id\":\"https:\\\/\\\/continuamosmx.com\\\/index.php\\\/2023\\\/08\\\/05\\\/el-rincon-de-la-reflexion-14\\\/#primaryimage\"},\"thumbnailUrl\":\"https:\\\/\\\/continuamosmx.com\\\/wp-content\\\/uploads\\\/2023\\\/08\\\/columna.jpg\",\"articleSection\":[\"ART\u00cdCULO DE CONTENIDO\",\"COLUMNAS\"],\"inLanguage\":\"es\"},{\"@type\":\"WebPage\",\"@id\":\"https:\\\/\\\/continuamosmx.com\\\/index.php\\\/2023\\\/08\\\/05\\\/el-rincon-de-la-reflexion-14\\\/\",\"url\":\"https:\\\/\\\/continuamosmx.com\\\/index.php\\\/2023\\\/08\\\/05\\\/el-rincon-de-la-reflexion-14\\\/\",\"name\":\"EL RINC\u00d3N DE LA REFLEXI\u00d3N. -\",\"isPartOf\":{\"@id\":\"https:\\\/\\\/continuamosmx.com\\\/#website\"},\"primaryImageOfPage\":{\"@id\":\"https:\\\/\\\/continuamosmx.com\\\/index.php\\\/2023\\\/08\\\/05\\\/el-rincon-de-la-reflexion-14\\\/#primaryimage\"},\"image\":{\"@id\":\"https:\\\/\\\/continuamosmx.com\\\/index.php\\\/2023\\\/08\\\/05\\\/el-rincon-de-la-reflexion-14\\\/#primaryimage\"},\"thumbnailUrl\":\"https:\\\/\\\/continuamosmx.com\\\/wp-content\\\/uploads\\\/2023\\\/08\\\/columna.jpg\",\"datePublished\":\"2023-08-05T06:01:21+00:00\",\"breadcrumb\":{\"@id\":\"https:\\\/\\\/continuamosmx.com\\\/index.php\\\/2023\\\/08\\\/05\\\/el-rincon-de-la-reflexion-14\\\/#breadcrumb\"},\"inLanguage\":\"es\",\"potentialAction\":[{\"@type\":\"ReadAction\",\"target\":[\"https:\\\/\\\/continuamosmx.com\\\/index.php\\\/2023\\\/08\\\/05\\\/el-rincon-de-la-reflexion-14\\\/\"]}]},{\"@type\":\"ImageObject\",\"inLanguage\":\"es\",\"@id\":\"https:\\\/\\\/continuamosmx.com\\\/index.php\\\/2023\\\/08\\\/05\\\/el-rincon-de-la-reflexion-14\\\/#primaryimage\",\"url\":\"https:\\\/\\\/continuamosmx.com\\\/wp-content\\\/uploads\\\/2023\\\/08\\\/columna.jpg\",\"contentUrl\":\"https:\\\/\\\/continuamosmx.com\\\/wp-content\\\/uploads\\\/2023\\\/08\\\/columna.jpg\",\"width\":373,\"height\":280},{\"@type\":\"BreadcrumbList\",\"@id\":\"https:\\\/\\\/continuamosmx.com\\\/index.php\\\/2023\\\/08\\\/05\\\/el-rincon-de-la-reflexion-14\\\/#breadcrumb\",\"itemListElement\":[{\"@type\":\"ListItem\",\"position\":1,\"name\":\"Inicio\",\"item\":\"https:\\\/\\\/continuamosmx.com\\\/\"},{\"@type\":\"ListItem\",\"position\":2,\"name\":\"EL RINC\u00d3N DE LA REFLEXI\u00d3N.\"}]},{\"@type\":\"WebSite\",\"@id\":\"https:\\\/\\\/continuamosmx.com\\\/#website\",\"url\":\"https:\\\/\\\/continuamosmx.com\\\/\",\"name\":\"www.continuamosmx.com\",\"description\":\"\",\"publisher\":{\"@id\":\"https:\\\/\\\/continuamosmx.com\\\/#organization\"},\"potentialAction\":[{\"@type\":\"SearchAction\",\"target\":{\"@type\":\"EntryPoint\",\"urlTemplate\":\"https:\\\/\\\/continuamosmx.com\\\/?s={search_term_string}\"},\"query-input\":{\"@type\":\"PropertyValueSpecification\",\"valueRequired\":true,\"valueName\":\"search_term_string\"}}],\"inLanguage\":\"es\"},{\"@type\":\"Organization\",\"@id\":\"https:\\\/\\\/continuamosmx.com\\\/#organization\",\"name\":\"ContinuamosMX\",\"url\":\"https:\\\/\\\/continuamosmx.com\\\/\",\"logo\":{\"@type\":\"ImageObject\",\"inLanguage\":\"es\",\"@id\":\"https:\\\/\\\/continuamosmx.com\\\/#\\\/schema\\\/logo\\\/image\\\/\",\"url\":\"https:\\\/\\\/continuamosmx.com\\\/wp-content\\\/uploads\\\/2023\\\/04\\\/cropped-LOGO-CONTI-NUEVO.png\",\"contentUrl\":\"https:\\\/\\\/continuamosmx.com\\\/wp-content\\\/uploads\\\/2023\\\/04\\\/cropped-LOGO-CONTI-NUEVO.png\",\"width\":1257,\"height\":430,\"caption\":\"ContinuamosMX\"},\"image\":{\"@id\":\"https:\\\/\\\/continuamosmx.com\\\/#\\\/schema\\\/logo\\\/image\\\/\"}},{\"@type\":\"Person\",\"@id\":\"https:\\\/\\\/continuamosmx.com\\\/#\\\/schema\\\/person\\\/5eb5356acb1fad784da407d14f0e8d89\",\"name\":\"Continuamos MX\",\"image\":{\"@type\":\"ImageObject\",\"inLanguage\":\"es\",\"@id\":\"https:\\\/\\\/secure.gravatar.com\\\/avatar\\\/30d4f9723476a15f4da34d35fb3501f08d2357016c76051c6a85c354c7489589?s=96&d=mm&r=g\",\"url\":\"https:\\\/\\\/secure.gravatar.com\\\/avatar\\\/30d4f9723476a15f4da34d35fb3501f08d2357016c76051c6a85c354c7489589?s=96&d=mm&r=g\",\"contentUrl\":\"https:\\\/\\\/secure.gravatar.com\\\/avatar\\\/30d4f9723476a15f4da34d35fb3501f08d2357016c76051c6a85c354c7489589?s=96&d=mm&r=g\",\"caption\":\"Continuamos MX\"},\"sameAs\":[\"http:\\\/\\\/www.continuamos.mx\"],\"url\":\"https:\\\/\\\/continuamosmx.com\\\/index.php\\\/author\\\/continuamos\\\/\"}]}<\/script>\n<!-- \/ Yoast SEO plugin. -->","yoast_head_json":{"title":"EL RINC\u00d3N DE LA REFLEXI\u00d3N. -","robots":{"index":"index","follow":"follow","max-snippet":"max-snippet:-1","max-image-preview":"max-image-preview:large","max-video-preview":"max-video-preview:-1"},"canonical":"https:\/\/continuamosmx.com\/index.php\/2023\/08\/05\/el-rincon-de-la-reflexion-14\/","og_locale":"es_ES","og_type":"article","og_title":"EL RINC\u00d3N DE LA REFLEXI\u00d3N. -","og_description":"La politizaci\u00f3n social y su importancia Por: Alfredo Elizarraras Hablar de politizaci\u00f3n social, implica un tema muy interesante, sobre todo por el contexto hist\u00f3rico en el que nos encontramos actualmente; ya que, es algo que involucra a la sociedad en general. De hecho, fue en tiempos del prianismo, en donde pr\u00e1cticamente se evitaba a toda [&hellip;]","og_url":"https:\/\/continuamosmx.com\/index.php\/2023\/08\/05\/el-rincon-de-la-reflexion-14\/","article_published_time":"2023-08-05T06:01:21+00:00","og_image":[{"width":373,"height":280,"url":"https:\/\/continuamosmx.com\/wp-content\/uploads\/2023\/08\/columna.jpg","type":"image\/jpeg"}],"author":"Continuamos MX","twitter_card":"summary_large_image","twitter_misc":{"Escrito por":"Continuamos MX","Tiempo de lectura":"3 minutos"},"schema":{"@context":"https:\/\/schema.org","@graph":[{"@type":"Article","@id":"https:\/\/continuamosmx.com\/index.php\/2023\/08\/05\/el-rincon-de-la-reflexion-14\/#article","isPartOf":{"@id":"https:\/\/continuamosmx.com\/index.php\/2023\/08\/05\/el-rincon-de-la-reflexion-14\/"},"author":{"name":"Continuamos MX","@id":"https:\/\/continuamosmx.com\/#\/schema\/person\/5eb5356acb1fad784da407d14f0e8d89"},"headline":"EL RINC\u00d3N DE LA REFLEXI\u00d3N.","datePublished":"2023-08-05T06:01:21+00:00","mainEntityOfPage":{"@id":"https:\/\/continuamosmx.com\/index.php\/2023\/08\/05\/el-rincon-de-la-reflexion-14\/"},"wordCount":612,"commentCount":0,"publisher":{"@id":"https:\/\/continuamosmx.com\/#organization"},"image":{"@id":"https:\/\/continuamosmx.com\/index.php\/2023\/08\/05\/el-rincon-de-la-reflexion-14\/#primaryimage"},"thumbnailUrl":"https:\/\/continuamosmx.com\/wp-content\/uploads\/2023\/08\/columna.jpg","articleSection":["ART\u00cdCULO DE CONTENIDO","COLUMNAS"],"inLanguage":"es"},{"@type":"WebPage","@id":"https:\/\/continuamosmx.com\/index.php\/2023\/08\/05\/el-rincon-de-la-reflexion-14\/","url":"https:\/\/continuamosmx.com\/index.php\/2023\/08\/05\/el-rincon-de-la-reflexion-14\/","name":"EL RINC\u00d3N DE LA REFLEXI\u00d3N. -","isPartOf":{"@id":"https:\/\/continuamosmx.com\/#website"},"primaryImageOfPage":{"@id":"https:\/\/continuamosmx.com\/index.php\/2023\/08\/05\/el-rincon-de-la-reflexion-14\/#primaryimage"},"image":{"@id":"https:\/\/continuamosmx.com\/index.php\/2023\/08\/05\/el-rincon-de-la-reflexion-14\/#primaryimage"},"thumbnailUrl":"https:\/\/continuamosmx.com\/wp-content\/uploads\/2023\/08\/columna.jpg","datePublished":"2023-08-05T06:01:21+00:00","breadcrumb":{"@id":"https:\/\/continuamosmx.com\/index.php\/2023\/08\/05\/el-rincon-de-la-reflexion-14\/#breadcrumb"},"inLanguage":"es","potentialAction":[{"@type":"ReadAction","target":["https:\/\/continuamosmx.com\/index.php\/2023\/08\/05\/el-rincon-de-la-reflexion-14\/"]}]},{"@type":"ImageObject","inLanguage":"es","@id":"https:\/\/continuamosmx.com\/index.php\/2023\/08\/05\/el-rincon-de-la-reflexion-14\/#primaryimage","url":"https:\/\/continuamosmx.com\/wp-content\/uploads\/2023\/08\/columna.jpg","contentUrl":"https:\/\/continuamosmx.com\/wp-content\/uploads\/2023\/08\/columna.jpg","width":373,"height":280},{"@type":"BreadcrumbList","@id":"https:\/\/continuamosmx.com\/index.php\/2023\/08\/05\/el-rincon-de-la-reflexion-14\/#breadcrumb","itemListElement":[{"@type":"ListItem","position":1,"name":"Inicio","item":"https:\/\/continuamosmx.com\/"},{"@type":"ListItem","position":2,"name":"EL RINC\u00d3N DE LA REFLEXI\u00d3N."}]},{"@type":"WebSite","@id":"https:\/\/continuamosmx.com\/#website","url":"https:\/\/continuamosmx.com\/","name":"www.continuamosmx.com","description":"","publisher":{"@id":"https:\/\/continuamosmx.com\/#organization"},"potentialAction":[{"@type":"SearchAction","target":{"@type":"EntryPoint","urlTemplate":"https:\/\/continuamosmx.com\/?s={search_term_string}"},"query-input":{"@type":"PropertyValueSpecification","valueRequired":true,"valueName":"search_term_string"}}],"inLanguage":"es"},{"@type":"Organization","@id":"https:\/\/continuamosmx.com\/#organization","name":"ContinuamosMX","url":"https:\/\/continuamosmx.com\/","logo":{"@type":"ImageObject","inLanguage":"es","@id":"https:\/\/continuamosmx.com\/#\/schema\/logo\/image\/","url":"https:\/\/continuamosmx.com\/wp-content\/uploads\/2023\/04\/cropped-LOGO-CONTI-NUEVO.png","contentUrl":"https:\/\/continuamosmx.com\/wp-content\/uploads\/2023\/04\/cropped-LOGO-CONTI-NUEVO.png","width":1257,"height":430,"caption":"ContinuamosMX"},"image":{"@id":"https:\/\/continuamosmx.com\/#\/schema\/logo\/image\/"}},{"@type":"Person","@id":"https:\/\/continuamosmx.com\/#\/schema\/person\/5eb5356acb1fad784da407d14f0e8d89","name":"Continuamos MX","image":{"@type":"ImageObject","inLanguage":"es","@id":"https:\/\/secure.gravatar.com\/avatar\/30d4f9723476a15f4da34d35fb3501f08d2357016c76051c6a85c354c7489589?s=96&d=mm&r=g","url":"https:\/\/secure.gravatar.com\/avatar\/30d4f9723476a15f4da34d35fb3501f08d2357016c76051c6a85c354c7489589?s=96&d=mm&r=g","contentUrl":"https:\/\/secure.gravatar.com\/avatar\/30d4f9723476a15f4da34d35fb3501f08d2357016c76051c6a85c354c7489589?s=96&d=mm&r=g","caption":"Continuamos MX"},"sameAs":["http:\/\/www.continuamos.mx"],"url":"https:\/\/continuamosmx.com\/index.php\/author\/continuamos\/"}]}},"_links":{"self":[{"href":"https:\/\/continuamosmx.com\/index.php\/wp-json\/wp\/v2\/posts\/44574","targetHints":{"allow":["GET"]}}],"collection":[{"href":"https:\/\/continuamosmx.com\/index.php\/wp-json\/wp\/v2\/posts"}],"about":[{"href":"https:\/\/continuamosmx.com\/index.php\/wp-json\/wp\/v2\/types\/post"}],"author":[{"embeddable":true,"href":"https:\/\/continuamosmx.com\/index.php\/wp-json\/wp\/v2\/users\/6"}],"replies":[{"embeddable":true,"href":"https:\/\/continuamosmx.com\/index.php\/wp-json\/wp\/v2\/comments?post=44574"}],"version-history":[{"count":1,"href":"https:\/\/continuamosmx.com\/index.php\/wp-json\/wp\/v2\/posts\/44574\/revisions"}],"predecessor-version":[{"id":44576,"href":"https:\/\/continuamosmx.com\/index.php\/wp-json\/wp\/v2\/posts\/44574\/revisions\/44576"}],"wp:featuredmedia":[{"embeddable":true,"href":"https:\/\/continuamosmx.com\/index.php\/wp-json\/wp\/v2\/media\/44575"}],"wp:attachment":[{"href":"https:\/\/continuamosmx.com\/index.php\/wp-json\/wp\/v2\/media?parent=44574"}],"wp:term":[{"taxonomy":"category","embeddable":true,"href":"https:\/\/continuamosmx.com\/index.php\/wp-json\/wp\/v2\/categories?post=44574"},{"taxonomy":"post_tag","embeddable":true,"href":"https:\/\/continuamosmx.com\/index.php\/wp-json\/wp\/v2\/tags?post=44574"}],"curies":[{"name":"wp","href":"https:\/\/api.w.org\/{rel}","templated":true}]}}