{"id":44560,"date":"2023-08-04T08:05:58","date_gmt":"2023-08-04T08:05:58","guid":{"rendered":"https:\/\/continuamosmx.com\/?p=44560"},"modified":"2023-08-04T08:05:58","modified_gmt":"2023-08-04T08:05:58","slug":"letreros-en-braille-en-edificios-publicos-de-texcoco","status":"publish","type":"post","link":"https:\/\/continuamosmx.com\/index.php\/2023\/08\/04\/letreros-en-braille-en-edificios-publicos-de-texcoco\/","title":{"rendered":"LETREROS EN BRAILLE EN EDIFICIOS P\u00daBLICOS DE TEXCOCO"},"content":{"rendered":"\n<p>*<strong>Con dichas acciones el gobierno local busca la inclusi\u00f3n y apoyo de d\u00e9biles visuales<\/strong><\/p>\n\n\n\n<p>TEXCOCO, M\u00e9x.- A la entrada de las oficinas administrativas del municipio fueron instalados letreros en braille que permite que d\u00e9biles visuales puedan identificar el \u00e1rea en donde se encuentran, con lo que el gobierno de Texcoco avanza hacia la inclusi\u00f3n de personas ciegas.<\/p>\n\n\n\n<p>La alcaldesa Sandra Luz Falc\u00f3n Venegas, agradeci\u00f3 a la organizaci\u00f3n Plenitud Mexiquense, y a su presidenta Oscar S\u00e1nchez Esparza, quienes en la sala de cabildos hicieron la dotaci\u00f3n de 43 placas en braille que identifican las \u00e1reas del ayuntamiento.<\/p>\n\n\n\n<p>La se\u00f1alizaci\u00f3n fue recibida por el secretario del Ayuntamiento, Ad\u00e1n Gordo, as\u00ed como por la directora del sistema municipal DIF, Elizabeth Terrazas, quienes agradecieron este noble gesto que ayudar al gobierno a ser m\u00e1s incluyentes con la poblaci\u00f3n de Texcoco, haciendo entrega de un reconocimiento por la dotaci\u00f3n de estos letreros de identidad.<\/p>\n\n\n\n<p>Cabe destacar que seg\u00fan datos del Censo de Poblaci\u00f3n y Vivienda 2020 del INEGI, en este municipio dentro de las dificultades para realizar actividades cotidianas en primer lugar se encuentra la discapacidad visual, la cual padecen 5 mil 371 personas, lo cual representa el 1.94 por ciento de la poblaci\u00f3n total.<\/p>\n\n\n\n<p>De estos datos, se desprende que las personas con discapacidad visual, 54.6% son mujeres y el 45.4% son hombres.<\/p>\n\n\n\n<p>Seg\u00fan rangos de edad y g\u00e9nero, las mujeres entre 60 a 64 a\u00f1os concentraron el 4.95% de la poblaci\u00f3n total con discapacidad visual, mientras que los hombres entre 60 a 64 a\u00f1os concentraron el 4.02% de este grupo poblacional.<\/p>\n","protected":false},"excerpt":{"rendered":"<p>*Con dichas acciones el gobierno local busca la inclusi\u00f3n y apoyo de d\u00e9biles visuales TEXCOCO, M\u00e9x.- A la entrada de las oficinas administrativas del municipio fueron instalados letreros en braille que permite que d\u00e9biles visuales puedan identificar el \u00e1rea en donde se encuentran, con lo que el gobierno de Texcoco avanza hacia la inclusi\u00f3n de [&hellip;]<\/p>\n","protected":false},"author":6,"featured_media":44561,"comment_status":"open","ping_status":"open","sticky":false,"template":"","format":"standard","meta":{"footnotes":""},"categories":[4,6],"tags":[],"class_list":["post-44560","post","type-post","status-publish","format-standard","has-post-thumbnail","hentry","category-locales","category-texcoco"],"yoast_head":"<!-- This site is optimized with the Yoast SEO plugin v27.5 - https:\/\/yoast.com\/product\/yoast-seo-wordpress\/ -->\n<title>LETREROS EN BRAILLE EN EDIFICIOS P\u00daBLICOS DE TEXCOCO -<\/title>\n<meta name=\"robots\" content=\"index, follow, max-snippet:-1, max-image-preview:large, max-video-preview:-1\" \/>\n<link rel=\"canonical\" href=\"https:\/\/continuamosmx.com\/index.php\/2023\/08\/04\/letreros-en-braille-en-edificios-publicos-de-texcoco\/\" \/>\n<meta property=\"og:locale\" content=\"es_ES\" \/>\n<meta property=\"og:type\" content=\"article\" \/>\n<meta property=\"og:title\" content=\"LETREROS EN BRAILLE EN EDIFICIOS P\u00daBLICOS DE TEXCOCO -\" \/>\n<meta property=\"og:description\" content=\"*Con dichas acciones el gobierno local busca la inclusi\u00f3n y apoyo de d\u00e9biles visuales TEXCOCO, M\u00e9x.- A la entrada de las oficinas administrativas del municipio fueron instalados letreros en braille que permite que d\u00e9biles visuales puedan identificar el \u00e1rea en donde se encuentran, con lo que el gobierno de Texcoco avanza hacia la inclusi\u00f3n de [&hellip;]\" \/>\n<meta property=\"og:url\" content=\"https:\/\/continuamosmx.com\/index.php\/2023\/08\/04\/letreros-en-braille-en-edificios-publicos-de-texcoco\/\" \/>\n<meta property=\"article:published_time\" content=\"2023-08-04T08:05:58+00:00\" \/>\n<meta property=\"og:image\" content=\"https:\/\/continuamosmx.com\/wp-content\/uploads\/2023\/08\/braile3.jpg\" \/>\n\t<meta property=\"og:image:width\" content=\"1600\" \/>\n\t<meta property=\"og:image:height\" content=\"1066\" \/>\n\t<meta property=\"og:image:type\" content=\"image\/jpeg\" \/>\n<meta name=\"author\" content=\"Continuamos MX\" \/>\n<meta name=\"twitter:card\" content=\"summary_large_image\" \/>\n<meta name=\"twitter:label1\" content=\"Escrito por\" \/>\n\t<meta name=\"twitter:data1\" content=\"Continuamos MX\" \/>\n\t<meta name=\"twitter:label2\" content=\"Tiempo de lectura\" \/>\n\t<meta name=\"twitter:data2\" content=\"2 minutos\" \/>\n<script type=\"application\/ld+json\" class=\"yoast-schema-graph\">{\"@context\":\"https:\\\/\\\/schema.org\",\"@graph\":[{\"@type\":\"Article\",\"@id\":\"https:\\\/\\\/continuamosmx.com\\\/index.php\\\/2023\\\/08\\\/04\\\/letreros-en-braille-en-edificios-publicos-de-texcoco\\\/#article\",\"isPartOf\":{\"@id\":\"https:\\\/\\\/continuamosmx.com\\\/index.php\\\/2023\\\/08\\\/04\\\/letreros-en-braille-en-edificios-publicos-de-texcoco\\\/\"},\"author\":{\"name\":\"Continuamos MX\",\"@id\":\"https:\\\/\\\/continuamosmx.com\\\/#\\\/schema\\\/person\\\/5eb5356acb1fad784da407d14f0e8d89\"},\"headline\":\"LETREROS EN BRAILLE EN EDIFICIOS P\u00daBLICOS DE TEXCOCO\",\"datePublished\":\"2023-08-04T08:05:58+00:00\",\"mainEntityOfPage\":{\"@id\":\"https:\\\/\\\/continuamosmx.com\\\/index.php\\\/2023\\\/08\\\/04\\\/letreros-en-braille-en-edificios-publicos-de-texcoco\\\/\"},\"wordCount\":278,\"commentCount\":0,\"publisher\":{\"@id\":\"https:\\\/\\\/continuamosmx.com\\\/#organization\"},\"image\":{\"@id\":\"https:\\\/\\\/continuamosmx.com\\\/index.php\\\/2023\\\/08\\\/04\\\/letreros-en-braille-en-edificios-publicos-de-texcoco\\\/#primaryimage\"},\"thumbnailUrl\":\"https:\\\/\\\/continuamosmx.com\\\/wp-content\\\/uploads\\\/2023\\\/08\\\/braile3.jpg\",\"articleSection\":[\"LOCALES\",\"TEXCOCO\"],\"inLanguage\":\"es\"},{\"@type\":\"WebPage\",\"@id\":\"https:\\\/\\\/continuamosmx.com\\\/index.php\\\/2023\\\/08\\\/04\\\/letreros-en-braille-en-edificios-publicos-de-texcoco\\\/\",\"url\":\"https:\\\/\\\/continuamosmx.com\\\/index.php\\\/2023\\\/08\\\/04\\\/letreros-en-braille-en-edificios-publicos-de-texcoco\\\/\",\"name\":\"LETREROS EN BRAILLE EN EDIFICIOS P\u00daBLICOS DE TEXCOCO -\",\"isPartOf\":{\"@id\":\"https:\\\/\\\/continuamosmx.com\\\/#website\"},\"primaryImageOfPage\":{\"@id\":\"https:\\\/\\\/continuamosmx.com\\\/index.php\\\/2023\\\/08\\\/04\\\/letreros-en-braille-en-edificios-publicos-de-texcoco\\\/#primaryimage\"},\"image\":{\"@id\":\"https:\\\/\\\/continuamosmx.com\\\/index.php\\\/2023\\\/08\\\/04\\\/letreros-en-braille-en-edificios-publicos-de-texcoco\\\/#primaryimage\"},\"thumbnailUrl\":\"https:\\\/\\\/continuamosmx.com\\\/wp-content\\\/uploads\\\/2023\\\/08\\\/braile3.jpg\",\"datePublished\":\"2023-08-04T08:05:58+00:00\",\"breadcrumb\":{\"@id\":\"https:\\\/\\\/continuamosmx.com\\\/index.php\\\/2023\\\/08\\\/04\\\/letreros-en-braille-en-edificios-publicos-de-texcoco\\\/#breadcrumb\"},\"inLanguage\":\"es\",\"potentialAction\":[{\"@type\":\"ReadAction\",\"target\":[\"https:\\\/\\\/continuamosmx.com\\\/index.php\\\/2023\\\/08\\\/04\\\/letreros-en-braille-en-edificios-publicos-de-texcoco\\\/\"]}]},{\"@type\":\"ImageObject\",\"inLanguage\":\"es\",\"@id\":\"https:\\\/\\\/continuamosmx.com\\\/index.php\\\/2023\\\/08\\\/04\\\/letreros-en-braille-en-edificios-publicos-de-texcoco\\\/#primaryimage\",\"url\":\"https:\\\/\\\/continuamosmx.com\\\/wp-content\\\/uploads\\\/2023\\\/08\\\/braile3.jpg\",\"contentUrl\":\"https:\\\/\\\/continuamosmx.com\\\/wp-content\\\/uploads\\\/2023\\\/08\\\/braile3.jpg\",\"width\":1600,\"height\":1066},{\"@type\":\"BreadcrumbList\",\"@id\":\"https:\\\/\\\/continuamosmx.com\\\/index.php\\\/2023\\\/08\\\/04\\\/letreros-en-braille-en-edificios-publicos-de-texcoco\\\/#breadcrumb\",\"itemListElement\":[{\"@type\":\"ListItem\",\"position\":1,\"name\":\"Inicio\",\"item\":\"https:\\\/\\\/continuamosmx.com\\\/\"},{\"@type\":\"ListItem\",\"position\":2,\"name\":\"LETREROS EN BRAILLE EN EDIFICIOS P\u00daBLICOS DE TEXCOCO\"}]},{\"@type\":\"WebSite\",\"@id\":\"https:\\\/\\\/continuamosmx.com\\\/#website\",\"url\":\"https:\\\/\\\/continuamosmx.com\\\/\",\"name\":\"www.continuamosmx.com\",\"description\":\"\",\"publisher\":{\"@id\":\"https:\\\/\\\/continuamosmx.com\\\/#organization\"},\"potentialAction\":[{\"@type\":\"SearchAction\",\"target\":{\"@type\":\"EntryPoint\",\"urlTemplate\":\"https:\\\/\\\/continuamosmx.com\\\/?s={search_term_string}\"},\"query-input\":{\"@type\":\"PropertyValueSpecification\",\"valueRequired\":true,\"valueName\":\"search_term_string\"}}],\"inLanguage\":\"es\"},{\"@type\":\"Organization\",\"@id\":\"https:\\\/\\\/continuamosmx.com\\\/#organization\",\"name\":\"ContinuamosMX\",\"url\":\"https:\\\/\\\/continuamosmx.com\\\/\",\"logo\":{\"@type\":\"ImageObject\",\"inLanguage\":\"es\",\"@id\":\"https:\\\/\\\/continuamosmx.com\\\/#\\\/schema\\\/logo\\\/image\\\/\",\"url\":\"https:\\\/\\\/continuamosmx.com\\\/wp-content\\\/uploads\\\/2023\\\/04\\\/cropped-LOGO-CONTI-NUEVO.png\",\"contentUrl\":\"https:\\\/\\\/continuamosmx.com\\\/wp-content\\\/uploads\\\/2023\\\/04\\\/cropped-LOGO-CONTI-NUEVO.png\",\"width\":1257,\"height\":430,\"caption\":\"ContinuamosMX\"},\"image\":{\"@id\":\"https:\\\/\\\/continuamosmx.com\\\/#\\\/schema\\\/logo\\\/image\\\/\"}},{\"@type\":\"Person\",\"@id\":\"https:\\\/\\\/continuamosmx.com\\\/#\\\/schema\\\/person\\\/5eb5356acb1fad784da407d14f0e8d89\",\"name\":\"Continuamos MX\",\"image\":{\"@type\":\"ImageObject\",\"inLanguage\":\"es\",\"@id\":\"https:\\\/\\\/secure.gravatar.com\\\/avatar\\\/30d4f9723476a15f4da34d35fb3501f08d2357016c76051c6a85c354c7489589?s=96&d=mm&r=g\",\"url\":\"https:\\\/\\\/secure.gravatar.com\\\/avatar\\\/30d4f9723476a15f4da34d35fb3501f08d2357016c76051c6a85c354c7489589?s=96&d=mm&r=g\",\"contentUrl\":\"https:\\\/\\\/secure.gravatar.com\\\/avatar\\\/30d4f9723476a15f4da34d35fb3501f08d2357016c76051c6a85c354c7489589?s=96&d=mm&r=g\",\"caption\":\"Continuamos MX\"},\"sameAs\":[\"http:\\\/\\\/www.continuamos.mx\"],\"url\":\"https:\\\/\\\/continuamosmx.com\\\/index.php\\\/author\\\/continuamos\\\/\"}]}<\/script>\n<!-- \/ Yoast SEO plugin. -->","yoast_head_json":{"title":"LETREROS EN BRAILLE EN EDIFICIOS P\u00daBLICOS DE TEXCOCO -","robots":{"index":"index","follow":"follow","max-snippet":"max-snippet:-1","max-image-preview":"max-image-preview:large","max-video-preview":"max-video-preview:-1"},"canonical":"https:\/\/continuamosmx.com\/index.php\/2023\/08\/04\/letreros-en-braille-en-edificios-publicos-de-texcoco\/","og_locale":"es_ES","og_type":"article","og_title":"LETREROS EN BRAILLE EN EDIFICIOS P\u00daBLICOS DE TEXCOCO -","og_description":"*Con dichas acciones el gobierno local busca la inclusi\u00f3n y apoyo de d\u00e9biles visuales TEXCOCO, M\u00e9x.- A la entrada de las oficinas administrativas del municipio fueron instalados letreros en braille que permite que d\u00e9biles visuales puedan identificar el \u00e1rea en donde se encuentran, con lo que el gobierno de Texcoco avanza hacia la inclusi\u00f3n de [&hellip;]","og_url":"https:\/\/continuamosmx.com\/index.php\/2023\/08\/04\/letreros-en-braille-en-edificios-publicos-de-texcoco\/","article_published_time":"2023-08-04T08:05:58+00:00","og_image":[{"width":1600,"height":1066,"url":"https:\/\/continuamosmx.com\/wp-content\/uploads\/2023\/08\/braile3.jpg","type":"image\/jpeg"}],"author":"Continuamos MX","twitter_card":"summary_large_image","twitter_misc":{"Escrito por":"Continuamos MX","Tiempo de lectura":"2 minutos"},"schema":{"@context":"https:\/\/schema.org","@graph":[{"@type":"Article","@id":"https:\/\/continuamosmx.com\/index.php\/2023\/08\/04\/letreros-en-braille-en-edificios-publicos-de-texcoco\/#article","isPartOf":{"@id":"https:\/\/continuamosmx.com\/index.php\/2023\/08\/04\/letreros-en-braille-en-edificios-publicos-de-texcoco\/"},"author":{"name":"Continuamos MX","@id":"https:\/\/continuamosmx.com\/#\/schema\/person\/5eb5356acb1fad784da407d14f0e8d89"},"headline":"LETREROS EN BRAILLE EN EDIFICIOS P\u00daBLICOS DE TEXCOCO","datePublished":"2023-08-04T08:05:58+00:00","mainEntityOfPage":{"@id":"https:\/\/continuamosmx.com\/index.php\/2023\/08\/04\/letreros-en-braille-en-edificios-publicos-de-texcoco\/"},"wordCount":278,"commentCount":0,"publisher":{"@id":"https:\/\/continuamosmx.com\/#organization"},"image":{"@id":"https:\/\/continuamosmx.com\/index.php\/2023\/08\/04\/letreros-en-braille-en-edificios-publicos-de-texcoco\/#primaryimage"},"thumbnailUrl":"https:\/\/continuamosmx.com\/wp-content\/uploads\/2023\/08\/braile3.jpg","articleSection":["LOCALES","TEXCOCO"],"inLanguage":"es"},{"@type":"WebPage","@id":"https:\/\/continuamosmx.com\/index.php\/2023\/08\/04\/letreros-en-braille-en-edificios-publicos-de-texcoco\/","url":"https:\/\/continuamosmx.com\/index.php\/2023\/08\/04\/letreros-en-braille-en-edificios-publicos-de-texcoco\/","name":"LETREROS EN BRAILLE EN EDIFICIOS P\u00daBLICOS DE TEXCOCO -","isPartOf":{"@id":"https:\/\/continuamosmx.com\/#website"},"primaryImageOfPage":{"@id":"https:\/\/continuamosmx.com\/index.php\/2023\/08\/04\/letreros-en-braille-en-edificios-publicos-de-texcoco\/#primaryimage"},"image":{"@id":"https:\/\/continuamosmx.com\/index.php\/2023\/08\/04\/letreros-en-braille-en-edificios-publicos-de-texcoco\/#primaryimage"},"thumbnailUrl":"https:\/\/continuamosmx.com\/wp-content\/uploads\/2023\/08\/braile3.jpg","datePublished":"2023-08-04T08:05:58+00:00","breadcrumb":{"@id":"https:\/\/continuamosmx.com\/index.php\/2023\/08\/04\/letreros-en-braille-en-edificios-publicos-de-texcoco\/#breadcrumb"},"inLanguage":"es","potentialAction":[{"@type":"ReadAction","target":["https:\/\/continuamosmx.com\/index.php\/2023\/08\/04\/letreros-en-braille-en-edificios-publicos-de-texcoco\/"]}]},{"@type":"ImageObject","inLanguage":"es","@id":"https:\/\/continuamosmx.com\/index.php\/2023\/08\/04\/letreros-en-braille-en-edificios-publicos-de-texcoco\/#primaryimage","url":"https:\/\/continuamosmx.com\/wp-content\/uploads\/2023\/08\/braile3.jpg","contentUrl":"https:\/\/continuamosmx.com\/wp-content\/uploads\/2023\/08\/braile3.jpg","width":1600,"height":1066},{"@type":"BreadcrumbList","@id":"https:\/\/continuamosmx.com\/index.php\/2023\/08\/04\/letreros-en-braille-en-edificios-publicos-de-texcoco\/#breadcrumb","itemListElement":[{"@type":"ListItem","position":1,"name":"Inicio","item":"https:\/\/continuamosmx.com\/"},{"@type":"ListItem","position":2,"name":"LETREROS EN BRAILLE EN EDIFICIOS P\u00daBLICOS DE TEXCOCO"}]},{"@type":"WebSite","@id":"https:\/\/continuamosmx.com\/#website","url":"https:\/\/continuamosmx.com\/","name":"www.continuamosmx.com","description":"","publisher":{"@id":"https:\/\/continuamosmx.com\/#organization"},"potentialAction":[{"@type":"SearchAction","target":{"@type":"EntryPoint","urlTemplate":"https:\/\/continuamosmx.com\/?s={search_term_string}"},"query-input":{"@type":"PropertyValueSpecification","valueRequired":true,"valueName":"search_term_string"}}],"inLanguage":"es"},{"@type":"Organization","@id":"https:\/\/continuamosmx.com\/#organization","name":"ContinuamosMX","url":"https:\/\/continuamosmx.com\/","logo":{"@type":"ImageObject","inLanguage":"es","@id":"https:\/\/continuamosmx.com\/#\/schema\/logo\/image\/","url":"https:\/\/continuamosmx.com\/wp-content\/uploads\/2023\/04\/cropped-LOGO-CONTI-NUEVO.png","contentUrl":"https:\/\/continuamosmx.com\/wp-content\/uploads\/2023\/04\/cropped-LOGO-CONTI-NUEVO.png","width":1257,"height":430,"caption":"ContinuamosMX"},"image":{"@id":"https:\/\/continuamosmx.com\/#\/schema\/logo\/image\/"}},{"@type":"Person","@id":"https:\/\/continuamosmx.com\/#\/schema\/person\/5eb5356acb1fad784da407d14f0e8d89","name":"Continuamos MX","image":{"@type":"ImageObject","inLanguage":"es","@id":"https:\/\/secure.gravatar.com\/avatar\/30d4f9723476a15f4da34d35fb3501f08d2357016c76051c6a85c354c7489589?s=96&d=mm&r=g","url":"https:\/\/secure.gravatar.com\/avatar\/30d4f9723476a15f4da34d35fb3501f08d2357016c76051c6a85c354c7489589?s=96&d=mm&r=g","contentUrl":"https:\/\/secure.gravatar.com\/avatar\/30d4f9723476a15f4da34d35fb3501f08d2357016c76051c6a85c354c7489589?s=96&d=mm&r=g","caption":"Continuamos MX"},"sameAs":["http:\/\/www.continuamos.mx"],"url":"https:\/\/continuamosmx.com\/index.php\/author\/continuamos\/"}]}},"_links":{"self":[{"href":"https:\/\/continuamosmx.com\/index.php\/wp-json\/wp\/v2\/posts\/44560","targetHints":{"allow":["GET"]}}],"collection":[{"href":"https:\/\/continuamosmx.com\/index.php\/wp-json\/wp\/v2\/posts"}],"about":[{"href":"https:\/\/continuamosmx.com\/index.php\/wp-json\/wp\/v2\/types\/post"}],"author":[{"embeddable":true,"href":"https:\/\/continuamosmx.com\/index.php\/wp-json\/wp\/v2\/users\/6"}],"replies":[{"embeddable":true,"href":"https:\/\/continuamosmx.com\/index.php\/wp-json\/wp\/v2\/comments?post=44560"}],"version-history":[{"count":1,"href":"https:\/\/continuamosmx.com\/index.php\/wp-json\/wp\/v2\/posts\/44560\/revisions"}],"predecessor-version":[{"id":44562,"href":"https:\/\/continuamosmx.com\/index.php\/wp-json\/wp\/v2\/posts\/44560\/revisions\/44562"}],"wp:featuredmedia":[{"embeddable":true,"href":"https:\/\/continuamosmx.com\/index.php\/wp-json\/wp\/v2\/media\/44561"}],"wp:attachment":[{"href":"https:\/\/continuamosmx.com\/index.php\/wp-json\/wp\/v2\/media?parent=44560"}],"wp:term":[{"taxonomy":"category","embeddable":true,"href":"https:\/\/continuamosmx.com\/index.php\/wp-json\/wp\/v2\/categories?post=44560"},{"taxonomy":"post_tag","embeddable":true,"href":"https:\/\/continuamosmx.com\/index.php\/wp-json\/wp\/v2\/tags?post=44560"}],"curies":[{"name":"wp","href":"https:\/\/api.w.org\/{rel}","templated":true}]}}