{"id":44557,"date":"2023-08-04T07:58:48","date_gmt":"2023-08-04T07:58:48","guid":{"rendered":"https:\/\/continuamosmx.com\/?p=44557"},"modified":"2023-08-04T07:58:49","modified_gmt":"2023-08-04T07:58:49","slug":"prioriza-armando-navarrete-proteger-el-medio-ambiente","status":"publish","type":"post","link":"https:\/\/continuamosmx.com\/index.php\/2023\/08\/04\/prioriza-armando-navarrete-proteger-el-medio-ambiente\/","title":{"rendered":"PRIORIZA ARMANDO NAVARRETE PROTEGER EL MEDIO AMBIENTE"},"content":{"rendered":"\n<p>*<strong>Aplican programa de reforestaci\u00f3n con la ciudadan\u00eda del municipio<\/strong><\/p>\n\n\n\n<p>NICOL\u00c1S ROMERO, M\u00e9x.- Con el objetivo de crear conciencia sobre la importancia de cuidar la naturaleza, el gobierno municipal que preside Armando Navarrete L\u00f3pez ha puesto en marcha el programa de Adopci\u00f3n de \u00c1rboles para Zona Urbana, a trav\u00e9s del cual se entregar\u00e1n m\u00e1s de mil ejemplares de diversas especies arb\u00f3reas a los nicolasromerenses.<\/p>\n\n\n\n<p>Con ello se refuerza el compromiso de la protecci\u00f3n del medio ambiente y la lucha contra el cambio clim\u00e1tico, ya que la direcci\u00f3n de Desarrollo Sostenible inform\u00f3 que este programa, con una duraci\u00f3n del 2 al 3 de agosto, busca sensibilizar a la poblaci\u00f3n sobre el papel fundamental que desempe\u00f1an los \u00e1rboles en nuestro entorno.<\/p>\n\n\n\n<p>Estos ejemplares son una fuente vital de ox\u00edgeno y contribuyen a mantener el equilibrio ecol\u00f3gico al recargar los mantos fre\u00e1ticos.<\/p>\n\n\n\n<p>Y es que adoptar un \u00e1rbol va m\u00e1s all\u00e1 de llevarlo a casa y plantarlo. Es un acto de responsabilidad y compromiso para cuidarlo y asegurar su crecimiento saludable en la zona urbana del municipio.<\/p>\n\n\n\n<p>Para participar en el programa, los interesados pueden acudir al Jard\u00edn Bicentenario del Centro Hist\u00f3rico San Pedro Azcapotzaltongo, donde podr\u00e1n llenar un formato y llevarse de uno a tres \u00e1rboles, dependiendo del espacio disponible en sus domicilios.<\/p>\n\n\n\n<p>Entre las especies disponibles para la adopci\u00f3n se encuentran capulines, pirules brasile\u00f1os, acacias azules, acacias amarillas, tulias y granadas.<\/p>\n\n\n\n<p>La dependencia de Desarrollo Sostenible proporcionar\u00e1 a los ciudadanos recomendaciones para la siembra adecuada de los \u00e1rboles, y realizar\u00e1 un seguimiento posterior para garantizar su buen desarrollo y brindar asistencia en caso de plagas o d\u00e9ficit h\u00eddrico.<\/p>\n","protected":false},"excerpt":{"rendered":"<p>*Aplican programa de reforestaci\u00f3n con la ciudadan\u00eda del municipio NICOL\u00c1S ROMERO, M\u00e9x.- Con el objetivo de crear conciencia sobre la importancia de cuidar la naturaleza, el gobierno municipal que preside Armando Navarrete L\u00f3pez ha puesto en marcha el programa de Adopci\u00f3n de \u00c1rboles para Zona Urbana, a trav\u00e9s del cual se entregar\u00e1n m\u00e1s de mil [&hellip;]<\/p>\n","protected":false},"author":6,"featured_media":44558,"comment_status":"open","ping_status":"open","sticky":false,"template":"","format":"standard","meta":{"footnotes":""},"categories":[4,36],"tags":[],"class_list":["post-44557","post","type-post","status-publish","format-standard","has-post-thumbnail","hentry","category-locales","category-nicolas-romero"],"yoast_head":"<!-- This site is optimized with the Yoast SEO plugin v27.5 - https:\/\/yoast.com\/product\/yoast-seo-wordpress\/ -->\n<title>PRIORIZA ARMANDO NAVARRETE PROTEGER EL MEDIO AMBIENTE -<\/title>\n<meta name=\"robots\" content=\"index, follow, max-snippet:-1, max-image-preview:large, max-video-preview:-1\" \/>\n<link rel=\"canonical\" href=\"https:\/\/continuamosmx.com\/index.php\/2023\/08\/04\/prioriza-armando-navarrete-proteger-el-medio-ambiente\/\" \/>\n<meta property=\"og:locale\" content=\"es_ES\" \/>\n<meta property=\"og:type\" content=\"article\" \/>\n<meta property=\"og:title\" content=\"PRIORIZA ARMANDO NAVARRETE PROTEGER EL MEDIO AMBIENTE -\" \/>\n<meta property=\"og:description\" content=\"*Aplican programa de reforestaci\u00f3n con la ciudadan\u00eda del municipio NICOL\u00c1S ROMERO, M\u00e9x.- Con el objetivo de crear conciencia sobre la importancia de cuidar la naturaleza, el gobierno municipal que preside Armando Navarrete L\u00f3pez ha puesto en marcha el programa de Adopci\u00f3n de \u00c1rboles para Zona Urbana, a trav\u00e9s del cual se entregar\u00e1n m\u00e1s de mil [&hellip;]\" \/>\n<meta property=\"og:url\" content=\"https:\/\/continuamosmx.com\/index.php\/2023\/08\/04\/prioriza-armando-navarrete-proteger-el-medio-ambiente\/\" \/>\n<meta property=\"article:published_time\" content=\"2023-08-04T07:58:48+00:00\" \/>\n<meta property=\"article:modified_time\" content=\"2023-08-04T07:58:49+00:00\" \/>\n<meta property=\"og:image\" content=\"https:\/\/continuamosmx.com\/wp-content\/uploads\/2023\/08\/ADOPCION-DE-ARBOLES-4.jpeg\" \/>\n\t<meta property=\"og:image:width\" content=\"1280\" \/>\n\t<meta property=\"og:image:height\" content=\"853\" \/>\n\t<meta property=\"og:image:type\" content=\"image\/jpeg\" \/>\n<meta name=\"author\" content=\"Continuamos MX\" \/>\n<meta name=\"twitter:card\" content=\"summary_large_image\" \/>\n<meta name=\"twitter:label1\" content=\"Escrito por\" \/>\n\t<meta name=\"twitter:data1\" content=\"Continuamos MX\" \/>\n\t<meta name=\"twitter:label2\" content=\"Tiempo de lectura\" \/>\n\t<meta name=\"twitter:data2\" content=\"2 minutos\" \/>\n<script type=\"application\/ld+json\" class=\"yoast-schema-graph\">{\"@context\":\"https:\\\/\\\/schema.org\",\"@graph\":[{\"@type\":\"Article\",\"@id\":\"https:\\\/\\\/continuamosmx.com\\\/index.php\\\/2023\\\/08\\\/04\\\/prioriza-armando-navarrete-proteger-el-medio-ambiente\\\/#article\",\"isPartOf\":{\"@id\":\"https:\\\/\\\/continuamosmx.com\\\/index.php\\\/2023\\\/08\\\/04\\\/prioriza-armando-navarrete-proteger-el-medio-ambiente\\\/\"},\"author\":{\"name\":\"Continuamos MX\",\"@id\":\"https:\\\/\\\/continuamosmx.com\\\/#\\\/schema\\\/person\\\/5eb5356acb1fad784da407d14f0e8d89\"},\"headline\":\"PRIORIZA ARMANDO NAVARRETE PROTEGER EL MEDIO AMBIENTE\",\"datePublished\":\"2023-08-04T07:58:48+00:00\",\"dateModified\":\"2023-08-04T07:58:49+00:00\",\"mainEntityOfPage\":{\"@id\":\"https:\\\/\\\/continuamosmx.com\\\/index.php\\\/2023\\\/08\\\/04\\\/prioriza-armando-navarrete-proteger-el-medio-ambiente\\\/\"},\"wordCount\":299,\"commentCount\":0,\"publisher\":{\"@id\":\"https:\\\/\\\/continuamosmx.com\\\/#organization\"},\"image\":{\"@id\":\"https:\\\/\\\/continuamosmx.com\\\/index.php\\\/2023\\\/08\\\/04\\\/prioriza-armando-navarrete-proteger-el-medio-ambiente\\\/#primaryimage\"},\"thumbnailUrl\":\"https:\\\/\\\/continuamosmx.com\\\/wp-content\\\/uploads\\\/2023\\\/08\\\/ADOPCION-DE-ARBOLES-4.jpeg\",\"articleSection\":[\"LOCALES\",\"NICOL\u00c1S ROMERO\"],\"inLanguage\":\"es\"},{\"@type\":\"WebPage\",\"@id\":\"https:\\\/\\\/continuamosmx.com\\\/index.php\\\/2023\\\/08\\\/04\\\/prioriza-armando-navarrete-proteger-el-medio-ambiente\\\/\",\"url\":\"https:\\\/\\\/continuamosmx.com\\\/index.php\\\/2023\\\/08\\\/04\\\/prioriza-armando-navarrete-proteger-el-medio-ambiente\\\/\",\"name\":\"PRIORIZA ARMANDO NAVARRETE PROTEGER EL MEDIO AMBIENTE -\",\"isPartOf\":{\"@id\":\"https:\\\/\\\/continuamosmx.com\\\/#website\"},\"primaryImageOfPage\":{\"@id\":\"https:\\\/\\\/continuamosmx.com\\\/index.php\\\/2023\\\/08\\\/04\\\/prioriza-armando-navarrete-proteger-el-medio-ambiente\\\/#primaryimage\"},\"image\":{\"@id\":\"https:\\\/\\\/continuamosmx.com\\\/index.php\\\/2023\\\/08\\\/04\\\/prioriza-armando-navarrete-proteger-el-medio-ambiente\\\/#primaryimage\"},\"thumbnailUrl\":\"https:\\\/\\\/continuamosmx.com\\\/wp-content\\\/uploads\\\/2023\\\/08\\\/ADOPCION-DE-ARBOLES-4.jpeg\",\"datePublished\":\"2023-08-04T07:58:48+00:00\",\"dateModified\":\"2023-08-04T07:58:49+00:00\",\"breadcrumb\":{\"@id\":\"https:\\\/\\\/continuamosmx.com\\\/index.php\\\/2023\\\/08\\\/04\\\/prioriza-armando-navarrete-proteger-el-medio-ambiente\\\/#breadcrumb\"},\"inLanguage\":\"es\",\"potentialAction\":[{\"@type\":\"ReadAction\",\"target\":[\"https:\\\/\\\/continuamosmx.com\\\/index.php\\\/2023\\\/08\\\/04\\\/prioriza-armando-navarrete-proteger-el-medio-ambiente\\\/\"]}]},{\"@type\":\"ImageObject\",\"inLanguage\":\"es\",\"@id\":\"https:\\\/\\\/continuamosmx.com\\\/index.php\\\/2023\\\/08\\\/04\\\/prioriza-armando-navarrete-proteger-el-medio-ambiente\\\/#primaryimage\",\"url\":\"https:\\\/\\\/continuamosmx.com\\\/wp-content\\\/uploads\\\/2023\\\/08\\\/ADOPCION-DE-ARBOLES-4.jpeg\",\"contentUrl\":\"https:\\\/\\\/continuamosmx.com\\\/wp-content\\\/uploads\\\/2023\\\/08\\\/ADOPCION-DE-ARBOLES-4.jpeg\",\"width\":1280,\"height\":853},{\"@type\":\"BreadcrumbList\",\"@id\":\"https:\\\/\\\/continuamosmx.com\\\/index.php\\\/2023\\\/08\\\/04\\\/prioriza-armando-navarrete-proteger-el-medio-ambiente\\\/#breadcrumb\",\"itemListElement\":[{\"@type\":\"ListItem\",\"position\":1,\"name\":\"Inicio\",\"item\":\"https:\\\/\\\/continuamosmx.com\\\/\"},{\"@type\":\"ListItem\",\"position\":2,\"name\":\"PRIORIZA ARMANDO NAVARRETE PROTEGER EL MEDIO AMBIENTE\"}]},{\"@type\":\"WebSite\",\"@id\":\"https:\\\/\\\/continuamosmx.com\\\/#website\",\"url\":\"https:\\\/\\\/continuamosmx.com\\\/\",\"name\":\"www.continuamosmx.com\",\"description\":\"\",\"publisher\":{\"@id\":\"https:\\\/\\\/continuamosmx.com\\\/#organization\"},\"potentialAction\":[{\"@type\":\"SearchAction\",\"target\":{\"@type\":\"EntryPoint\",\"urlTemplate\":\"https:\\\/\\\/continuamosmx.com\\\/?s={search_term_string}\"},\"query-input\":{\"@type\":\"PropertyValueSpecification\",\"valueRequired\":true,\"valueName\":\"search_term_string\"}}],\"inLanguage\":\"es\"},{\"@type\":\"Organization\",\"@id\":\"https:\\\/\\\/continuamosmx.com\\\/#organization\",\"name\":\"ContinuamosMX\",\"url\":\"https:\\\/\\\/continuamosmx.com\\\/\",\"logo\":{\"@type\":\"ImageObject\",\"inLanguage\":\"es\",\"@id\":\"https:\\\/\\\/continuamosmx.com\\\/#\\\/schema\\\/logo\\\/image\\\/\",\"url\":\"https:\\\/\\\/continuamosmx.com\\\/wp-content\\\/uploads\\\/2023\\\/04\\\/cropped-LOGO-CONTI-NUEVO.png\",\"contentUrl\":\"https:\\\/\\\/continuamosmx.com\\\/wp-content\\\/uploads\\\/2023\\\/04\\\/cropped-LOGO-CONTI-NUEVO.png\",\"width\":1257,\"height\":430,\"caption\":\"ContinuamosMX\"},\"image\":{\"@id\":\"https:\\\/\\\/continuamosmx.com\\\/#\\\/schema\\\/logo\\\/image\\\/\"}},{\"@type\":\"Person\",\"@id\":\"https:\\\/\\\/continuamosmx.com\\\/#\\\/schema\\\/person\\\/5eb5356acb1fad784da407d14f0e8d89\",\"name\":\"Continuamos MX\",\"image\":{\"@type\":\"ImageObject\",\"inLanguage\":\"es\",\"@id\":\"https:\\\/\\\/secure.gravatar.com\\\/avatar\\\/30d4f9723476a15f4da34d35fb3501f08d2357016c76051c6a85c354c7489589?s=96&d=mm&r=g\",\"url\":\"https:\\\/\\\/secure.gravatar.com\\\/avatar\\\/30d4f9723476a15f4da34d35fb3501f08d2357016c76051c6a85c354c7489589?s=96&d=mm&r=g\",\"contentUrl\":\"https:\\\/\\\/secure.gravatar.com\\\/avatar\\\/30d4f9723476a15f4da34d35fb3501f08d2357016c76051c6a85c354c7489589?s=96&d=mm&r=g\",\"caption\":\"Continuamos MX\"},\"sameAs\":[\"http:\\\/\\\/www.continuamos.mx\"],\"url\":\"https:\\\/\\\/continuamosmx.com\\\/index.php\\\/author\\\/continuamos\\\/\"}]}<\/script>\n<!-- \/ Yoast SEO plugin. -->","yoast_head_json":{"title":"PRIORIZA ARMANDO NAVARRETE PROTEGER EL MEDIO AMBIENTE -","robots":{"index":"index","follow":"follow","max-snippet":"max-snippet:-1","max-image-preview":"max-image-preview:large","max-video-preview":"max-video-preview:-1"},"canonical":"https:\/\/continuamosmx.com\/index.php\/2023\/08\/04\/prioriza-armando-navarrete-proteger-el-medio-ambiente\/","og_locale":"es_ES","og_type":"article","og_title":"PRIORIZA ARMANDO NAVARRETE PROTEGER EL MEDIO AMBIENTE -","og_description":"*Aplican programa de reforestaci\u00f3n con la ciudadan\u00eda del municipio NICOL\u00c1S ROMERO, M\u00e9x.- Con el objetivo de crear conciencia sobre la importancia de cuidar la naturaleza, el gobierno municipal que preside Armando Navarrete L\u00f3pez ha puesto en marcha el programa de Adopci\u00f3n de \u00c1rboles para Zona Urbana, a trav\u00e9s del cual se entregar\u00e1n m\u00e1s de mil [&hellip;]","og_url":"https:\/\/continuamosmx.com\/index.php\/2023\/08\/04\/prioriza-armando-navarrete-proteger-el-medio-ambiente\/","article_published_time":"2023-08-04T07:58:48+00:00","article_modified_time":"2023-08-04T07:58:49+00:00","og_image":[{"width":1280,"height":853,"url":"https:\/\/continuamosmx.com\/wp-content\/uploads\/2023\/08\/ADOPCION-DE-ARBOLES-4.jpeg","type":"image\/jpeg"}],"author":"Continuamos MX","twitter_card":"summary_large_image","twitter_misc":{"Escrito por":"Continuamos MX","Tiempo de lectura":"2 minutos"},"schema":{"@context":"https:\/\/schema.org","@graph":[{"@type":"Article","@id":"https:\/\/continuamosmx.com\/index.php\/2023\/08\/04\/prioriza-armando-navarrete-proteger-el-medio-ambiente\/#article","isPartOf":{"@id":"https:\/\/continuamosmx.com\/index.php\/2023\/08\/04\/prioriza-armando-navarrete-proteger-el-medio-ambiente\/"},"author":{"name":"Continuamos MX","@id":"https:\/\/continuamosmx.com\/#\/schema\/person\/5eb5356acb1fad784da407d14f0e8d89"},"headline":"PRIORIZA ARMANDO NAVARRETE PROTEGER EL MEDIO AMBIENTE","datePublished":"2023-08-04T07:58:48+00:00","dateModified":"2023-08-04T07:58:49+00:00","mainEntityOfPage":{"@id":"https:\/\/continuamosmx.com\/index.php\/2023\/08\/04\/prioriza-armando-navarrete-proteger-el-medio-ambiente\/"},"wordCount":299,"commentCount":0,"publisher":{"@id":"https:\/\/continuamosmx.com\/#organization"},"image":{"@id":"https:\/\/continuamosmx.com\/index.php\/2023\/08\/04\/prioriza-armando-navarrete-proteger-el-medio-ambiente\/#primaryimage"},"thumbnailUrl":"https:\/\/continuamosmx.com\/wp-content\/uploads\/2023\/08\/ADOPCION-DE-ARBOLES-4.jpeg","articleSection":["LOCALES","NICOL\u00c1S ROMERO"],"inLanguage":"es"},{"@type":"WebPage","@id":"https:\/\/continuamosmx.com\/index.php\/2023\/08\/04\/prioriza-armando-navarrete-proteger-el-medio-ambiente\/","url":"https:\/\/continuamosmx.com\/index.php\/2023\/08\/04\/prioriza-armando-navarrete-proteger-el-medio-ambiente\/","name":"PRIORIZA ARMANDO NAVARRETE PROTEGER EL MEDIO AMBIENTE -","isPartOf":{"@id":"https:\/\/continuamosmx.com\/#website"},"primaryImageOfPage":{"@id":"https:\/\/continuamosmx.com\/index.php\/2023\/08\/04\/prioriza-armando-navarrete-proteger-el-medio-ambiente\/#primaryimage"},"image":{"@id":"https:\/\/continuamosmx.com\/index.php\/2023\/08\/04\/prioriza-armando-navarrete-proteger-el-medio-ambiente\/#primaryimage"},"thumbnailUrl":"https:\/\/continuamosmx.com\/wp-content\/uploads\/2023\/08\/ADOPCION-DE-ARBOLES-4.jpeg","datePublished":"2023-08-04T07:58:48+00:00","dateModified":"2023-08-04T07:58:49+00:00","breadcrumb":{"@id":"https:\/\/continuamosmx.com\/index.php\/2023\/08\/04\/prioriza-armando-navarrete-proteger-el-medio-ambiente\/#breadcrumb"},"inLanguage":"es","potentialAction":[{"@type":"ReadAction","target":["https:\/\/continuamosmx.com\/index.php\/2023\/08\/04\/prioriza-armando-navarrete-proteger-el-medio-ambiente\/"]}]},{"@type":"ImageObject","inLanguage":"es","@id":"https:\/\/continuamosmx.com\/index.php\/2023\/08\/04\/prioriza-armando-navarrete-proteger-el-medio-ambiente\/#primaryimage","url":"https:\/\/continuamosmx.com\/wp-content\/uploads\/2023\/08\/ADOPCION-DE-ARBOLES-4.jpeg","contentUrl":"https:\/\/continuamosmx.com\/wp-content\/uploads\/2023\/08\/ADOPCION-DE-ARBOLES-4.jpeg","width":1280,"height":853},{"@type":"BreadcrumbList","@id":"https:\/\/continuamosmx.com\/index.php\/2023\/08\/04\/prioriza-armando-navarrete-proteger-el-medio-ambiente\/#breadcrumb","itemListElement":[{"@type":"ListItem","position":1,"name":"Inicio","item":"https:\/\/continuamosmx.com\/"},{"@type":"ListItem","position":2,"name":"PRIORIZA ARMANDO NAVARRETE PROTEGER EL MEDIO AMBIENTE"}]},{"@type":"WebSite","@id":"https:\/\/continuamosmx.com\/#website","url":"https:\/\/continuamosmx.com\/","name":"www.continuamosmx.com","description":"","publisher":{"@id":"https:\/\/continuamosmx.com\/#organization"},"potentialAction":[{"@type":"SearchAction","target":{"@type":"EntryPoint","urlTemplate":"https:\/\/continuamosmx.com\/?s={search_term_string}"},"query-input":{"@type":"PropertyValueSpecification","valueRequired":true,"valueName":"search_term_string"}}],"inLanguage":"es"},{"@type":"Organization","@id":"https:\/\/continuamosmx.com\/#organization","name":"ContinuamosMX","url":"https:\/\/continuamosmx.com\/","logo":{"@type":"ImageObject","inLanguage":"es","@id":"https:\/\/continuamosmx.com\/#\/schema\/logo\/image\/","url":"https:\/\/continuamosmx.com\/wp-content\/uploads\/2023\/04\/cropped-LOGO-CONTI-NUEVO.png","contentUrl":"https:\/\/continuamosmx.com\/wp-content\/uploads\/2023\/04\/cropped-LOGO-CONTI-NUEVO.png","width":1257,"height":430,"caption":"ContinuamosMX"},"image":{"@id":"https:\/\/continuamosmx.com\/#\/schema\/logo\/image\/"}},{"@type":"Person","@id":"https:\/\/continuamosmx.com\/#\/schema\/person\/5eb5356acb1fad784da407d14f0e8d89","name":"Continuamos MX","image":{"@type":"ImageObject","inLanguage":"es","@id":"https:\/\/secure.gravatar.com\/avatar\/30d4f9723476a15f4da34d35fb3501f08d2357016c76051c6a85c354c7489589?s=96&d=mm&r=g","url":"https:\/\/secure.gravatar.com\/avatar\/30d4f9723476a15f4da34d35fb3501f08d2357016c76051c6a85c354c7489589?s=96&d=mm&r=g","contentUrl":"https:\/\/secure.gravatar.com\/avatar\/30d4f9723476a15f4da34d35fb3501f08d2357016c76051c6a85c354c7489589?s=96&d=mm&r=g","caption":"Continuamos MX"},"sameAs":["http:\/\/www.continuamos.mx"],"url":"https:\/\/continuamosmx.com\/index.php\/author\/continuamos\/"}]}},"_links":{"self":[{"href":"https:\/\/continuamosmx.com\/index.php\/wp-json\/wp\/v2\/posts\/44557","targetHints":{"allow":["GET"]}}],"collection":[{"href":"https:\/\/continuamosmx.com\/index.php\/wp-json\/wp\/v2\/posts"}],"about":[{"href":"https:\/\/continuamosmx.com\/index.php\/wp-json\/wp\/v2\/types\/post"}],"author":[{"embeddable":true,"href":"https:\/\/continuamosmx.com\/index.php\/wp-json\/wp\/v2\/users\/6"}],"replies":[{"embeddable":true,"href":"https:\/\/continuamosmx.com\/index.php\/wp-json\/wp\/v2\/comments?post=44557"}],"version-history":[{"count":1,"href":"https:\/\/continuamosmx.com\/index.php\/wp-json\/wp\/v2\/posts\/44557\/revisions"}],"predecessor-version":[{"id":44559,"href":"https:\/\/continuamosmx.com\/index.php\/wp-json\/wp\/v2\/posts\/44557\/revisions\/44559"}],"wp:featuredmedia":[{"embeddable":true,"href":"https:\/\/continuamosmx.com\/index.php\/wp-json\/wp\/v2\/media\/44558"}],"wp:attachment":[{"href":"https:\/\/continuamosmx.com\/index.php\/wp-json\/wp\/v2\/media?parent=44557"}],"wp:term":[{"taxonomy":"category","embeddable":true,"href":"https:\/\/continuamosmx.com\/index.php\/wp-json\/wp\/v2\/categories?post=44557"},{"taxonomy":"post_tag","embeddable":true,"href":"https:\/\/continuamosmx.com\/index.php\/wp-json\/wp\/v2\/tags?post=44557"}],"curies":[{"name":"wp","href":"https:\/\/api.w.org\/{rel}","templated":true}]}}