{"id":44483,"date":"2023-07-27T06:30:41","date_gmt":"2023-07-27T06:30:41","guid":{"rendered":"https:\/\/continuamosmx.com\/?p=44483"},"modified":"2023-07-27T06:30:42","modified_gmt":"2023-07-27T06:30:42","slug":"tony-rodriguez-se-compromete-a-fortalecer-la-educacion-en-tlalnepantla","status":"publish","type":"post","link":"https:\/\/continuamosmx.com\/index.php\/2023\/07\/27\/tony-rodriguez-se-compromete-a-fortalecer-la-educacion-en-tlalnepantla\/","title":{"rendered":"TONY RODR\u00cdGUEZ SE COMPROMETE A FORTALECER LA EDUCACI\u00d3N EN TLALNEPANTLA"},"content":{"rendered":"\n<p>*<strong>Se graduaron 58 alumnas y alumnos de la Normal de Tlalnepantla en las licenciaturas de primaria y secundaria<\/strong><\/p>\n\n\n\n<p>TLALNEPANTLA, M\u00e9x.- Marco Antonio Rodr\u00edguez Hurtado, presidente municipal encabez\u00f3 la Ceremonia de Investidura de Grado, de la Generaci\u00f3n 2019-2023, en la Escuela Normal de Tlalnepantla, donde se graduaron un total de 58 nuevos docentes.<\/p>\n\n\n\n<p>Tony Rodr\u00edguez mencion\u00f3 que \u00abes un honor compartir esta ceremonia con ustedes, formadoras y formadores de las futuras generaciones, ustedes ser\u00e1n fundamentales para brindarles a nuestras ni\u00f1as, ni\u00f1os y j\u00f3venes lo que merecen\u00bb.<\/p>\n\n\n\n<p>Por igual, expres\u00f3 que el compromiso de su gobierno es \u00abtrabajar a favor de una educaci\u00f3n de calidad en todos los niveles\u00bb.<\/p>\n\n\n\n<p>\u00abNecesitamos gente que se esfuercen como ustedes lo vienen haciendo en esta noble carrera y vocaci\u00f3n que han elegido, la vocaci\u00f3n de ser docentes es algo que rebasa los salones de clases\u00bb, destac\u00f3 el alcalde.<\/p>\n\n\n\n<p>Las y los egresados contar\u00e1n con la licenciatura en educaci\u00f3n primaria, licenciatura nivel secundaria con especialidad en biolog\u00eda y licenciatura en educaci\u00f3n secundaria con especialidad en qu\u00edmica, la escuela Normal de Tlalnepantla lleva 63 a\u00f1os formando profesores de calidad.<\/p>\n\n\n\n<p>En su turno, el Dr. Rodolfo Cruz Vargas, director de la Escuela Normal dijo que \u00abla identidad de ser profesor es algo que ustedes empezaron a trabajar desde aqu\u00ed, en estas aulas y en estos espacios, nosotros hemos trabajado con ustedes principalmente para develar su vocaci\u00f3n, la vocaci\u00f3n de ense\u00f1ar\u00bb.<\/p>\n\n\n\n<p>\u00abUstedes son profesores en formaci\u00f3n desde el primer d\u00eda que llegaron y hoy que se titulan, tienen el desaf\u00edo de poner en pr\u00e1ctica todo lo aprendido en sus aulas y comunidades, ser inclusivos y un ejemplo a seguir con su dedicaci\u00f3n y entrega\u00bb, reiter\u00f3.<\/p>\n\n\n\n<p>Por su parte, Casandra Ortiz Fuentes, representante de los estudiantes egresados mencion\u00f3: \u00abHoy celebramos el culminar una etapa importante en nuestras vidas, sigamos construyendo nuestros sue\u00f1os con \u00e9tica y valent\u00eda. Hoy vemos consolidados nuestros esfuerzos y el de nuestros familiares, vamos al mundo con confianza y a contribuir por hacerlo mejor\u00bb.<\/p>\n\n\n\n<figure class=\"wp-block-gallery has-nested-images columns-default is-cropped wp-block-gallery-1 is-layout-flex wp-block-gallery-is-layout-flex\">\n<figure class=\"wp-block-image size-large\"><img loading=\"lazy\" decoding=\"async\" width=\"1024\" height=\"682\" data-id=\"44487\" src=\"https:\/\/continuamosmx.com\/wp-content\/uploads\/2023\/07\/EDU4.jpg\" alt=\"\" class=\"wp-image-44487\" srcset=\"https:\/\/continuamosmx.com\/wp-content\/uploads\/2023\/07\/EDU4.jpg 1024w, https:\/\/continuamosmx.com\/wp-content\/uploads\/2023\/07\/EDU4-300x200.jpg 300w, https:\/\/continuamosmx.com\/wp-content\/uploads\/2023\/07\/EDU4-768x512.jpg 768w\" sizes=\"auto, (max-width: 1024px) 100vw, 1024px\" \/><\/figure>\n\n\n\n<figure class=\"wp-block-image size-large\"><img loading=\"lazy\" decoding=\"async\" width=\"1024\" height=\"682\" data-id=\"44486\" src=\"https:\/\/continuamosmx.com\/wp-content\/uploads\/2023\/07\/EDU3.jpg\" alt=\"\" class=\"wp-image-44486\" srcset=\"https:\/\/continuamosmx.com\/wp-content\/uploads\/2023\/07\/EDU3.jpg 1024w, https:\/\/continuamosmx.com\/wp-content\/uploads\/2023\/07\/EDU3-300x200.jpg 300w, https:\/\/continuamosmx.com\/wp-content\/uploads\/2023\/07\/EDU3-768x512.jpg 768w\" sizes=\"auto, (max-width: 1024px) 100vw, 1024px\" \/><\/figure>\n\n\n\n<figure class=\"wp-block-image size-large\"><img loading=\"lazy\" decoding=\"async\" width=\"1024\" height=\"682\" data-id=\"44485\" src=\"https:\/\/continuamosmx.com\/wp-content\/uploads\/2023\/07\/EDU2.jpg\" alt=\"\" class=\"wp-image-44485\" srcset=\"https:\/\/continuamosmx.com\/wp-content\/uploads\/2023\/07\/EDU2.jpg 1024w, https:\/\/continuamosmx.com\/wp-content\/uploads\/2023\/07\/EDU2-300x200.jpg 300w, https:\/\/continuamosmx.com\/wp-content\/uploads\/2023\/07\/EDU2-768x512.jpg 768w\" sizes=\"auto, (max-width: 1024px) 100vw, 1024px\" \/><\/figure>\n\n\n\n<figure class=\"wp-block-image size-large\"><img loading=\"lazy\" decoding=\"async\" width=\"1024\" height=\"682\" data-id=\"44484\" src=\"https:\/\/continuamosmx.com\/wp-content\/uploads\/2023\/07\/EDU.jpg\" alt=\"\" class=\"wp-image-44484\" srcset=\"https:\/\/continuamosmx.com\/wp-content\/uploads\/2023\/07\/EDU.jpg 1024w, https:\/\/continuamosmx.com\/wp-content\/uploads\/2023\/07\/EDU-300x200.jpg 300w, https:\/\/continuamosmx.com\/wp-content\/uploads\/2023\/07\/EDU-768x512.jpg 768w\" sizes=\"auto, (max-width: 1024px) 100vw, 1024px\" \/><\/figure>\n<\/figure>\n","protected":false},"excerpt":{"rendered":"<p>*Se graduaron 58 alumnas y alumnos de la Normal de Tlalnepantla en las licenciaturas de primaria y secundaria TLALNEPANTLA, M\u00e9x.- Marco Antonio Rodr\u00edguez Hurtado, presidente municipal encabez\u00f3 la Ceremonia de Investidura de Grado, de la Generaci\u00f3n 2019-2023, en la Escuela Normal de Tlalnepantla, donde se graduaron un total de 58 nuevos docentes. Tony Rodr\u00edguez mencion\u00f3 [&hellip;]<\/p>\n","protected":false},"author":6,"featured_media":44488,"comment_status":"open","ping_status":"open","sticky":false,"template":"","format":"standard","meta":{"footnotes":""},"categories":[4,79],"tags":[],"class_list":["post-44483","post","type-post","status-publish","format-standard","has-post-thumbnail","hentry","category-locales","category-tlalne"],"yoast_head":"<!-- This site is optimized with the Yoast SEO plugin v27.4 - https:\/\/yoast.com\/product\/yoast-seo-wordpress\/ -->\n<title>TONY RODR\u00cdGUEZ SE COMPROMETE A FORTALECER LA EDUCACI\u00d3N EN TLALNEPANTLA -<\/title>\n<meta name=\"robots\" content=\"index, follow, max-snippet:-1, max-image-preview:large, max-video-preview:-1\" \/>\n<link rel=\"canonical\" href=\"https:\/\/continuamosmx.com\/index.php\/2023\/07\/27\/tony-rodriguez-se-compromete-a-fortalecer-la-educacion-en-tlalnepantla\/\" \/>\n<meta property=\"og:locale\" content=\"es_ES\" \/>\n<meta property=\"og:type\" content=\"article\" \/>\n<meta property=\"og:title\" content=\"TONY RODR\u00cdGUEZ SE COMPROMETE A FORTALECER LA EDUCACI\u00d3N EN TLALNEPANTLA -\" \/>\n<meta property=\"og:description\" content=\"*Se graduaron 58 alumnas y alumnos de la Normal de Tlalnepantla en las licenciaturas de primaria y secundaria TLALNEPANTLA, M\u00e9x.- Marco Antonio Rodr\u00edguez Hurtado, presidente municipal encabez\u00f3 la Ceremonia de Investidura de Grado, de la Generaci\u00f3n 2019-2023, en la Escuela Normal de Tlalnepantla, donde se graduaron un total de 58 nuevos docentes. Tony Rodr\u00edguez mencion\u00f3 [&hellip;]\" \/>\n<meta property=\"og:url\" content=\"https:\/\/continuamosmx.com\/index.php\/2023\/07\/27\/tony-rodriguez-se-compromete-a-fortalecer-la-educacion-en-tlalnepantla\/\" \/>\n<meta property=\"article:published_time\" content=\"2023-07-27T06:30:41+00:00\" \/>\n<meta property=\"article:modified_time\" content=\"2023-07-27T06:30:42+00:00\" \/>\n<meta property=\"og:image\" content=\"https:\/\/continuamosmx.com\/wp-content\/uploads\/2023\/07\/EDU5.jpg\" \/>\n\t<meta property=\"og:image:width\" content=\"1024\" \/>\n\t<meta property=\"og:image:height\" content=\"682\" \/>\n\t<meta property=\"og:image:type\" content=\"image\/jpeg\" \/>\n<meta name=\"author\" content=\"Continuamos MX\" \/>\n<meta name=\"twitter:card\" content=\"summary_large_image\" \/>\n<meta name=\"twitter:label1\" content=\"Escrito por\" \/>\n\t<meta name=\"twitter:data1\" content=\"Continuamos MX\" \/>\n\t<meta name=\"twitter:label2\" content=\"Tiempo de lectura\" \/>\n\t<meta name=\"twitter:data2\" content=\"3 minutos\" \/>\n<script type=\"application\/ld+json\" class=\"yoast-schema-graph\">{\"@context\":\"https:\\\/\\\/schema.org\",\"@graph\":[{\"@type\":\"Article\",\"@id\":\"https:\\\/\\\/continuamosmx.com\\\/index.php\\\/2023\\\/07\\\/27\\\/tony-rodriguez-se-compromete-a-fortalecer-la-educacion-en-tlalnepantla\\\/#article\",\"isPartOf\":{\"@id\":\"https:\\\/\\\/continuamosmx.com\\\/index.php\\\/2023\\\/07\\\/27\\\/tony-rodriguez-se-compromete-a-fortalecer-la-educacion-en-tlalnepantla\\\/\"},\"author\":{\"name\":\"Continuamos MX\",\"@id\":\"https:\\\/\\\/continuamosmx.com\\\/#\\\/schema\\\/person\\\/5eb5356acb1fad784da407d14f0e8d89\"},\"headline\":\"TONY RODR\u00cdGUEZ SE COMPROMETE A FORTALECER LA EDUCACI\u00d3N EN TLALNEPANTLA\",\"datePublished\":\"2023-07-27T06:30:41+00:00\",\"dateModified\":\"2023-07-27T06:30:42+00:00\",\"mainEntityOfPage\":{\"@id\":\"https:\\\/\\\/continuamosmx.com\\\/index.php\\\/2023\\\/07\\\/27\\\/tony-rodriguez-se-compromete-a-fortalecer-la-educacion-en-tlalnepantla\\\/\"},\"wordCount\":363,\"commentCount\":0,\"publisher\":{\"@id\":\"https:\\\/\\\/continuamosmx.com\\\/#organization\"},\"image\":{\"@id\":\"https:\\\/\\\/continuamosmx.com\\\/index.php\\\/2023\\\/07\\\/27\\\/tony-rodriguez-se-compromete-a-fortalecer-la-educacion-en-tlalnepantla\\\/#primaryimage\"},\"thumbnailUrl\":\"https:\\\/\\\/continuamosmx.com\\\/wp-content\\\/uploads\\\/2023\\\/07\\\/EDU5.jpg\",\"articleSection\":[\"LOCALES\",\"TLALNEPANTLA\"],\"inLanguage\":\"es\"},{\"@type\":\"WebPage\",\"@id\":\"https:\\\/\\\/continuamosmx.com\\\/index.php\\\/2023\\\/07\\\/27\\\/tony-rodriguez-se-compromete-a-fortalecer-la-educacion-en-tlalnepantla\\\/\",\"url\":\"https:\\\/\\\/continuamosmx.com\\\/index.php\\\/2023\\\/07\\\/27\\\/tony-rodriguez-se-compromete-a-fortalecer-la-educacion-en-tlalnepantla\\\/\",\"name\":\"TONY RODR\u00cdGUEZ SE COMPROMETE A FORTALECER LA EDUCACI\u00d3N EN TLALNEPANTLA -\",\"isPartOf\":{\"@id\":\"https:\\\/\\\/continuamosmx.com\\\/#website\"},\"primaryImageOfPage\":{\"@id\":\"https:\\\/\\\/continuamosmx.com\\\/index.php\\\/2023\\\/07\\\/27\\\/tony-rodriguez-se-compromete-a-fortalecer-la-educacion-en-tlalnepantla\\\/#primaryimage\"},\"image\":{\"@id\":\"https:\\\/\\\/continuamosmx.com\\\/index.php\\\/2023\\\/07\\\/27\\\/tony-rodriguez-se-compromete-a-fortalecer-la-educacion-en-tlalnepantla\\\/#primaryimage\"},\"thumbnailUrl\":\"https:\\\/\\\/continuamosmx.com\\\/wp-content\\\/uploads\\\/2023\\\/07\\\/EDU5.jpg\",\"datePublished\":\"2023-07-27T06:30:41+00:00\",\"dateModified\":\"2023-07-27T06:30:42+00:00\",\"breadcrumb\":{\"@id\":\"https:\\\/\\\/continuamosmx.com\\\/index.php\\\/2023\\\/07\\\/27\\\/tony-rodriguez-se-compromete-a-fortalecer-la-educacion-en-tlalnepantla\\\/#breadcrumb\"},\"inLanguage\":\"es\",\"potentialAction\":[{\"@type\":\"ReadAction\",\"target\":[\"https:\\\/\\\/continuamosmx.com\\\/index.php\\\/2023\\\/07\\\/27\\\/tony-rodriguez-se-compromete-a-fortalecer-la-educacion-en-tlalnepantla\\\/\"]}]},{\"@type\":\"ImageObject\",\"inLanguage\":\"es\",\"@id\":\"https:\\\/\\\/continuamosmx.com\\\/index.php\\\/2023\\\/07\\\/27\\\/tony-rodriguez-se-compromete-a-fortalecer-la-educacion-en-tlalnepantla\\\/#primaryimage\",\"url\":\"https:\\\/\\\/continuamosmx.com\\\/wp-content\\\/uploads\\\/2023\\\/07\\\/EDU5.jpg\",\"contentUrl\":\"https:\\\/\\\/continuamosmx.com\\\/wp-content\\\/uploads\\\/2023\\\/07\\\/EDU5.jpg\",\"width\":1024,\"height\":682},{\"@type\":\"BreadcrumbList\",\"@id\":\"https:\\\/\\\/continuamosmx.com\\\/index.php\\\/2023\\\/07\\\/27\\\/tony-rodriguez-se-compromete-a-fortalecer-la-educacion-en-tlalnepantla\\\/#breadcrumb\",\"itemListElement\":[{\"@type\":\"ListItem\",\"position\":1,\"name\":\"Inicio\",\"item\":\"https:\\\/\\\/continuamosmx.com\\\/\"},{\"@type\":\"ListItem\",\"position\":2,\"name\":\"TONY RODR\u00cdGUEZ SE COMPROMETE A FORTALECER LA EDUCACI\u00d3N EN TLALNEPANTLA\"}]},{\"@type\":\"WebSite\",\"@id\":\"https:\\\/\\\/continuamosmx.com\\\/#website\",\"url\":\"https:\\\/\\\/continuamosmx.com\\\/\",\"name\":\"www.continuamosmx.com\",\"description\":\"\",\"publisher\":{\"@id\":\"https:\\\/\\\/continuamosmx.com\\\/#organization\"},\"potentialAction\":[{\"@type\":\"SearchAction\",\"target\":{\"@type\":\"EntryPoint\",\"urlTemplate\":\"https:\\\/\\\/continuamosmx.com\\\/?s={search_term_string}\"},\"query-input\":{\"@type\":\"PropertyValueSpecification\",\"valueRequired\":true,\"valueName\":\"search_term_string\"}}],\"inLanguage\":\"es\"},{\"@type\":\"Organization\",\"@id\":\"https:\\\/\\\/continuamosmx.com\\\/#organization\",\"name\":\"ContinuamosMX\",\"url\":\"https:\\\/\\\/continuamosmx.com\\\/\",\"logo\":{\"@type\":\"ImageObject\",\"inLanguage\":\"es\",\"@id\":\"https:\\\/\\\/continuamosmx.com\\\/#\\\/schema\\\/logo\\\/image\\\/\",\"url\":\"https:\\\/\\\/continuamosmx.com\\\/wp-content\\\/uploads\\\/2023\\\/04\\\/cropped-LOGO-CONTI-NUEVO.png\",\"contentUrl\":\"https:\\\/\\\/continuamosmx.com\\\/wp-content\\\/uploads\\\/2023\\\/04\\\/cropped-LOGO-CONTI-NUEVO.png\",\"width\":1257,\"height\":430,\"caption\":\"ContinuamosMX\"},\"image\":{\"@id\":\"https:\\\/\\\/continuamosmx.com\\\/#\\\/schema\\\/logo\\\/image\\\/\"}},{\"@type\":\"Person\",\"@id\":\"https:\\\/\\\/continuamosmx.com\\\/#\\\/schema\\\/person\\\/5eb5356acb1fad784da407d14f0e8d89\",\"name\":\"Continuamos MX\",\"image\":{\"@type\":\"ImageObject\",\"inLanguage\":\"es\",\"@id\":\"https:\\\/\\\/secure.gravatar.com\\\/avatar\\\/30d4f9723476a15f4da34d35fb3501f08d2357016c76051c6a85c354c7489589?s=96&d=mm&r=g\",\"url\":\"https:\\\/\\\/secure.gravatar.com\\\/avatar\\\/30d4f9723476a15f4da34d35fb3501f08d2357016c76051c6a85c354c7489589?s=96&d=mm&r=g\",\"contentUrl\":\"https:\\\/\\\/secure.gravatar.com\\\/avatar\\\/30d4f9723476a15f4da34d35fb3501f08d2357016c76051c6a85c354c7489589?s=96&d=mm&r=g\",\"caption\":\"Continuamos MX\"},\"sameAs\":[\"http:\\\/\\\/www.continuamos.mx\"],\"url\":\"https:\\\/\\\/continuamosmx.com\\\/index.php\\\/author\\\/continuamos\\\/\"}]}<\/script>\n<!-- \/ Yoast SEO plugin. -->","yoast_head_json":{"title":"TONY RODR\u00cdGUEZ SE COMPROMETE A FORTALECER LA EDUCACI\u00d3N EN TLALNEPANTLA -","robots":{"index":"index","follow":"follow","max-snippet":"max-snippet:-1","max-image-preview":"max-image-preview:large","max-video-preview":"max-video-preview:-1"},"canonical":"https:\/\/continuamosmx.com\/index.php\/2023\/07\/27\/tony-rodriguez-se-compromete-a-fortalecer-la-educacion-en-tlalnepantla\/","og_locale":"es_ES","og_type":"article","og_title":"TONY RODR\u00cdGUEZ SE COMPROMETE A FORTALECER LA EDUCACI\u00d3N EN TLALNEPANTLA -","og_description":"*Se graduaron 58 alumnas y alumnos de la Normal de Tlalnepantla en las licenciaturas de primaria y secundaria TLALNEPANTLA, M\u00e9x.- Marco Antonio Rodr\u00edguez Hurtado, presidente municipal encabez\u00f3 la Ceremonia de Investidura de Grado, de la Generaci\u00f3n 2019-2023, en la Escuela Normal de Tlalnepantla, donde se graduaron un total de 58 nuevos docentes. Tony Rodr\u00edguez mencion\u00f3 [&hellip;]","og_url":"https:\/\/continuamosmx.com\/index.php\/2023\/07\/27\/tony-rodriguez-se-compromete-a-fortalecer-la-educacion-en-tlalnepantla\/","article_published_time":"2023-07-27T06:30:41+00:00","article_modified_time":"2023-07-27T06:30:42+00:00","og_image":[{"width":1024,"height":682,"url":"https:\/\/continuamosmx.com\/wp-content\/uploads\/2023\/07\/EDU5.jpg","type":"image\/jpeg"}],"author":"Continuamos MX","twitter_card":"summary_large_image","twitter_misc":{"Escrito por":"Continuamos MX","Tiempo de lectura":"3 minutos"},"schema":{"@context":"https:\/\/schema.org","@graph":[{"@type":"Article","@id":"https:\/\/continuamosmx.com\/index.php\/2023\/07\/27\/tony-rodriguez-se-compromete-a-fortalecer-la-educacion-en-tlalnepantla\/#article","isPartOf":{"@id":"https:\/\/continuamosmx.com\/index.php\/2023\/07\/27\/tony-rodriguez-se-compromete-a-fortalecer-la-educacion-en-tlalnepantla\/"},"author":{"name":"Continuamos MX","@id":"https:\/\/continuamosmx.com\/#\/schema\/person\/5eb5356acb1fad784da407d14f0e8d89"},"headline":"TONY RODR\u00cdGUEZ SE COMPROMETE A FORTALECER LA EDUCACI\u00d3N EN TLALNEPANTLA","datePublished":"2023-07-27T06:30:41+00:00","dateModified":"2023-07-27T06:30:42+00:00","mainEntityOfPage":{"@id":"https:\/\/continuamosmx.com\/index.php\/2023\/07\/27\/tony-rodriguez-se-compromete-a-fortalecer-la-educacion-en-tlalnepantla\/"},"wordCount":363,"commentCount":0,"publisher":{"@id":"https:\/\/continuamosmx.com\/#organization"},"image":{"@id":"https:\/\/continuamosmx.com\/index.php\/2023\/07\/27\/tony-rodriguez-se-compromete-a-fortalecer-la-educacion-en-tlalnepantla\/#primaryimage"},"thumbnailUrl":"https:\/\/continuamosmx.com\/wp-content\/uploads\/2023\/07\/EDU5.jpg","articleSection":["LOCALES","TLALNEPANTLA"],"inLanguage":"es"},{"@type":"WebPage","@id":"https:\/\/continuamosmx.com\/index.php\/2023\/07\/27\/tony-rodriguez-se-compromete-a-fortalecer-la-educacion-en-tlalnepantla\/","url":"https:\/\/continuamosmx.com\/index.php\/2023\/07\/27\/tony-rodriguez-se-compromete-a-fortalecer-la-educacion-en-tlalnepantla\/","name":"TONY RODR\u00cdGUEZ SE COMPROMETE A FORTALECER LA EDUCACI\u00d3N EN TLALNEPANTLA -","isPartOf":{"@id":"https:\/\/continuamosmx.com\/#website"},"primaryImageOfPage":{"@id":"https:\/\/continuamosmx.com\/index.php\/2023\/07\/27\/tony-rodriguez-se-compromete-a-fortalecer-la-educacion-en-tlalnepantla\/#primaryimage"},"image":{"@id":"https:\/\/continuamosmx.com\/index.php\/2023\/07\/27\/tony-rodriguez-se-compromete-a-fortalecer-la-educacion-en-tlalnepantla\/#primaryimage"},"thumbnailUrl":"https:\/\/continuamosmx.com\/wp-content\/uploads\/2023\/07\/EDU5.jpg","datePublished":"2023-07-27T06:30:41+00:00","dateModified":"2023-07-27T06:30:42+00:00","breadcrumb":{"@id":"https:\/\/continuamosmx.com\/index.php\/2023\/07\/27\/tony-rodriguez-se-compromete-a-fortalecer-la-educacion-en-tlalnepantla\/#breadcrumb"},"inLanguage":"es","potentialAction":[{"@type":"ReadAction","target":["https:\/\/continuamosmx.com\/index.php\/2023\/07\/27\/tony-rodriguez-se-compromete-a-fortalecer-la-educacion-en-tlalnepantla\/"]}]},{"@type":"ImageObject","inLanguage":"es","@id":"https:\/\/continuamosmx.com\/index.php\/2023\/07\/27\/tony-rodriguez-se-compromete-a-fortalecer-la-educacion-en-tlalnepantla\/#primaryimage","url":"https:\/\/continuamosmx.com\/wp-content\/uploads\/2023\/07\/EDU5.jpg","contentUrl":"https:\/\/continuamosmx.com\/wp-content\/uploads\/2023\/07\/EDU5.jpg","width":1024,"height":682},{"@type":"BreadcrumbList","@id":"https:\/\/continuamosmx.com\/index.php\/2023\/07\/27\/tony-rodriguez-se-compromete-a-fortalecer-la-educacion-en-tlalnepantla\/#breadcrumb","itemListElement":[{"@type":"ListItem","position":1,"name":"Inicio","item":"https:\/\/continuamosmx.com\/"},{"@type":"ListItem","position":2,"name":"TONY RODR\u00cdGUEZ SE COMPROMETE A FORTALECER LA EDUCACI\u00d3N EN TLALNEPANTLA"}]},{"@type":"WebSite","@id":"https:\/\/continuamosmx.com\/#website","url":"https:\/\/continuamosmx.com\/","name":"www.continuamosmx.com","description":"","publisher":{"@id":"https:\/\/continuamosmx.com\/#organization"},"potentialAction":[{"@type":"SearchAction","target":{"@type":"EntryPoint","urlTemplate":"https:\/\/continuamosmx.com\/?s={search_term_string}"},"query-input":{"@type":"PropertyValueSpecification","valueRequired":true,"valueName":"search_term_string"}}],"inLanguage":"es"},{"@type":"Organization","@id":"https:\/\/continuamosmx.com\/#organization","name":"ContinuamosMX","url":"https:\/\/continuamosmx.com\/","logo":{"@type":"ImageObject","inLanguage":"es","@id":"https:\/\/continuamosmx.com\/#\/schema\/logo\/image\/","url":"https:\/\/continuamosmx.com\/wp-content\/uploads\/2023\/04\/cropped-LOGO-CONTI-NUEVO.png","contentUrl":"https:\/\/continuamosmx.com\/wp-content\/uploads\/2023\/04\/cropped-LOGO-CONTI-NUEVO.png","width":1257,"height":430,"caption":"ContinuamosMX"},"image":{"@id":"https:\/\/continuamosmx.com\/#\/schema\/logo\/image\/"}},{"@type":"Person","@id":"https:\/\/continuamosmx.com\/#\/schema\/person\/5eb5356acb1fad784da407d14f0e8d89","name":"Continuamos MX","image":{"@type":"ImageObject","inLanguage":"es","@id":"https:\/\/secure.gravatar.com\/avatar\/30d4f9723476a15f4da34d35fb3501f08d2357016c76051c6a85c354c7489589?s=96&d=mm&r=g","url":"https:\/\/secure.gravatar.com\/avatar\/30d4f9723476a15f4da34d35fb3501f08d2357016c76051c6a85c354c7489589?s=96&d=mm&r=g","contentUrl":"https:\/\/secure.gravatar.com\/avatar\/30d4f9723476a15f4da34d35fb3501f08d2357016c76051c6a85c354c7489589?s=96&d=mm&r=g","caption":"Continuamos MX"},"sameAs":["http:\/\/www.continuamos.mx"],"url":"https:\/\/continuamosmx.com\/index.php\/author\/continuamos\/"}]}},"_links":{"self":[{"href":"https:\/\/continuamosmx.com\/index.php\/wp-json\/wp\/v2\/posts\/44483","targetHints":{"allow":["GET"]}}],"collection":[{"href":"https:\/\/continuamosmx.com\/index.php\/wp-json\/wp\/v2\/posts"}],"about":[{"href":"https:\/\/continuamosmx.com\/index.php\/wp-json\/wp\/v2\/types\/post"}],"author":[{"embeddable":true,"href":"https:\/\/continuamosmx.com\/index.php\/wp-json\/wp\/v2\/users\/6"}],"replies":[{"embeddable":true,"href":"https:\/\/continuamosmx.com\/index.php\/wp-json\/wp\/v2\/comments?post=44483"}],"version-history":[{"count":1,"href":"https:\/\/continuamosmx.com\/index.php\/wp-json\/wp\/v2\/posts\/44483\/revisions"}],"predecessor-version":[{"id":44489,"href":"https:\/\/continuamosmx.com\/index.php\/wp-json\/wp\/v2\/posts\/44483\/revisions\/44489"}],"wp:featuredmedia":[{"embeddable":true,"href":"https:\/\/continuamosmx.com\/index.php\/wp-json\/wp\/v2\/media\/44488"}],"wp:attachment":[{"href":"https:\/\/continuamosmx.com\/index.php\/wp-json\/wp\/v2\/media?parent=44483"}],"wp:term":[{"taxonomy":"category","embeddable":true,"href":"https:\/\/continuamosmx.com\/index.php\/wp-json\/wp\/v2\/categories?post=44483"},{"taxonomy":"post_tag","embeddable":true,"href":"https:\/\/continuamosmx.com\/index.php\/wp-json\/wp\/v2\/tags?post=44483"}],"curies":[{"name":"wp","href":"https:\/\/api.w.org\/{rel}","templated":true}]}}