{"id":44451,"date":"2023-07-25T06:20:56","date_gmt":"2023-07-25T06:20:56","guid":{"rendered":"https:\/\/continuamosmx.com\/?p=44451"},"modified":"2023-07-25T06:24:40","modified_gmt":"2023-07-25T06:24:40","slug":"aumenta-presupuesto-para-seguridad-de-tlalnepantla","status":"publish","type":"post","link":"https:\/\/continuamosmx.com\/index.php\/2023\/07\/25\/aumenta-presupuesto-para-seguridad-de-tlalnepantla\/","title":{"rendered":"AUMENTA PRESUPUESTO PARA SEGURIDAD DE TLALNEPANTLA"},"content":{"rendered":"\n<p>*<strong>El presupuesto del ejercicio fiscal 2023, tendr\u00e1 un aumento de m\u00e1s de 1.5 mdp<\/strong><\/p>\n\n\n\n<p>REDACCI\u00d3N.<\/p>\n\n\n\n<p>TLALNEPANTLA, M\u00e9x.- Durante la Cuadrag\u00e9sima Sesi\u00f3n Ordinaria del Ayuntamiento de Cabildo en este municipio, se aprob\u00f3 la adecuaci\u00f3n al presupuesto de egresos del ejercicio fiscal 2023, donde se incluir\u00e1 la cantidad de 1 mill\u00f3n 795 mil 504 pesos, provenientes del Fondo para el Fortalecimiento de las Instituciones de Seguridad P\u00fablica (FOFISP) por el Secretariado Ejecutivo del Sistema Estatal de Seguridad P\u00fablica (SESESP).<\/p>\n\n\n\n<p>Este recurso por parte de la federaci\u00f3n al municipio de Tlalnepantla, se ejercer\u00e1 para la adquisici\u00f3n de una torre de vigilancia, presupuesto que viene previamente etiquetado y que solo podr\u00e1 gastarse en temas de seguridad.<\/p>\n\n\n\n<p>El gobierno municipal se\u00f1al\u00f3 que habr\u00e1 vigilancia rigurosa en la aplicaci\u00f3n de este recurso, \u00abcomo se ha venido aplicando a lo largo de esta administraci\u00f3n en materia de legalidad, transparencia y eficiencia en el gasto\u00bb, destacaron.<\/p>\n\n\n\n<p><strong>Otros cambios aprobados<\/strong><\/p>\n\n\n\n<p>En la misma sesi\u00f3n, se autorizaron las adecuaciones en los reglamentos de Movilidad, Protecci\u00f3n Civil y al reglamento interior del comit\u00e9 de Ordenamiento Ecol\u00f3gico, los cuales contribuir\u00e1n a mejorar las acciones operativas en beneficio de los tlalnepanlenses.<\/p>\n\n\n\n<p>El reglamento de Movilidad permitir\u00e1 regular y establecer las normas de tr\u00e1nsito, peatonales y vehiculares, fomentando la seguridad vial dentro del municipio, as\u00ed como establecer los derechos y obligaciones y restricciones de las personas f\u00edsicas, jur\u00eddicas, colectivas de peatones, conductoras y conductores.<\/p>\n\n\n\n<p>Las modificaciones al reglamento de Protecci\u00f3n Civil, buscan establecer con claridad y de acuerdo la norma, las acciones que de manera operativa se llevan a cabo, a fin de poder definir las funciones de PC municipal y las del Consejo.<\/p>\n\n\n\n<p>Respecto al punto de Ordenamiento Ecol\u00f3gico, permitir\u00e1 regular los trabajos que se llevan a cabo al interior del comit\u00e9, para coadyuvar al grave problema de contaminaci\u00f3n atmosf\u00e9rica que en la actualidad se vive en nuestro planeta y municipio, permitiendo un mejor desarrollo en el \u00e1mbito ambiental, con pol\u00edticas sustentables en todo el territorio local.<\/p>\n\n\n\n<p>Tony Rodr\u00edguez, puntualiz\u00f3 que \u201clas diferentes adecuaciones y modificaciones consistentes a los reglamentos, permitir\u00e1n una mejor funcionalidad de las \u00e1reas respectivas donde los ciudadanos ser\u00e1n quienes se beneficien de manera directa\u201d.<\/p>\n\n\n\n<p>Al tiempo que el edil pidi\u00f3 la aplicaci\u00f3n profesional y de inmediato a las \u00e1reas respectivas.<\/p>\n\n\n\n<figure class=\"wp-block-gallery has-nested-images columns-default is-cropped wp-block-gallery-1 is-layout-flex wp-block-gallery-is-layout-flex\">\n<figure class=\"wp-block-image size-large\"><img loading=\"lazy\" decoding=\"async\" width=\"1024\" height=\"682\" data-id=\"44449\" src=\"https:\/\/continuamosmx.com\/wp-content\/uploads\/2023\/07\/tlal5-1024x682.jpg\" alt=\"\" class=\"wp-image-44449\" srcset=\"https:\/\/continuamosmx.com\/wp-content\/uploads\/2023\/07\/tlal5-1024x682.jpg 1024w, https:\/\/continuamosmx.com\/wp-content\/uploads\/2023\/07\/tlal5-300x200.jpg 300w, https:\/\/continuamosmx.com\/wp-content\/uploads\/2023\/07\/tlal5-768x512.jpg 768w, https:\/\/continuamosmx.com\/wp-content\/uploads\/2023\/07\/tlal5-1536x1023.jpg 1536w, https:\/\/continuamosmx.com\/wp-content\/uploads\/2023\/07\/tlal5.jpg 1600w\" sizes=\"auto, (max-width: 1024px) 100vw, 1024px\" \/><\/figure>\n\n\n\n<figure class=\"wp-block-image size-large\"><img loading=\"lazy\" decoding=\"async\" width=\"1024\" height=\"682\" data-id=\"44448\" src=\"https:\/\/continuamosmx.com\/wp-content\/uploads\/2023\/07\/tlal4-1024x682.jpg\" alt=\"\" class=\"wp-image-44448\" srcset=\"https:\/\/continuamosmx.com\/wp-content\/uploads\/2023\/07\/tlal4-1024x682.jpg 1024w, https:\/\/continuamosmx.com\/wp-content\/uploads\/2023\/07\/tlal4-300x200.jpg 300w, https:\/\/continuamosmx.com\/wp-content\/uploads\/2023\/07\/tlal4-768x512.jpg 768w, https:\/\/continuamosmx.com\/wp-content\/uploads\/2023\/07\/tlal4-1536x1023.jpg 1536w, https:\/\/continuamosmx.com\/wp-content\/uploads\/2023\/07\/tlal4.jpg 1600w\" sizes=\"auto, (max-width: 1024px) 100vw, 1024px\" \/><\/figure>\n\n\n\n<figure class=\"wp-block-image size-large\"><img loading=\"lazy\" decoding=\"async\" width=\"1024\" height=\"682\" data-id=\"44447\" src=\"https:\/\/continuamosmx.com\/wp-content\/uploads\/2023\/07\/tlal3-1024x682.jpg\" alt=\"\" class=\"wp-image-44447\" srcset=\"https:\/\/continuamosmx.com\/wp-content\/uploads\/2023\/07\/tlal3-1024x682.jpg 1024w, https:\/\/continuamosmx.com\/wp-content\/uploads\/2023\/07\/tlal3-300x200.jpg 300w, https:\/\/continuamosmx.com\/wp-content\/uploads\/2023\/07\/tlal3-768x512.jpg 768w, https:\/\/continuamosmx.com\/wp-content\/uploads\/2023\/07\/tlal3-1536x1023.jpg 1536w, https:\/\/continuamosmx.com\/wp-content\/uploads\/2023\/07\/tlal3.jpg 1600w\" sizes=\"auto, (max-width: 1024px) 100vw, 1024px\" \/><\/figure>\n\n\n\n<figure class=\"wp-block-image size-large\"><img loading=\"lazy\" decoding=\"async\" width=\"1024\" height=\"682\" data-id=\"44446\" src=\"https:\/\/continuamosmx.com\/wp-content\/uploads\/2023\/07\/tlal2-1024x682.jpg\" alt=\"\" class=\"wp-image-44446\" srcset=\"https:\/\/continuamosmx.com\/wp-content\/uploads\/2023\/07\/tlal2-1024x682.jpg 1024w, https:\/\/continuamosmx.com\/wp-content\/uploads\/2023\/07\/tlal2-300x200.jpg 300w, https:\/\/continuamosmx.com\/wp-content\/uploads\/2023\/07\/tlal2-768x512.jpg 768w, https:\/\/continuamosmx.com\/wp-content\/uploads\/2023\/07\/tlal2-1536x1023.jpg 1536w, https:\/\/continuamosmx.com\/wp-content\/uploads\/2023\/07\/tlal2.jpg 1600w\" sizes=\"auto, (max-width: 1024px) 100vw, 1024px\" \/><\/figure>\n<\/figure>\n","protected":false},"excerpt":{"rendered":"<p>*El presupuesto del ejercicio fiscal 2023, tendr\u00e1 un aumento de m\u00e1s de 1.5 mdp REDACCI\u00d3N. TLALNEPANTLA, M\u00e9x.- Durante la Cuadrag\u00e9sima Sesi\u00f3n Ordinaria del Ayuntamiento de Cabildo en este municipio, se aprob\u00f3 la adecuaci\u00f3n al presupuesto de egresos del ejercicio fiscal 2023, donde se incluir\u00e1 la cantidad de 1 mill\u00f3n 795 mil 504 pesos, provenientes del [&hellip;]<\/p>\n","protected":false},"author":6,"featured_media":44445,"comment_status":"open","ping_status":"open","sticky":false,"template":"","format":"standard","meta":{"footnotes":""},"categories":[4,79],"tags":[],"class_list":["post-44451","post","type-post","status-publish","format-standard","has-post-thumbnail","hentry","category-locales","category-tlalne"],"yoast_head":"<!-- This site is optimized with the Yoast SEO plugin v27.4 - https:\/\/yoast.com\/product\/yoast-seo-wordpress\/ -->\n<title>AUMENTA PRESUPUESTO PARA SEGURIDAD DE TLALNEPANTLA -<\/title>\n<meta name=\"robots\" content=\"index, follow, max-snippet:-1, max-image-preview:large, max-video-preview:-1\" \/>\n<link rel=\"canonical\" href=\"https:\/\/continuamosmx.com\/index.php\/2023\/07\/25\/aumenta-presupuesto-para-seguridad-de-tlalnepantla\/\" \/>\n<meta property=\"og:locale\" content=\"es_ES\" \/>\n<meta property=\"og:type\" content=\"article\" \/>\n<meta property=\"og:title\" content=\"AUMENTA PRESUPUESTO PARA SEGURIDAD DE TLALNEPANTLA -\" \/>\n<meta property=\"og:description\" content=\"*El presupuesto del ejercicio fiscal 2023, tendr\u00e1 un aumento de m\u00e1s de 1.5 mdp REDACCI\u00d3N. TLALNEPANTLA, M\u00e9x.- Durante la Cuadrag\u00e9sima Sesi\u00f3n Ordinaria del Ayuntamiento de Cabildo en este municipio, se aprob\u00f3 la adecuaci\u00f3n al presupuesto de egresos del ejercicio fiscal 2023, donde se incluir\u00e1 la cantidad de 1 mill\u00f3n 795 mil 504 pesos, provenientes del [&hellip;]\" \/>\n<meta property=\"og:url\" content=\"https:\/\/continuamosmx.com\/index.php\/2023\/07\/25\/aumenta-presupuesto-para-seguridad-de-tlalnepantla\/\" \/>\n<meta property=\"article:published_time\" content=\"2023-07-25T06:20:56+00:00\" \/>\n<meta property=\"article:modified_time\" content=\"2023-07-25T06:24:40+00:00\" \/>\n<meta property=\"og:image\" content=\"https:\/\/continuamosmx.com\/wp-content\/uploads\/2023\/07\/tlal.jpg\" \/>\n\t<meta property=\"og:image:width\" content=\"1600\" \/>\n\t<meta property=\"og:image:height\" content=\"1066\" \/>\n\t<meta property=\"og:image:type\" content=\"image\/jpeg\" \/>\n<meta name=\"author\" content=\"Continuamos MX\" \/>\n<meta name=\"twitter:card\" content=\"summary_large_image\" \/>\n<meta name=\"twitter:label1\" content=\"Escrito por\" \/>\n\t<meta name=\"twitter:data1\" content=\"Continuamos MX\" \/>\n\t<meta name=\"twitter:label2\" content=\"Tiempo de lectura\" \/>\n\t<meta name=\"twitter:data2\" content=\"3 minutos\" \/>\n<script type=\"application\/ld+json\" class=\"yoast-schema-graph\">{\"@context\":\"https:\\\/\\\/schema.org\",\"@graph\":[{\"@type\":\"Article\",\"@id\":\"https:\\\/\\\/continuamosmx.com\\\/index.php\\\/2023\\\/07\\\/25\\\/aumenta-presupuesto-para-seguridad-de-tlalnepantla\\\/#article\",\"isPartOf\":{\"@id\":\"https:\\\/\\\/continuamosmx.com\\\/index.php\\\/2023\\\/07\\\/25\\\/aumenta-presupuesto-para-seguridad-de-tlalnepantla\\\/\"},\"author\":{\"name\":\"Continuamos MX\",\"@id\":\"https:\\\/\\\/continuamosmx.com\\\/#\\\/schema\\\/person\\\/5eb5356acb1fad784da407d14f0e8d89\"},\"headline\":\"AUMENTA PRESUPUESTO PARA SEGURIDAD DE TLALNEPANTLA\",\"datePublished\":\"2023-07-25T06:20:56+00:00\",\"dateModified\":\"2023-07-25T06:24:40+00:00\",\"mainEntityOfPage\":{\"@id\":\"https:\\\/\\\/continuamosmx.com\\\/index.php\\\/2023\\\/07\\\/25\\\/aumenta-presupuesto-para-seguridad-de-tlalnepantla\\\/\"},\"wordCount\":402,\"commentCount\":0,\"publisher\":{\"@id\":\"https:\\\/\\\/continuamosmx.com\\\/#organization\"},\"image\":{\"@id\":\"https:\\\/\\\/continuamosmx.com\\\/index.php\\\/2023\\\/07\\\/25\\\/aumenta-presupuesto-para-seguridad-de-tlalnepantla\\\/#primaryimage\"},\"thumbnailUrl\":\"https:\\\/\\\/continuamosmx.com\\\/wp-content\\\/uploads\\\/2023\\\/07\\\/tlal.jpg\",\"articleSection\":[\"LOCALES\",\"TLALNEPANTLA\"],\"inLanguage\":\"es\"},{\"@type\":\"WebPage\",\"@id\":\"https:\\\/\\\/continuamosmx.com\\\/index.php\\\/2023\\\/07\\\/25\\\/aumenta-presupuesto-para-seguridad-de-tlalnepantla\\\/\",\"url\":\"https:\\\/\\\/continuamosmx.com\\\/index.php\\\/2023\\\/07\\\/25\\\/aumenta-presupuesto-para-seguridad-de-tlalnepantla\\\/\",\"name\":\"AUMENTA PRESUPUESTO PARA SEGURIDAD DE TLALNEPANTLA -\",\"isPartOf\":{\"@id\":\"https:\\\/\\\/continuamosmx.com\\\/#website\"},\"primaryImageOfPage\":{\"@id\":\"https:\\\/\\\/continuamosmx.com\\\/index.php\\\/2023\\\/07\\\/25\\\/aumenta-presupuesto-para-seguridad-de-tlalnepantla\\\/#primaryimage\"},\"image\":{\"@id\":\"https:\\\/\\\/continuamosmx.com\\\/index.php\\\/2023\\\/07\\\/25\\\/aumenta-presupuesto-para-seguridad-de-tlalnepantla\\\/#primaryimage\"},\"thumbnailUrl\":\"https:\\\/\\\/continuamosmx.com\\\/wp-content\\\/uploads\\\/2023\\\/07\\\/tlal.jpg\",\"datePublished\":\"2023-07-25T06:20:56+00:00\",\"dateModified\":\"2023-07-25T06:24:40+00:00\",\"breadcrumb\":{\"@id\":\"https:\\\/\\\/continuamosmx.com\\\/index.php\\\/2023\\\/07\\\/25\\\/aumenta-presupuesto-para-seguridad-de-tlalnepantla\\\/#breadcrumb\"},\"inLanguage\":\"es\",\"potentialAction\":[{\"@type\":\"ReadAction\",\"target\":[\"https:\\\/\\\/continuamosmx.com\\\/index.php\\\/2023\\\/07\\\/25\\\/aumenta-presupuesto-para-seguridad-de-tlalnepantla\\\/\"]}]},{\"@type\":\"ImageObject\",\"inLanguage\":\"es\",\"@id\":\"https:\\\/\\\/continuamosmx.com\\\/index.php\\\/2023\\\/07\\\/25\\\/aumenta-presupuesto-para-seguridad-de-tlalnepantla\\\/#primaryimage\",\"url\":\"https:\\\/\\\/continuamosmx.com\\\/wp-content\\\/uploads\\\/2023\\\/07\\\/tlal.jpg\",\"contentUrl\":\"https:\\\/\\\/continuamosmx.com\\\/wp-content\\\/uploads\\\/2023\\\/07\\\/tlal.jpg\",\"width\":1600,\"height\":1066},{\"@type\":\"BreadcrumbList\",\"@id\":\"https:\\\/\\\/continuamosmx.com\\\/index.php\\\/2023\\\/07\\\/25\\\/aumenta-presupuesto-para-seguridad-de-tlalnepantla\\\/#breadcrumb\",\"itemListElement\":[{\"@type\":\"ListItem\",\"position\":1,\"name\":\"Inicio\",\"item\":\"https:\\\/\\\/continuamosmx.com\\\/\"},{\"@type\":\"ListItem\",\"position\":2,\"name\":\"AUMENTA PRESUPUESTO PARA SEGURIDAD DE TLALNEPANTLA\"}]},{\"@type\":\"WebSite\",\"@id\":\"https:\\\/\\\/continuamosmx.com\\\/#website\",\"url\":\"https:\\\/\\\/continuamosmx.com\\\/\",\"name\":\"www.continuamosmx.com\",\"description\":\"\",\"publisher\":{\"@id\":\"https:\\\/\\\/continuamosmx.com\\\/#organization\"},\"potentialAction\":[{\"@type\":\"SearchAction\",\"target\":{\"@type\":\"EntryPoint\",\"urlTemplate\":\"https:\\\/\\\/continuamosmx.com\\\/?s={search_term_string}\"},\"query-input\":{\"@type\":\"PropertyValueSpecification\",\"valueRequired\":true,\"valueName\":\"search_term_string\"}}],\"inLanguage\":\"es\"},{\"@type\":\"Organization\",\"@id\":\"https:\\\/\\\/continuamosmx.com\\\/#organization\",\"name\":\"ContinuamosMX\",\"url\":\"https:\\\/\\\/continuamosmx.com\\\/\",\"logo\":{\"@type\":\"ImageObject\",\"inLanguage\":\"es\",\"@id\":\"https:\\\/\\\/continuamosmx.com\\\/#\\\/schema\\\/logo\\\/image\\\/\",\"url\":\"https:\\\/\\\/continuamosmx.com\\\/wp-content\\\/uploads\\\/2023\\\/04\\\/cropped-LOGO-CONTI-NUEVO.png\",\"contentUrl\":\"https:\\\/\\\/continuamosmx.com\\\/wp-content\\\/uploads\\\/2023\\\/04\\\/cropped-LOGO-CONTI-NUEVO.png\",\"width\":1257,\"height\":430,\"caption\":\"ContinuamosMX\"},\"image\":{\"@id\":\"https:\\\/\\\/continuamosmx.com\\\/#\\\/schema\\\/logo\\\/image\\\/\"}},{\"@type\":\"Person\",\"@id\":\"https:\\\/\\\/continuamosmx.com\\\/#\\\/schema\\\/person\\\/5eb5356acb1fad784da407d14f0e8d89\",\"name\":\"Continuamos MX\",\"image\":{\"@type\":\"ImageObject\",\"inLanguage\":\"es\",\"@id\":\"https:\\\/\\\/secure.gravatar.com\\\/avatar\\\/30d4f9723476a15f4da34d35fb3501f08d2357016c76051c6a85c354c7489589?s=96&d=mm&r=g\",\"url\":\"https:\\\/\\\/secure.gravatar.com\\\/avatar\\\/30d4f9723476a15f4da34d35fb3501f08d2357016c76051c6a85c354c7489589?s=96&d=mm&r=g\",\"contentUrl\":\"https:\\\/\\\/secure.gravatar.com\\\/avatar\\\/30d4f9723476a15f4da34d35fb3501f08d2357016c76051c6a85c354c7489589?s=96&d=mm&r=g\",\"caption\":\"Continuamos MX\"},\"sameAs\":[\"http:\\\/\\\/www.continuamos.mx\"],\"url\":\"https:\\\/\\\/continuamosmx.com\\\/index.php\\\/author\\\/continuamos\\\/\"}]}<\/script>\n<!-- \/ Yoast SEO plugin. -->","yoast_head_json":{"title":"AUMENTA PRESUPUESTO PARA SEGURIDAD DE TLALNEPANTLA -","robots":{"index":"index","follow":"follow","max-snippet":"max-snippet:-1","max-image-preview":"max-image-preview:large","max-video-preview":"max-video-preview:-1"},"canonical":"https:\/\/continuamosmx.com\/index.php\/2023\/07\/25\/aumenta-presupuesto-para-seguridad-de-tlalnepantla\/","og_locale":"es_ES","og_type":"article","og_title":"AUMENTA PRESUPUESTO PARA SEGURIDAD DE TLALNEPANTLA -","og_description":"*El presupuesto del ejercicio fiscal 2023, tendr\u00e1 un aumento de m\u00e1s de 1.5 mdp REDACCI\u00d3N. TLALNEPANTLA, M\u00e9x.- Durante la Cuadrag\u00e9sima Sesi\u00f3n Ordinaria del Ayuntamiento de Cabildo en este municipio, se aprob\u00f3 la adecuaci\u00f3n al presupuesto de egresos del ejercicio fiscal 2023, donde se incluir\u00e1 la cantidad de 1 mill\u00f3n 795 mil 504 pesos, provenientes del [&hellip;]","og_url":"https:\/\/continuamosmx.com\/index.php\/2023\/07\/25\/aumenta-presupuesto-para-seguridad-de-tlalnepantla\/","article_published_time":"2023-07-25T06:20:56+00:00","article_modified_time":"2023-07-25T06:24:40+00:00","og_image":[{"width":1600,"height":1066,"url":"https:\/\/continuamosmx.com\/wp-content\/uploads\/2023\/07\/tlal.jpg","type":"image\/jpeg"}],"author":"Continuamos MX","twitter_card":"summary_large_image","twitter_misc":{"Escrito por":"Continuamos MX","Tiempo de lectura":"3 minutos"},"schema":{"@context":"https:\/\/schema.org","@graph":[{"@type":"Article","@id":"https:\/\/continuamosmx.com\/index.php\/2023\/07\/25\/aumenta-presupuesto-para-seguridad-de-tlalnepantla\/#article","isPartOf":{"@id":"https:\/\/continuamosmx.com\/index.php\/2023\/07\/25\/aumenta-presupuesto-para-seguridad-de-tlalnepantla\/"},"author":{"name":"Continuamos MX","@id":"https:\/\/continuamosmx.com\/#\/schema\/person\/5eb5356acb1fad784da407d14f0e8d89"},"headline":"AUMENTA PRESUPUESTO PARA SEGURIDAD DE TLALNEPANTLA","datePublished":"2023-07-25T06:20:56+00:00","dateModified":"2023-07-25T06:24:40+00:00","mainEntityOfPage":{"@id":"https:\/\/continuamosmx.com\/index.php\/2023\/07\/25\/aumenta-presupuesto-para-seguridad-de-tlalnepantla\/"},"wordCount":402,"commentCount":0,"publisher":{"@id":"https:\/\/continuamosmx.com\/#organization"},"image":{"@id":"https:\/\/continuamosmx.com\/index.php\/2023\/07\/25\/aumenta-presupuesto-para-seguridad-de-tlalnepantla\/#primaryimage"},"thumbnailUrl":"https:\/\/continuamosmx.com\/wp-content\/uploads\/2023\/07\/tlal.jpg","articleSection":["LOCALES","TLALNEPANTLA"],"inLanguage":"es"},{"@type":"WebPage","@id":"https:\/\/continuamosmx.com\/index.php\/2023\/07\/25\/aumenta-presupuesto-para-seguridad-de-tlalnepantla\/","url":"https:\/\/continuamosmx.com\/index.php\/2023\/07\/25\/aumenta-presupuesto-para-seguridad-de-tlalnepantla\/","name":"AUMENTA PRESUPUESTO PARA SEGURIDAD DE TLALNEPANTLA -","isPartOf":{"@id":"https:\/\/continuamosmx.com\/#website"},"primaryImageOfPage":{"@id":"https:\/\/continuamosmx.com\/index.php\/2023\/07\/25\/aumenta-presupuesto-para-seguridad-de-tlalnepantla\/#primaryimage"},"image":{"@id":"https:\/\/continuamosmx.com\/index.php\/2023\/07\/25\/aumenta-presupuesto-para-seguridad-de-tlalnepantla\/#primaryimage"},"thumbnailUrl":"https:\/\/continuamosmx.com\/wp-content\/uploads\/2023\/07\/tlal.jpg","datePublished":"2023-07-25T06:20:56+00:00","dateModified":"2023-07-25T06:24:40+00:00","breadcrumb":{"@id":"https:\/\/continuamosmx.com\/index.php\/2023\/07\/25\/aumenta-presupuesto-para-seguridad-de-tlalnepantla\/#breadcrumb"},"inLanguage":"es","potentialAction":[{"@type":"ReadAction","target":["https:\/\/continuamosmx.com\/index.php\/2023\/07\/25\/aumenta-presupuesto-para-seguridad-de-tlalnepantla\/"]}]},{"@type":"ImageObject","inLanguage":"es","@id":"https:\/\/continuamosmx.com\/index.php\/2023\/07\/25\/aumenta-presupuesto-para-seguridad-de-tlalnepantla\/#primaryimage","url":"https:\/\/continuamosmx.com\/wp-content\/uploads\/2023\/07\/tlal.jpg","contentUrl":"https:\/\/continuamosmx.com\/wp-content\/uploads\/2023\/07\/tlal.jpg","width":1600,"height":1066},{"@type":"BreadcrumbList","@id":"https:\/\/continuamosmx.com\/index.php\/2023\/07\/25\/aumenta-presupuesto-para-seguridad-de-tlalnepantla\/#breadcrumb","itemListElement":[{"@type":"ListItem","position":1,"name":"Inicio","item":"https:\/\/continuamosmx.com\/"},{"@type":"ListItem","position":2,"name":"AUMENTA PRESUPUESTO PARA SEGURIDAD DE TLALNEPANTLA"}]},{"@type":"WebSite","@id":"https:\/\/continuamosmx.com\/#website","url":"https:\/\/continuamosmx.com\/","name":"www.continuamosmx.com","description":"","publisher":{"@id":"https:\/\/continuamosmx.com\/#organization"},"potentialAction":[{"@type":"SearchAction","target":{"@type":"EntryPoint","urlTemplate":"https:\/\/continuamosmx.com\/?s={search_term_string}"},"query-input":{"@type":"PropertyValueSpecification","valueRequired":true,"valueName":"search_term_string"}}],"inLanguage":"es"},{"@type":"Organization","@id":"https:\/\/continuamosmx.com\/#organization","name":"ContinuamosMX","url":"https:\/\/continuamosmx.com\/","logo":{"@type":"ImageObject","inLanguage":"es","@id":"https:\/\/continuamosmx.com\/#\/schema\/logo\/image\/","url":"https:\/\/continuamosmx.com\/wp-content\/uploads\/2023\/04\/cropped-LOGO-CONTI-NUEVO.png","contentUrl":"https:\/\/continuamosmx.com\/wp-content\/uploads\/2023\/04\/cropped-LOGO-CONTI-NUEVO.png","width":1257,"height":430,"caption":"ContinuamosMX"},"image":{"@id":"https:\/\/continuamosmx.com\/#\/schema\/logo\/image\/"}},{"@type":"Person","@id":"https:\/\/continuamosmx.com\/#\/schema\/person\/5eb5356acb1fad784da407d14f0e8d89","name":"Continuamos MX","image":{"@type":"ImageObject","inLanguage":"es","@id":"https:\/\/secure.gravatar.com\/avatar\/30d4f9723476a15f4da34d35fb3501f08d2357016c76051c6a85c354c7489589?s=96&d=mm&r=g","url":"https:\/\/secure.gravatar.com\/avatar\/30d4f9723476a15f4da34d35fb3501f08d2357016c76051c6a85c354c7489589?s=96&d=mm&r=g","contentUrl":"https:\/\/secure.gravatar.com\/avatar\/30d4f9723476a15f4da34d35fb3501f08d2357016c76051c6a85c354c7489589?s=96&d=mm&r=g","caption":"Continuamos MX"},"sameAs":["http:\/\/www.continuamos.mx"],"url":"https:\/\/continuamosmx.com\/index.php\/author\/continuamos\/"}]}},"_links":{"self":[{"href":"https:\/\/continuamosmx.com\/index.php\/wp-json\/wp\/v2\/posts\/44451","targetHints":{"allow":["GET"]}}],"collection":[{"href":"https:\/\/continuamosmx.com\/index.php\/wp-json\/wp\/v2\/posts"}],"about":[{"href":"https:\/\/continuamosmx.com\/index.php\/wp-json\/wp\/v2\/types\/post"}],"author":[{"embeddable":true,"href":"https:\/\/continuamosmx.com\/index.php\/wp-json\/wp\/v2\/users\/6"}],"replies":[{"embeddable":true,"href":"https:\/\/continuamosmx.com\/index.php\/wp-json\/wp\/v2\/comments?post=44451"}],"version-history":[{"count":2,"href":"https:\/\/continuamosmx.com\/index.php\/wp-json\/wp\/v2\/posts\/44451\/revisions"}],"predecessor-version":[{"id":44454,"href":"https:\/\/continuamosmx.com\/index.php\/wp-json\/wp\/v2\/posts\/44451\/revisions\/44454"}],"wp:featuredmedia":[{"embeddable":true,"href":"https:\/\/continuamosmx.com\/index.php\/wp-json\/wp\/v2\/media\/44445"}],"wp:attachment":[{"href":"https:\/\/continuamosmx.com\/index.php\/wp-json\/wp\/v2\/media?parent=44451"}],"wp:term":[{"taxonomy":"category","embeddable":true,"href":"https:\/\/continuamosmx.com\/index.php\/wp-json\/wp\/v2\/categories?post=44451"},{"taxonomy":"post_tag","embeddable":true,"href":"https:\/\/continuamosmx.com\/index.php\/wp-json\/wp\/v2\/tags?post=44451"}],"curies":[{"name":"wp","href":"https:\/\/api.w.org\/{rel}","templated":true}]}}