{"id":44426,"date":"2023-07-24T10:03:41","date_gmt":"2023-07-24T10:03:41","guid":{"rendered":"https:\/\/continuamosmx.com\/?p=44426"},"modified":"2023-07-24T10:03:42","modified_gmt":"2023-07-24T10:03:42","slug":"remodelan-espacios-deportivos-en-huixquilucan","status":"publish","type":"post","link":"https:\/\/continuamosmx.com\/index.php\/2023\/07\/24\/remodelan-espacios-deportivos-en-huixquilucan\/","title":{"rendered":"REMODELAN ESPACIOS DEPORTIVOS EN HUIXQUILUCAN"},"content":{"rendered":"\n<p><strong>Entregan los trabajos de rehabilitaci\u00f3n del deportivo de la comunidad de \u201cFederal Burocr\u00e1tica\u201d, con la finalidad de promover actividades deportivas y recreativas; adem\u00e1s se inaugur\u00f3 un parque infantil para que ni\u00f1as y ni\u00f1os de la zona popular baja, tengan espacios dignos donde puedan desarrollarse plenamente.<\/strong><\/p>\n\n\n\n<p>REDACCI\u00d3N.<\/p>\n\n\n\n<p>HUIXQUILUCAN, M\u00e9x.- El Gobierno de Huixquilucan rehabilit\u00f3 el Deportivo de Federal Burocr\u00e1tica e inaugur\u00f3 un parque de juegos infantiles en esta misma colonia, con el objetivo de ampliar los espacios recreativos y promover las actividades deportivas en familia.<\/p>\n\n\n\n<p>La presidenta municipal, Romina Contreras Carrasco, en compa\u00f1\u00eda de vecinos, inform\u00f3 que la creaci\u00f3n de estos espacios permite impulsar la actividad f\u00edsica desde una temprana edad, toda vez que estas acciones benefician a las ni\u00f1as y ni\u00f1os de la zona popular baja, al brindarles espacios dignos en donde se puedan desarrollar plenamente.<\/p>\n\n\n\n<p>\u201cLo m\u00e1s importante para nosotros es que ustedes tengan un mejor lugar en donde convivir con las familias, en donde nuestras ni\u00f1as y nuestros ni\u00f1os puedan realizar alg\u00fan tipo de deporte. Quiero decirles que nos da un enorme orgullo el poder hacer este trabajo, el poder rehabilitar espacios que estaban completamente abandonados y el d\u00eda de hoy tienen vida\u201d, expres\u00f3.<\/p>\n\n\n\n<p>Al realizar la develaci\u00f3n de placa inaugural, Romina Contreras destac\u00f3 que su gobierno continuar\u00e1 brindando las herramientas necesarias a los ni\u00f1os, ni\u00f1as y j\u00f3venes de este municipio, para impulsar un mejor futuro.<\/p>\n\n\n\n<p>En este sentido, la presidenta del Sistema Municipal DIF, Ana Luisa P\u00e9rez Aguilar, hizo un llamado a los colonos para cuidar estos espacios, ya que es una responsabilidad conjunta de mantener el deportivo y los nuevos juegos infantiles en \u00f3ptimas condiciones.<\/p>\n\n\n\n<p>Cabe se\u00f1alar que la rehabilitaci\u00f3n del Deportivo, fue una de las demandas que realizaron los habitantes de Federal Burocr\u00e1tica, durante los recorridos del programa Huixquilucan Contigo 24\/7, que sirve para escuchar en tiempo real las necesidades de la poblaci\u00f3n.<\/p>\n\n\n\n<p>De igual forma, para contribuir a la econom\u00eda de las y los huixquiluquenses, se hizo entrega de apoyos alimenticios, con el fin de que las familias ahorren y puedan destinar su dinero en otras necesidades.<\/p>\n","protected":false},"excerpt":{"rendered":"<p>Entregan los trabajos de rehabilitaci\u00f3n del deportivo de la comunidad de \u201cFederal Burocr\u00e1tica\u201d, con la finalidad de promover actividades deportivas y recreativas; adem\u00e1s se inaugur\u00f3 un parque infantil para que ni\u00f1as y ni\u00f1os de la zona popular baja, tengan espacios dignos donde puedan desarrollarse plenamente. REDACCI\u00d3N. HUIXQUILUCAN, M\u00e9x.- El Gobierno de Huixquilucan rehabilit\u00f3 el Deportivo [&hellip;]<\/p>\n","protected":false},"author":6,"featured_media":44427,"comment_status":"open","ping_status":"open","sticky":false,"template":"","format":"standard","meta":{"footnotes":""},"categories":[5,4],"tags":[],"class_list":["post-44426","post","type-post","status-publish","format-standard","has-post-thumbnail","hentry","category-huixquilucan","category-locales"],"yoast_head":"<!-- This site is optimized with the Yoast SEO plugin v27.4 - https:\/\/yoast.com\/product\/yoast-seo-wordpress\/ -->\n<title>REMODELAN ESPACIOS DEPORTIVOS EN HUIXQUILUCAN -<\/title>\n<meta name=\"robots\" content=\"index, follow, max-snippet:-1, max-image-preview:large, max-video-preview:-1\" \/>\n<link rel=\"canonical\" href=\"https:\/\/continuamosmx.com\/index.php\/2023\/07\/24\/remodelan-espacios-deportivos-en-huixquilucan\/\" \/>\n<meta property=\"og:locale\" content=\"es_ES\" \/>\n<meta property=\"og:type\" content=\"article\" \/>\n<meta property=\"og:title\" content=\"REMODELAN ESPACIOS DEPORTIVOS EN HUIXQUILUCAN -\" \/>\n<meta property=\"og:description\" content=\"Entregan los trabajos de rehabilitaci\u00f3n del deportivo de la comunidad de \u201cFederal Burocr\u00e1tica\u201d, con la finalidad de promover actividades deportivas y recreativas; adem\u00e1s se inaugur\u00f3 un parque infantil para que ni\u00f1as y ni\u00f1os de la zona popular baja, tengan espacios dignos donde puedan desarrollarse plenamente. REDACCI\u00d3N. HUIXQUILUCAN, M\u00e9x.- El Gobierno de Huixquilucan rehabilit\u00f3 el Deportivo [&hellip;]\" \/>\n<meta property=\"og:url\" content=\"https:\/\/continuamosmx.com\/index.php\/2023\/07\/24\/remodelan-espacios-deportivos-en-huixquilucan\/\" \/>\n<meta property=\"article:published_time\" content=\"2023-07-24T10:03:41+00:00\" \/>\n<meta property=\"article:modified_time\" content=\"2023-07-24T10:03:42+00:00\" \/>\n<meta property=\"og:image\" content=\"https:\/\/continuamosmx.com\/wp-content\/uploads\/2023\/07\/Comunicado-de-Prensa-No.-161-2023-11.jpg\" \/>\n\t<meta property=\"og:image:width\" content=\"2100\" \/>\n\t<meta property=\"og:image:height\" content=\"1500\" \/>\n\t<meta property=\"og:image:type\" content=\"image\/jpeg\" \/>\n<meta name=\"author\" content=\"Continuamos MX\" \/>\n<meta name=\"twitter:card\" content=\"summary_large_image\" \/>\n<meta name=\"twitter:label1\" content=\"Escrito por\" \/>\n\t<meta name=\"twitter:data1\" content=\"Continuamos MX\" \/>\n\t<meta name=\"twitter:label2\" content=\"Tiempo de lectura\" \/>\n\t<meta name=\"twitter:data2\" content=\"2 minutos\" \/>\n<script type=\"application\/ld+json\" class=\"yoast-schema-graph\">{\"@context\":\"https:\\\/\\\/schema.org\",\"@graph\":[{\"@type\":\"Article\",\"@id\":\"https:\\\/\\\/continuamosmx.com\\\/index.php\\\/2023\\\/07\\\/24\\\/remodelan-espacios-deportivos-en-huixquilucan\\\/#article\",\"isPartOf\":{\"@id\":\"https:\\\/\\\/continuamosmx.com\\\/index.php\\\/2023\\\/07\\\/24\\\/remodelan-espacios-deportivos-en-huixquilucan\\\/\"},\"author\":{\"name\":\"Continuamos MX\",\"@id\":\"https:\\\/\\\/continuamosmx.com\\\/#\\\/schema\\\/person\\\/5eb5356acb1fad784da407d14f0e8d89\"},\"headline\":\"REMODELAN ESPACIOS DEPORTIVOS EN HUIXQUILUCAN\",\"datePublished\":\"2023-07-24T10:03:41+00:00\",\"dateModified\":\"2023-07-24T10:03:42+00:00\",\"mainEntityOfPage\":{\"@id\":\"https:\\\/\\\/continuamosmx.com\\\/index.php\\\/2023\\\/07\\\/24\\\/remodelan-espacios-deportivos-en-huixquilucan\\\/\"},\"wordCount\":376,\"commentCount\":0,\"publisher\":{\"@id\":\"https:\\\/\\\/continuamosmx.com\\\/#organization\"},\"image\":{\"@id\":\"https:\\\/\\\/continuamosmx.com\\\/index.php\\\/2023\\\/07\\\/24\\\/remodelan-espacios-deportivos-en-huixquilucan\\\/#primaryimage\"},\"thumbnailUrl\":\"https:\\\/\\\/continuamosmx.com\\\/wp-content\\\/uploads\\\/2023\\\/07\\\/Comunicado-de-Prensa-No.-161-2023-11.jpg\",\"articleSection\":[\"HUIXQUILUCAN\",\"LOCALES\"],\"inLanguage\":\"es\"},{\"@type\":\"WebPage\",\"@id\":\"https:\\\/\\\/continuamosmx.com\\\/index.php\\\/2023\\\/07\\\/24\\\/remodelan-espacios-deportivos-en-huixquilucan\\\/\",\"url\":\"https:\\\/\\\/continuamosmx.com\\\/index.php\\\/2023\\\/07\\\/24\\\/remodelan-espacios-deportivos-en-huixquilucan\\\/\",\"name\":\"REMODELAN ESPACIOS DEPORTIVOS EN HUIXQUILUCAN -\",\"isPartOf\":{\"@id\":\"https:\\\/\\\/continuamosmx.com\\\/#website\"},\"primaryImageOfPage\":{\"@id\":\"https:\\\/\\\/continuamosmx.com\\\/index.php\\\/2023\\\/07\\\/24\\\/remodelan-espacios-deportivos-en-huixquilucan\\\/#primaryimage\"},\"image\":{\"@id\":\"https:\\\/\\\/continuamosmx.com\\\/index.php\\\/2023\\\/07\\\/24\\\/remodelan-espacios-deportivos-en-huixquilucan\\\/#primaryimage\"},\"thumbnailUrl\":\"https:\\\/\\\/continuamosmx.com\\\/wp-content\\\/uploads\\\/2023\\\/07\\\/Comunicado-de-Prensa-No.-161-2023-11.jpg\",\"datePublished\":\"2023-07-24T10:03:41+00:00\",\"dateModified\":\"2023-07-24T10:03:42+00:00\",\"breadcrumb\":{\"@id\":\"https:\\\/\\\/continuamosmx.com\\\/index.php\\\/2023\\\/07\\\/24\\\/remodelan-espacios-deportivos-en-huixquilucan\\\/#breadcrumb\"},\"inLanguage\":\"es\",\"potentialAction\":[{\"@type\":\"ReadAction\",\"target\":[\"https:\\\/\\\/continuamosmx.com\\\/index.php\\\/2023\\\/07\\\/24\\\/remodelan-espacios-deportivos-en-huixquilucan\\\/\"]}]},{\"@type\":\"ImageObject\",\"inLanguage\":\"es\",\"@id\":\"https:\\\/\\\/continuamosmx.com\\\/index.php\\\/2023\\\/07\\\/24\\\/remodelan-espacios-deportivos-en-huixquilucan\\\/#primaryimage\",\"url\":\"https:\\\/\\\/continuamosmx.com\\\/wp-content\\\/uploads\\\/2023\\\/07\\\/Comunicado-de-Prensa-No.-161-2023-11.jpg\",\"contentUrl\":\"https:\\\/\\\/continuamosmx.com\\\/wp-content\\\/uploads\\\/2023\\\/07\\\/Comunicado-de-Prensa-No.-161-2023-11.jpg\",\"width\":2100,\"height\":1500},{\"@type\":\"BreadcrumbList\",\"@id\":\"https:\\\/\\\/continuamosmx.com\\\/index.php\\\/2023\\\/07\\\/24\\\/remodelan-espacios-deportivos-en-huixquilucan\\\/#breadcrumb\",\"itemListElement\":[{\"@type\":\"ListItem\",\"position\":1,\"name\":\"Inicio\",\"item\":\"https:\\\/\\\/continuamosmx.com\\\/\"},{\"@type\":\"ListItem\",\"position\":2,\"name\":\"REMODELAN ESPACIOS DEPORTIVOS EN HUIXQUILUCAN\"}]},{\"@type\":\"WebSite\",\"@id\":\"https:\\\/\\\/continuamosmx.com\\\/#website\",\"url\":\"https:\\\/\\\/continuamosmx.com\\\/\",\"name\":\"www.continuamosmx.com\",\"description\":\"\",\"publisher\":{\"@id\":\"https:\\\/\\\/continuamosmx.com\\\/#organization\"},\"potentialAction\":[{\"@type\":\"SearchAction\",\"target\":{\"@type\":\"EntryPoint\",\"urlTemplate\":\"https:\\\/\\\/continuamosmx.com\\\/?s={search_term_string}\"},\"query-input\":{\"@type\":\"PropertyValueSpecification\",\"valueRequired\":true,\"valueName\":\"search_term_string\"}}],\"inLanguage\":\"es\"},{\"@type\":\"Organization\",\"@id\":\"https:\\\/\\\/continuamosmx.com\\\/#organization\",\"name\":\"ContinuamosMX\",\"url\":\"https:\\\/\\\/continuamosmx.com\\\/\",\"logo\":{\"@type\":\"ImageObject\",\"inLanguage\":\"es\",\"@id\":\"https:\\\/\\\/continuamosmx.com\\\/#\\\/schema\\\/logo\\\/image\\\/\",\"url\":\"https:\\\/\\\/continuamosmx.com\\\/wp-content\\\/uploads\\\/2023\\\/04\\\/cropped-LOGO-CONTI-NUEVO.png\",\"contentUrl\":\"https:\\\/\\\/continuamosmx.com\\\/wp-content\\\/uploads\\\/2023\\\/04\\\/cropped-LOGO-CONTI-NUEVO.png\",\"width\":1257,\"height\":430,\"caption\":\"ContinuamosMX\"},\"image\":{\"@id\":\"https:\\\/\\\/continuamosmx.com\\\/#\\\/schema\\\/logo\\\/image\\\/\"}},{\"@type\":\"Person\",\"@id\":\"https:\\\/\\\/continuamosmx.com\\\/#\\\/schema\\\/person\\\/5eb5356acb1fad784da407d14f0e8d89\",\"name\":\"Continuamos MX\",\"image\":{\"@type\":\"ImageObject\",\"inLanguage\":\"es\",\"@id\":\"https:\\\/\\\/secure.gravatar.com\\\/avatar\\\/30d4f9723476a15f4da34d35fb3501f08d2357016c76051c6a85c354c7489589?s=96&d=mm&r=g\",\"url\":\"https:\\\/\\\/secure.gravatar.com\\\/avatar\\\/30d4f9723476a15f4da34d35fb3501f08d2357016c76051c6a85c354c7489589?s=96&d=mm&r=g\",\"contentUrl\":\"https:\\\/\\\/secure.gravatar.com\\\/avatar\\\/30d4f9723476a15f4da34d35fb3501f08d2357016c76051c6a85c354c7489589?s=96&d=mm&r=g\",\"caption\":\"Continuamos MX\"},\"sameAs\":[\"http:\\\/\\\/www.continuamos.mx\"],\"url\":\"https:\\\/\\\/continuamosmx.com\\\/index.php\\\/author\\\/continuamos\\\/\"}]}<\/script>\n<!-- \/ Yoast SEO plugin. -->","yoast_head_json":{"title":"REMODELAN ESPACIOS DEPORTIVOS EN HUIXQUILUCAN -","robots":{"index":"index","follow":"follow","max-snippet":"max-snippet:-1","max-image-preview":"max-image-preview:large","max-video-preview":"max-video-preview:-1"},"canonical":"https:\/\/continuamosmx.com\/index.php\/2023\/07\/24\/remodelan-espacios-deportivos-en-huixquilucan\/","og_locale":"es_ES","og_type":"article","og_title":"REMODELAN ESPACIOS DEPORTIVOS EN HUIXQUILUCAN -","og_description":"Entregan los trabajos de rehabilitaci\u00f3n del deportivo de la comunidad de \u201cFederal Burocr\u00e1tica\u201d, con la finalidad de promover actividades deportivas y recreativas; adem\u00e1s se inaugur\u00f3 un parque infantil para que ni\u00f1as y ni\u00f1os de la zona popular baja, tengan espacios dignos donde puedan desarrollarse plenamente. REDACCI\u00d3N. HUIXQUILUCAN, M\u00e9x.- El Gobierno de Huixquilucan rehabilit\u00f3 el Deportivo [&hellip;]","og_url":"https:\/\/continuamosmx.com\/index.php\/2023\/07\/24\/remodelan-espacios-deportivos-en-huixquilucan\/","article_published_time":"2023-07-24T10:03:41+00:00","article_modified_time":"2023-07-24T10:03:42+00:00","og_image":[{"width":2100,"height":1500,"url":"https:\/\/continuamosmx.com\/wp-content\/uploads\/2023\/07\/Comunicado-de-Prensa-No.-161-2023-11.jpg","type":"image\/jpeg"}],"author":"Continuamos MX","twitter_card":"summary_large_image","twitter_misc":{"Escrito por":"Continuamos MX","Tiempo de lectura":"2 minutos"},"schema":{"@context":"https:\/\/schema.org","@graph":[{"@type":"Article","@id":"https:\/\/continuamosmx.com\/index.php\/2023\/07\/24\/remodelan-espacios-deportivos-en-huixquilucan\/#article","isPartOf":{"@id":"https:\/\/continuamosmx.com\/index.php\/2023\/07\/24\/remodelan-espacios-deportivos-en-huixquilucan\/"},"author":{"name":"Continuamos MX","@id":"https:\/\/continuamosmx.com\/#\/schema\/person\/5eb5356acb1fad784da407d14f0e8d89"},"headline":"REMODELAN ESPACIOS DEPORTIVOS EN HUIXQUILUCAN","datePublished":"2023-07-24T10:03:41+00:00","dateModified":"2023-07-24T10:03:42+00:00","mainEntityOfPage":{"@id":"https:\/\/continuamosmx.com\/index.php\/2023\/07\/24\/remodelan-espacios-deportivos-en-huixquilucan\/"},"wordCount":376,"commentCount":0,"publisher":{"@id":"https:\/\/continuamosmx.com\/#organization"},"image":{"@id":"https:\/\/continuamosmx.com\/index.php\/2023\/07\/24\/remodelan-espacios-deportivos-en-huixquilucan\/#primaryimage"},"thumbnailUrl":"https:\/\/continuamosmx.com\/wp-content\/uploads\/2023\/07\/Comunicado-de-Prensa-No.-161-2023-11.jpg","articleSection":["HUIXQUILUCAN","LOCALES"],"inLanguage":"es"},{"@type":"WebPage","@id":"https:\/\/continuamosmx.com\/index.php\/2023\/07\/24\/remodelan-espacios-deportivos-en-huixquilucan\/","url":"https:\/\/continuamosmx.com\/index.php\/2023\/07\/24\/remodelan-espacios-deportivos-en-huixquilucan\/","name":"REMODELAN ESPACIOS DEPORTIVOS EN HUIXQUILUCAN -","isPartOf":{"@id":"https:\/\/continuamosmx.com\/#website"},"primaryImageOfPage":{"@id":"https:\/\/continuamosmx.com\/index.php\/2023\/07\/24\/remodelan-espacios-deportivos-en-huixquilucan\/#primaryimage"},"image":{"@id":"https:\/\/continuamosmx.com\/index.php\/2023\/07\/24\/remodelan-espacios-deportivos-en-huixquilucan\/#primaryimage"},"thumbnailUrl":"https:\/\/continuamosmx.com\/wp-content\/uploads\/2023\/07\/Comunicado-de-Prensa-No.-161-2023-11.jpg","datePublished":"2023-07-24T10:03:41+00:00","dateModified":"2023-07-24T10:03:42+00:00","breadcrumb":{"@id":"https:\/\/continuamosmx.com\/index.php\/2023\/07\/24\/remodelan-espacios-deportivos-en-huixquilucan\/#breadcrumb"},"inLanguage":"es","potentialAction":[{"@type":"ReadAction","target":["https:\/\/continuamosmx.com\/index.php\/2023\/07\/24\/remodelan-espacios-deportivos-en-huixquilucan\/"]}]},{"@type":"ImageObject","inLanguage":"es","@id":"https:\/\/continuamosmx.com\/index.php\/2023\/07\/24\/remodelan-espacios-deportivos-en-huixquilucan\/#primaryimage","url":"https:\/\/continuamosmx.com\/wp-content\/uploads\/2023\/07\/Comunicado-de-Prensa-No.-161-2023-11.jpg","contentUrl":"https:\/\/continuamosmx.com\/wp-content\/uploads\/2023\/07\/Comunicado-de-Prensa-No.-161-2023-11.jpg","width":2100,"height":1500},{"@type":"BreadcrumbList","@id":"https:\/\/continuamosmx.com\/index.php\/2023\/07\/24\/remodelan-espacios-deportivos-en-huixquilucan\/#breadcrumb","itemListElement":[{"@type":"ListItem","position":1,"name":"Inicio","item":"https:\/\/continuamosmx.com\/"},{"@type":"ListItem","position":2,"name":"REMODELAN ESPACIOS DEPORTIVOS EN HUIXQUILUCAN"}]},{"@type":"WebSite","@id":"https:\/\/continuamosmx.com\/#website","url":"https:\/\/continuamosmx.com\/","name":"www.continuamosmx.com","description":"","publisher":{"@id":"https:\/\/continuamosmx.com\/#organization"},"potentialAction":[{"@type":"SearchAction","target":{"@type":"EntryPoint","urlTemplate":"https:\/\/continuamosmx.com\/?s={search_term_string}"},"query-input":{"@type":"PropertyValueSpecification","valueRequired":true,"valueName":"search_term_string"}}],"inLanguage":"es"},{"@type":"Organization","@id":"https:\/\/continuamosmx.com\/#organization","name":"ContinuamosMX","url":"https:\/\/continuamosmx.com\/","logo":{"@type":"ImageObject","inLanguage":"es","@id":"https:\/\/continuamosmx.com\/#\/schema\/logo\/image\/","url":"https:\/\/continuamosmx.com\/wp-content\/uploads\/2023\/04\/cropped-LOGO-CONTI-NUEVO.png","contentUrl":"https:\/\/continuamosmx.com\/wp-content\/uploads\/2023\/04\/cropped-LOGO-CONTI-NUEVO.png","width":1257,"height":430,"caption":"ContinuamosMX"},"image":{"@id":"https:\/\/continuamosmx.com\/#\/schema\/logo\/image\/"}},{"@type":"Person","@id":"https:\/\/continuamosmx.com\/#\/schema\/person\/5eb5356acb1fad784da407d14f0e8d89","name":"Continuamos MX","image":{"@type":"ImageObject","inLanguage":"es","@id":"https:\/\/secure.gravatar.com\/avatar\/30d4f9723476a15f4da34d35fb3501f08d2357016c76051c6a85c354c7489589?s=96&d=mm&r=g","url":"https:\/\/secure.gravatar.com\/avatar\/30d4f9723476a15f4da34d35fb3501f08d2357016c76051c6a85c354c7489589?s=96&d=mm&r=g","contentUrl":"https:\/\/secure.gravatar.com\/avatar\/30d4f9723476a15f4da34d35fb3501f08d2357016c76051c6a85c354c7489589?s=96&d=mm&r=g","caption":"Continuamos MX"},"sameAs":["http:\/\/www.continuamos.mx"],"url":"https:\/\/continuamosmx.com\/index.php\/author\/continuamos\/"}]}},"_links":{"self":[{"href":"https:\/\/continuamosmx.com\/index.php\/wp-json\/wp\/v2\/posts\/44426","targetHints":{"allow":["GET"]}}],"collection":[{"href":"https:\/\/continuamosmx.com\/index.php\/wp-json\/wp\/v2\/posts"}],"about":[{"href":"https:\/\/continuamosmx.com\/index.php\/wp-json\/wp\/v2\/types\/post"}],"author":[{"embeddable":true,"href":"https:\/\/continuamosmx.com\/index.php\/wp-json\/wp\/v2\/users\/6"}],"replies":[{"embeddable":true,"href":"https:\/\/continuamosmx.com\/index.php\/wp-json\/wp\/v2\/comments?post=44426"}],"version-history":[{"count":1,"href":"https:\/\/continuamosmx.com\/index.php\/wp-json\/wp\/v2\/posts\/44426\/revisions"}],"predecessor-version":[{"id":44430,"href":"https:\/\/continuamosmx.com\/index.php\/wp-json\/wp\/v2\/posts\/44426\/revisions\/44430"}],"wp:featuredmedia":[{"embeddable":true,"href":"https:\/\/continuamosmx.com\/index.php\/wp-json\/wp\/v2\/media\/44427"}],"wp:attachment":[{"href":"https:\/\/continuamosmx.com\/index.php\/wp-json\/wp\/v2\/media?parent=44426"}],"wp:term":[{"taxonomy":"category","embeddable":true,"href":"https:\/\/continuamosmx.com\/index.php\/wp-json\/wp\/v2\/categories?post=44426"},{"taxonomy":"post_tag","embeddable":true,"href":"https:\/\/continuamosmx.com\/index.php\/wp-json\/wp\/v2\/tags?post=44426"}],"curies":[{"name":"wp","href":"https:\/\/api.w.org\/{rel}","templated":true}]}}