{"id":44415,"date":"2023-07-22T04:46:44","date_gmt":"2023-07-22T04:46:44","guid":{"rendered":"https:\/\/continuamosmx.com\/?p=44415"},"modified":"2023-07-22T04:49:21","modified_gmt":"2023-07-22T04:49:21","slug":"castigaran-con-carcel-el-robo-de-coladeras-y-uso-de-madrinas","status":"publish","type":"post","link":"https:\/\/continuamosmx.com\/index.php\/2023\/07\/22\/castigaran-con-carcel-el-robo-de-coladeras-y-uso-de-madrinas\/","title":{"rendered":"CASTIGAR\u00c1N CON C\u00c1RCEL EL ROBO DE COLADERAS Y USO DE \u2018MADRINAS\u2019"},"content":{"rendered":"\n<p>.-<strong>Perseguir\u00e1n los delitos contra el equipamiento y mobiliario urbano y la usurpaci\u00f3n de funciones polic\u00edacas.<\/strong><\/p>\n\n\n\n<p>&#8211;<strong>Avalan reformas al C\u00f3digo Penal para permitir la querella en el delito de abigeato cuando sea cometido entre familiares.<\/strong><\/p>\n\n\n\n<p>EDOM\u00c9X.-La Comisi\u00f3n de Procuraci\u00f3n y Administraci\u00f3n de Justicia del Congreso local aprob\u00f3 por unanimidad reformas al C\u00f3digo Penal del Estado de M\u00e9xico para sancionar con prisi\u00f3n el robo de las tapas met\u00e1licas de las coladeras y la usurpaci\u00f3n de funciones polic\u00edacas, as\u00ed como para facilitar la querella en el delito de abigeato cuando sea cometido entre familiares.<\/p>\n\n\n\n<p>Durante la reuni\u00f3n presidida por el diputado Gerardo Ulloa P\u00e9rez (Morena), la legisladora Alicia Mercado consider\u00f3 inadmisible que las personas pierdan la vida al caer en las coladeras de las redes de drenaje cuyas tapas o rejillas fueron robadas, como ocurri\u00f3 en la Ciudad de M\u00e9xico a fines de 2022 con las hermanas Sof\u00eda y Esmeralda.<\/p>\n\n\n\n<p>Despu\u00e9s de la aprobaci\u00f3n un\u00e1nime de su iniciativa por la que se integra el t\u00edtulo denominado Delitos contra el Equipamiento y Mobiliario Urbano al C\u00f3digo Penal del Estado de M\u00e9xico, la legisladora se\u00f1al\u00f3 que en la clandestinidad cada tapa se paga como fierro viejo hasta en 400 pesos cuando su costo real va de los 17 a los 20 mil pesos.<\/p>\n\n\n\n<p>Como parte del mismo dictamen, la Comisi\u00f3n aprob\u00f3 reformas para sancionar con prisi\u00f3n a las personas encargadas de la seguridad p\u00fablica que coadyuven en la usurpaci\u00f3n de funciones y faciliten uniformes, insignias, veh\u00edculos oficiales o armas, con objeto de amedrentar a la sociedad con falsos operativos o retenes.<\/p>\n\n\n\n<p>De acuerdo con las reformas impulsadas por el diputado morenista Mario Ariel Ju\u00e1rez Rodr\u00edguez, se busca combatir los abusos y extorsiones, pues es una pr\u00e1ctica com\u00fan que elementos de las corporaciones policiales recurran a personas externas conocidas como \u201cmadrinas\u201d o \u201cizquierdos\u201d para cometer delitos o actos arbitrarios, a los que les proporcionan objetos falsos de las instituciones de seguridad, como uniformes, insignias y autos.<\/p>\n\n\n\n<p>En esta reuni\u00f3n, las y los legisladores tambi\u00e9n aprobaron reformas al C\u00f3digo Penal para permitir la querella en el delito de abigeato o robo cuando sean cometidos entre familiares con el prop\u00f3sito de evitar desigualdad en el tratamiento de este delito respecto a los de abuso de confianza, fraude, despojo y da\u00f1o en los bienes.<\/p>\n\n\n\n<p>Las reformas, analizadas con acompa\u00f1amiento de personal de la Fiscal\u00eda General de Justicia del Estado de M\u00e9xico, deber\u00e1n ser ratificadas por el Pleno Legislativo antes de adquirir vigencia.<\/p>\n","protected":false},"excerpt":{"rendered":"<p>.-Perseguir\u00e1n los delitos contra el equipamiento y mobiliario urbano y la usurpaci\u00f3n de funciones polic\u00edacas. &#8211;Avalan reformas al C\u00f3digo Penal para permitir la querella en el delito de abigeato cuando sea cometido entre familiares. EDOM\u00c9X.-La Comisi\u00f3n de Procuraci\u00f3n y Administraci\u00f3n de Justicia del Congreso local aprob\u00f3 por unanimidad reformas al C\u00f3digo Penal del Estado de [&hellip;]<\/p>\n","protected":false},"author":6,"featured_media":44416,"comment_status":"open","ping_status":"open","sticky":false,"template":"","format":"standard","meta":{"footnotes":""},"categories":[2,3],"tags":[],"class_list":["post-44415","post","type-post","status-publish","format-standard","has-post-thumbnail","hentry","category-edomex","category-politica"],"yoast_head":"<!-- This site is optimized with the Yoast SEO plugin v27.5 - https:\/\/yoast.com\/product\/yoast-seo-wordpress\/ -->\n<title>CASTIGAR\u00c1N CON C\u00c1RCEL EL ROBO DE COLADERAS Y USO DE \u2018MADRINAS\u2019 -<\/title>\n<meta name=\"robots\" content=\"index, follow, max-snippet:-1, max-image-preview:large, max-video-preview:-1\" \/>\n<link rel=\"canonical\" href=\"https:\/\/continuamosmx.com\/index.php\/2023\/07\/22\/castigaran-con-carcel-el-robo-de-coladeras-y-uso-de-madrinas\/\" \/>\n<meta property=\"og:locale\" content=\"es_ES\" \/>\n<meta property=\"og:type\" content=\"article\" \/>\n<meta property=\"og:title\" content=\"CASTIGAR\u00c1N CON C\u00c1RCEL EL ROBO DE COLADERAS Y USO DE \u2018MADRINAS\u2019 -\" \/>\n<meta property=\"og:description\" content=\".-Perseguir\u00e1n los delitos contra el equipamiento y mobiliario urbano y la usurpaci\u00f3n de funciones polic\u00edacas. &#8211;Avalan reformas al C\u00f3digo Penal para permitir la querella en el delito de abigeato cuando sea cometido entre familiares. EDOM\u00c9X.-La Comisi\u00f3n de Procuraci\u00f3n y Administraci\u00f3n de Justicia del Congreso local aprob\u00f3 por unanimidad reformas al C\u00f3digo Penal del Estado de [&hellip;]\" \/>\n<meta property=\"og:url\" content=\"https:\/\/continuamosmx.com\/index.php\/2023\/07\/22\/castigaran-con-carcel-el-robo-de-coladeras-y-uso-de-madrinas\/\" \/>\n<meta property=\"article:published_time\" content=\"2023-07-22T04:46:44+00:00\" \/>\n<meta property=\"article:modified_time\" content=\"2023-07-22T04:49:21+00:00\" \/>\n<meta property=\"og:image\" content=\"https:\/\/continuamosmx.com\/wp-content\/uploads\/2023\/07\/1979a.jpeg\" \/>\n\t<meta property=\"og:image:width\" content=\"1600\" \/>\n\t<meta property=\"og:image:height\" content=\"1067\" \/>\n\t<meta property=\"og:image:type\" content=\"image\/jpeg\" \/>\n<meta name=\"author\" content=\"Continuamos MX\" \/>\n<meta name=\"twitter:card\" content=\"summary_large_image\" \/>\n<meta name=\"twitter:label1\" content=\"Escrito por\" \/>\n\t<meta name=\"twitter:data1\" content=\"Continuamos MX\" \/>\n<script type=\"application\/ld+json\" class=\"yoast-schema-graph\">{\"@context\":\"https:\\\/\\\/schema.org\",\"@graph\":[{\"@type\":\"Article\",\"@id\":\"https:\\\/\\\/continuamosmx.com\\\/index.php\\\/2023\\\/07\\\/22\\\/castigaran-con-carcel-el-robo-de-coladeras-y-uso-de-madrinas\\\/#article\",\"isPartOf\":{\"@id\":\"https:\\\/\\\/continuamosmx.com\\\/index.php\\\/2023\\\/07\\\/22\\\/castigaran-con-carcel-el-robo-de-coladeras-y-uso-de-madrinas\\\/\"},\"author\":{\"name\":\"Continuamos MX\",\"@id\":\"https:\\\/\\\/continuamosmx.com\\\/#\\\/schema\\\/person\\\/5eb5356acb1fad784da407d14f0e8d89\"},\"headline\":\"CASTIGAR\u00c1N CON C\u00c1RCEL EL ROBO DE COLADERAS Y USO DE \u2018MADRINAS\u2019\",\"datePublished\":\"2023-07-22T04:46:44+00:00\",\"dateModified\":\"2023-07-22T04:49:21+00:00\",\"mainEntityOfPage\":{\"@id\":\"https:\\\/\\\/continuamosmx.com\\\/index.php\\\/2023\\\/07\\\/22\\\/castigaran-con-carcel-el-robo-de-coladeras-y-uso-de-madrinas\\\/\"},\"wordCount\":456,\"commentCount\":0,\"publisher\":{\"@id\":\"https:\\\/\\\/continuamosmx.com\\\/#organization\"},\"image\":{\"@id\":\"https:\\\/\\\/continuamosmx.com\\\/index.php\\\/2023\\\/07\\\/22\\\/castigaran-con-carcel-el-robo-de-coladeras-y-uso-de-madrinas\\\/#primaryimage\"},\"thumbnailUrl\":\"https:\\\/\\\/continuamosmx.com\\\/wp-content\\\/uploads\\\/2023\\\/07\\\/1979a.jpeg\",\"articleSection\":[\"EDOMEX\",\"POL\u00cdTICA\"],\"inLanguage\":\"es\"},{\"@type\":\"WebPage\",\"@id\":\"https:\\\/\\\/continuamosmx.com\\\/index.php\\\/2023\\\/07\\\/22\\\/castigaran-con-carcel-el-robo-de-coladeras-y-uso-de-madrinas\\\/\",\"url\":\"https:\\\/\\\/continuamosmx.com\\\/index.php\\\/2023\\\/07\\\/22\\\/castigaran-con-carcel-el-robo-de-coladeras-y-uso-de-madrinas\\\/\",\"name\":\"CASTIGAR\u00c1N CON C\u00c1RCEL EL ROBO DE COLADERAS Y USO DE \u2018MADRINAS\u2019 -\",\"isPartOf\":{\"@id\":\"https:\\\/\\\/continuamosmx.com\\\/#website\"},\"primaryImageOfPage\":{\"@id\":\"https:\\\/\\\/continuamosmx.com\\\/index.php\\\/2023\\\/07\\\/22\\\/castigaran-con-carcel-el-robo-de-coladeras-y-uso-de-madrinas\\\/#primaryimage\"},\"image\":{\"@id\":\"https:\\\/\\\/continuamosmx.com\\\/index.php\\\/2023\\\/07\\\/22\\\/castigaran-con-carcel-el-robo-de-coladeras-y-uso-de-madrinas\\\/#primaryimage\"},\"thumbnailUrl\":\"https:\\\/\\\/continuamosmx.com\\\/wp-content\\\/uploads\\\/2023\\\/07\\\/1979a.jpeg\",\"datePublished\":\"2023-07-22T04:46:44+00:00\",\"dateModified\":\"2023-07-22T04:49:21+00:00\",\"breadcrumb\":{\"@id\":\"https:\\\/\\\/continuamosmx.com\\\/index.php\\\/2023\\\/07\\\/22\\\/castigaran-con-carcel-el-robo-de-coladeras-y-uso-de-madrinas\\\/#breadcrumb\"},\"inLanguage\":\"es\",\"potentialAction\":[{\"@type\":\"ReadAction\",\"target\":[\"https:\\\/\\\/continuamosmx.com\\\/index.php\\\/2023\\\/07\\\/22\\\/castigaran-con-carcel-el-robo-de-coladeras-y-uso-de-madrinas\\\/\"]}]},{\"@type\":\"ImageObject\",\"inLanguage\":\"es\",\"@id\":\"https:\\\/\\\/continuamosmx.com\\\/index.php\\\/2023\\\/07\\\/22\\\/castigaran-con-carcel-el-robo-de-coladeras-y-uso-de-madrinas\\\/#primaryimage\",\"url\":\"https:\\\/\\\/continuamosmx.com\\\/wp-content\\\/uploads\\\/2023\\\/07\\\/1979a.jpeg\",\"contentUrl\":\"https:\\\/\\\/continuamosmx.com\\\/wp-content\\\/uploads\\\/2023\\\/07\\\/1979a.jpeg\",\"width\":1600,\"height\":1067},{\"@type\":\"BreadcrumbList\",\"@id\":\"https:\\\/\\\/continuamosmx.com\\\/index.php\\\/2023\\\/07\\\/22\\\/castigaran-con-carcel-el-robo-de-coladeras-y-uso-de-madrinas\\\/#breadcrumb\",\"itemListElement\":[{\"@type\":\"ListItem\",\"position\":1,\"name\":\"Inicio\",\"item\":\"https:\\\/\\\/continuamosmx.com\\\/\"},{\"@type\":\"ListItem\",\"position\":2,\"name\":\"CASTIGAR\u00c1N CON C\u00c1RCEL EL ROBO DE COLADERAS Y USO DE \u2018MADRINAS\u2019\"}]},{\"@type\":\"WebSite\",\"@id\":\"https:\\\/\\\/continuamosmx.com\\\/#website\",\"url\":\"https:\\\/\\\/continuamosmx.com\\\/\",\"name\":\"www.continuamosmx.com\",\"description\":\"\",\"publisher\":{\"@id\":\"https:\\\/\\\/continuamosmx.com\\\/#organization\"},\"potentialAction\":[{\"@type\":\"SearchAction\",\"target\":{\"@type\":\"EntryPoint\",\"urlTemplate\":\"https:\\\/\\\/continuamosmx.com\\\/?s={search_term_string}\"},\"query-input\":{\"@type\":\"PropertyValueSpecification\",\"valueRequired\":true,\"valueName\":\"search_term_string\"}}],\"inLanguage\":\"es\"},{\"@type\":\"Organization\",\"@id\":\"https:\\\/\\\/continuamosmx.com\\\/#organization\",\"name\":\"ContinuamosMX\",\"url\":\"https:\\\/\\\/continuamosmx.com\\\/\",\"logo\":{\"@type\":\"ImageObject\",\"inLanguage\":\"es\",\"@id\":\"https:\\\/\\\/continuamosmx.com\\\/#\\\/schema\\\/logo\\\/image\\\/\",\"url\":\"https:\\\/\\\/continuamosmx.com\\\/wp-content\\\/uploads\\\/2023\\\/04\\\/cropped-LOGO-CONTI-NUEVO.png\",\"contentUrl\":\"https:\\\/\\\/continuamosmx.com\\\/wp-content\\\/uploads\\\/2023\\\/04\\\/cropped-LOGO-CONTI-NUEVO.png\",\"width\":1257,\"height\":430,\"caption\":\"ContinuamosMX\"},\"image\":{\"@id\":\"https:\\\/\\\/continuamosmx.com\\\/#\\\/schema\\\/logo\\\/image\\\/\"}},{\"@type\":\"Person\",\"@id\":\"https:\\\/\\\/continuamosmx.com\\\/#\\\/schema\\\/person\\\/5eb5356acb1fad784da407d14f0e8d89\",\"name\":\"Continuamos MX\",\"image\":{\"@type\":\"ImageObject\",\"inLanguage\":\"es\",\"@id\":\"https:\\\/\\\/secure.gravatar.com\\\/avatar\\\/30d4f9723476a15f4da34d35fb3501f08d2357016c76051c6a85c354c7489589?s=96&d=mm&r=g\",\"url\":\"https:\\\/\\\/secure.gravatar.com\\\/avatar\\\/30d4f9723476a15f4da34d35fb3501f08d2357016c76051c6a85c354c7489589?s=96&d=mm&r=g\",\"contentUrl\":\"https:\\\/\\\/secure.gravatar.com\\\/avatar\\\/30d4f9723476a15f4da34d35fb3501f08d2357016c76051c6a85c354c7489589?s=96&d=mm&r=g\",\"caption\":\"Continuamos MX\"},\"sameAs\":[\"http:\\\/\\\/www.continuamos.mx\"],\"url\":\"https:\\\/\\\/continuamosmx.com\\\/index.php\\\/author\\\/continuamos\\\/\"}]}<\/script>\n<!-- \/ Yoast SEO plugin. -->","yoast_head_json":{"title":"CASTIGAR\u00c1N CON C\u00c1RCEL EL ROBO DE COLADERAS Y USO DE \u2018MADRINAS\u2019 -","robots":{"index":"index","follow":"follow","max-snippet":"max-snippet:-1","max-image-preview":"max-image-preview:large","max-video-preview":"max-video-preview:-1"},"canonical":"https:\/\/continuamosmx.com\/index.php\/2023\/07\/22\/castigaran-con-carcel-el-robo-de-coladeras-y-uso-de-madrinas\/","og_locale":"es_ES","og_type":"article","og_title":"CASTIGAR\u00c1N CON C\u00c1RCEL EL ROBO DE COLADERAS Y USO DE \u2018MADRINAS\u2019 -","og_description":".-Perseguir\u00e1n los delitos contra el equipamiento y mobiliario urbano y la usurpaci\u00f3n de funciones polic\u00edacas. &#8211;Avalan reformas al C\u00f3digo Penal para permitir la querella en el delito de abigeato cuando sea cometido entre familiares. EDOM\u00c9X.-La Comisi\u00f3n de Procuraci\u00f3n y Administraci\u00f3n de Justicia del Congreso local aprob\u00f3 por unanimidad reformas al C\u00f3digo Penal del Estado de [&hellip;]","og_url":"https:\/\/continuamosmx.com\/index.php\/2023\/07\/22\/castigaran-con-carcel-el-robo-de-coladeras-y-uso-de-madrinas\/","article_published_time":"2023-07-22T04:46:44+00:00","article_modified_time":"2023-07-22T04:49:21+00:00","og_image":[{"width":1600,"height":1067,"url":"https:\/\/continuamosmx.com\/wp-content\/uploads\/2023\/07\/1979a.jpeg","type":"image\/jpeg"}],"author":"Continuamos MX","twitter_card":"summary_large_image","twitter_misc":{"Escrito por":"Continuamos MX"},"schema":{"@context":"https:\/\/schema.org","@graph":[{"@type":"Article","@id":"https:\/\/continuamosmx.com\/index.php\/2023\/07\/22\/castigaran-con-carcel-el-robo-de-coladeras-y-uso-de-madrinas\/#article","isPartOf":{"@id":"https:\/\/continuamosmx.com\/index.php\/2023\/07\/22\/castigaran-con-carcel-el-robo-de-coladeras-y-uso-de-madrinas\/"},"author":{"name":"Continuamos MX","@id":"https:\/\/continuamosmx.com\/#\/schema\/person\/5eb5356acb1fad784da407d14f0e8d89"},"headline":"CASTIGAR\u00c1N CON C\u00c1RCEL EL ROBO DE COLADERAS Y USO DE \u2018MADRINAS\u2019","datePublished":"2023-07-22T04:46:44+00:00","dateModified":"2023-07-22T04:49:21+00:00","mainEntityOfPage":{"@id":"https:\/\/continuamosmx.com\/index.php\/2023\/07\/22\/castigaran-con-carcel-el-robo-de-coladeras-y-uso-de-madrinas\/"},"wordCount":456,"commentCount":0,"publisher":{"@id":"https:\/\/continuamosmx.com\/#organization"},"image":{"@id":"https:\/\/continuamosmx.com\/index.php\/2023\/07\/22\/castigaran-con-carcel-el-robo-de-coladeras-y-uso-de-madrinas\/#primaryimage"},"thumbnailUrl":"https:\/\/continuamosmx.com\/wp-content\/uploads\/2023\/07\/1979a.jpeg","articleSection":["EDOMEX","POL\u00cdTICA"],"inLanguage":"es"},{"@type":"WebPage","@id":"https:\/\/continuamosmx.com\/index.php\/2023\/07\/22\/castigaran-con-carcel-el-robo-de-coladeras-y-uso-de-madrinas\/","url":"https:\/\/continuamosmx.com\/index.php\/2023\/07\/22\/castigaran-con-carcel-el-robo-de-coladeras-y-uso-de-madrinas\/","name":"CASTIGAR\u00c1N CON C\u00c1RCEL EL ROBO DE COLADERAS Y USO DE \u2018MADRINAS\u2019 -","isPartOf":{"@id":"https:\/\/continuamosmx.com\/#website"},"primaryImageOfPage":{"@id":"https:\/\/continuamosmx.com\/index.php\/2023\/07\/22\/castigaran-con-carcel-el-robo-de-coladeras-y-uso-de-madrinas\/#primaryimage"},"image":{"@id":"https:\/\/continuamosmx.com\/index.php\/2023\/07\/22\/castigaran-con-carcel-el-robo-de-coladeras-y-uso-de-madrinas\/#primaryimage"},"thumbnailUrl":"https:\/\/continuamosmx.com\/wp-content\/uploads\/2023\/07\/1979a.jpeg","datePublished":"2023-07-22T04:46:44+00:00","dateModified":"2023-07-22T04:49:21+00:00","breadcrumb":{"@id":"https:\/\/continuamosmx.com\/index.php\/2023\/07\/22\/castigaran-con-carcel-el-robo-de-coladeras-y-uso-de-madrinas\/#breadcrumb"},"inLanguage":"es","potentialAction":[{"@type":"ReadAction","target":["https:\/\/continuamosmx.com\/index.php\/2023\/07\/22\/castigaran-con-carcel-el-robo-de-coladeras-y-uso-de-madrinas\/"]}]},{"@type":"ImageObject","inLanguage":"es","@id":"https:\/\/continuamosmx.com\/index.php\/2023\/07\/22\/castigaran-con-carcel-el-robo-de-coladeras-y-uso-de-madrinas\/#primaryimage","url":"https:\/\/continuamosmx.com\/wp-content\/uploads\/2023\/07\/1979a.jpeg","contentUrl":"https:\/\/continuamosmx.com\/wp-content\/uploads\/2023\/07\/1979a.jpeg","width":1600,"height":1067},{"@type":"BreadcrumbList","@id":"https:\/\/continuamosmx.com\/index.php\/2023\/07\/22\/castigaran-con-carcel-el-robo-de-coladeras-y-uso-de-madrinas\/#breadcrumb","itemListElement":[{"@type":"ListItem","position":1,"name":"Inicio","item":"https:\/\/continuamosmx.com\/"},{"@type":"ListItem","position":2,"name":"CASTIGAR\u00c1N CON C\u00c1RCEL EL ROBO DE COLADERAS Y USO DE \u2018MADRINAS\u2019"}]},{"@type":"WebSite","@id":"https:\/\/continuamosmx.com\/#website","url":"https:\/\/continuamosmx.com\/","name":"www.continuamosmx.com","description":"","publisher":{"@id":"https:\/\/continuamosmx.com\/#organization"},"potentialAction":[{"@type":"SearchAction","target":{"@type":"EntryPoint","urlTemplate":"https:\/\/continuamosmx.com\/?s={search_term_string}"},"query-input":{"@type":"PropertyValueSpecification","valueRequired":true,"valueName":"search_term_string"}}],"inLanguage":"es"},{"@type":"Organization","@id":"https:\/\/continuamosmx.com\/#organization","name":"ContinuamosMX","url":"https:\/\/continuamosmx.com\/","logo":{"@type":"ImageObject","inLanguage":"es","@id":"https:\/\/continuamosmx.com\/#\/schema\/logo\/image\/","url":"https:\/\/continuamosmx.com\/wp-content\/uploads\/2023\/04\/cropped-LOGO-CONTI-NUEVO.png","contentUrl":"https:\/\/continuamosmx.com\/wp-content\/uploads\/2023\/04\/cropped-LOGO-CONTI-NUEVO.png","width":1257,"height":430,"caption":"ContinuamosMX"},"image":{"@id":"https:\/\/continuamosmx.com\/#\/schema\/logo\/image\/"}},{"@type":"Person","@id":"https:\/\/continuamosmx.com\/#\/schema\/person\/5eb5356acb1fad784da407d14f0e8d89","name":"Continuamos MX","image":{"@type":"ImageObject","inLanguage":"es","@id":"https:\/\/secure.gravatar.com\/avatar\/30d4f9723476a15f4da34d35fb3501f08d2357016c76051c6a85c354c7489589?s=96&d=mm&r=g","url":"https:\/\/secure.gravatar.com\/avatar\/30d4f9723476a15f4da34d35fb3501f08d2357016c76051c6a85c354c7489589?s=96&d=mm&r=g","contentUrl":"https:\/\/secure.gravatar.com\/avatar\/30d4f9723476a15f4da34d35fb3501f08d2357016c76051c6a85c354c7489589?s=96&d=mm&r=g","caption":"Continuamos MX"},"sameAs":["http:\/\/www.continuamos.mx"],"url":"https:\/\/continuamosmx.com\/index.php\/author\/continuamos\/"}]}},"_links":{"self":[{"href":"https:\/\/continuamosmx.com\/index.php\/wp-json\/wp\/v2\/posts\/44415","targetHints":{"allow":["GET"]}}],"collection":[{"href":"https:\/\/continuamosmx.com\/index.php\/wp-json\/wp\/v2\/posts"}],"about":[{"href":"https:\/\/continuamosmx.com\/index.php\/wp-json\/wp\/v2\/types\/post"}],"author":[{"embeddable":true,"href":"https:\/\/continuamosmx.com\/index.php\/wp-json\/wp\/v2\/users\/6"}],"replies":[{"embeddable":true,"href":"https:\/\/continuamosmx.com\/index.php\/wp-json\/wp\/v2\/comments?post=44415"}],"version-history":[{"count":2,"href":"https:\/\/continuamosmx.com\/index.php\/wp-json\/wp\/v2\/posts\/44415\/revisions"}],"predecessor-version":[{"id":44418,"href":"https:\/\/continuamosmx.com\/index.php\/wp-json\/wp\/v2\/posts\/44415\/revisions\/44418"}],"wp:featuredmedia":[{"embeddable":true,"href":"https:\/\/continuamosmx.com\/index.php\/wp-json\/wp\/v2\/media\/44416"}],"wp:attachment":[{"href":"https:\/\/continuamosmx.com\/index.php\/wp-json\/wp\/v2\/media?parent=44415"}],"wp:term":[{"taxonomy":"category","embeddable":true,"href":"https:\/\/continuamosmx.com\/index.php\/wp-json\/wp\/v2\/categories?post=44415"},{"taxonomy":"post_tag","embeddable":true,"href":"https:\/\/continuamosmx.com\/index.php\/wp-json\/wp\/v2\/tags?post=44415"}],"curies":[{"name":"wp","href":"https:\/\/api.w.org\/{rel}","templated":true}]}}