{"id":44413,"date":"2023-07-21T20:37:37","date_gmt":"2023-07-21T20:37:37","guid":{"rendered":"https:\/\/continuamosmx.com\/?p=44413"},"modified":"2023-07-21T20:37:38","modified_gmt":"2023-07-21T20:37:38","slug":"omar-tapia-informa-12","status":"publish","type":"post","link":"https:\/\/continuamosmx.com\/index.php\/2023\/07\/21\/omar-tapia-informa-12\/","title":{"rendered":"OMAR TAPIA INFORMA"},"content":{"rendered":"\n<p>\u00bfSe acuerdan algunos de ustedes c\u00f3mo se RESPETABA antes la figura de los sacerdotes y de los PROFESORES? Sin duda que en muchos casos ya s\u00f3lo queda el recuerdo, porque de unos a\u00f1os para ac\u00e1, eso TAMBI\u00c9N ha cambiado y ciertamente los tiempos son otros, pero deber\u00edamos al menos de pensar un poco en eso.<\/p>\n\n\n\n<p>La nota de esta semana y que todav\u00eda contin\u00faa en medios de comunicaci\u00f3n, es lo ocurrido con los PADRES de un ni\u00f1o que acud\u00eda a una escuela o jard\u00edn de ni\u00f1os, nadamenos que en una de las colonias m\u00e1s populosas de Cuautitl\u00e1n Izcalli, como lo es Lomas de Cuautitl\u00e1n. Ya ayer previsto para las 3 de la tarde, debieron haber dado a conocer qu\u00e9 ser\u00e1 de esta pareja de padres que AGREDIERON y tambi\u00e9n se dijo que amenazaron con una PISTOLA a la maestra de su peque\u00f1o hijo, porque -argumentan- lo \u201cmaltrataba\u201d y al parecer la gota que derram\u00f3 el vaso, es que el ni\u00f1o present\u00f3 alguna \u201cquemadura\u201d o moret\u00f3n, indicando que \u201cla maestra se lo hab\u00eda hecho\u201d.<\/p>\n\n\n\n<p>Desde luego que los padres estaban m\u00e1s que MOLESTOS, pero nadie puede avalar que actuaron correctamente.<\/p>\n\n\n\n<p>Nos hemos enterado de la versi\u00f3n del ABUELO del menor, porque ambos padres est\u00e1n detenidos; y tambi\u00e9n est\u00e1 la acusaci\u00f3n de la MAESTRA y alguien m\u00e1s de la escuela que presenci\u00f3 los hechos y que igualmente result\u00f3 amenazada. No hay necesidad de re contar todo lo dem\u00e1s que ya se sabe, pero ser\u00e1 muy importante ver los RESULTADOS que arrojen las investigaciones y CASTIGAR como debe ser a quien resulte responsable. Si en la escuela el NI\u00d1O era maltratado (o incluso pueda haber m\u00e1s casos parecidos), tendr\u00e1 que actuarse en consecuencia; PERO aunque as\u00ed fuera, no existe raz\u00f3n alguna para que dos padres se tomen la justicia por su cuenta y agredan a la SUPUESTA culpable, enfrente del ni\u00f1o, exigi\u00e9ndole a ella pedirle perd\u00f3n. Qu\u00e9 caso, \u00e9ste. Ojal\u00e1 al final podamos conocer lo que verdaderamente sucedi\u00f3 y que en verdad haya un CASTIGO para quien sea necesario; y por las notas period\u00edsticas que han salido luego de este lamentable suceso, todo parece indicar que el padre del menor es toda una fichita.<\/p>\n\n\n\n<p>F\u00edjense lo que son las cosas, justo de esto se le pregunt\u00f3 a la Presidenta KARLA FIESCO el martes de esta semana (el d\u00eda que ocurrieron los hechos), porque ella estaba entregando algunas OBRAS en aquella colonia, en Lomas de Cuautitl\u00e1n. S\u00ed estaba enterada del caso, coment\u00f3 que se estaba al pendiente del desarrollo de la situaci\u00f3n y por l\u00f3gica, esperar los resultados de las investigaciones en un tema tan delicado. Y estuvo all\u00e1, porque hizo la entrega oficial de la REPAVIMENTACI\u00d3N de una de las avenidas principales de ese fraccionamiento, que le hace falta TODO, pero al menos en esta Administraci\u00f3n por lo que me ha tocado ver, les han apoyado mucho y creo que una prueba de ello fueron las flores y algunas palabras que le dedicaron ah\u00ed mismo dos de las vecinas de ese lugar.<\/p>\n\n\n\n<p>Fue la avenida San Juan Bautista, como les dije una de las m\u00e1s grandes, poco m\u00e1s de un kil\u00f3metro, que estaba muy da\u00f1ada y por eso fue que se eligi\u00f3 para su reparaci\u00f3n. Hay m\u00e1s que tambi\u00e9n lo requieren, pero creo todos podemos entender que tampoco se puede todo, porque aparte tampoco es el \u00fanico fraccionamiento que lo requiere. Ese mismo martes, tambi\u00e9n se anunci\u00f3 que ya qued\u00f3 listo el TANQUE DE AGUA POTABLE \u201cSan Juan\u201d, con el que se espera abastecer un poco m\u00e1s de AGUA para toda esa zona, que es otro de sus grandes problemas. Y apenas hace dos semanas llevaron all\u00e1 el \u201cD\u00eda Ciudadano\u201d, donde adem\u00e1s de atenderlos personalmente, incluy\u00f3 (como en todas las colonias y pueblos donde se presentan), la llegada desde muy temprano de una cuadrilla de trabajadores municipales que llegan a BACHEAR, barren las calles, podan \u00e1rboles, recuperan espacios p\u00fablicos con corte de pasto y desmalezado; se reparan L\u00c1MPARAS y las que de plano no sirven, se ponen nuevas, lo que en muchos lugares ha dado sin duda una vista muy diferente por la noche.<\/p>\n\n\n\n<p>A Lomas de Cuautitl\u00e1n ciertamente le hacen falta muchas cosas, PERO no se pueden quejar de lo que hasta ahora les han hecho con la actual Administraci\u00f3n municipal y la misma KARLA anunci\u00f3 en esta entrega, que ya se est\u00e1n gestionando m\u00e1s obras que muy probablemente sean entregadas este mismo a\u00f1o.<\/p>\n\n\n\n<p>Pero el MARTES fue un d\u00eda de varias \u201centregas\u201d, porque aparte de Lomas de Cuautitl\u00e1n, previamente en Lomas del Bosque y la Colonia Tres de Mayo (en la parte de atr\u00e1s de donde est\u00e1 el Chedrahui), tambi\u00e9n se entreg\u00f3 la REPAVIMENTACI\u00d3N de DOS avenidas: Quetzal y Jacarandas, \u00e9sta \u00faltima que de plano si estaba pa\u2019l perro y qued\u00f3 bastante bien, beneficiando a much\u00edsima gente que transita por ese lugar.<\/p>\n\n\n\n<p>Luego de ah\u00ed, le sigui\u00f3 otra inauguraci\u00f3n \u201coficial\u201d y digo oficial porque ya todo esto estaba funcionando, pero fue hecho por la actual Administraci\u00f3n y tienen todo el derecho de hacerlo notar. Malo que dijeran que hicieron y no hicieran nada \u00bfa poco no? As\u00ed que se entreg\u00f3 tambi\u00e9n la REPAVIMENTACI\u00d3N de la Av. Arc\u00e1ngel San Miguel, en Claustros de San Miguel, que es la que sale de la glorieta (antes de llegar a Axotl\u00e1n), hacia la avenida Huehuetoca, por donde est\u00e1 el Soriana. &nbsp;&nbsp;&nbsp;&nbsp;<\/p>\n\n\n\n<p>Y finalmente, all\u00e1 frente al famoso \u201cMercadito negro\u201d, en bosques de Xhala, se entreg\u00f3 la construcci\u00f3n del DRENAJE sanitario, la rehabilitaci\u00f3n de la red de AGUA POTABLE y la reconstrucci\u00f3n con CONCRETO HIDR\u00c1ULICO de una parte de la avenida 20 de Noviembre, que es la continuaci\u00f3n de la Av. de los Ahuehuetes en el OTRO Cuautitl\u00e1n. Y ah\u00ed los locatarios del mercado llevaron hasta M\u00daSICA y ofrecieron COMIDA para los asistentes, en agradecimiento por esa obra. Lo cual CREO que todos entendemos que naci\u00f3 de ellos y no fue algo que les pidiera alguna persona del gobierno de Izcalli. As\u00ed como las flores que le regalaron a la Presidenta en Lomas de Cuautitl\u00e1n; o las porras que le echaron en Claustros.<\/p>\n\n\n\n<p>Pero ya saben que siempre hay quien ve algo malo en esto y si se trata de un chairo, mucho peor. Un tal Hugo Almanza, que siempre est\u00e1 jodiendo con lo que publico y defendiendo a la 4T, escribi\u00f3 en una de las publicaciones del martes: \u201cNo se felicita porque ESE ES SU TRABAJO, no le est\u00e1n haciendo un favor a nadie, pero esta administraci\u00f3n simuladora solamente se ha llenado de estos eventos tontos de inauguraci\u00f3n de algo que les corresponde hacer y por lo que RECIBEN UN SUELDO, no lo hacen gratis. S\u00f3lo que les encanta simular, esta administraci\u00f3n est\u00e1 llena de simulaci\u00f3n\u201d. &nbsp;<\/p>\n\n\n\n<p>Qu\u00e9 la fregada, pero a ver \u00bfsimulaci\u00f3n? Ah\u00ed est\u00e1n las OBRAS, no est\u00e1n inventando nada ni son como las del gobierno Federal que se \u201cinauguran\u201d sin estar terminadas. Eso s\u00ed es SIMULACI\u00d3N.<\/p>\n\n\n\n<p>Luego, si un d\u00eda voy a comer a alguna fonda o un restaurante, le AGRADEZCO o no a quien me atiende\u2026 o desde la perspectiva de este sujeto, como \u201ces su trabajo\u201d, no tengo por qu\u00e9 hacerlo. Que me sirva, para eso le pago\u2026 creo que entendemos que eso no es correcto. Y si la gente lo \u201cagradece\u201d es porque nace de ellos; y la autoridad bien pudo \u201cgastar\u201d ese dinero en cualquier otro lugar porque en muchos lados hace falta y de todas formas seguir\u00eda \u201csiendo su trabajo\u201d.<\/p>\n\n\n\n<p>Y si \u201cesta Administraci\u00f3n est\u00e1 llena de simulaciones\u201d, deber\u00edamos entenderlo entonces como que ha entregado muchas OBRAS, porque como dije al principio, ni modo que \u201csimule\u201d entregar algo si no lo ha hecho. Pero en fin, los comentarios siempre se deben tomar de quien vienen.<\/p>\n\n\n\n<p>Oigan y finalmente lleg\u00f3 la fecha para la CARRERA de 30 KIL\u00d3METROS en Cuautitl\u00e1n Izcalli. Pasado ma\u00f1ana DOMINGO 23 de julio se llevar\u00e1 a cabo, ya est\u00e1 todo listo, definida la RUTA, preparados los kits que se entregar\u00e1n algunos hoy viernes y la mayor\u00eda de ellos ma\u00f1ana S\u00c1BADO en el auditorio Enrique B\u00e1tiz; el apoyo de Tr\u00e1nsito Municipal, Protecci\u00f3n Civil y los puntos para hidrataci\u00f3n de los corredores. Ya s\u00f3lo falta que empiece. Sin embargo, me platica el Dr. Esp\u00edndola, uno de los integrantes del equipo \u201cAc\u00e1 entre runners\u201d, organizadores de todo esto, que le preocupa mucho \u201cla gente que NO corre\u201d, porque luego son los que se molestan sobre todo por el CIERRE DE CALLES, aunque s\u00f3lo se hace por unas horas.<\/p>\n\n\n\n<p>A este respecto, el gobierno municipal que est\u00e1 en completa coordinaci\u00f3n con los organizadores y ayudando a que todo salga bien, emitieron un bolet\u00edn desde el mi\u00e9rcoles de esta semana INFORMANDO a la ciudadan\u00eda la RUTA que seguir\u00e1 esta CARRERA, con los nombre o los tramos de las calles y avenidas que permanecer\u00e1n CERRADAS de 6 de la ma\u00f1ana a las 11 y media. Es en DOMINGO y es s\u00f3lo un rato. Aparte se colocar\u00e1n unas lonas en las avenidas afectadas para que la gente lo sepa desde un d\u00eda antes y tome sus precauciones por si tuviera que circular ese d\u00eda precisamente y a esa hora por alguna de ellas. Y si fuera posible, todos los que no corramos, acerqu\u00e9monos a cualquiera de los lugares donde est\u00e1 marcado el trayecto para echarle PORRAS a los competidores, eso es como los aplausos para los artistas\u2026 Nada nos cuesta y adem\u00e1s es algo que muy pocas veces vemos en nuestro municipio, recordando que esta larga CARRERA fue pensada tambi\u00e9n como parte del 50 Aniversario de nuestro municipio.<\/p>\n\n\n\n<p>La SALIDA y META, donde tambi\u00e9n ser\u00e1 la PREMIACI\u00d3N obviamente ser\u00e1 en la explanada del Palacio municipal de Cuautitl\u00e1n Izcalli. MUCHAS GRACIAS. &nbsp;&nbsp;&nbsp;&nbsp;&nbsp;&nbsp;&nbsp;&nbsp;&nbsp;&nbsp;&nbsp;&nbsp;&nbsp;&nbsp;&nbsp;&nbsp;<\/p>\n","protected":false},"excerpt":{"rendered":"<p>\u00bfSe acuerdan algunos de ustedes c\u00f3mo se RESPETABA antes la figura de los sacerdotes y de los PROFESORES? Sin duda que en muchos casos ya s\u00f3lo queda el recuerdo, porque de unos a\u00f1os para ac\u00e1, eso TAMBI\u00c9N ha cambiado y ciertamente los tiempos son otros, pero deber\u00edamos al menos de pensar un poco en eso. [&hellip;]<\/p>\n","protected":false},"author":6,"featured_media":12739,"comment_status":"open","ping_status":"open","sticky":false,"template":"","format":"standard","meta":{"footnotes":""},"categories":[10,9],"tags":[],"class_list":["post-44413","post","type-post","status-publish","format-standard","has-post-thumbnail","hentry","category-articulo-de-contenido","category-columnas"],"yoast_head":"<!-- This site is optimized with the Yoast SEO plugin v27.4 - https:\/\/yoast.com\/product\/yoast-seo-wordpress\/ -->\n<title>OMAR TAPIA INFORMA -<\/title>\n<meta name=\"robots\" content=\"index, follow, max-snippet:-1, max-image-preview:large, max-video-preview:-1\" \/>\n<link rel=\"canonical\" href=\"https:\/\/continuamosmx.com\/index.php\/2023\/07\/21\/omar-tapia-informa-12\/\" \/>\n<meta property=\"og:locale\" content=\"es_ES\" \/>\n<meta property=\"og:type\" content=\"article\" \/>\n<meta property=\"og:title\" content=\"OMAR TAPIA INFORMA -\" \/>\n<meta property=\"og:description\" content=\"\u00bfSe acuerdan algunos de ustedes c\u00f3mo se RESPETABA antes la figura de los sacerdotes y de los PROFESORES? Sin duda que en muchos casos ya s\u00f3lo queda el recuerdo, porque de unos a\u00f1os para ac\u00e1, eso TAMBI\u00c9N ha cambiado y ciertamente los tiempos son otros, pero deber\u00edamos al menos de pensar un poco en eso. [&hellip;]\" \/>\n<meta property=\"og:url\" content=\"https:\/\/continuamosmx.com\/index.php\/2023\/07\/21\/omar-tapia-informa-12\/\" \/>\n<meta property=\"article:published_time\" content=\"2023-07-21T20:37:37+00:00\" \/>\n<meta property=\"article:modified_time\" content=\"2023-07-21T20:37:38+00:00\" \/>\n<meta property=\"og:image\" content=\"https:\/\/continuamosmx.com\/wp-content\/uploads\/2021\/02\/OMAR-OK.png\" \/>\n\t<meta property=\"og:image:width\" content=\"2051\" \/>\n\t<meta property=\"og:image:height\" content=\"1155\" \/>\n\t<meta property=\"og:image:type\" content=\"image\/png\" \/>\n<meta name=\"author\" content=\"Continuamos MX\" \/>\n<meta name=\"twitter:card\" content=\"summary_large_image\" \/>\n<meta name=\"twitter:label1\" content=\"Escrito por\" \/>\n\t<meta name=\"twitter:data1\" content=\"Continuamos MX\" \/>\n\t<meta name=\"twitter:label2\" content=\"Tiempo de lectura\" \/>\n\t<meta name=\"twitter:data2\" content=\"8 minutos\" \/>\n<script type=\"application\/ld+json\" class=\"yoast-schema-graph\">{\"@context\":\"https:\\\/\\\/schema.org\",\"@graph\":[{\"@type\":\"Article\",\"@id\":\"https:\\\/\\\/continuamosmx.com\\\/index.php\\\/2023\\\/07\\\/21\\\/omar-tapia-informa-12\\\/#article\",\"isPartOf\":{\"@id\":\"https:\\\/\\\/continuamosmx.com\\\/index.php\\\/2023\\\/07\\\/21\\\/omar-tapia-informa-12\\\/\"},\"author\":{\"name\":\"Continuamos MX\",\"@id\":\"https:\\\/\\\/continuamosmx.com\\\/#\\\/schema\\\/person\\\/5eb5356acb1fad784da407d14f0e8d89\"},\"headline\":\"OMAR TAPIA INFORMA\",\"datePublished\":\"2023-07-21T20:37:37+00:00\",\"dateModified\":\"2023-07-21T20:37:38+00:00\",\"mainEntityOfPage\":{\"@id\":\"https:\\\/\\\/continuamosmx.com\\\/index.php\\\/2023\\\/07\\\/21\\\/omar-tapia-informa-12\\\/\"},\"wordCount\":1738,\"commentCount\":0,\"publisher\":{\"@id\":\"https:\\\/\\\/continuamosmx.com\\\/#organization\"},\"image\":{\"@id\":\"https:\\\/\\\/continuamosmx.com\\\/index.php\\\/2023\\\/07\\\/21\\\/omar-tapia-informa-12\\\/#primaryimage\"},\"thumbnailUrl\":\"https:\\\/\\\/continuamosmx.com\\\/wp-content\\\/uploads\\\/2021\\\/02\\\/OMAR-OK.png\",\"articleSection\":[\"ART\u00cdCULO DE CONTENIDO\",\"COLUMNAS\"],\"inLanguage\":\"es\"},{\"@type\":\"WebPage\",\"@id\":\"https:\\\/\\\/continuamosmx.com\\\/index.php\\\/2023\\\/07\\\/21\\\/omar-tapia-informa-12\\\/\",\"url\":\"https:\\\/\\\/continuamosmx.com\\\/index.php\\\/2023\\\/07\\\/21\\\/omar-tapia-informa-12\\\/\",\"name\":\"OMAR TAPIA INFORMA -\",\"isPartOf\":{\"@id\":\"https:\\\/\\\/continuamosmx.com\\\/#website\"},\"primaryImageOfPage\":{\"@id\":\"https:\\\/\\\/continuamosmx.com\\\/index.php\\\/2023\\\/07\\\/21\\\/omar-tapia-informa-12\\\/#primaryimage\"},\"image\":{\"@id\":\"https:\\\/\\\/continuamosmx.com\\\/index.php\\\/2023\\\/07\\\/21\\\/omar-tapia-informa-12\\\/#primaryimage\"},\"thumbnailUrl\":\"https:\\\/\\\/continuamosmx.com\\\/wp-content\\\/uploads\\\/2021\\\/02\\\/OMAR-OK.png\",\"datePublished\":\"2023-07-21T20:37:37+00:00\",\"dateModified\":\"2023-07-21T20:37:38+00:00\",\"breadcrumb\":{\"@id\":\"https:\\\/\\\/continuamosmx.com\\\/index.php\\\/2023\\\/07\\\/21\\\/omar-tapia-informa-12\\\/#breadcrumb\"},\"inLanguage\":\"es\",\"potentialAction\":[{\"@type\":\"ReadAction\",\"target\":[\"https:\\\/\\\/continuamosmx.com\\\/index.php\\\/2023\\\/07\\\/21\\\/omar-tapia-informa-12\\\/\"]}]},{\"@type\":\"ImageObject\",\"inLanguage\":\"es\",\"@id\":\"https:\\\/\\\/continuamosmx.com\\\/index.php\\\/2023\\\/07\\\/21\\\/omar-tapia-informa-12\\\/#primaryimage\",\"url\":\"https:\\\/\\\/continuamosmx.com\\\/wp-content\\\/uploads\\\/2021\\\/02\\\/OMAR-OK.png\",\"contentUrl\":\"https:\\\/\\\/continuamosmx.com\\\/wp-content\\\/uploads\\\/2021\\\/02\\\/OMAR-OK.png\",\"width\":2051,\"height\":1155},{\"@type\":\"BreadcrumbList\",\"@id\":\"https:\\\/\\\/continuamosmx.com\\\/index.php\\\/2023\\\/07\\\/21\\\/omar-tapia-informa-12\\\/#breadcrumb\",\"itemListElement\":[{\"@type\":\"ListItem\",\"position\":1,\"name\":\"Inicio\",\"item\":\"https:\\\/\\\/continuamosmx.com\\\/\"},{\"@type\":\"ListItem\",\"position\":2,\"name\":\"OMAR TAPIA INFORMA\"}]},{\"@type\":\"WebSite\",\"@id\":\"https:\\\/\\\/continuamosmx.com\\\/#website\",\"url\":\"https:\\\/\\\/continuamosmx.com\\\/\",\"name\":\"www.continuamosmx.com\",\"description\":\"\",\"publisher\":{\"@id\":\"https:\\\/\\\/continuamosmx.com\\\/#organization\"},\"potentialAction\":[{\"@type\":\"SearchAction\",\"target\":{\"@type\":\"EntryPoint\",\"urlTemplate\":\"https:\\\/\\\/continuamosmx.com\\\/?s={search_term_string}\"},\"query-input\":{\"@type\":\"PropertyValueSpecification\",\"valueRequired\":true,\"valueName\":\"search_term_string\"}}],\"inLanguage\":\"es\"},{\"@type\":\"Organization\",\"@id\":\"https:\\\/\\\/continuamosmx.com\\\/#organization\",\"name\":\"ContinuamosMX\",\"url\":\"https:\\\/\\\/continuamosmx.com\\\/\",\"logo\":{\"@type\":\"ImageObject\",\"inLanguage\":\"es\",\"@id\":\"https:\\\/\\\/continuamosmx.com\\\/#\\\/schema\\\/logo\\\/image\\\/\",\"url\":\"https:\\\/\\\/continuamosmx.com\\\/wp-content\\\/uploads\\\/2023\\\/04\\\/cropped-LOGO-CONTI-NUEVO.png\",\"contentUrl\":\"https:\\\/\\\/continuamosmx.com\\\/wp-content\\\/uploads\\\/2023\\\/04\\\/cropped-LOGO-CONTI-NUEVO.png\",\"width\":1257,\"height\":430,\"caption\":\"ContinuamosMX\"},\"image\":{\"@id\":\"https:\\\/\\\/continuamosmx.com\\\/#\\\/schema\\\/logo\\\/image\\\/\"}},{\"@type\":\"Person\",\"@id\":\"https:\\\/\\\/continuamosmx.com\\\/#\\\/schema\\\/person\\\/5eb5356acb1fad784da407d14f0e8d89\",\"name\":\"Continuamos MX\",\"image\":{\"@type\":\"ImageObject\",\"inLanguage\":\"es\",\"@id\":\"https:\\\/\\\/secure.gravatar.com\\\/avatar\\\/30d4f9723476a15f4da34d35fb3501f08d2357016c76051c6a85c354c7489589?s=96&d=mm&r=g\",\"url\":\"https:\\\/\\\/secure.gravatar.com\\\/avatar\\\/30d4f9723476a15f4da34d35fb3501f08d2357016c76051c6a85c354c7489589?s=96&d=mm&r=g\",\"contentUrl\":\"https:\\\/\\\/secure.gravatar.com\\\/avatar\\\/30d4f9723476a15f4da34d35fb3501f08d2357016c76051c6a85c354c7489589?s=96&d=mm&r=g\",\"caption\":\"Continuamos MX\"},\"sameAs\":[\"http:\\\/\\\/www.continuamos.mx\"],\"url\":\"https:\\\/\\\/continuamosmx.com\\\/index.php\\\/author\\\/continuamos\\\/\"}]}<\/script>\n<!-- \/ Yoast SEO plugin. -->","yoast_head_json":{"title":"OMAR TAPIA INFORMA -","robots":{"index":"index","follow":"follow","max-snippet":"max-snippet:-1","max-image-preview":"max-image-preview:large","max-video-preview":"max-video-preview:-1"},"canonical":"https:\/\/continuamosmx.com\/index.php\/2023\/07\/21\/omar-tapia-informa-12\/","og_locale":"es_ES","og_type":"article","og_title":"OMAR TAPIA INFORMA -","og_description":"\u00bfSe acuerdan algunos de ustedes c\u00f3mo se RESPETABA antes la figura de los sacerdotes y de los PROFESORES? Sin duda que en muchos casos ya s\u00f3lo queda el recuerdo, porque de unos a\u00f1os para ac\u00e1, eso TAMBI\u00c9N ha cambiado y ciertamente los tiempos son otros, pero deber\u00edamos al menos de pensar un poco en eso. [&hellip;]","og_url":"https:\/\/continuamosmx.com\/index.php\/2023\/07\/21\/omar-tapia-informa-12\/","article_published_time":"2023-07-21T20:37:37+00:00","article_modified_time":"2023-07-21T20:37:38+00:00","og_image":[{"width":2051,"height":1155,"url":"https:\/\/continuamosmx.com\/wp-content\/uploads\/2021\/02\/OMAR-OK.png","type":"image\/png"}],"author":"Continuamos MX","twitter_card":"summary_large_image","twitter_misc":{"Escrito por":"Continuamos MX","Tiempo de lectura":"8 minutos"},"schema":{"@context":"https:\/\/schema.org","@graph":[{"@type":"Article","@id":"https:\/\/continuamosmx.com\/index.php\/2023\/07\/21\/omar-tapia-informa-12\/#article","isPartOf":{"@id":"https:\/\/continuamosmx.com\/index.php\/2023\/07\/21\/omar-tapia-informa-12\/"},"author":{"name":"Continuamos MX","@id":"https:\/\/continuamosmx.com\/#\/schema\/person\/5eb5356acb1fad784da407d14f0e8d89"},"headline":"OMAR TAPIA INFORMA","datePublished":"2023-07-21T20:37:37+00:00","dateModified":"2023-07-21T20:37:38+00:00","mainEntityOfPage":{"@id":"https:\/\/continuamosmx.com\/index.php\/2023\/07\/21\/omar-tapia-informa-12\/"},"wordCount":1738,"commentCount":0,"publisher":{"@id":"https:\/\/continuamosmx.com\/#organization"},"image":{"@id":"https:\/\/continuamosmx.com\/index.php\/2023\/07\/21\/omar-tapia-informa-12\/#primaryimage"},"thumbnailUrl":"https:\/\/continuamosmx.com\/wp-content\/uploads\/2021\/02\/OMAR-OK.png","articleSection":["ART\u00cdCULO DE CONTENIDO","COLUMNAS"],"inLanguage":"es"},{"@type":"WebPage","@id":"https:\/\/continuamosmx.com\/index.php\/2023\/07\/21\/omar-tapia-informa-12\/","url":"https:\/\/continuamosmx.com\/index.php\/2023\/07\/21\/omar-tapia-informa-12\/","name":"OMAR TAPIA INFORMA -","isPartOf":{"@id":"https:\/\/continuamosmx.com\/#website"},"primaryImageOfPage":{"@id":"https:\/\/continuamosmx.com\/index.php\/2023\/07\/21\/omar-tapia-informa-12\/#primaryimage"},"image":{"@id":"https:\/\/continuamosmx.com\/index.php\/2023\/07\/21\/omar-tapia-informa-12\/#primaryimage"},"thumbnailUrl":"https:\/\/continuamosmx.com\/wp-content\/uploads\/2021\/02\/OMAR-OK.png","datePublished":"2023-07-21T20:37:37+00:00","dateModified":"2023-07-21T20:37:38+00:00","breadcrumb":{"@id":"https:\/\/continuamosmx.com\/index.php\/2023\/07\/21\/omar-tapia-informa-12\/#breadcrumb"},"inLanguage":"es","potentialAction":[{"@type":"ReadAction","target":["https:\/\/continuamosmx.com\/index.php\/2023\/07\/21\/omar-tapia-informa-12\/"]}]},{"@type":"ImageObject","inLanguage":"es","@id":"https:\/\/continuamosmx.com\/index.php\/2023\/07\/21\/omar-tapia-informa-12\/#primaryimage","url":"https:\/\/continuamosmx.com\/wp-content\/uploads\/2021\/02\/OMAR-OK.png","contentUrl":"https:\/\/continuamosmx.com\/wp-content\/uploads\/2021\/02\/OMAR-OK.png","width":2051,"height":1155},{"@type":"BreadcrumbList","@id":"https:\/\/continuamosmx.com\/index.php\/2023\/07\/21\/omar-tapia-informa-12\/#breadcrumb","itemListElement":[{"@type":"ListItem","position":1,"name":"Inicio","item":"https:\/\/continuamosmx.com\/"},{"@type":"ListItem","position":2,"name":"OMAR TAPIA INFORMA"}]},{"@type":"WebSite","@id":"https:\/\/continuamosmx.com\/#website","url":"https:\/\/continuamosmx.com\/","name":"www.continuamosmx.com","description":"","publisher":{"@id":"https:\/\/continuamosmx.com\/#organization"},"potentialAction":[{"@type":"SearchAction","target":{"@type":"EntryPoint","urlTemplate":"https:\/\/continuamosmx.com\/?s={search_term_string}"},"query-input":{"@type":"PropertyValueSpecification","valueRequired":true,"valueName":"search_term_string"}}],"inLanguage":"es"},{"@type":"Organization","@id":"https:\/\/continuamosmx.com\/#organization","name":"ContinuamosMX","url":"https:\/\/continuamosmx.com\/","logo":{"@type":"ImageObject","inLanguage":"es","@id":"https:\/\/continuamosmx.com\/#\/schema\/logo\/image\/","url":"https:\/\/continuamosmx.com\/wp-content\/uploads\/2023\/04\/cropped-LOGO-CONTI-NUEVO.png","contentUrl":"https:\/\/continuamosmx.com\/wp-content\/uploads\/2023\/04\/cropped-LOGO-CONTI-NUEVO.png","width":1257,"height":430,"caption":"ContinuamosMX"},"image":{"@id":"https:\/\/continuamosmx.com\/#\/schema\/logo\/image\/"}},{"@type":"Person","@id":"https:\/\/continuamosmx.com\/#\/schema\/person\/5eb5356acb1fad784da407d14f0e8d89","name":"Continuamos MX","image":{"@type":"ImageObject","inLanguage":"es","@id":"https:\/\/secure.gravatar.com\/avatar\/30d4f9723476a15f4da34d35fb3501f08d2357016c76051c6a85c354c7489589?s=96&d=mm&r=g","url":"https:\/\/secure.gravatar.com\/avatar\/30d4f9723476a15f4da34d35fb3501f08d2357016c76051c6a85c354c7489589?s=96&d=mm&r=g","contentUrl":"https:\/\/secure.gravatar.com\/avatar\/30d4f9723476a15f4da34d35fb3501f08d2357016c76051c6a85c354c7489589?s=96&d=mm&r=g","caption":"Continuamos MX"},"sameAs":["http:\/\/www.continuamos.mx"],"url":"https:\/\/continuamosmx.com\/index.php\/author\/continuamos\/"}]}},"_links":{"self":[{"href":"https:\/\/continuamosmx.com\/index.php\/wp-json\/wp\/v2\/posts\/44413","targetHints":{"allow":["GET"]}}],"collection":[{"href":"https:\/\/continuamosmx.com\/index.php\/wp-json\/wp\/v2\/posts"}],"about":[{"href":"https:\/\/continuamosmx.com\/index.php\/wp-json\/wp\/v2\/types\/post"}],"author":[{"embeddable":true,"href":"https:\/\/continuamosmx.com\/index.php\/wp-json\/wp\/v2\/users\/6"}],"replies":[{"embeddable":true,"href":"https:\/\/continuamosmx.com\/index.php\/wp-json\/wp\/v2\/comments?post=44413"}],"version-history":[{"count":1,"href":"https:\/\/continuamosmx.com\/index.php\/wp-json\/wp\/v2\/posts\/44413\/revisions"}],"predecessor-version":[{"id":44414,"href":"https:\/\/continuamosmx.com\/index.php\/wp-json\/wp\/v2\/posts\/44413\/revisions\/44414"}],"wp:featuredmedia":[{"embeddable":true,"href":"https:\/\/continuamosmx.com\/index.php\/wp-json\/wp\/v2\/media\/12739"}],"wp:attachment":[{"href":"https:\/\/continuamosmx.com\/index.php\/wp-json\/wp\/v2\/media?parent=44413"}],"wp:term":[{"taxonomy":"category","embeddable":true,"href":"https:\/\/continuamosmx.com\/index.php\/wp-json\/wp\/v2\/categories?post=44413"},{"taxonomy":"post_tag","embeddable":true,"href":"https:\/\/continuamosmx.com\/index.php\/wp-json\/wp\/v2\/tags?post=44413"}],"curies":[{"name":"wp","href":"https:\/\/api.w.org\/{rel}","templated":true}]}}