{"id":44410,"date":"2023-07-21T20:22:58","date_gmt":"2023-07-21T20:22:58","guid":{"rendered":"https:\/\/continuamosmx.com\/?p=44410"},"modified":"2023-07-21T20:22:59","modified_gmt":"2023-07-21T20:22:59","slug":"el-rincon-de-la-reflexion-12","status":"publish","type":"post","link":"https:\/\/continuamosmx.com\/index.php\/2023\/07\/21\/el-rincon-de-la-reflexion-12\/","title":{"rendered":"EL RINC\u00d3N DE LA REFLEXI\u00d3N."},"content":{"rendered":"\n<p><strong>Primera Consulta sobre el Proyecto de Naci\u00f3n 2024<\/strong><\/p>\n\n\n\n<p><strong>Alfredo Elizarraras<\/strong><\/p>\n\n\n\n<p>S\u00e1bado 16 de julio, son las 10 am y la gente comienza a arribar al Mausoleo Adolfo L\u00f3pez Mateos. Es un d\u00eda especial porque de manera ciudadana y haciendo uso de nuestros derechos ciudadanos pol\u00edtico- electorales, nos damos cita para proponer nuestras ideas y puntos de vista en el Proyecto de Naci\u00f3n. Es un proyecto de car\u00e1cter p\u00fablico, al cual, puede asistir cualquier persona interesada en mejorar su pa\u00eds.<\/p>\n\n\n\n<p>Toda marcha bien, hasta que los asistentes, se convierten en testigos molestos, del intento fallido por parte del presidente municipal Pedro Rodr\u00edguez Villegas, para boicotear la organizaci\u00f3n social. \u00bfMiedo o autoritarismo? Resulta que un d\u00eda antes, nuestro flamante edil atizapense, da la indicaci\u00f3n para que sus trabajadores levanten el piso del lugar en d\u00f3nde se le avis\u00f3 con anticipaci\u00f3n ser\u00e1 el evento, cerrando con una tremenda pila de cascajo la zona en donde ser\u00eda el lugar. Pudimos observar, adem\u00e1s, &nbsp;que dicho cascajo, fue tra\u00eddo de los otros lugares en donde lleva bastante tiempo, haciendo obras y simplemente no ha terminado<\/p>\n\n\n\n<p>Sin importarle exponer a la ciudadan\u00eda a un problema de salud, el presidente municipal, act\u00fao con total autoritarismo, usando recursos p\u00fablicos con fines pol\u00edticos, aunque fue peor para \u00e9l porque cada asistente que acudi\u00f3 al evento descubri\u00f3 que fue su presidente, el responsable de concretar un tremendo intento de boicot ciudadano. Pero, es normal en \u00e9l, ya que, sino le importa dejar sin agua a los atizapenses, menos le va a interesar exponerlos a un tema de insalubridad. T\u00edpico de la derecha y de su partido que en poco tiempo buscar\u00e1 a los mismos atizapenses que trat\u00f3 mal el domingo, para pedirles su voto (con la b\u00fasqueda de su releecci\u00f3n).<\/p>\n\n\n\n<p>Pese a lo anterior, la participaci\u00f3n fue ampliamente activa, entre la ciudadan\u00eda, es un tema que nos compete a todas y todos como ciudadanos mexicanos. Mejor a\u00fan, porque somos testigos de este momento hist\u00f3rico para nuestro pa\u00eds. Un evento sin igual, construido desde el Instituto Nacional de Formaci\u00f3n Pol\u00edtica de morena, el Comit\u00e9 Ejecutivo Nacional y la Secretaria Nacional de Organizaci\u00f3n.<\/p>\n\n\n\n<p>Sin embargo, a\u00fan seguir\u00e1 la asamblea. La pr\u00f3xima est\u00e1 agendada, para el siguiente domingo 30 de julio de 2023 con el mismo horario de 10am a 1pm, conducido bajo la misma din\u00e1mica. Esperemos que, en esta ocasi\u00f3n, nuestro flamante presidente municipal, no violente nuevamente los derechos pol\u00edticos electorales de los atizapenses, extendiendo la fecha de trabajos en la zona, para impedir la organizaci\u00f3n ciudadana.<\/p>\n\n\n\n<p>Aunque es algo de esperarse que, sin agua y sin organizaci\u00f3n ciudadana, Pedro se siente m\u00e1s seguro como alcalde y entonces \u00bfd\u00f3nde qued\u00f3 su slogan usado tanto en campa\u00f1as en donde seguro de s\u00ed mismo, siempre se la pas\u00f3 afirmando que gobierna mejor? \u00bfPor qu\u00e9 reprime la organizaci\u00f3n ciudadana, cuando es el alcalde m\u00e1s aceptado a nivel federal (seg\u00fan todos esos premios que ha difundido en todo momento)? Un buen gobierno, no necesita reprimir la organizaci\u00f3n ciudadana, porque sabe que es m\u00e1s el pueblo que lo apoya, claro ejemplo, \u00bfnuestro querido AMLO<\/p>\n\n\n\n<p>Es por lo anterior, que pedimos a la maestra Delfina G\u00f3mez \u00c1lvarez, se mantenga al tanto de lo ocurrido en nuestro municipio; ya que, la derecha, solo tiene en su coraz\u00f3n la represi\u00f3n, y el odio hacia la ciudadan\u00eda (v\u00e9ase el video de Vicente Fox, en d\u00f3nde menciona que todos los que tienen un programa social, son huevones que tienen que trabajar).<\/p>\n\n\n\n<p>Por ello, es fundamental que la ciudadan\u00eda, vea desde ahora, si quiere seguir en la misma situaci\u00f3n en la que nos tiene ahorita la derecha. Es algo que debe pensarse y las conclusiones, socializarse.<\/p>\n","protected":false},"excerpt":{"rendered":"<p>Primera Consulta sobre el Proyecto de Naci\u00f3n 2024 Alfredo Elizarraras S\u00e1bado 16 de julio, son las 10 am y la gente comienza a arribar al Mausoleo Adolfo L\u00f3pez Mateos. Es un d\u00eda especial porque de manera ciudadana y haciendo uso de nuestros derechos ciudadanos pol\u00edtico- electorales, nos damos cita para proponer nuestras ideas y puntos [&hellip;]<\/p>\n","protected":false},"author":6,"featured_media":44411,"comment_status":"open","ping_status":"open","sticky":false,"template":"","format":"standard","meta":{"footnotes":""},"categories":[10,9],"tags":[],"class_list":["post-44410","post","type-post","status-publish","format-standard","has-post-thumbnail","hentry","category-articulo-de-contenido","category-columnas"],"yoast_head":"<!-- This site is optimized with the Yoast SEO plugin v27.5 - https:\/\/yoast.com\/product\/yoast-seo-wordpress\/ -->\n<title>EL RINC\u00d3N DE LA REFLEXI\u00d3N. -<\/title>\n<meta name=\"robots\" content=\"index, follow, max-snippet:-1, max-image-preview:large, max-video-preview:-1\" \/>\n<link rel=\"canonical\" href=\"https:\/\/continuamosmx.com\/index.php\/2023\/07\/21\/el-rincon-de-la-reflexion-12\/\" \/>\n<meta property=\"og:locale\" content=\"es_ES\" \/>\n<meta property=\"og:type\" content=\"article\" \/>\n<meta property=\"og:title\" content=\"EL RINC\u00d3N DE LA REFLEXI\u00d3N. -\" \/>\n<meta property=\"og:description\" content=\"Primera Consulta sobre el Proyecto de Naci\u00f3n 2024 Alfredo Elizarraras S\u00e1bado 16 de julio, son las 10 am y la gente comienza a arribar al Mausoleo Adolfo L\u00f3pez Mateos. Es un d\u00eda especial porque de manera ciudadana y haciendo uso de nuestros derechos ciudadanos pol\u00edtico- electorales, nos damos cita para proponer nuestras ideas y puntos [&hellip;]\" \/>\n<meta property=\"og:url\" content=\"https:\/\/continuamosmx.com\/index.php\/2023\/07\/21\/el-rincon-de-la-reflexion-12\/\" \/>\n<meta property=\"article:published_time\" content=\"2023-07-21T20:22:58+00:00\" \/>\n<meta property=\"article:modified_time\" content=\"2023-07-21T20:22:59+00:00\" \/>\n<meta property=\"og:image\" content=\"https:\/\/continuamosmx.com\/wp-content\/uploads\/2023\/07\/NACION.jpg\" \/>\n\t<meta property=\"og:image:width\" content=\"373\" \/>\n\t<meta property=\"og:image:height\" content=\"280\" \/>\n\t<meta property=\"og:image:type\" content=\"image\/jpeg\" \/>\n<meta name=\"author\" content=\"Continuamos MX\" \/>\n<meta name=\"twitter:card\" content=\"summary_large_image\" \/>\n<meta name=\"twitter:label1\" content=\"Escrito por\" \/>\n\t<meta name=\"twitter:data1\" content=\"Continuamos MX\" \/>\n\t<meta name=\"twitter:label2\" content=\"Tiempo de lectura\" \/>\n\t<meta name=\"twitter:data2\" content=\"3 minutos\" \/>\n<script type=\"application\/ld+json\" class=\"yoast-schema-graph\">{\"@context\":\"https:\\\/\\\/schema.org\",\"@graph\":[{\"@type\":\"Article\",\"@id\":\"https:\\\/\\\/continuamosmx.com\\\/index.php\\\/2023\\\/07\\\/21\\\/el-rincon-de-la-reflexion-12\\\/#article\",\"isPartOf\":{\"@id\":\"https:\\\/\\\/continuamosmx.com\\\/index.php\\\/2023\\\/07\\\/21\\\/el-rincon-de-la-reflexion-12\\\/\"},\"author\":{\"name\":\"Continuamos MX\",\"@id\":\"https:\\\/\\\/continuamosmx.com\\\/#\\\/schema\\\/person\\\/5eb5356acb1fad784da407d14f0e8d89\"},\"headline\":\"EL RINC\u00d3N DE LA REFLEXI\u00d3N.\",\"datePublished\":\"2023-07-21T20:22:58+00:00\",\"dateModified\":\"2023-07-21T20:22:59+00:00\",\"mainEntityOfPage\":{\"@id\":\"https:\\\/\\\/continuamosmx.com\\\/index.php\\\/2023\\\/07\\\/21\\\/el-rincon-de-la-reflexion-12\\\/\"},\"wordCount\":661,\"commentCount\":0,\"publisher\":{\"@id\":\"https:\\\/\\\/continuamosmx.com\\\/#organization\"},\"image\":{\"@id\":\"https:\\\/\\\/continuamosmx.com\\\/index.php\\\/2023\\\/07\\\/21\\\/el-rincon-de-la-reflexion-12\\\/#primaryimage\"},\"thumbnailUrl\":\"https:\\\/\\\/continuamosmx.com\\\/wp-content\\\/uploads\\\/2023\\\/07\\\/NACION.jpg\",\"articleSection\":[\"ART\u00cdCULO DE CONTENIDO\",\"COLUMNAS\"],\"inLanguage\":\"es\"},{\"@type\":\"WebPage\",\"@id\":\"https:\\\/\\\/continuamosmx.com\\\/index.php\\\/2023\\\/07\\\/21\\\/el-rincon-de-la-reflexion-12\\\/\",\"url\":\"https:\\\/\\\/continuamosmx.com\\\/index.php\\\/2023\\\/07\\\/21\\\/el-rincon-de-la-reflexion-12\\\/\",\"name\":\"EL RINC\u00d3N DE LA REFLEXI\u00d3N. -\",\"isPartOf\":{\"@id\":\"https:\\\/\\\/continuamosmx.com\\\/#website\"},\"primaryImageOfPage\":{\"@id\":\"https:\\\/\\\/continuamosmx.com\\\/index.php\\\/2023\\\/07\\\/21\\\/el-rincon-de-la-reflexion-12\\\/#primaryimage\"},\"image\":{\"@id\":\"https:\\\/\\\/continuamosmx.com\\\/index.php\\\/2023\\\/07\\\/21\\\/el-rincon-de-la-reflexion-12\\\/#primaryimage\"},\"thumbnailUrl\":\"https:\\\/\\\/continuamosmx.com\\\/wp-content\\\/uploads\\\/2023\\\/07\\\/NACION.jpg\",\"datePublished\":\"2023-07-21T20:22:58+00:00\",\"dateModified\":\"2023-07-21T20:22:59+00:00\",\"breadcrumb\":{\"@id\":\"https:\\\/\\\/continuamosmx.com\\\/index.php\\\/2023\\\/07\\\/21\\\/el-rincon-de-la-reflexion-12\\\/#breadcrumb\"},\"inLanguage\":\"es\",\"potentialAction\":[{\"@type\":\"ReadAction\",\"target\":[\"https:\\\/\\\/continuamosmx.com\\\/index.php\\\/2023\\\/07\\\/21\\\/el-rincon-de-la-reflexion-12\\\/\"]}]},{\"@type\":\"ImageObject\",\"inLanguage\":\"es\",\"@id\":\"https:\\\/\\\/continuamosmx.com\\\/index.php\\\/2023\\\/07\\\/21\\\/el-rincon-de-la-reflexion-12\\\/#primaryimage\",\"url\":\"https:\\\/\\\/continuamosmx.com\\\/wp-content\\\/uploads\\\/2023\\\/07\\\/NACION.jpg\",\"contentUrl\":\"https:\\\/\\\/continuamosmx.com\\\/wp-content\\\/uploads\\\/2023\\\/07\\\/NACION.jpg\",\"width\":373,\"height\":280},{\"@type\":\"BreadcrumbList\",\"@id\":\"https:\\\/\\\/continuamosmx.com\\\/index.php\\\/2023\\\/07\\\/21\\\/el-rincon-de-la-reflexion-12\\\/#breadcrumb\",\"itemListElement\":[{\"@type\":\"ListItem\",\"position\":1,\"name\":\"Inicio\",\"item\":\"https:\\\/\\\/continuamosmx.com\\\/\"},{\"@type\":\"ListItem\",\"position\":2,\"name\":\"EL RINC\u00d3N DE LA REFLEXI\u00d3N.\"}]},{\"@type\":\"WebSite\",\"@id\":\"https:\\\/\\\/continuamosmx.com\\\/#website\",\"url\":\"https:\\\/\\\/continuamosmx.com\\\/\",\"name\":\"www.continuamosmx.com\",\"description\":\"\",\"publisher\":{\"@id\":\"https:\\\/\\\/continuamosmx.com\\\/#organization\"},\"potentialAction\":[{\"@type\":\"SearchAction\",\"target\":{\"@type\":\"EntryPoint\",\"urlTemplate\":\"https:\\\/\\\/continuamosmx.com\\\/?s={search_term_string}\"},\"query-input\":{\"@type\":\"PropertyValueSpecification\",\"valueRequired\":true,\"valueName\":\"search_term_string\"}}],\"inLanguage\":\"es\"},{\"@type\":\"Organization\",\"@id\":\"https:\\\/\\\/continuamosmx.com\\\/#organization\",\"name\":\"ContinuamosMX\",\"url\":\"https:\\\/\\\/continuamosmx.com\\\/\",\"logo\":{\"@type\":\"ImageObject\",\"inLanguage\":\"es\",\"@id\":\"https:\\\/\\\/continuamosmx.com\\\/#\\\/schema\\\/logo\\\/image\\\/\",\"url\":\"https:\\\/\\\/continuamosmx.com\\\/wp-content\\\/uploads\\\/2023\\\/04\\\/cropped-LOGO-CONTI-NUEVO.png\",\"contentUrl\":\"https:\\\/\\\/continuamosmx.com\\\/wp-content\\\/uploads\\\/2023\\\/04\\\/cropped-LOGO-CONTI-NUEVO.png\",\"width\":1257,\"height\":430,\"caption\":\"ContinuamosMX\"},\"image\":{\"@id\":\"https:\\\/\\\/continuamosmx.com\\\/#\\\/schema\\\/logo\\\/image\\\/\"}},{\"@type\":\"Person\",\"@id\":\"https:\\\/\\\/continuamosmx.com\\\/#\\\/schema\\\/person\\\/5eb5356acb1fad784da407d14f0e8d89\",\"name\":\"Continuamos MX\",\"image\":{\"@type\":\"ImageObject\",\"inLanguage\":\"es\",\"@id\":\"https:\\\/\\\/secure.gravatar.com\\\/avatar\\\/30d4f9723476a15f4da34d35fb3501f08d2357016c76051c6a85c354c7489589?s=96&d=mm&r=g\",\"url\":\"https:\\\/\\\/secure.gravatar.com\\\/avatar\\\/30d4f9723476a15f4da34d35fb3501f08d2357016c76051c6a85c354c7489589?s=96&d=mm&r=g\",\"contentUrl\":\"https:\\\/\\\/secure.gravatar.com\\\/avatar\\\/30d4f9723476a15f4da34d35fb3501f08d2357016c76051c6a85c354c7489589?s=96&d=mm&r=g\",\"caption\":\"Continuamos MX\"},\"sameAs\":[\"http:\\\/\\\/www.continuamos.mx\"],\"url\":\"https:\\\/\\\/continuamosmx.com\\\/index.php\\\/author\\\/continuamos\\\/\"}]}<\/script>\n<!-- \/ Yoast SEO plugin. -->","yoast_head_json":{"title":"EL RINC\u00d3N DE LA REFLEXI\u00d3N. -","robots":{"index":"index","follow":"follow","max-snippet":"max-snippet:-1","max-image-preview":"max-image-preview:large","max-video-preview":"max-video-preview:-1"},"canonical":"https:\/\/continuamosmx.com\/index.php\/2023\/07\/21\/el-rincon-de-la-reflexion-12\/","og_locale":"es_ES","og_type":"article","og_title":"EL RINC\u00d3N DE LA REFLEXI\u00d3N. -","og_description":"Primera Consulta sobre el Proyecto de Naci\u00f3n 2024 Alfredo Elizarraras S\u00e1bado 16 de julio, son las 10 am y la gente comienza a arribar al Mausoleo Adolfo L\u00f3pez Mateos. Es un d\u00eda especial porque de manera ciudadana y haciendo uso de nuestros derechos ciudadanos pol\u00edtico- electorales, nos damos cita para proponer nuestras ideas y puntos [&hellip;]","og_url":"https:\/\/continuamosmx.com\/index.php\/2023\/07\/21\/el-rincon-de-la-reflexion-12\/","article_published_time":"2023-07-21T20:22:58+00:00","article_modified_time":"2023-07-21T20:22:59+00:00","og_image":[{"width":373,"height":280,"url":"https:\/\/continuamosmx.com\/wp-content\/uploads\/2023\/07\/NACION.jpg","type":"image\/jpeg"}],"author":"Continuamos MX","twitter_card":"summary_large_image","twitter_misc":{"Escrito por":"Continuamos MX","Tiempo de lectura":"3 minutos"},"schema":{"@context":"https:\/\/schema.org","@graph":[{"@type":"Article","@id":"https:\/\/continuamosmx.com\/index.php\/2023\/07\/21\/el-rincon-de-la-reflexion-12\/#article","isPartOf":{"@id":"https:\/\/continuamosmx.com\/index.php\/2023\/07\/21\/el-rincon-de-la-reflexion-12\/"},"author":{"name":"Continuamos MX","@id":"https:\/\/continuamosmx.com\/#\/schema\/person\/5eb5356acb1fad784da407d14f0e8d89"},"headline":"EL RINC\u00d3N DE LA REFLEXI\u00d3N.","datePublished":"2023-07-21T20:22:58+00:00","dateModified":"2023-07-21T20:22:59+00:00","mainEntityOfPage":{"@id":"https:\/\/continuamosmx.com\/index.php\/2023\/07\/21\/el-rincon-de-la-reflexion-12\/"},"wordCount":661,"commentCount":0,"publisher":{"@id":"https:\/\/continuamosmx.com\/#organization"},"image":{"@id":"https:\/\/continuamosmx.com\/index.php\/2023\/07\/21\/el-rincon-de-la-reflexion-12\/#primaryimage"},"thumbnailUrl":"https:\/\/continuamosmx.com\/wp-content\/uploads\/2023\/07\/NACION.jpg","articleSection":["ART\u00cdCULO DE CONTENIDO","COLUMNAS"],"inLanguage":"es"},{"@type":"WebPage","@id":"https:\/\/continuamosmx.com\/index.php\/2023\/07\/21\/el-rincon-de-la-reflexion-12\/","url":"https:\/\/continuamosmx.com\/index.php\/2023\/07\/21\/el-rincon-de-la-reflexion-12\/","name":"EL RINC\u00d3N DE LA REFLEXI\u00d3N. -","isPartOf":{"@id":"https:\/\/continuamosmx.com\/#website"},"primaryImageOfPage":{"@id":"https:\/\/continuamosmx.com\/index.php\/2023\/07\/21\/el-rincon-de-la-reflexion-12\/#primaryimage"},"image":{"@id":"https:\/\/continuamosmx.com\/index.php\/2023\/07\/21\/el-rincon-de-la-reflexion-12\/#primaryimage"},"thumbnailUrl":"https:\/\/continuamosmx.com\/wp-content\/uploads\/2023\/07\/NACION.jpg","datePublished":"2023-07-21T20:22:58+00:00","dateModified":"2023-07-21T20:22:59+00:00","breadcrumb":{"@id":"https:\/\/continuamosmx.com\/index.php\/2023\/07\/21\/el-rincon-de-la-reflexion-12\/#breadcrumb"},"inLanguage":"es","potentialAction":[{"@type":"ReadAction","target":["https:\/\/continuamosmx.com\/index.php\/2023\/07\/21\/el-rincon-de-la-reflexion-12\/"]}]},{"@type":"ImageObject","inLanguage":"es","@id":"https:\/\/continuamosmx.com\/index.php\/2023\/07\/21\/el-rincon-de-la-reflexion-12\/#primaryimage","url":"https:\/\/continuamosmx.com\/wp-content\/uploads\/2023\/07\/NACION.jpg","contentUrl":"https:\/\/continuamosmx.com\/wp-content\/uploads\/2023\/07\/NACION.jpg","width":373,"height":280},{"@type":"BreadcrumbList","@id":"https:\/\/continuamosmx.com\/index.php\/2023\/07\/21\/el-rincon-de-la-reflexion-12\/#breadcrumb","itemListElement":[{"@type":"ListItem","position":1,"name":"Inicio","item":"https:\/\/continuamosmx.com\/"},{"@type":"ListItem","position":2,"name":"EL RINC\u00d3N DE LA REFLEXI\u00d3N."}]},{"@type":"WebSite","@id":"https:\/\/continuamosmx.com\/#website","url":"https:\/\/continuamosmx.com\/","name":"www.continuamosmx.com","description":"","publisher":{"@id":"https:\/\/continuamosmx.com\/#organization"},"potentialAction":[{"@type":"SearchAction","target":{"@type":"EntryPoint","urlTemplate":"https:\/\/continuamosmx.com\/?s={search_term_string}"},"query-input":{"@type":"PropertyValueSpecification","valueRequired":true,"valueName":"search_term_string"}}],"inLanguage":"es"},{"@type":"Organization","@id":"https:\/\/continuamosmx.com\/#organization","name":"ContinuamosMX","url":"https:\/\/continuamosmx.com\/","logo":{"@type":"ImageObject","inLanguage":"es","@id":"https:\/\/continuamosmx.com\/#\/schema\/logo\/image\/","url":"https:\/\/continuamosmx.com\/wp-content\/uploads\/2023\/04\/cropped-LOGO-CONTI-NUEVO.png","contentUrl":"https:\/\/continuamosmx.com\/wp-content\/uploads\/2023\/04\/cropped-LOGO-CONTI-NUEVO.png","width":1257,"height":430,"caption":"ContinuamosMX"},"image":{"@id":"https:\/\/continuamosmx.com\/#\/schema\/logo\/image\/"}},{"@type":"Person","@id":"https:\/\/continuamosmx.com\/#\/schema\/person\/5eb5356acb1fad784da407d14f0e8d89","name":"Continuamos MX","image":{"@type":"ImageObject","inLanguage":"es","@id":"https:\/\/secure.gravatar.com\/avatar\/30d4f9723476a15f4da34d35fb3501f08d2357016c76051c6a85c354c7489589?s=96&d=mm&r=g","url":"https:\/\/secure.gravatar.com\/avatar\/30d4f9723476a15f4da34d35fb3501f08d2357016c76051c6a85c354c7489589?s=96&d=mm&r=g","contentUrl":"https:\/\/secure.gravatar.com\/avatar\/30d4f9723476a15f4da34d35fb3501f08d2357016c76051c6a85c354c7489589?s=96&d=mm&r=g","caption":"Continuamos MX"},"sameAs":["http:\/\/www.continuamos.mx"],"url":"https:\/\/continuamosmx.com\/index.php\/author\/continuamos\/"}]}},"_links":{"self":[{"href":"https:\/\/continuamosmx.com\/index.php\/wp-json\/wp\/v2\/posts\/44410","targetHints":{"allow":["GET"]}}],"collection":[{"href":"https:\/\/continuamosmx.com\/index.php\/wp-json\/wp\/v2\/posts"}],"about":[{"href":"https:\/\/continuamosmx.com\/index.php\/wp-json\/wp\/v2\/types\/post"}],"author":[{"embeddable":true,"href":"https:\/\/continuamosmx.com\/index.php\/wp-json\/wp\/v2\/users\/6"}],"replies":[{"embeddable":true,"href":"https:\/\/continuamosmx.com\/index.php\/wp-json\/wp\/v2\/comments?post=44410"}],"version-history":[{"count":1,"href":"https:\/\/continuamosmx.com\/index.php\/wp-json\/wp\/v2\/posts\/44410\/revisions"}],"predecessor-version":[{"id":44412,"href":"https:\/\/continuamosmx.com\/index.php\/wp-json\/wp\/v2\/posts\/44410\/revisions\/44412"}],"wp:featuredmedia":[{"embeddable":true,"href":"https:\/\/continuamosmx.com\/index.php\/wp-json\/wp\/v2\/media\/44411"}],"wp:attachment":[{"href":"https:\/\/continuamosmx.com\/index.php\/wp-json\/wp\/v2\/media?parent=44410"}],"wp:term":[{"taxonomy":"category","embeddable":true,"href":"https:\/\/continuamosmx.com\/index.php\/wp-json\/wp\/v2\/categories?post=44410"},{"taxonomy":"post_tag","embeddable":true,"href":"https:\/\/continuamosmx.com\/index.php\/wp-json\/wp\/v2\/tags?post=44410"}],"curies":[{"name":"wp","href":"https:\/\/api.w.org\/{rel}","templated":true}]}}