{"id":44391,"date":"2023-07-20T08:21:13","date_gmt":"2023-07-20T08:21:13","guid":{"rendered":"https:\/\/continuamosmx.com\/?p=44391"},"modified":"2023-07-20T08:21:14","modified_gmt":"2023-07-20T08:21:14","slug":"segunda-mesa-de-transicion-en-edomex-hablan-sobre-el-tema-de-salud","status":"publish","type":"post","link":"https:\/\/continuamosmx.com\/index.php\/2023\/07\/20\/segunda-mesa-de-transicion-en-edomex-hablan-sobre-el-tema-de-salud\/","title":{"rendered":"SEGUNDA MESA DE TRANSICI\u00d3N EN EDOMEX, HABLAN SOBRE EL TEMA DE SALUD"},"content":{"rendered":"\n<p>*<strong>Los temas que les preocupa es la crisis econ\u00f3mica del ISSEMYM y los 9 hospitales abandonados, entre otros temas.<\/strong><\/p>\n\n\n\n<p>Por Jorge Contreras<\/p>\n\n\n\n<p>TOLUCA, M\u00e9x.- La gobernadora electa del Estado de M\u00e9xico, Delfina G\u00f3mez \u00c1lvarez, y el gobernador constitucional, Alfredo Del Mazo Maza, continuaron este mi\u00e9rcoles con las reuniones de transici\u00f3n del gobierno donde abordaron el tema de la salud.<\/p>\n\n\n\n<p>En la segunda reuni\u00f3n celebrada en el Palacio de Gobierno en Toluca, los equipos de transici\u00f3n revisaron el estado que guarda la Salud P\u00fablica de la entidad, as\u00ed como las \u00e1reas que atienden temas relacionados.<\/p>\n\n\n\n<p>\u201cLa salud es un derecho fundamental al que todos los mexiquenses deben tener acceso. Revisamos cada rubro de la Salud P\u00fablica del Estado de M\u00e9xico con el objetivo de enfocar las acciones de Gobierno a brindar una atenci\u00f3n m\u00e9dica integral y de calidad\u201d, asegur\u00f3 Delfina G\u00f3mez.<\/p>\n\n\n\n<p>En la mesa de trabajo se tocaron temas como las estrategias para prevenir enfermedades, la planificaci\u00f3n y gesti\u00f3n de los servicios del Sistema de Salud Estatal, as\u00ed como el suministro de medicamentos en toda la entidad mexiquense.<\/p>\n\n\n\n<p>De igual forma, el estado en que se encuentra el Instituto de Seguridad Social del Estado de M\u00e9xico y Municipios (ISSEMyM), que pr\u00e1cticamente est\u00e1 en quiebra.<\/p>\n\n\n\n<p>Asistieron del equipo de la Gobernadora Electa, Delfina G\u00f3mez: Horacio Duarte Olivares, Coordinador de la Transici\u00f3n; Higinio Mart\u00ednez Miranda, Delegado Especial de Morena para el Proceso Electoral en el Estado de M\u00e9xico, y Jorge Armando Barriguete Mel\u00e9ndez, investigador y acad\u00e9mico experto en temas de salud.<\/p>\n\n\n\n<p>Por parte del equipo del Gobernador Constitucional, Alfredo Del Mazo: Luis Felipe Puente Espinoza, Secretario General de Gobierno; Francisco J. Fern\u00e1ndez Clamont, Secretario de Salud; Rodrigo Jarque Lira, Secretario de Finanzas; Rodrigo Espeleta Alondro, Secretario de Justicia y Derechos Humanos, y Arturo Lozano Enr\u00edquez, Director General del ISSEMyM.<\/p>\n\n\n\n<p>Cabe recordar que en d\u00edas pasados se han presentado diversas manifestaciones de derechohabientes y pensionados del ISSEMYM que se han quejado por la falta de pagos y han exigido que se hagan auditor\u00edas al organismo estatal que est\u00e1 en crisis financiera.<\/p>\n\n\n\n<p>De la misma forma, falta informaci\u00f3n sobre los nueve hospitales pendientes que recibir\u00e1 la nueva administraci\u00f3n y que data su construcci\u00f3n del a\u00f1o 2013.<\/p>\n","protected":false},"excerpt":{"rendered":"<p>*Los temas que les preocupa es la crisis econ\u00f3mica del ISSEMYM y los 9 hospitales abandonados, entre otros temas. Por Jorge Contreras TOLUCA, M\u00e9x.- La gobernadora electa del Estado de M\u00e9xico, Delfina G\u00f3mez \u00c1lvarez, y el gobernador constitucional, Alfredo Del Mazo Maza, continuaron este mi\u00e9rcoles con las reuniones de transici\u00f3n del gobierno donde abordaron el [&hellip;]<\/p>\n","protected":false},"author":6,"featured_media":44392,"comment_status":"open","ping_status":"open","sticky":false,"template":"","format":"standard","meta":{"footnotes":""},"categories":[2,3],"tags":[],"class_list":["post-44391","post","type-post","status-publish","format-standard","has-post-thumbnail","hentry","category-edomex","category-politica"],"yoast_head":"<!-- This site is optimized with the Yoast SEO plugin v27.5 - https:\/\/yoast.com\/product\/yoast-seo-wordpress\/ -->\n<title>SEGUNDA MESA DE TRANSICI\u00d3N EN EDOMEX, HABLAN SOBRE EL TEMA DE SALUD -<\/title>\n<meta name=\"robots\" content=\"index, follow, max-snippet:-1, max-image-preview:large, max-video-preview:-1\" \/>\n<link rel=\"canonical\" href=\"https:\/\/continuamosmx.com\/index.php\/2023\/07\/20\/segunda-mesa-de-transicion-en-edomex-hablan-sobre-el-tema-de-salud\/\" \/>\n<meta property=\"og:locale\" content=\"es_ES\" \/>\n<meta property=\"og:type\" content=\"article\" \/>\n<meta property=\"og:title\" content=\"SEGUNDA MESA DE TRANSICI\u00d3N EN EDOMEX, HABLAN SOBRE EL TEMA DE SALUD -\" \/>\n<meta property=\"og:description\" content=\"*Los temas que les preocupa es la crisis econ\u00f3mica del ISSEMYM y los 9 hospitales abandonados, entre otros temas. Por Jorge Contreras TOLUCA, M\u00e9x.- La gobernadora electa del Estado de M\u00e9xico, Delfina G\u00f3mez \u00c1lvarez, y el gobernador constitucional, Alfredo Del Mazo Maza, continuaron este mi\u00e9rcoles con las reuniones de transici\u00f3n del gobierno donde abordaron el [&hellip;]\" \/>\n<meta property=\"og:url\" content=\"https:\/\/continuamosmx.com\/index.php\/2023\/07\/20\/segunda-mesa-de-transicion-en-edomex-hablan-sobre-el-tema-de-salud\/\" \/>\n<meta property=\"article:published_time\" content=\"2023-07-20T08:21:13+00:00\" \/>\n<meta property=\"article:modified_time\" content=\"2023-07-20T08:21:14+00:00\" \/>\n<meta property=\"og:image\" content=\"https:\/\/continuamosmx.com\/wp-content\/uploads\/2023\/07\/salud.jpg\" \/>\n\t<meta property=\"og:image:width\" content=\"1024\" \/>\n\t<meta property=\"og:image:height\" content=\"683\" \/>\n\t<meta property=\"og:image:type\" content=\"image\/jpeg\" \/>\n<meta name=\"author\" content=\"Continuamos MX\" \/>\n<meta name=\"twitter:card\" content=\"summary_large_image\" \/>\n<meta name=\"twitter:label1\" content=\"Escrito por\" \/>\n\t<meta name=\"twitter:data1\" content=\"Continuamos MX\" \/>\n\t<meta name=\"twitter:label2\" content=\"Tiempo de lectura\" \/>\n\t<meta name=\"twitter:data2\" content=\"2 minutos\" \/>\n<script type=\"application\/ld+json\" class=\"yoast-schema-graph\">{\"@context\":\"https:\\\/\\\/schema.org\",\"@graph\":[{\"@type\":\"Article\",\"@id\":\"https:\\\/\\\/continuamosmx.com\\\/index.php\\\/2023\\\/07\\\/20\\\/segunda-mesa-de-transicion-en-edomex-hablan-sobre-el-tema-de-salud\\\/#article\",\"isPartOf\":{\"@id\":\"https:\\\/\\\/continuamosmx.com\\\/index.php\\\/2023\\\/07\\\/20\\\/segunda-mesa-de-transicion-en-edomex-hablan-sobre-el-tema-de-salud\\\/\"},\"author\":{\"name\":\"Continuamos MX\",\"@id\":\"https:\\\/\\\/continuamosmx.com\\\/#\\\/schema\\\/person\\\/5eb5356acb1fad784da407d14f0e8d89\"},\"headline\":\"SEGUNDA MESA DE TRANSICI\u00d3N EN EDOMEX, HABLAN SOBRE EL TEMA DE SALUD\",\"datePublished\":\"2023-07-20T08:21:13+00:00\",\"dateModified\":\"2023-07-20T08:21:14+00:00\",\"mainEntityOfPage\":{\"@id\":\"https:\\\/\\\/continuamosmx.com\\\/index.php\\\/2023\\\/07\\\/20\\\/segunda-mesa-de-transicion-en-edomex-hablan-sobre-el-tema-de-salud\\\/\"},\"wordCount\":405,\"commentCount\":0,\"publisher\":{\"@id\":\"https:\\\/\\\/continuamosmx.com\\\/#organization\"},\"image\":{\"@id\":\"https:\\\/\\\/continuamosmx.com\\\/index.php\\\/2023\\\/07\\\/20\\\/segunda-mesa-de-transicion-en-edomex-hablan-sobre-el-tema-de-salud\\\/#primaryimage\"},\"thumbnailUrl\":\"https:\\\/\\\/continuamosmx.com\\\/wp-content\\\/uploads\\\/2023\\\/07\\\/salud.jpg\",\"articleSection\":[\"EDOMEX\",\"POL\u00cdTICA\"],\"inLanguage\":\"es\"},{\"@type\":\"WebPage\",\"@id\":\"https:\\\/\\\/continuamosmx.com\\\/index.php\\\/2023\\\/07\\\/20\\\/segunda-mesa-de-transicion-en-edomex-hablan-sobre-el-tema-de-salud\\\/\",\"url\":\"https:\\\/\\\/continuamosmx.com\\\/index.php\\\/2023\\\/07\\\/20\\\/segunda-mesa-de-transicion-en-edomex-hablan-sobre-el-tema-de-salud\\\/\",\"name\":\"SEGUNDA MESA DE TRANSICI\u00d3N EN EDOMEX, HABLAN SOBRE EL TEMA DE SALUD -\",\"isPartOf\":{\"@id\":\"https:\\\/\\\/continuamosmx.com\\\/#website\"},\"primaryImageOfPage\":{\"@id\":\"https:\\\/\\\/continuamosmx.com\\\/index.php\\\/2023\\\/07\\\/20\\\/segunda-mesa-de-transicion-en-edomex-hablan-sobre-el-tema-de-salud\\\/#primaryimage\"},\"image\":{\"@id\":\"https:\\\/\\\/continuamosmx.com\\\/index.php\\\/2023\\\/07\\\/20\\\/segunda-mesa-de-transicion-en-edomex-hablan-sobre-el-tema-de-salud\\\/#primaryimage\"},\"thumbnailUrl\":\"https:\\\/\\\/continuamosmx.com\\\/wp-content\\\/uploads\\\/2023\\\/07\\\/salud.jpg\",\"datePublished\":\"2023-07-20T08:21:13+00:00\",\"dateModified\":\"2023-07-20T08:21:14+00:00\",\"breadcrumb\":{\"@id\":\"https:\\\/\\\/continuamosmx.com\\\/index.php\\\/2023\\\/07\\\/20\\\/segunda-mesa-de-transicion-en-edomex-hablan-sobre-el-tema-de-salud\\\/#breadcrumb\"},\"inLanguage\":\"es\",\"potentialAction\":[{\"@type\":\"ReadAction\",\"target\":[\"https:\\\/\\\/continuamosmx.com\\\/index.php\\\/2023\\\/07\\\/20\\\/segunda-mesa-de-transicion-en-edomex-hablan-sobre-el-tema-de-salud\\\/\"]}]},{\"@type\":\"ImageObject\",\"inLanguage\":\"es\",\"@id\":\"https:\\\/\\\/continuamosmx.com\\\/index.php\\\/2023\\\/07\\\/20\\\/segunda-mesa-de-transicion-en-edomex-hablan-sobre-el-tema-de-salud\\\/#primaryimage\",\"url\":\"https:\\\/\\\/continuamosmx.com\\\/wp-content\\\/uploads\\\/2023\\\/07\\\/salud.jpg\",\"contentUrl\":\"https:\\\/\\\/continuamosmx.com\\\/wp-content\\\/uploads\\\/2023\\\/07\\\/salud.jpg\",\"width\":1024,\"height\":683},{\"@type\":\"BreadcrumbList\",\"@id\":\"https:\\\/\\\/continuamosmx.com\\\/index.php\\\/2023\\\/07\\\/20\\\/segunda-mesa-de-transicion-en-edomex-hablan-sobre-el-tema-de-salud\\\/#breadcrumb\",\"itemListElement\":[{\"@type\":\"ListItem\",\"position\":1,\"name\":\"Inicio\",\"item\":\"https:\\\/\\\/continuamosmx.com\\\/\"},{\"@type\":\"ListItem\",\"position\":2,\"name\":\"SEGUNDA MESA DE TRANSICI\u00d3N EN EDOMEX, HABLAN SOBRE EL TEMA DE SALUD\"}]},{\"@type\":\"WebSite\",\"@id\":\"https:\\\/\\\/continuamosmx.com\\\/#website\",\"url\":\"https:\\\/\\\/continuamosmx.com\\\/\",\"name\":\"www.continuamosmx.com\",\"description\":\"\",\"publisher\":{\"@id\":\"https:\\\/\\\/continuamosmx.com\\\/#organization\"},\"potentialAction\":[{\"@type\":\"SearchAction\",\"target\":{\"@type\":\"EntryPoint\",\"urlTemplate\":\"https:\\\/\\\/continuamosmx.com\\\/?s={search_term_string}\"},\"query-input\":{\"@type\":\"PropertyValueSpecification\",\"valueRequired\":true,\"valueName\":\"search_term_string\"}}],\"inLanguage\":\"es\"},{\"@type\":\"Organization\",\"@id\":\"https:\\\/\\\/continuamosmx.com\\\/#organization\",\"name\":\"ContinuamosMX\",\"url\":\"https:\\\/\\\/continuamosmx.com\\\/\",\"logo\":{\"@type\":\"ImageObject\",\"inLanguage\":\"es\",\"@id\":\"https:\\\/\\\/continuamosmx.com\\\/#\\\/schema\\\/logo\\\/image\\\/\",\"url\":\"https:\\\/\\\/continuamosmx.com\\\/wp-content\\\/uploads\\\/2023\\\/04\\\/cropped-LOGO-CONTI-NUEVO.png\",\"contentUrl\":\"https:\\\/\\\/continuamosmx.com\\\/wp-content\\\/uploads\\\/2023\\\/04\\\/cropped-LOGO-CONTI-NUEVO.png\",\"width\":1257,\"height\":430,\"caption\":\"ContinuamosMX\"},\"image\":{\"@id\":\"https:\\\/\\\/continuamosmx.com\\\/#\\\/schema\\\/logo\\\/image\\\/\"}},{\"@type\":\"Person\",\"@id\":\"https:\\\/\\\/continuamosmx.com\\\/#\\\/schema\\\/person\\\/5eb5356acb1fad784da407d14f0e8d89\",\"name\":\"Continuamos MX\",\"image\":{\"@type\":\"ImageObject\",\"inLanguage\":\"es\",\"@id\":\"https:\\\/\\\/secure.gravatar.com\\\/avatar\\\/30d4f9723476a15f4da34d35fb3501f08d2357016c76051c6a85c354c7489589?s=96&d=mm&r=g\",\"url\":\"https:\\\/\\\/secure.gravatar.com\\\/avatar\\\/30d4f9723476a15f4da34d35fb3501f08d2357016c76051c6a85c354c7489589?s=96&d=mm&r=g\",\"contentUrl\":\"https:\\\/\\\/secure.gravatar.com\\\/avatar\\\/30d4f9723476a15f4da34d35fb3501f08d2357016c76051c6a85c354c7489589?s=96&d=mm&r=g\",\"caption\":\"Continuamos MX\"},\"sameAs\":[\"http:\\\/\\\/www.continuamos.mx\"],\"url\":\"https:\\\/\\\/continuamosmx.com\\\/index.php\\\/author\\\/continuamos\\\/\"}]}<\/script>\n<!-- \/ Yoast SEO plugin. -->","yoast_head_json":{"title":"SEGUNDA MESA DE TRANSICI\u00d3N EN EDOMEX, HABLAN SOBRE EL TEMA DE SALUD -","robots":{"index":"index","follow":"follow","max-snippet":"max-snippet:-1","max-image-preview":"max-image-preview:large","max-video-preview":"max-video-preview:-1"},"canonical":"https:\/\/continuamosmx.com\/index.php\/2023\/07\/20\/segunda-mesa-de-transicion-en-edomex-hablan-sobre-el-tema-de-salud\/","og_locale":"es_ES","og_type":"article","og_title":"SEGUNDA MESA DE TRANSICI\u00d3N EN EDOMEX, HABLAN SOBRE EL TEMA DE SALUD -","og_description":"*Los temas que les preocupa es la crisis econ\u00f3mica del ISSEMYM y los 9 hospitales abandonados, entre otros temas. Por Jorge Contreras TOLUCA, M\u00e9x.- La gobernadora electa del Estado de M\u00e9xico, Delfina G\u00f3mez \u00c1lvarez, y el gobernador constitucional, Alfredo Del Mazo Maza, continuaron este mi\u00e9rcoles con las reuniones de transici\u00f3n del gobierno donde abordaron el [&hellip;]","og_url":"https:\/\/continuamosmx.com\/index.php\/2023\/07\/20\/segunda-mesa-de-transicion-en-edomex-hablan-sobre-el-tema-de-salud\/","article_published_time":"2023-07-20T08:21:13+00:00","article_modified_time":"2023-07-20T08:21:14+00:00","og_image":[{"width":1024,"height":683,"url":"https:\/\/continuamosmx.com\/wp-content\/uploads\/2023\/07\/salud.jpg","type":"image\/jpeg"}],"author":"Continuamos MX","twitter_card":"summary_large_image","twitter_misc":{"Escrito por":"Continuamos MX","Tiempo de lectura":"2 minutos"},"schema":{"@context":"https:\/\/schema.org","@graph":[{"@type":"Article","@id":"https:\/\/continuamosmx.com\/index.php\/2023\/07\/20\/segunda-mesa-de-transicion-en-edomex-hablan-sobre-el-tema-de-salud\/#article","isPartOf":{"@id":"https:\/\/continuamosmx.com\/index.php\/2023\/07\/20\/segunda-mesa-de-transicion-en-edomex-hablan-sobre-el-tema-de-salud\/"},"author":{"name":"Continuamos MX","@id":"https:\/\/continuamosmx.com\/#\/schema\/person\/5eb5356acb1fad784da407d14f0e8d89"},"headline":"SEGUNDA MESA DE TRANSICI\u00d3N EN EDOMEX, HABLAN SOBRE EL TEMA DE SALUD","datePublished":"2023-07-20T08:21:13+00:00","dateModified":"2023-07-20T08:21:14+00:00","mainEntityOfPage":{"@id":"https:\/\/continuamosmx.com\/index.php\/2023\/07\/20\/segunda-mesa-de-transicion-en-edomex-hablan-sobre-el-tema-de-salud\/"},"wordCount":405,"commentCount":0,"publisher":{"@id":"https:\/\/continuamosmx.com\/#organization"},"image":{"@id":"https:\/\/continuamosmx.com\/index.php\/2023\/07\/20\/segunda-mesa-de-transicion-en-edomex-hablan-sobre-el-tema-de-salud\/#primaryimage"},"thumbnailUrl":"https:\/\/continuamosmx.com\/wp-content\/uploads\/2023\/07\/salud.jpg","articleSection":["EDOMEX","POL\u00cdTICA"],"inLanguage":"es"},{"@type":"WebPage","@id":"https:\/\/continuamosmx.com\/index.php\/2023\/07\/20\/segunda-mesa-de-transicion-en-edomex-hablan-sobre-el-tema-de-salud\/","url":"https:\/\/continuamosmx.com\/index.php\/2023\/07\/20\/segunda-mesa-de-transicion-en-edomex-hablan-sobre-el-tema-de-salud\/","name":"SEGUNDA MESA DE TRANSICI\u00d3N EN EDOMEX, HABLAN SOBRE EL TEMA DE SALUD -","isPartOf":{"@id":"https:\/\/continuamosmx.com\/#website"},"primaryImageOfPage":{"@id":"https:\/\/continuamosmx.com\/index.php\/2023\/07\/20\/segunda-mesa-de-transicion-en-edomex-hablan-sobre-el-tema-de-salud\/#primaryimage"},"image":{"@id":"https:\/\/continuamosmx.com\/index.php\/2023\/07\/20\/segunda-mesa-de-transicion-en-edomex-hablan-sobre-el-tema-de-salud\/#primaryimage"},"thumbnailUrl":"https:\/\/continuamosmx.com\/wp-content\/uploads\/2023\/07\/salud.jpg","datePublished":"2023-07-20T08:21:13+00:00","dateModified":"2023-07-20T08:21:14+00:00","breadcrumb":{"@id":"https:\/\/continuamosmx.com\/index.php\/2023\/07\/20\/segunda-mesa-de-transicion-en-edomex-hablan-sobre-el-tema-de-salud\/#breadcrumb"},"inLanguage":"es","potentialAction":[{"@type":"ReadAction","target":["https:\/\/continuamosmx.com\/index.php\/2023\/07\/20\/segunda-mesa-de-transicion-en-edomex-hablan-sobre-el-tema-de-salud\/"]}]},{"@type":"ImageObject","inLanguage":"es","@id":"https:\/\/continuamosmx.com\/index.php\/2023\/07\/20\/segunda-mesa-de-transicion-en-edomex-hablan-sobre-el-tema-de-salud\/#primaryimage","url":"https:\/\/continuamosmx.com\/wp-content\/uploads\/2023\/07\/salud.jpg","contentUrl":"https:\/\/continuamosmx.com\/wp-content\/uploads\/2023\/07\/salud.jpg","width":1024,"height":683},{"@type":"BreadcrumbList","@id":"https:\/\/continuamosmx.com\/index.php\/2023\/07\/20\/segunda-mesa-de-transicion-en-edomex-hablan-sobre-el-tema-de-salud\/#breadcrumb","itemListElement":[{"@type":"ListItem","position":1,"name":"Inicio","item":"https:\/\/continuamosmx.com\/"},{"@type":"ListItem","position":2,"name":"SEGUNDA MESA DE TRANSICI\u00d3N EN EDOMEX, HABLAN SOBRE EL TEMA DE SALUD"}]},{"@type":"WebSite","@id":"https:\/\/continuamosmx.com\/#website","url":"https:\/\/continuamosmx.com\/","name":"www.continuamosmx.com","description":"","publisher":{"@id":"https:\/\/continuamosmx.com\/#organization"},"potentialAction":[{"@type":"SearchAction","target":{"@type":"EntryPoint","urlTemplate":"https:\/\/continuamosmx.com\/?s={search_term_string}"},"query-input":{"@type":"PropertyValueSpecification","valueRequired":true,"valueName":"search_term_string"}}],"inLanguage":"es"},{"@type":"Organization","@id":"https:\/\/continuamosmx.com\/#organization","name":"ContinuamosMX","url":"https:\/\/continuamosmx.com\/","logo":{"@type":"ImageObject","inLanguage":"es","@id":"https:\/\/continuamosmx.com\/#\/schema\/logo\/image\/","url":"https:\/\/continuamosmx.com\/wp-content\/uploads\/2023\/04\/cropped-LOGO-CONTI-NUEVO.png","contentUrl":"https:\/\/continuamosmx.com\/wp-content\/uploads\/2023\/04\/cropped-LOGO-CONTI-NUEVO.png","width":1257,"height":430,"caption":"ContinuamosMX"},"image":{"@id":"https:\/\/continuamosmx.com\/#\/schema\/logo\/image\/"}},{"@type":"Person","@id":"https:\/\/continuamosmx.com\/#\/schema\/person\/5eb5356acb1fad784da407d14f0e8d89","name":"Continuamos MX","image":{"@type":"ImageObject","inLanguage":"es","@id":"https:\/\/secure.gravatar.com\/avatar\/30d4f9723476a15f4da34d35fb3501f08d2357016c76051c6a85c354c7489589?s=96&d=mm&r=g","url":"https:\/\/secure.gravatar.com\/avatar\/30d4f9723476a15f4da34d35fb3501f08d2357016c76051c6a85c354c7489589?s=96&d=mm&r=g","contentUrl":"https:\/\/secure.gravatar.com\/avatar\/30d4f9723476a15f4da34d35fb3501f08d2357016c76051c6a85c354c7489589?s=96&d=mm&r=g","caption":"Continuamos MX"},"sameAs":["http:\/\/www.continuamos.mx"],"url":"https:\/\/continuamosmx.com\/index.php\/author\/continuamos\/"}]}},"_links":{"self":[{"href":"https:\/\/continuamosmx.com\/index.php\/wp-json\/wp\/v2\/posts\/44391","targetHints":{"allow":["GET"]}}],"collection":[{"href":"https:\/\/continuamosmx.com\/index.php\/wp-json\/wp\/v2\/posts"}],"about":[{"href":"https:\/\/continuamosmx.com\/index.php\/wp-json\/wp\/v2\/types\/post"}],"author":[{"embeddable":true,"href":"https:\/\/continuamosmx.com\/index.php\/wp-json\/wp\/v2\/users\/6"}],"replies":[{"embeddable":true,"href":"https:\/\/continuamosmx.com\/index.php\/wp-json\/wp\/v2\/comments?post=44391"}],"version-history":[{"count":1,"href":"https:\/\/continuamosmx.com\/index.php\/wp-json\/wp\/v2\/posts\/44391\/revisions"}],"predecessor-version":[{"id":44393,"href":"https:\/\/continuamosmx.com\/index.php\/wp-json\/wp\/v2\/posts\/44391\/revisions\/44393"}],"wp:featuredmedia":[{"embeddable":true,"href":"https:\/\/continuamosmx.com\/index.php\/wp-json\/wp\/v2\/media\/44392"}],"wp:attachment":[{"href":"https:\/\/continuamosmx.com\/index.php\/wp-json\/wp\/v2\/media?parent=44391"}],"wp:term":[{"taxonomy":"category","embeddable":true,"href":"https:\/\/continuamosmx.com\/index.php\/wp-json\/wp\/v2\/categories?post=44391"},{"taxonomy":"post_tag","embeddable":true,"href":"https:\/\/continuamosmx.com\/index.php\/wp-json\/wp\/v2\/tags?post=44391"}],"curies":[{"name":"wp","href":"https:\/\/api.w.org\/{rel}","templated":true}]}}