{"id":44381,"date":"2023-07-20T01:53:43","date_gmt":"2023-07-20T01:53:43","guid":{"rendered":"https:\/\/continuamosmx.com\/?p=44381"},"modified":"2023-07-20T01:53:44","modified_gmt":"2023-07-20T01:53:44","slug":"que-es-el-proyecto-ejecutivo-y-cuales-son-sus-etapas","status":"publish","type":"post","link":"https:\/\/continuamosmx.com\/index.php\/2023\/07\/20\/que-es-el-proyecto-ejecutivo-y-cuales-son-sus-etapas\/","title":{"rendered":"\u00bfQUE ES EL PROYECTO EJECUTIVO Y CUALES SON SUS ETAPAS?"},"content":{"rendered":"\n<p>La importancia del proyecto ejecutivo radica en la correcta <strong>planeaci\u00f3n<\/strong>, en la posibilidad de pensar los escenarios del espacio sin construirlo, pensar en cual ser\u00eda la iluminaci\u00f3n ideal o una ventilaci\u00f3n adecuada. Todo ello se traduce en ahorros mejor planeados y recursos correctamente destinados.<\/p>\n\n\n\n<p>Empezaremos por aclarar que cada proyecto deber\u00eda ser tratado de manera individual en cada cliente; las razones son varias, entre ellas: debe dise\u00f1arse a partir de las actividades y estilo de vida del quienes usar\u00e1n el espacio, tambi\u00e9n debe responder a las necesidades espaciales espec\u00edficas, ser del agrado del propietario en cu\u00e1nto a colores, texturas, estilos, y dem\u00e1s detalles.<\/p>\n\n\n\n<p>Todo ello, responde necesariamente a la regi\u00f3n donde se ubique; no es lo mismo una casa en la sierra que una casa en la playa y la aplicaci\u00f3n de <strong>t\u00e9cnicas constructivas, mano de obra y materiales de la regi\u00f3n.<\/strong><\/p>\n\n\n\n<p>En temas estructurales toda estructuraci\u00f3n debe dise\u00f1arse y calcularse a partir de la capacidad de carga espec\u00edfica del terreno en d\u00f3nde se piensa construir y por supuesto, a las condiciones s\u00edsmicas, de viento o de nieve, seg\u00fan sea la ubicaci\u00f3n.<\/p>\n\n\n\n<p>No es que exista una mejor o peor cimentaci\u00f3n o estructuraci\u00f3n, se trata de aplicar la ideal, de acuerdo a las condiciones espec\u00edficas. Y nuevamente, todo se recae en recursos y tiempos de ejecuci\u00f3n.<\/p>\n\n\n\n<p>Y surge una pregunta \u00bfCu\u00e1les son las etapas que debo seguir con el arquitecto o especialistas que dise\u00f1ar\u00e1n cualquier casa o proyecto?<\/p>\n\n\n\n<p>Las etapas pueden tener un orden variado, en <a href=\"https:\/\/www.facebook.com\/QFarquitectos\/\"><strong>Quinta Fachada Arquitectos<\/strong><\/a> son 4 etapas y las desarrollamos en el orden de importancia y seguridad.<\/p>\n\n\n\n<p><strong>ETAPA 1<\/strong><\/p>\n\n\n\n<p>Se conoce como \u201c<strong>PROYECTO ARQUITECT\u00d3NICO<\/strong>\u201d, esta etapa es la de mayor interacci\u00f3n entre el cliente y arquitecto, ya que en ella definimos el programa de espacios a desarrollar a partir de las necesidades del usuario.<\/p>\n\n\n\n<p>Se plantean: el funcionamiento, conexi\u00f3n de espacios; un punto importante se debe dise\u00f1ar y solucionar los espacios, a partir de <strong>iluminaci\u00f3n y ventilaci\u00f3n natural<\/strong> \u00bfEsto en que ayuda?<\/p>\n\n\n\n<p>Pues nos permite tener espacios sin problemas de humedad, <strong>ahorrar recursos energ\u00e9ticos<\/strong> y maximizar el uso de los recursos naturales; por ejemplo, el hecho de tener un espacio con la iluminaci\u00f3n natural ideal.<\/p>\n\n\n\n<p>Esto permite ahorrar en iluminaci\u00f3n artificial ya que su uso ser\u00e1 s\u00f3lo nocturno, parece un punto sin mucho ahorro, pero imaginemos la cantidad de energ\u00eda que esto ahorra anualmente, sin contar que la luminaria tendr\u00e1 una mayor vida \u00fatil.<\/p>\n\n\n\n<p>En esta etapa existe <strong>el uso de suelo, que es una normativa que debemos seguir<\/strong> para dise\u00f1ar, \u00e9sta la determina un plan de desarrollo urbano que nos dan las limitantes de:&nbsp; superficie m\u00e1xima a construir por nivel, \u00e1rea libre, m\u00e1ximos niveles a construir, altura m\u00e1xima de edificaci\u00f3n y densidad de construcci\u00f3n (m\u00e1ximo de construcci\u00f3n total)<\/p>\n\n\n\n<p>Los documentos resultantes de esta etapa son:<\/p>\n\n\n\n<ul class=\"wp-block-list\">\n<li><strong>Plantas arquitect\u00f3nicas<\/strong>, que incluyen todas las medidas de espacios, muros, trabes, ventanas y puertas.<\/li>\n\n\n\n<li><strong>Fachadas<\/strong>, aqu\u00ed se incluyen medidas de niveles de planta y niveles totales, desplantes de ventanas, y alturas de todos los muros y puertas.<\/li>\n\n\n\n<li><strong>Cortes, <\/strong>en estos se incluyen alturas de plafones, niveles de pisos y alturas de muros y ventanas que se muestren en el corte. Entender este plano ser\u00eda muy similar a realizar un corte en un pastel en el que notaremos todas las capas que lo componen y el c\u00f3mo se une todo en un mismo elemento.<\/li>\n<\/ul>\n\n\n\n<p>En nuestro <a href=\"https:\/\/www.facebook.com\/QFarquitectos\/\">estudio<\/a>, esta etapa la acompa\u00f1amos de im\u00e1genes digitales, o tambi\u00e9n conocidos como<strong> <em>renders<\/em><\/strong><em>. <\/em>Estos funcionan como una herramienta visual de mayor comprensi\u00f3n para el cliente, la cual genera un entorno visual mucho m\u00e1s amigable para el desarrollo del proyecto.<\/p>\n\n\n\n<p>Si bien, como arquitectos o dise\u00f1adores, entender el funcionamiento a partir de un plano ha sido parte de nuestra formaci\u00f3n, sin embargo, <strong>debemos ser emp\u00e1ticos y entender que puede ser confuso para muchas personas<\/strong> y al contrario de la generalidad, entendemos mejor la visualizaci\u00f3n del espacio de manera tridimensional. \u201cLe permitimos al cliente vivir el espacio sin haberlo construido\u201d.<\/p>\n\n\n\n<p>Ya resuelta la parte del proyecto arquitect\u00f3nico, la siguiente etapa se le conoce como \u201cPROYECTO ESTRUCTURAL\u201d, sin embargo, este tema lo explicar\u00e9 en una columna posterior.<\/p>\n\n\n\n<figure class=\"wp-block-gallery has-nested-images columns-default is-cropped wp-block-gallery-1 is-layout-flex wp-block-gallery-is-layout-flex\"><\/figure>\n","protected":false},"excerpt":{"rendered":"<p>La importancia del proyecto ejecutivo radica en la correcta planeaci\u00f3n, en la posibilidad de pensar los escenarios del espacio sin construirlo, pensar en cual ser\u00eda la iluminaci\u00f3n ideal o una ventilaci\u00f3n adecuada. Todo ello se traduce en ahorros mejor planeados y recursos correctamente destinados. Empezaremos por aclarar que cada proyecto deber\u00eda ser tratado de manera [&hellip;]<\/p>\n","protected":false},"author":6,"featured_media":44385,"comment_status":"open","ping_status":"open","sticky":false,"template":"","format":"standard","meta":{"footnotes":""},"categories":[10,9],"tags":[],"class_list":["post-44381","post","type-post","status-publish","format-standard","has-post-thumbnail","hentry","category-articulo-de-contenido","category-columnas"],"yoast_head":"<!-- This site is optimized with the Yoast SEO plugin v27.5 - https:\/\/yoast.com\/product\/yoast-seo-wordpress\/ -->\n<title>\u00bfQUE ES EL PROYECTO EJECUTIVO Y CUALES SON SUS ETAPAS? -<\/title>\n<meta name=\"robots\" content=\"index, follow, max-snippet:-1, max-image-preview:large, max-video-preview:-1\" \/>\n<link rel=\"canonical\" href=\"https:\/\/continuamosmx.com\/index.php\/2023\/07\/20\/que-es-el-proyecto-ejecutivo-y-cuales-son-sus-etapas\/\" \/>\n<meta property=\"og:locale\" content=\"es_ES\" \/>\n<meta property=\"og:type\" content=\"article\" \/>\n<meta property=\"og:title\" content=\"\u00bfQUE ES EL PROYECTO EJECUTIVO Y CUALES SON SUS ETAPAS? -\" \/>\n<meta property=\"og:description\" content=\"La importancia del proyecto ejecutivo radica en la correcta planeaci\u00f3n, en la posibilidad de pensar los escenarios del espacio sin construirlo, pensar en cual ser\u00eda la iluminaci\u00f3n ideal o una ventilaci\u00f3n adecuada. Todo ello se traduce en ahorros mejor planeados y recursos correctamente destinados. Empezaremos por aclarar que cada proyecto deber\u00eda ser tratado de manera [&hellip;]\" \/>\n<meta property=\"og:url\" content=\"https:\/\/continuamosmx.com\/index.php\/2023\/07\/20\/que-es-el-proyecto-ejecutivo-y-cuales-son-sus-etapas\/\" \/>\n<meta property=\"article:published_time\" content=\"2023-07-20T01:53:43+00:00\" \/>\n<meta property=\"article:modified_time\" content=\"2023-07-20T01:53:44+00:00\" \/>\n<meta property=\"og:image\" content=\"https:\/\/continuamosmx.com\/wp-content\/uploads\/2023\/07\/arqui.jpg\" \/>\n\t<meta property=\"og:image:width\" content=\"1280\" \/>\n\t<meta property=\"og:image:height\" content=\"960\" \/>\n\t<meta property=\"og:image:type\" content=\"image\/jpeg\" \/>\n<meta name=\"author\" content=\"Continuamos MX\" \/>\n<meta name=\"twitter:card\" content=\"summary_large_image\" \/>\n<meta name=\"twitter:label1\" content=\"Escrito por\" \/>\n\t<meta name=\"twitter:data1\" content=\"Continuamos MX\" \/>\n\t<meta name=\"twitter:label2\" content=\"Tiempo de lectura\" \/>\n\t<meta name=\"twitter:data2\" content=\"4 minutos\" \/>\n<script type=\"application\/ld+json\" class=\"yoast-schema-graph\">{\"@context\":\"https:\\\/\\\/schema.org\",\"@graph\":[{\"@type\":\"Article\",\"@id\":\"https:\\\/\\\/continuamosmx.com\\\/index.php\\\/2023\\\/07\\\/20\\\/que-es-el-proyecto-ejecutivo-y-cuales-son-sus-etapas\\\/#article\",\"isPartOf\":{\"@id\":\"https:\\\/\\\/continuamosmx.com\\\/index.php\\\/2023\\\/07\\\/20\\\/que-es-el-proyecto-ejecutivo-y-cuales-son-sus-etapas\\\/\"},\"author\":{\"name\":\"Continuamos MX\",\"@id\":\"https:\\\/\\\/continuamosmx.com\\\/#\\\/schema\\\/person\\\/5eb5356acb1fad784da407d14f0e8d89\"},\"headline\":\"\u00bfQUE ES EL PROYECTO EJECUTIVO Y CUALES SON SUS ETAPAS?\",\"datePublished\":\"2023-07-20T01:53:43+00:00\",\"dateModified\":\"2023-07-20T01:53:44+00:00\",\"mainEntityOfPage\":{\"@id\":\"https:\\\/\\\/continuamosmx.com\\\/index.php\\\/2023\\\/07\\\/20\\\/que-es-el-proyecto-ejecutivo-y-cuales-son-sus-etapas\\\/\"},\"wordCount\":750,\"commentCount\":0,\"publisher\":{\"@id\":\"https:\\\/\\\/continuamosmx.com\\\/#organization\"},\"image\":{\"@id\":\"https:\\\/\\\/continuamosmx.com\\\/index.php\\\/2023\\\/07\\\/20\\\/que-es-el-proyecto-ejecutivo-y-cuales-son-sus-etapas\\\/#primaryimage\"},\"thumbnailUrl\":\"https:\\\/\\\/continuamosmx.com\\\/wp-content\\\/uploads\\\/2023\\\/07\\\/arqui.jpg\",\"articleSection\":[\"ART\u00cdCULO DE CONTENIDO\",\"COLUMNAS\"],\"inLanguage\":\"es\"},{\"@type\":\"WebPage\",\"@id\":\"https:\\\/\\\/continuamosmx.com\\\/index.php\\\/2023\\\/07\\\/20\\\/que-es-el-proyecto-ejecutivo-y-cuales-son-sus-etapas\\\/\",\"url\":\"https:\\\/\\\/continuamosmx.com\\\/index.php\\\/2023\\\/07\\\/20\\\/que-es-el-proyecto-ejecutivo-y-cuales-son-sus-etapas\\\/\",\"name\":\"\u00bfQUE ES EL PROYECTO EJECUTIVO Y CUALES SON SUS ETAPAS? -\",\"isPartOf\":{\"@id\":\"https:\\\/\\\/continuamosmx.com\\\/#website\"},\"primaryImageOfPage\":{\"@id\":\"https:\\\/\\\/continuamosmx.com\\\/index.php\\\/2023\\\/07\\\/20\\\/que-es-el-proyecto-ejecutivo-y-cuales-son-sus-etapas\\\/#primaryimage\"},\"image\":{\"@id\":\"https:\\\/\\\/continuamosmx.com\\\/index.php\\\/2023\\\/07\\\/20\\\/que-es-el-proyecto-ejecutivo-y-cuales-son-sus-etapas\\\/#primaryimage\"},\"thumbnailUrl\":\"https:\\\/\\\/continuamosmx.com\\\/wp-content\\\/uploads\\\/2023\\\/07\\\/arqui.jpg\",\"datePublished\":\"2023-07-20T01:53:43+00:00\",\"dateModified\":\"2023-07-20T01:53:44+00:00\",\"breadcrumb\":{\"@id\":\"https:\\\/\\\/continuamosmx.com\\\/index.php\\\/2023\\\/07\\\/20\\\/que-es-el-proyecto-ejecutivo-y-cuales-son-sus-etapas\\\/#breadcrumb\"},\"inLanguage\":\"es\",\"potentialAction\":[{\"@type\":\"ReadAction\",\"target\":[\"https:\\\/\\\/continuamosmx.com\\\/index.php\\\/2023\\\/07\\\/20\\\/que-es-el-proyecto-ejecutivo-y-cuales-son-sus-etapas\\\/\"]}]},{\"@type\":\"ImageObject\",\"inLanguage\":\"es\",\"@id\":\"https:\\\/\\\/continuamosmx.com\\\/index.php\\\/2023\\\/07\\\/20\\\/que-es-el-proyecto-ejecutivo-y-cuales-son-sus-etapas\\\/#primaryimage\",\"url\":\"https:\\\/\\\/continuamosmx.com\\\/wp-content\\\/uploads\\\/2023\\\/07\\\/arqui.jpg\",\"contentUrl\":\"https:\\\/\\\/continuamosmx.com\\\/wp-content\\\/uploads\\\/2023\\\/07\\\/arqui.jpg\",\"width\":1280,\"height\":960},{\"@type\":\"BreadcrumbList\",\"@id\":\"https:\\\/\\\/continuamosmx.com\\\/index.php\\\/2023\\\/07\\\/20\\\/que-es-el-proyecto-ejecutivo-y-cuales-son-sus-etapas\\\/#breadcrumb\",\"itemListElement\":[{\"@type\":\"ListItem\",\"position\":1,\"name\":\"Inicio\",\"item\":\"https:\\\/\\\/continuamosmx.com\\\/\"},{\"@type\":\"ListItem\",\"position\":2,\"name\":\"\u00bfQUE ES EL PROYECTO EJECUTIVO Y CUALES SON SUS ETAPAS?\"}]},{\"@type\":\"WebSite\",\"@id\":\"https:\\\/\\\/continuamosmx.com\\\/#website\",\"url\":\"https:\\\/\\\/continuamosmx.com\\\/\",\"name\":\"www.continuamosmx.com\",\"description\":\"\",\"publisher\":{\"@id\":\"https:\\\/\\\/continuamosmx.com\\\/#organization\"},\"potentialAction\":[{\"@type\":\"SearchAction\",\"target\":{\"@type\":\"EntryPoint\",\"urlTemplate\":\"https:\\\/\\\/continuamosmx.com\\\/?s={search_term_string}\"},\"query-input\":{\"@type\":\"PropertyValueSpecification\",\"valueRequired\":true,\"valueName\":\"search_term_string\"}}],\"inLanguage\":\"es\"},{\"@type\":\"Organization\",\"@id\":\"https:\\\/\\\/continuamosmx.com\\\/#organization\",\"name\":\"ContinuamosMX\",\"url\":\"https:\\\/\\\/continuamosmx.com\\\/\",\"logo\":{\"@type\":\"ImageObject\",\"inLanguage\":\"es\",\"@id\":\"https:\\\/\\\/continuamosmx.com\\\/#\\\/schema\\\/logo\\\/image\\\/\",\"url\":\"https:\\\/\\\/continuamosmx.com\\\/wp-content\\\/uploads\\\/2023\\\/04\\\/cropped-LOGO-CONTI-NUEVO.png\",\"contentUrl\":\"https:\\\/\\\/continuamosmx.com\\\/wp-content\\\/uploads\\\/2023\\\/04\\\/cropped-LOGO-CONTI-NUEVO.png\",\"width\":1257,\"height\":430,\"caption\":\"ContinuamosMX\"},\"image\":{\"@id\":\"https:\\\/\\\/continuamosmx.com\\\/#\\\/schema\\\/logo\\\/image\\\/\"}},{\"@type\":\"Person\",\"@id\":\"https:\\\/\\\/continuamosmx.com\\\/#\\\/schema\\\/person\\\/5eb5356acb1fad784da407d14f0e8d89\",\"name\":\"Continuamos MX\",\"image\":{\"@type\":\"ImageObject\",\"inLanguage\":\"es\",\"@id\":\"https:\\\/\\\/secure.gravatar.com\\\/avatar\\\/30d4f9723476a15f4da34d35fb3501f08d2357016c76051c6a85c354c7489589?s=96&d=mm&r=g\",\"url\":\"https:\\\/\\\/secure.gravatar.com\\\/avatar\\\/30d4f9723476a15f4da34d35fb3501f08d2357016c76051c6a85c354c7489589?s=96&d=mm&r=g\",\"contentUrl\":\"https:\\\/\\\/secure.gravatar.com\\\/avatar\\\/30d4f9723476a15f4da34d35fb3501f08d2357016c76051c6a85c354c7489589?s=96&d=mm&r=g\",\"caption\":\"Continuamos MX\"},\"sameAs\":[\"http:\\\/\\\/www.continuamos.mx\"],\"url\":\"https:\\\/\\\/continuamosmx.com\\\/index.php\\\/author\\\/continuamos\\\/\"}]}<\/script>\n<!-- \/ Yoast SEO plugin. -->","yoast_head_json":{"title":"\u00bfQUE ES EL PROYECTO EJECUTIVO Y CUALES SON SUS ETAPAS? -","robots":{"index":"index","follow":"follow","max-snippet":"max-snippet:-1","max-image-preview":"max-image-preview:large","max-video-preview":"max-video-preview:-1"},"canonical":"https:\/\/continuamosmx.com\/index.php\/2023\/07\/20\/que-es-el-proyecto-ejecutivo-y-cuales-son-sus-etapas\/","og_locale":"es_ES","og_type":"article","og_title":"\u00bfQUE ES EL PROYECTO EJECUTIVO Y CUALES SON SUS ETAPAS? -","og_description":"La importancia del proyecto ejecutivo radica en la correcta planeaci\u00f3n, en la posibilidad de pensar los escenarios del espacio sin construirlo, pensar en cual ser\u00eda la iluminaci\u00f3n ideal o una ventilaci\u00f3n adecuada. Todo ello se traduce en ahorros mejor planeados y recursos correctamente destinados. Empezaremos por aclarar que cada proyecto deber\u00eda ser tratado de manera [&hellip;]","og_url":"https:\/\/continuamosmx.com\/index.php\/2023\/07\/20\/que-es-el-proyecto-ejecutivo-y-cuales-son-sus-etapas\/","article_published_time":"2023-07-20T01:53:43+00:00","article_modified_time":"2023-07-20T01:53:44+00:00","og_image":[{"width":1280,"height":960,"url":"https:\/\/continuamosmx.com\/wp-content\/uploads\/2023\/07\/arqui.jpg","type":"image\/jpeg"}],"author":"Continuamos MX","twitter_card":"summary_large_image","twitter_misc":{"Escrito por":"Continuamos MX","Tiempo de lectura":"4 minutos"},"schema":{"@context":"https:\/\/schema.org","@graph":[{"@type":"Article","@id":"https:\/\/continuamosmx.com\/index.php\/2023\/07\/20\/que-es-el-proyecto-ejecutivo-y-cuales-son-sus-etapas\/#article","isPartOf":{"@id":"https:\/\/continuamosmx.com\/index.php\/2023\/07\/20\/que-es-el-proyecto-ejecutivo-y-cuales-son-sus-etapas\/"},"author":{"name":"Continuamos MX","@id":"https:\/\/continuamosmx.com\/#\/schema\/person\/5eb5356acb1fad784da407d14f0e8d89"},"headline":"\u00bfQUE ES EL PROYECTO EJECUTIVO Y CUALES SON SUS ETAPAS?","datePublished":"2023-07-20T01:53:43+00:00","dateModified":"2023-07-20T01:53:44+00:00","mainEntityOfPage":{"@id":"https:\/\/continuamosmx.com\/index.php\/2023\/07\/20\/que-es-el-proyecto-ejecutivo-y-cuales-son-sus-etapas\/"},"wordCount":750,"commentCount":0,"publisher":{"@id":"https:\/\/continuamosmx.com\/#organization"},"image":{"@id":"https:\/\/continuamosmx.com\/index.php\/2023\/07\/20\/que-es-el-proyecto-ejecutivo-y-cuales-son-sus-etapas\/#primaryimage"},"thumbnailUrl":"https:\/\/continuamosmx.com\/wp-content\/uploads\/2023\/07\/arqui.jpg","articleSection":["ART\u00cdCULO DE CONTENIDO","COLUMNAS"],"inLanguage":"es"},{"@type":"WebPage","@id":"https:\/\/continuamosmx.com\/index.php\/2023\/07\/20\/que-es-el-proyecto-ejecutivo-y-cuales-son-sus-etapas\/","url":"https:\/\/continuamosmx.com\/index.php\/2023\/07\/20\/que-es-el-proyecto-ejecutivo-y-cuales-son-sus-etapas\/","name":"\u00bfQUE ES EL PROYECTO EJECUTIVO Y CUALES SON SUS ETAPAS? -","isPartOf":{"@id":"https:\/\/continuamosmx.com\/#website"},"primaryImageOfPage":{"@id":"https:\/\/continuamosmx.com\/index.php\/2023\/07\/20\/que-es-el-proyecto-ejecutivo-y-cuales-son-sus-etapas\/#primaryimage"},"image":{"@id":"https:\/\/continuamosmx.com\/index.php\/2023\/07\/20\/que-es-el-proyecto-ejecutivo-y-cuales-son-sus-etapas\/#primaryimage"},"thumbnailUrl":"https:\/\/continuamosmx.com\/wp-content\/uploads\/2023\/07\/arqui.jpg","datePublished":"2023-07-20T01:53:43+00:00","dateModified":"2023-07-20T01:53:44+00:00","breadcrumb":{"@id":"https:\/\/continuamosmx.com\/index.php\/2023\/07\/20\/que-es-el-proyecto-ejecutivo-y-cuales-son-sus-etapas\/#breadcrumb"},"inLanguage":"es","potentialAction":[{"@type":"ReadAction","target":["https:\/\/continuamosmx.com\/index.php\/2023\/07\/20\/que-es-el-proyecto-ejecutivo-y-cuales-son-sus-etapas\/"]}]},{"@type":"ImageObject","inLanguage":"es","@id":"https:\/\/continuamosmx.com\/index.php\/2023\/07\/20\/que-es-el-proyecto-ejecutivo-y-cuales-son-sus-etapas\/#primaryimage","url":"https:\/\/continuamosmx.com\/wp-content\/uploads\/2023\/07\/arqui.jpg","contentUrl":"https:\/\/continuamosmx.com\/wp-content\/uploads\/2023\/07\/arqui.jpg","width":1280,"height":960},{"@type":"BreadcrumbList","@id":"https:\/\/continuamosmx.com\/index.php\/2023\/07\/20\/que-es-el-proyecto-ejecutivo-y-cuales-son-sus-etapas\/#breadcrumb","itemListElement":[{"@type":"ListItem","position":1,"name":"Inicio","item":"https:\/\/continuamosmx.com\/"},{"@type":"ListItem","position":2,"name":"\u00bfQUE ES EL PROYECTO EJECUTIVO Y CUALES SON SUS ETAPAS?"}]},{"@type":"WebSite","@id":"https:\/\/continuamosmx.com\/#website","url":"https:\/\/continuamosmx.com\/","name":"www.continuamosmx.com","description":"","publisher":{"@id":"https:\/\/continuamosmx.com\/#organization"},"potentialAction":[{"@type":"SearchAction","target":{"@type":"EntryPoint","urlTemplate":"https:\/\/continuamosmx.com\/?s={search_term_string}"},"query-input":{"@type":"PropertyValueSpecification","valueRequired":true,"valueName":"search_term_string"}}],"inLanguage":"es"},{"@type":"Organization","@id":"https:\/\/continuamosmx.com\/#organization","name":"ContinuamosMX","url":"https:\/\/continuamosmx.com\/","logo":{"@type":"ImageObject","inLanguage":"es","@id":"https:\/\/continuamosmx.com\/#\/schema\/logo\/image\/","url":"https:\/\/continuamosmx.com\/wp-content\/uploads\/2023\/04\/cropped-LOGO-CONTI-NUEVO.png","contentUrl":"https:\/\/continuamosmx.com\/wp-content\/uploads\/2023\/04\/cropped-LOGO-CONTI-NUEVO.png","width":1257,"height":430,"caption":"ContinuamosMX"},"image":{"@id":"https:\/\/continuamosmx.com\/#\/schema\/logo\/image\/"}},{"@type":"Person","@id":"https:\/\/continuamosmx.com\/#\/schema\/person\/5eb5356acb1fad784da407d14f0e8d89","name":"Continuamos MX","image":{"@type":"ImageObject","inLanguage":"es","@id":"https:\/\/secure.gravatar.com\/avatar\/30d4f9723476a15f4da34d35fb3501f08d2357016c76051c6a85c354c7489589?s=96&d=mm&r=g","url":"https:\/\/secure.gravatar.com\/avatar\/30d4f9723476a15f4da34d35fb3501f08d2357016c76051c6a85c354c7489589?s=96&d=mm&r=g","contentUrl":"https:\/\/secure.gravatar.com\/avatar\/30d4f9723476a15f4da34d35fb3501f08d2357016c76051c6a85c354c7489589?s=96&d=mm&r=g","caption":"Continuamos MX"},"sameAs":["http:\/\/www.continuamos.mx"],"url":"https:\/\/continuamosmx.com\/index.php\/author\/continuamos\/"}]}},"_links":{"self":[{"href":"https:\/\/continuamosmx.com\/index.php\/wp-json\/wp\/v2\/posts\/44381","targetHints":{"allow":["GET"]}}],"collection":[{"href":"https:\/\/continuamosmx.com\/index.php\/wp-json\/wp\/v2\/posts"}],"about":[{"href":"https:\/\/continuamosmx.com\/index.php\/wp-json\/wp\/v2\/types\/post"}],"author":[{"embeddable":true,"href":"https:\/\/continuamosmx.com\/index.php\/wp-json\/wp\/v2\/users\/6"}],"replies":[{"embeddable":true,"href":"https:\/\/continuamosmx.com\/index.php\/wp-json\/wp\/v2\/comments?post=44381"}],"version-history":[{"count":1,"href":"https:\/\/continuamosmx.com\/index.php\/wp-json\/wp\/v2\/posts\/44381\/revisions"}],"predecessor-version":[{"id":44387,"href":"https:\/\/continuamosmx.com\/index.php\/wp-json\/wp\/v2\/posts\/44381\/revisions\/44387"}],"wp:featuredmedia":[{"embeddable":true,"href":"https:\/\/continuamosmx.com\/index.php\/wp-json\/wp\/v2\/media\/44385"}],"wp:attachment":[{"href":"https:\/\/continuamosmx.com\/index.php\/wp-json\/wp\/v2\/media?parent=44381"}],"wp:term":[{"taxonomy":"category","embeddable":true,"href":"https:\/\/continuamosmx.com\/index.php\/wp-json\/wp\/v2\/categories?post=44381"},{"taxonomy":"post_tag","embeddable":true,"href":"https:\/\/continuamosmx.com\/index.php\/wp-json\/wp\/v2\/tags?post=44381"}],"curies":[{"name":"wp","href":"https:\/\/api.w.org\/{rel}","templated":true}]}}