{"id":44316,"date":"2023-07-14T08:04:07","date_gmt":"2023-07-14T08:04:07","guid":{"rendered":"https:\/\/continuamosmx.com\/?p=44316"},"modified":"2023-07-14T08:04:08","modified_gmt":"2023-07-14T08:04:08","slug":"autoridades-municipales-recorren-parque-ecologico-lago-de-texcoco","status":"publish","type":"post","link":"https:\/\/continuamosmx.com\/index.php\/2023\/07\/14\/autoridades-municipales-recorren-parque-ecologico-lago-de-texcoco\/","title":{"rendered":"AUTORIDADES MUNICIPALES RECORREN PARQUE ECOL\u00d3GICO LAGO DE TEXCOCO"},"content":{"rendered":"\n<p><strong>La alcaldesa Sandra Luz Falc\u00f3n Venegas reconoci\u00f3 el impacto ambiental regional de este proyecto<\/strong><\/p>\n\n\n\n<p>REDACCI\u00d3N.<\/p>\n\n\n\n<p>TEXCOCO, M\u00e9x.- A invitaci\u00f3n de la Direcci\u00f3n de Log\u00edstica y proyectos de recuperaci\u00f3n del Lago de Texcoco, autoridades municipales pudieron constatar el avance de este proyecto que se espera sea abierto al p\u00fablico a principios del 2024.<\/p>\n\n\n\n<p>La presidenta municipal Sandra Luz Falc\u00f3n Venegas acompa\u00f1ada por integrantes del Cabildo y diversos funcionarios, verificaron los avances de este proyecto que, aunque son terrenos federales de la Comisi\u00f3n Nacional del Agua (CONAGUA), ocupan gran parte del territorio de este municipio.<\/p>\n\n\n\n<p>Bajo la anfitrion\u00eda de Montserrat Mart\u00ednez Zepeda, Directora General de Operaciones Lago de Texcoco, las autoridades municipales reconocieron los avances de este proyecto que contar\u00e1 con \u00e1reas para la recuperaci\u00f3n ambiental del lago de Texcoco, pero tambi\u00e9n habr\u00e1 educativas, del deporte, cultura y espacios para la convivencia familiar.<\/p>\n\n\n\n<p>Falc\u00f3n Venegas reconoci\u00f3 los avances, pero sobre todo el impacto que tendr\u00e1 para Texcoco y municipios vecinos, el rescate de esta \u00e1rea por su valor ecol\u00f3gico e hist\u00f3rico.<\/p>\n\n\n\n<p>Cabe se\u00f1alar que el proyecto parque Ecol\u00f3gico Lago de Texcoco, se desarrolla en 14 mil hect\u00e1reas, de las que el 50 por ciento est\u00e1 dentro de territorio de Texcoco, el resto se ubica en los l\u00edmites de San Salvador Atenco, Chimalhuac\u00e1n, Ecatepec y Nezahualc\u00f3yotl.<\/p>\n\n\n\n<p>Una vez en operaci\u00f3n el parque ecol\u00f3gico lago de Texcoco por sus caracter\u00edsticas, permitir\u00e1 la construcci\u00f3n del tejido social en beneficio de familias de todo el Valle de M\u00e9xico.<\/p>\n","protected":false},"excerpt":{"rendered":"<p>La alcaldesa Sandra Luz Falc\u00f3n Venegas reconoci\u00f3 el impacto ambiental regional de este proyecto REDACCI\u00d3N. TEXCOCO, M\u00e9x.- A invitaci\u00f3n de la Direcci\u00f3n de Log\u00edstica y proyectos de recuperaci\u00f3n del Lago de Texcoco, autoridades municipales pudieron constatar el avance de este proyecto que se espera sea abierto al p\u00fablico a principios del 2024. La presidenta municipal [&hellip;]<\/p>\n","protected":false},"author":6,"featured_media":44317,"comment_status":"open","ping_status":"open","sticky":false,"template":"","format":"standard","meta":{"footnotes":""},"categories":[4,6],"tags":[],"class_list":["post-44316","post","type-post","status-publish","format-standard","has-post-thumbnail","hentry","category-locales","category-texcoco"],"yoast_head":"<!-- This site is optimized with the Yoast SEO plugin v27.5 - https:\/\/yoast.com\/product\/yoast-seo-wordpress\/ -->\n<title>AUTORIDADES MUNICIPALES RECORREN PARQUE ECOL\u00d3GICO LAGO DE TEXCOCO -<\/title>\n<meta name=\"robots\" content=\"index, follow, max-snippet:-1, max-image-preview:large, max-video-preview:-1\" \/>\n<link rel=\"canonical\" href=\"https:\/\/continuamosmx.com\/index.php\/2023\/07\/14\/autoridades-municipales-recorren-parque-ecologico-lago-de-texcoco\/\" \/>\n<meta property=\"og:locale\" content=\"es_ES\" \/>\n<meta property=\"og:type\" content=\"article\" \/>\n<meta property=\"og:title\" content=\"AUTORIDADES MUNICIPALES RECORREN PARQUE ECOL\u00d3GICO LAGO DE TEXCOCO -\" \/>\n<meta property=\"og:description\" content=\"La alcaldesa Sandra Luz Falc\u00f3n Venegas reconoci\u00f3 el impacto ambiental regional de este proyecto REDACCI\u00d3N. TEXCOCO, M\u00e9x.- A invitaci\u00f3n de la Direcci\u00f3n de Log\u00edstica y proyectos de recuperaci\u00f3n del Lago de Texcoco, autoridades municipales pudieron constatar el avance de este proyecto que se espera sea abierto al p\u00fablico a principios del 2024. La presidenta municipal [&hellip;]\" \/>\n<meta property=\"og:url\" content=\"https:\/\/continuamosmx.com\/index.php\/2023\/07\/14\/autoridades-municipales-recorren-parque-ecologico-lago-de-texcoco\/\" \/>\n<meta property=\"article:published_time\" content=\"2023-07-14T08:04:07+00:00\" \/>\n<meta property=\"article:modified_time\" content=\"2023-07-14T08:04:08+00:00\" \/>\n<meta property=\"og:image\" content=\"https:\/\/continuamosmx.com\/wp-content\/uploads\/2023\/07\/SAN3.jpg\" \/>\n\t<meta property=\"og:image:width\" content=\"1600\" \/>\n\t<meta property=\"og:image:height\" content=\"1066\" \/>\n\t<meta property=\"og:image:type\" content=\"image\/jpeg\" \/>\n<meta name=\"author\" content=\"Continuamos MX\" \/>\n<meta name=\"twitter:card\" content=\"summary_large_image\" \/>\n<meta name=\"twitter:label1\" content=\"Escrito por\" \/>\n\t<meta name=\"twitter:data1\" content=\"Continuamos MX\" \/>\n\t<meta name=\"twitter:label2\" content=\"Tiempo de lectura\" \/>\n\t<meta name=\"twitter:data2\" content=\"2 minutos\" \/>\n<script type=\"application\/ld+json\" class=\"yoast-schema-graph\">{\"@context\":\"https:\\\/\\\/schema.org\",\"@graph\":[{\"@type\":\"Article\",\"@id\":\"https:\\\/\\\/continuamosmx.com\\\/index.php\\\/2023\\\/07\\\/14\\\/autoridades-municipales-recorren-parque-ecologico-lago-de-texcoco\\\/#article\",\"isPartOf\":{\"@id\":\"https:\\\/\\\/continuamosmx.com\\\/index.php\\\/2023\\\/07\\\/14\\\/autoridades-municipales-recorren-parque-ecologico-lago-de-texcoco\\\/\"},\"author\":{\"name\":\"Continuamos MX\",\"@id\":\"https:\\\/\\\/continuamosmx.com\\\/#\\\/schema\\\/person\\\/5eb5356acb1fad784da407d14f0e8d89\"},\"headline\":\"AUTORIDADES MUNICIPALES RECORREN PARQUE ECOL\u00d3GICO LAGO DE TEXCOCO\",\"datePublished\":\"2023-07-14T08:04:07+00:00\",\"dateModified\":\"2023-07-14T08:04:08+00:00\",\"mainEntityOfPage\":{\"@id\":\"https:\\\/\\\/continuamosmx.com\\\/index.php\\\/2023\\\/07\\\/14\\\/autoridades-municipales-recorren-parque-ecologico-lago-de-texcoco\\\/\"},\"wordCount\":278,\"commentCount\":0,\"publisher\":{\"@id\":\"https:\\\/\\\/continuamosmx.com\\\/#organization\"},\"image\":{\"@id\":\"https:\\\/\\\/continuamosmx.com\\\/index.php\\\/2023\\\/07\\\/14\\\/autoridades-municipales-recorren-parque-ecologico-lago-de-texcoco\\\/#primaryimage\"},\"thumbnailUrl\":\"https:\\\/\\\/continuamosmx.com\\\/wp-content\\\/uploads\\\/2023\\\/07\\\/SAN3.jpg\",\"articleSection\":[\"LOCALES\",\"TEXCOCO\"],\"inLanguage\":\"es\"},{\"@type\":\"WebPage\",\"@id\":\"https:\\\/\\\/continuamosmx.com\\\/index.php\\\/2023\\\/07\\\/14\\\/autoridades-municipales-recorren-parque-ecologico-lago-de-texcoco\\\/\",\"url\":\"https:\\\/\\\/continuamosmx.com\\\/index.php\\\/2023\\\/07\\\/14\\\/autoridades-municipales-recorren-parque-ecologico-lago-de-texcoco\\\/\",\"name\":\"AUTORIDADES MUNICIPALES RECORREN PARQUE ECOL\u00d3GICO LAGO DE TEXCOCO -\",\"isPartOf\":{\"@id\":\"https:\\\/\\\/continuamosmx.com\\\/#website\"},\"primaryImageOfPage\":{\"@id\":\"https:\\\/\\\/continuamosmx.com\\\/index.php\\\/2023\\\/07\\\/14\\\/autoridades-municipales-recorren-parque-ecologico-lago-de-texcoco\\\/#primaryimage\"},\"image\":{\"@id\":\"https:\\\/\\\/continuamosmx.com\\\/index.php\\\/2023\\\/07\\\/14\\\/autoridades-municipales-recorren-parque-ecologico-lago-de-texcoco\\\/#primaryimage\"},\"thumbnailUrl\":\"https:\\\/\\\/continuamosmx.com\\\/wp-content\\\/uploads\\\/2023\\\/07\\\/SAN3.jpg\",\"datePublished\":\"2023-07-14T08:04:07+00:00\",\"dateModified\":\"2023-07-14T08:04:08+00:00\",\"breadcrumb\":{\"@id\":\"https:\\\/\\\/continuamosmx.com\\\/index.php\\\/2023\\\/07\\\/14\\\/autoridades-municipales-recorren-parque-ecologico-lago-de-texcoco\\\/#breadcrumb\"},\"inLanguage\":\"es\",\"potentialAction\":[{\"@type\":\"ReadAction\",\"target\":[\"https:\\\/\\\/continuamosmx.com\\\/index.php\\\/2023\\\/07\\\/14\\\/autoridades-municipales-recorren-parque-ecologico-lago-de-texcoco\\\/\"]}]},{\"@type\":\"ImageObject\",\"inLanguage\":\"es\",\"@id\":\"https:\\\/\\\/continuamosmx.com\\\/index.php\\\/2023\\\/07\\\/14\\\/autoridades-municipales-recorren-parque-ecologico-lago-de-texcoco\\\/#primaryimage\",\"url\":\"https:\\\/\\\/continuamosmx.com\\\/wp-content\\\/uploads\\\/2023\\\/07\\\/SAN3.jpg\",\"contentUrl\":\"https:\\\/\\\/continuamosmx.com\\\/wp-content\\\/uploads\\\/2023\\\/07\\\/SAN3.jpg\",\"width\":1600,\"height\":1066},{\"@type\":\"BreadcrumbList\",\"@id\":\"https:\\\/\\\/continuamosmx.com\\\/index.php\\\/2023\\\/07\\\/14\\\/autoridades-municipales-recorren-parque-ecologico-lago-de-texcoco\\\/#breadcrumb\",\"itemListElement\":[{\"@type\":\"ListItem\",\"position\":1,\"name\":\"Inicio\",\"item\":\"https:\\\/\\\/continuamosmx.com\\\/\"},{\"@type\":\"ListItem\",\"position\":2,\"name\":\"AUTORIDADES MUNICIPALES RECORREN PARQUE ECOL\u00d3GICO LAGO DE TEXCOCO\"}]},{\"@type\":\"WebSite\",\"@id\":\"https:\\\/\\\/continuamosmx.com\\\/#website\",\"url\":\"https:\\\/\\\/continuamosmx.com\\\/\",\"name\":\"www.continuamosmx.com\",\"description\":\"\",\"publisher\":{\"@id\":\"https:\\\/\\\/continuamosmx.com\\\/#organization\"},\"potentialAction\":[{\"@type\":\"SearchAction\",\"target\":{\"@type\":\"EntryPoint\",\"urlTemplate\":\"https:\\\/\\\/continuamosmx.com\\\/?s={search_term_string}\"},\"query-input\":{\"@type\":\"PropertyValueSpecification\",\"valueRequired\":true,\"valueName\":\"search_term_string\"}}],\"inLanguage\":\"es\"},{\"@type\":\"Organization\",\"@id\":\"https:\\\/\\\/continuamosmx.com\\\/#organization\",\"name\":\"ContinuamosMX\",\"url\":\"https:\\\/\\\/continuamosmx.com\\\/\",\"logo\":{\"@type\":\"ImageObject\",\"inLanguage\":\"es\",\"@id\":\"https:\\\/\\\/continuamosmx.com\\\/#\\\/schema\\\/logo\\\/image\\\/\",\"url\":\"https:\\\/\\\/continuamosmx.com\\\/wp-content\\\/uploads\\\/2023\\\/04\\\/cropped-LOGO-CONTI-NUEVO.png\",\"contentUrl\":\"https:\\\/\\\/continuamosmx.com\\\/wp-content\\\/uploads\\\/2023\\\/04\\\/cropped-LOGO-CONTI-NUEVO.png\",\"width\":1257,\"height\":430,\"caption\":\"ContinuamosMX\"},\"image\":{\"@id\":\"https:\\\/\\\/continuamosmx.com\\\/#\\\/schema\\\/logo\\\/image\\\/\"}},{\"@type\":\"Person\",\"@id\":\"https:\\\/\\\/continuamosmx.com\\\/#\\\/schema\\\/person\\\/5eb5356acb1fad784da407d14f0e8d89\",\"name\":\"Continuamos MX\",\"image\":{\"@type\":\"ImageObject\",\"inLanguage\":\"es\",\"@id\":\"https:\\\/\\\/secure.gravatar.com\\\/avatar\\\/30d4f9723476a15f4da34d35fb3501f08d2357016c76051c6a85c354c7489589?s=96&d=mm&r=g\",\"url\":\"https:\\\/\\\/secure.gravatar.com\\\/avatar\\\/30d4f9723476a15f4da34d35fb3501f08d2357016c76051c6a85c354c7489589?s=96&d=mm&r=g\",\"contentUrl\":\"https:\\\/\\\/secure.gravatar.com\\\/avatar\\\/30d4f9723476a15f4da34d35fb3501f08d2357016c76051c6a85c354c7489589?s=96&d=mm&r=g\",\"caption\":\"Continuamos MX\"},\"sameAs\":[\"http:\\\/\\\/www.continuamos.mx\"],\"url\":\"https:\\\/\\\/continuamosmx.com\\\/index.php\\\/author\\\/continuamos\\\/\"}]}<\/script>\n<!-- \/ Yoast SEO plugin. -->","yoast_head_json":{"title":"AUTORIDADES MUNICIPALES RECORREN PARQUE ECOL\u00d3GICO LAGO DE TEXCOCO -","robots":{"index":"index","follow":"follow","max-snippet":"max-snippet:-1","max-image-preview":"max-image-preview:large","max-video-preview":"max-video-preview:-1"},"canonical":"https:\/\/continuamosmx.com\/index.php\/2023\/07\/14\/autoridades-municipales-recorren-parque-ecologico-lago-de-texcoco\/","og_locale":"es_ES","og_type":"article","og_title":"AUTORIDADES MUNICIPALES RECORREN PARQUE ECOL\u00d3GICO LAGO DE TEXCOCO -","og_description":"La alcaldesa Sandra Luz Falc\u00f3n Venegas reconoci\u00f3 el impacto ambiental regional de este proyecto REDACCI\u00d3N. TEXCOCO, M\u00e9x.- A invitaci\u00f3n de la Direcci\u00f3n de Log\u00edstica y proyectos de recuperaci\u00f3n del Lago de Texcoco, autoridades municipales pudieron constatar el avance de este proyecto que se espera sea abierto al p\u00fablico a principios del 2024. La presidenta municipal [&hellip;]","og_url":"https:\/\/continuamosmx.com\/index.php\/2023\/07\/14\/autoridades-municipales-recorren-parque-ecologico-lago-de-texcoco\/","article_published_time":"2023-07-14T08:04:07+00:00","article_modified_time":"2023-07-14T08:04:08+00:00","og_image":[{"width":1600,"height":1066,"url":"https:\/\/continuamosmx.com\/wp-content\/uploads\/2023\/07\/SAN3.jpg","type":"image\/jpeg"}],"author":"Continuamos MX","twitter_card":"summary_large_image","twitter_misc":{"Escrito por":"Continuamos MX","Tiempo de lectura":"2 minutos"},"schema":{"@context":"https:\/\/schema.org","@graph":[{"@type":"Article","@id":"https:\/\/continuamosmx.com\/index.php\/2023\/07\/14\/autoridades-municipales-recorren-parque-ecologico-lago-de-texcoco\/#article","isPartOf":{"@id":"https:\/\/continuamosmx.com\/index.php\/2023\/07\/14\/autoridades-municipales-recorren-parque-ecologico-lago-de-texcoco\/"},"author":{"name":"Continuamos MX","@id":"https:\/\/continuamosmx.com\/#\/schema\/person\/5eb5356acb1fad784da407d14f0e8d89"},"headline":"AUTORIDADES MUNICIPALES RECORREN PARQUE ECOL\u00d3GICO LAGO DE TEXCOCO","datePublished":"2023-07-14T08:04:07+00:00","dateModified":"2023-07-14T08:04:08+00:00","mainEntityOfPage":{"@id":"https:\/\/continuamosmx.com\/index.php\/2023\/07\/14\/autoridades-municipales-recorren-parque-ecologico-lago-de-texcoco\/"},"wordCount":278,"commentCount":0,"publisher":{"@id":"https:\/\/continuamosmx.com\/#organization"},"image":{"@id":"https:\/\/continuamosmx.com\/index.php\/2023\/07\/14\/autoridades-municipales-recorren-parque-ecologico-lago-de-texcoco\/#primaryimage"},"thumbnailUrl":"https:\/\/continuamosmx.com\/wp-content\/uploads\/2023\/07\/SAN3.jpg","articleSection":["LOCALES","TEXCOCO"],"inLanguage":"es"},{"@type":"WebPage","@id":"https:\/\/continuamosmx.com\/index.php\/2023\/07\/14\/autoridades-municipales-recorren-parque-ecologico-lago-de-texcoco\/","url":"https:\/\/continuamosmx.com\/index.php\/2023\/07\/14\/autoridades-municipales-recorren-parque-ecologico-lago-de-texcoco\/","name":"AUTORIDADES MUNICIPALES RECORREN PARQUE ECOL\u00d3GICO LAGO DE TEXCOCO -","isPartOf":{"@id":"https:\/\/continuamosmx.com\/#website"},"primaryImageOfPage":{"@id":"https:\/\/continuamosmx.com\/index.php\/2023\/07\/14\/autoridades-municipales-recorren-parque-ecologico-lago-de-texcoco\/#primaryimage"},"image":{"@id":"https:\/\/continuamosmx.com\/index.php\/2023\/07\/14\/autoridades-municipales-recorren-parque-ecologico-lago-de-texcoco\/#primaryimage"},"thumbnailUrl":"https:\/\/continuamosmx.com\/wp-content\/uploads\/2023\/07\/SAN3.jpg","datePublished":"2023-07-14T08:04:07+00:00","dateModified":"2023-07-14T08:04:08+00:00","breadcrumb":{"@id":"https:\/\/continuamosmx.com\/index.php\/2023\/07\/14\/autoridades-municipales-recorren-parque-ecologico-lago-de-texcoco\/#breadcrumb"},"inLanguage":"es","potentialAction":[{"@type":"ReadAction","target":["https:\/\/continuamosmx.com\/index.php\/2023\/07\/14\/autoridades-municipales-recorren-parque-ecologico-lago-de-texcoco\/"]}]},{"@type":"ImageObject","inLanguage":"es","@id":"https:\/\/continuamosmx.com\/index.php\/2023\/07\/14\/autoridades-municipales-recorren-parque-ecologico-lago-de-texcoco\/#primaryimage","url":"https:\/\/continuamosmx.com\/wp-content\/uploads\/2023\/07\/SAN3.jpg","contentUrl":"https:\/\/continuamosmx.com\/wp-content\/uploads\/2023\/07\/SAN3.jpg","width":1600,"height":1066},{"@type":"BreadcrumbList","@id":"https:\/\/continuamosmx.com\/index.php\/2023\/07\/14\/autoridades-municipales-recorren-parque-ecologico-lago-de-texcoco\/#breadcrumb","itemListElement":[{"@type":"ListItem","position":1,"name":"Inicio","item":"https:\/\/continuamosmx.com\/"},{"@type":"ListItem","position":2,"name":"AUTORIDADES MUNICIPALES RECORREN PARQUE ECOL\u00d3GICO LAGO DE TEXCOCO"}]},{"@type":"WebSite","@id":"https:\/\/continuamosmx.com\/#website","url":"https:\/\/continuamosmx.com\/","name":"www.continuamosmx.com","description":"","publisher":{"@id":"https:\/\/continuamosmx.com\/#organization"},"potentialAction":[{"@type":"SearchAction","target":{"@type":"EntryPoint","urlTemplate":"https:\/\/continuamosmx.com\/?s={search_term_string}"},"query-input":{"@type":"PropertyValueSpecification","valueRequired":true,"valueName":"search_term_string"}}],"inLanguage":"es"},{"@type":"Organization","@id":"https:\/\/continuamosmx.com\/#organization","name":"ContinuamosMX","url":"https:\/\/continuamosmx.com\/","logo":{"@type":"ImageObject","inLanguage":"es","@id":"https:\/\/continuamosmx.com\/#\/schema\/logo\/image\/","url":"https:\/\/continuamosmx.com\/wp-content\/uploads\/2023\/04\/cropped-LOGO-CONTI-NUEVO.png","contentUrl":"https:\/\/continuamosmx.com\/wp-content\/uploads\/2023\/04\/cropped-LOGO-CONTI-NUEVO.png","width":1257,"height":430,"caption":"ContinuamosMX"},"image":{"@id":"https:\/\/continuamosmx.com\/#\/schema\/logo\/image\/"}},{"@type":"Person","@id":"https:\/\/continuamosmx.com\/#\/schema\/person\/5eb5356acb1fad784da407d14f0e8d89","name":"Continuamos MX","image":{"@type":"ImageObject","inLanguage":"es","@id":"https:\/\/secure.gravatar.com\/avatar\/30d4f9723476a15f4da34d35fb3501f08d2357016c76051c6a85c354c7489589?s=96&d=mm&r=g","url":"https:\/\/secure.gravatar.com\/avatar\/30d4f9723476a15f4da34d35fb3501f08d2357016c76051c6a85c354c7489589?s=96&d=mm&r=g","contentUrl":"https:\/\/secure.gravatar.com\/avatar\/30d4f9723476a15f4da34d35fb3501f08d2357016c76051c6a85c354c7489589?s=96&d=mm&r=g","caption":"Continuamos MX"},"sameAs":["http:\/\/www.continuamos.mx"],"url":"https:\/\/continuamosmx.com\/index.php\/author\/continuamos\/"}]}},"_links":{"self":[{"href":"https:\/\/continuamosmx.com\/index.php\/wp-json\/wp\/v2\/posts\/44316","targetHints":{"allow":["GET"]}}],"collection":[{"href":"https:\/\/continuamosmx.com\/index.php\/wp-json\/wp\/v2\/posts"}],"about":[{"href":"https:\/\/continuamosmx.com\/index.php\/wp-json\/wp\/v2\/types\/post"}],"author":[{"embeddable":true,"href":"https:\/\/continuamosmx.com\/index.php\/wp-json\/wp\/v2\/users\/6"}],"replies":[{"embeddable":true,"href":"https:\/\/continuamosmx.com\/index.php\/wp-json\/wp\/v2\/comments?post=44316"}],"version-history":[{"count":1,"href":"https:\/\/continuamosmx.com\/index.php\/wp-json\/wp\/v2\/posts\/44316\/revisions"}],"predecessor-version":[{"id":44318,"href":"https:\/\/continuamosmx.com\/index.php\/wp-json\/wp\/v2\/posts\/44316\/revisions\/44318"}],"wp:featuredmedia":[{"embeddable":true,"href":"https:\/\/continuamosmx.com\/index.php\/wp-json\/wp\/v2\/media\/44317"}],"wp:attachment":[{"href":"https:\/\/continuamosmx.com\/index.php\/wp-json\/wp\/v2\/media?parent=44316"}],"wp:term":[{"taxonomy":"category","embeddable":true,"href":"https:\/\/continuamosmx.com\/index.php\/wp-json\/wp\/v2\/categories?post=44316"},{"taxonomy":"post_tag","embeddable":true,"href":"https:\/\/continuamosmx.com\/index.php\/wp-json\/wp\/v2\/tags?post=44316"}],"curies":[{"name":"wp","href":"https:\/\/api.w.org\/{rel}","templated":true}]}}