{"id":44039,"date":"2023-06-28T20:34:30","date_gmt":"2023-06-28T20:34:30","guid":{"rendered":"https:\/\/continuamosmx.com\/?p=44039"},"modified":"2023-06-28T20:34:30","modified_gmt":"2023-06-28T20:34:30","slug":"urgente-plantear-estrategias-para-el-uso-y-reuso-del-agua-tony-rodriguez","status":"publish","type":"post","link":"https:\/\/continuamosmx.com\/index.php\/2023\/06\/28\/urgente-plantear-estrategias-para-el-uso-y-reuso-del-agua-tony-rodriguez\/","title":{"rendered":"URGENTE PLANTEAR ESTRATEGIAS PARA EL USO Y RE\u00daSO DEL AGUA: TONY RODR\u00cdGUEZ"},"content":{"rendered":"\n<p><\/p>\n\n\n\n<p><strong><em>Inauguran programa de Fortalecimiento de Capacidades que organiz\u00f3 CAEM; funcionarios de organismos de agua aprender\u00e1n a construir planta potabilizadora.<\/em><\/strong><\/p>\n\n\n\n<p>REDACCI\u00d3N.<\/p>\n\n\n\n<p>TLALNEPANTLA, M\u00e9x.- El presidente municipal Marco Antonio Rodr\u00edguez Hurtado y el director General del Organismo P\u00fablico Descentralizado para la Prestaci\u00f3n de los Servicios de Agua Potable, Alcantarillado y Saneamiento de Tlalnepantla de Baz, Rene\u00e9 Rodr\u00edguez Y\u00e1nez, inauguraron los trabajos del Programa de Capacitaci\u00f3n denominado \u00abFortalecimiento de Capacidades\u00bb que organiz\u00f3 la Comisi\u00f3n de Aguas del Estado de M\u00e9xico (CAEM), para servidores p\u00fablicos que laboran dentro de los organismos p\u00fablicos del agua en la entidad mexiquense.<\/p>\n\n\n\n<p>El alcalde de Tlalnepantla dio la bienvenida a los funcionarios p\u00fablicos que participar\u00e1n en las mesas de trabajo, agradeci\u00f3 la participaci\u00f3n de las autoridades de Conagua, CAEM, Medio Ambiente, Escuela del Agua y organismos del agua municipales, se\u00f1alando que es urgente replantear estrategias para el uso y reutilizaci\u00f3n del agua, para as\u00ed evitar que el desabasto del agua sea cada vez m\u00e1s agudo y sucedan situaciones como en Monterrey, donde el agua escase\u00f3 severamente.<\/p>\n\n\n\n<p>Record\u00f3 que, desde hace 40 a\u00f1os hay programas para concientizar a los ciudadanos sobre el cuidado del agua, que no se han tomado en cuenta \u00abhab\u00eda un comercial donde un ni\u00f1o nos dec\u00eda ci\u00e9rrale, ahora ya no decimos ci\u00e9rrale, porque hay lugares donde aunque se abra la llave, no hay agua\u00bb, coment\u00f3 a los asistentes del auditorio de la Casa de la Cultura y las Artes Jos\u00e9 Emilio Pacheco, sede del evento.<\/p>\n\n\n\n<p>Rene\u00e9 Rodr\u00edguez Y\u00e1nez, director General del Organismo del agua OPDM, reconoci\u00f3 la voluntad de trabajo coordinado con CONAGUA y CAEM, para aterrizar estrategias de capacitaci\u00f3n y educaci\u00f3n para eficientar el uso de los recursos h\u00eddricos y para que las instituciones garanticen el abasto de agua a los ciudadanos.<\/p>\n\n\n\n<p>Luego de manifestar que, es un orgullo que Tlalnepantla sea sede de evento como la capacitaci\u00f3n y Fortalecimiento de Capacidades, precis\u00f3 que los participantes saldr\u00e1n de la capacitaci\u00f3n con conocimientos te\u00f3rico-pr\u00e1cticos, para desarrollar una planta potabilizadora de agua, misma que se ubicar\u00e1 en la sede del organismo del agua, OPDM.<\/p>\n\n\n\n<p>El director General de la Coordinaci\u00f3n junto con el Organismo de Operadores de la CAEM, indic\u00f3 que el Programa de Capacitaci\u00f3n, Fortalecimiento de las Capacidades, se realiza de manera simult\u00e1nea en tres municipios del Estado de M\u00e9xico, Tlalnepantla, Toluca y en el Valle de Chalco.<\/p>\n\n\n\n<p>Adem\u00e1s, hizo un llamado a los ciudadanos a ser corresponsales en cuidado del agua, debido a que, con verificar que no haya fugas en los hogares y no desperdiciar el agua a la hora de ba\u00f1arse, se ahorran muchos litros del vital l\u00edquido que sirven para llevarlos a donde no hay.<\/p>\n\n\n\n<p>La Coordinadora Nacional de programa de Fortalecimiento de Capacitaci\u00f3n de CONAGUA, Diana Carolina Mart\u00ednez Guti\u00e9rrez, dijo que los ciudadanos cada vez exigen m\u00e1s servicios de agua de calidad, por lo que es de reconocer la coordinaci\u00f3n de los tres \u00f3rdenes de gobierno, federal, estatal y municipal, adem\u00e1s de la voluntad de universidades, empresas y sociedad civil, para enfrentar los nuevos retos que marca el cambio clim\u00e1tico.<\/p>\n","protected":false},"excerpt":{"rendered":"<p>Inauguran programa de Fortalecimiento de Capacidades que organiz\u00f3 CAEM; funcionarios de organismos de agua aprender\u00e1n a construir planta potabilizadora. REDACCI\u00d3N. TLALNEPANTLA, M\u00e9x.- El presidente municipal Marco Antonio Rodr\u00edguez Hurtado y el director General del Organismo P\u00fablico Descentralizado para la Prestaci\u00f3n de los Servicios de Agua Potable, Alcantarillado y Saneamiento de Tlalnepantla de Baz, Rene\u00e9 Rodr\u00edguez [&hellip;]<\/p>\n","protected":false},"author":1,"featured_media":44041,"comment_status":"open","ping_status":"open","sticky":false,"template":"","format":"standard","meta":{"footnotes":""},"categories":[49,79],"tags":[76,93,94,95],"class_list":["post-44039","post","type-post","status-publish","format-standard","has-post-thumbnail","hentry","category-tlalnepantla","category-tlalne","tag-agua","tag-opdm","tag-tlalnepantla","tag-tony-rodriguez"],"yoast_head":"<!-- This site is optimized with the Yoast SEO plugin v27.4 - https:\/\/yoast.com\/product\/yoast-seo-wordpress\/ -->\n<title>URGENTE PLANTEAR ESTRATEGIAS PARA EL USO Y RE\u00daSO DEL AGUA: TONY RODR\u00cdGUEZ -<\/title>\n<meta name=\"robots\" content=\"index, follow, max-snippet:-1, max-image-preview:large, max-video-preview:-1\" \/>\n<link rel=\"canonical\" href=\"https:\/\/continuamosmx.com\/index.php\/2023\/06\/28\/urgente-plantear-estrategias-para-el-uso-y-reuso-del-agua-tony-rodriguez\/\" \/>\n<meta property=\"og:locale\" content=\"es_ES\" \/>\n<meta property=\"og:type\" content=\"article\" \/>\n<meta property=\"og:title\" content=\"URGENTE PLANTEAR ESTRATEGIAS PARA EL USO Y RE\u00daSO DEL AGUA: TONY RODR\u00cdGUEZ -\" \/>\n<meta property=\"og:description\" content=\"Inauguran programa de Fortalecimiento de Capacidades que organiz\u00f3 CAEM; funcionarios de organismos de agua aprender\u00e1n a construir planta potabilizadora. REDACCI\u00d3N. TLALNEPANTLA, M\u00e9x.- El presidente municipal Marco Antonio Rodr\u00edguez Hurtado y el director General del Organismo P\u00fablico Descentralizado para la Prestaci\u00f3n de los Servicios de Agua Potable, Alcantarillado y Saneamiento de Tlalnepantla de Baz, Rene\u00e9 Rodr\u00edguez [&hellip;]\" \/>\n<meta property=\"og:url\" content=\"https:\/\/continuamosmx.com\/index.php\/2023\/06\/28\/urgente-plantear-estrategias-para-el-uso-y-reuso-del-agua-tony-rodriguez\/\" \/>\n<meta property=\"article:published_time\" content=\"2023-06-28T20:34:30+00:00\" \/>\n<meta property=\"og:image\" content=\"https:\/\/continuamosmx.com\/wp-content\/uploads\/2023\/06\/IMG-20230627-WA0253.jpg\" \/>\n\t<meta property=\"og:image:width\" content=\"1600\" \/>\n\t<meta property=\"og:image:height\" content=\"1200\" \/>\n\t<meta property=\"og:image:type\" content=\"image\/jpeg\" \/>\n<meta name=\"author\" content=\"ContinuamosMX\" \/>\n<meta name=\"twitter:card\" content=\"summary_large_image\" \/>\n<meta name=\"twitter:label1\" content=\"Escrito por\" \/>\n\t<meta name=\"twitter:data1\" content=\"ContinuamosMX\" \/>\n\t<meta name=\"twitter:label2\" content=\"Tiempo de lectura\" \/>\n\t<meta name=\"twitter:data2\" content=\"3 minutos\" \/>\n<script type=\"application\/ld+json\" class=\"yoast-schema-graph\">{\"@context\":\"https:\\\/\\\/schema.org\",\"@graph\":[{\"@type\":\"Article\",\"@id\":\"https:\\\/\\\/continuamosmx.com\\\/index.php\\\/2023\\\/06\\\/28\\\/urgente-plantear-estrategias-para-el-uso-y-reuso-del-agua-tony-rodriguez\\\/#article\",\"isPartOf\":{\"@id\":\"https:\\\/\\\/continuamosmx.com\\\/index.php\\\/2023\\\/06\\\/28\\\/urgente-plantear-estrategias-para-el-uso-y-reuso-del-agua-tony-rodriguez\\\/\"},\"author\":{\"name\":\"ContinuamosMX\",\"@id\":\"https:\\\/\\\/continuamosmx.com\\\/#\\\/schema\\\/person\\\/597bf43bb6e9623635929d8de706669f\"},\"headline\":\"URGENTE PLANTEAR ESTRATEGIAS PARA EL USO Y RE\u00daSO DEL AGUA: TONY RODR\u00cdGUEZ\",\"datePublished\":\"2023-06-28T20:34:30+00:00\",\"mainEntityOfPage\":{\"@id\":\"https:\\\/\\\/continuamosmx.com\\\/index.php\\\/2023\\\/06\\\/28\\\/urgente-plantear-estrategias-para-el-uso-y-reuso-del-agua-tony-rodriguez\\\/\"},\"wordCount\":563,\"commentCount\":0,\"publisher\":{\"@id\":\"https:\\\/\\\/continuamosmx.com\\\/#organization\"},\"image\":{\"@id\":\"https:\\\/\\\/continuamosmx.com\\\/index.php\\\/2023\\\/06\\\/28\\\/urgente-plantear-estrategias-para-el-uso-y-reuso-del-agua-tony-rodriguez\\\/#primaryimage\"},\"thumbnailUrl\":\"https:\\\/\\\/continuamosmx.com\\\/wp-content\\\/uploads\\\/2023\\\/06\\\/IMG-20230627-WA0253.jpg\",\"keywords\":[\"Agua\",\"OPDM\",\"Tlalnepantla\",\"Tony Rodr\u00edguez\"],\"articleSection\":[\"TLALNEPANTLA\",\"TLALNEPANTLA\"],\"inLanguage\":\"es\"},{\"@type\":\"WebPage\",\"@id\":\"https:\\\/\\\/continuamosmx.com\\\/index.php\\\/2023\\\/06\\\/28\\\/urgente-plantear-estrategias-para-el-uso-y-reuso-del-agua-tony-rodriguez\\\/\",\"url\":\"https:\\\/\\\/continuamosmx.com\\\/index.php\\\/2023\\\/06\\\/28\\\/urgente-plantear-estrategias-para-el-uso-y-reuso-del-agua-tony-rodriguez\\\/\",\"name\":\"URGENTE PLANTEAR ESTRATEGIAS PARA EL USO Y RE\u00daSO DEL AGUA: TONY RODR\u00cdGUEZ -\",\"isPartOf\":{\"@id\":\"https:\\\/\\\/continuamosmx.com\\\/#website\"},\"primaryImageOfPage\":{\"@id\":\"https:\\\/\\\/continuamosmx.com\\\/index.php\\\/2023\\\/06\\\/28\\\/urgente-plantear-estrategias-para-el-uso-y-reuso-del-agua-tony-rodriguez\\\/#primaryimage\"},\"image\":{\"@id\":\"https:\\\/\\\/continuamosmx.com\\\/index.php\\\/2023\\\/06\\\/28\\\/urgente-plantear-estrategias-para-el-uso-y-reuso-del-agua-tony-rodriguez\\\/#primaryimage\"},\"thumbnailUrl\":\"https:\\\/\\\/continuamosmx.com\\\/wp-content\\\/uploads\\\/2023\\\/06\\\/IMG-20230627-WA0253.jpg\",\"datePublished\":\"2023-06-28T20:34:30+00:00\",\"breadcrumb\":{\"@id\":\"https:\\\/\\\/continuamosmx.com\\\/index.php\\\/2023\\\/06\\\/28\\\/urgente-plantear-estrategias-para-el-uso-y-reuso-del-agua-tony-rodriguez\\\/#breadcrumb\"},\"inLanguage\":\"es\",\"potentialAction\":[{\"@type\":\"ReadAction\",\"target\":[\"https:\\\/\\\/continuamosmx.com\\\/index.php\\\/2023\\\/06\\\/28\\\/urgente-plantear-estrategias-para-el-uso-y-reuso-del-agua-tony-rodriguez\\\/\"]}]},{\"@type\":\"ImageObject\",\"inLanguage\":\"es\",\"@id\":\"https:\\\/\\\/continuamosmx.com\\\/index.php\\\/2023\\\/06\\\/28\\\/urgente-plantear-estrategias-para-el-uso-y-reuso-del-agua-tony-rodriguez\\\/#primaryimage\",\"url\":\"https:\\\/\\\/continuamosmx.com\\\/wp-content\\\/uploads\\\/2023\\\/06\\\/IMG-20230627-WA0253.jpg\",\"contentUrl\":\"https:\\\/\\\/continuamosmx.com\\\/wp-content\\\/uploads\\\/2023\\\/06\\\/IMG-20230627-WA0253.jpg\",\"width\":1600,\"height\":1200,\"caption\":\"Tony Rodr\u00edguez agua cursos\"},{\"@type\":\"BreadcrumbList\",\"@id\":\"https:\\\/\\\/continuamosmx.com\\\/index.php\\\/2023\\\/06\\\/28\\\/urgente-plantear-estrategias-para-el-uso-y-reuso-del-agua-tony-rodriguez\\\/#breadcrumb\",\"itemListElement\":[{\"@type\":\"ListItem\",\"position\":1,\"name\":\"Inicio\",\"item\":\"https:\\\/\\\/continuamosmx.com\\\/\"},{\"@type\":\"ListItem\",\"position\":2,\"name\":\"URGENTE PLANTEAR ESTRATEGIAS PARA EL USO Y RE\u00daSO DEL AGUA: TONY RODR\u00cdGUEZ\"}]},{\"@type\":\"WebSite\",\"@id\":\"https:\\\/\\\/continuamosmx.com\\\/#website\",\"url\":\"https:\\\/\\\/continuamosmx.com\\\/\",\"name\":\"www.continuamosmx.com\",\"description\":\"\",\"publisher\":{\"@id\":\"https:\\\/\\\/continuamosmx.com\\\/#organization\"},\"potentialAction\":[{\"@type\":\"SearchAction\",\"target\":{\"@type\":\"EntryPoint\",\"urlTemplate\":\"https:\\\/\\\/continuamosmx.com\\\/?s={search_term_string}\"},\"query-input\":{\"@type\":\"PropertyValueSpecification\",\"valueRequired\":true,\"valueName\":\"search_term_string\"}}],\"inLanguage\":\"es\"},{\"@type\":\"Organization\",\"@id\":\"https:\\\/\\\/continuamosmx.com\\\/#organization\",\"name\":\"ContinuamosMX\",\"url\":\"https:\\\/\\\/continuamosmx.com\\\/\",\"logo\":{\"@type\":\"ImageObject\",\"inLanguage\":\"es\",\"@id\":\"https:\\\/\\\/continuamosmx.com\\\/#\\\/schema\\\/logo\\\/image\\\/\",\"url\":\"https:\\\/\\\/continuamosmx.com\\\/wp-content\\\/uploads\\\/2023\\\/04\\\/cropped-LOGO-CONTI-NUEVO.png\",\"contentUrl\":\"https:\\\/\\\/continuamosmx.com\\\/wp-content\\\/uploads\\\/2023\\\/04\\\/cropped-LOGO-CONTI-NUEVO.png\",\"width\":1257,\"height\":430,\"caption\":\"ContinuamosMX\"},\"image\":{\"@id\":\"https:\\\/\\\/continuamosmx.com\\\/#\\\/schema\\\/logo\\\/image\\\/\"}},{\"@type\":\"Person\",\"@id\":\"https:\\\/\\\/continuamosmx.com\\\/#\\\/schema\\\/person\\\/597bf43bb6e9623635929d8de706669f\",\"name\":\"ContinuamosMX\",\"image\":{\"@type\":\"ImageObject\",\"inLanguage\":\"es\",\"@id\":\"https:\\\/\\\/secure.gravatar.com\\\/avatar\\\/559529727a6e1f51269882deb22b7cbf727c15cb0f7d75d495313386bc069382?s=96&d=mm&r=g\",\"url\":\"https:\\\/\\\/secure.gravatar.com\\\/avatar\\\/559529727a6e1f51269882deb22b7cbf727c15cb0f7d75d495313386bc069382?s=96&d=mm&r=g\",\"contentUrl\":\"https:\\\/\\\/secure.gravatar.com\\\/avatar\\\/559529727a6e1f51269882deb22b7cbf727c15cb0f7d75d495313386bc069382?s=96&d=mm&r=g\",\"caption\":\"ContinuamosMX\"},\"sameAs\":[\"http:\\\/\\\/continuamosmx.com\"],\"url\":\"https:\\\/\\\/continuamosmx.com\\\/index.php\\\/author\\\/cgbarnardhotmail-com\\\/\"}]}<\/script>\n<!-- \/ Yoast SEO plugin. -->","yoast_head_json":{"title":"URGENTE PLANTEAR ESTRATEGIAS PARA EL USO Y RE\u00daSO DEL AGUA: TONY RODR\u00cdGUEZ -","robots":{"index":"index","follow":"follow","max-snippet":"max-snippet:-1","max-image-preview":"max-image-preview:large","max-video-preview":"max-video-preview:-1"},"canonical":"https:\/\/continuamosmx.com\/index.php\/2023\/06\/28\/urgente-plantear-estrategias-para-el-uso-y-reuso-del-agua-tony-rodriguez\/","og_locale":"es_ES","og_type":"article","og_title":"URGENTE PLANTEAR ESTRATEGIAS PARA EL USO Y RE\u00daSO DEL AGUA: TONY RODR\u00cdGUEZ -","og_description":"Inauguran programa de Fortalecimiento de Capacidades que organiz\u00f3 CAEM; funcionarios de organismos de agua aprender\u00e1n a construir planta potabilizadora. REDACCI\u00d3N. TLALNEPANTLA, M\u00e9x.- El presidente municipal Marco Antonio Rodr\u00edguez Hurtado y el director General del Organismo P\u00fablico Descentralizado para la Prestaci\u00f3n de los Servicios de Agua Potable, Alcantarillado y Saneamiento de Tlalnepantla de Baz, Rene\u00e9 Rodr\u00edguez [&hellip;]","og_url":"https:\/\/continuamosmx.com\/index.php\/2023\/06\/28\/urgente-plantear-estrategias-para-el-uso-y-reuso-del-agua-tony-rodriguez\/","article_published_time":"2023-06-28T20:34:30+00:00","og_image":[{"width":1600,"height":1200,"url":"https:\/\/continuamosmx.com\/wp-content\/uploads\/2023\/06\/IMG-20230627-WA0253.jpg","type":"image\/jpeg"}],"author":"ContinuamosMX","twitter_card":"summary_large_image","twitter_misc":{"Escrito por":"ContinuamosMX","Tiempo de lectura":"3 minutos"},"schema":{"@context":"https:\/\/schema.org","@graph":[{"@type":"Article","@id":"https:\/\/continuamosmx.com\/index.php\/2023\/06\/28\/urgente-plantear-estrategias-para-el-uso-y-reuso-del-agua-tony-rodriguez\/#article","isPartOf":{"@id":"https:\/\/continuamosmx.com\/index.php\/2023\/06\/28\/urgente-plantear-estrategias-para-el-uso-y-reuso-del-agua-tony-rodriguez\/"},"author":{"name":"ContinuamosMX","@id":"https:\/\/continuamosmx.com\/#\/schema\/person\/597bf43bb6e9623635929d8de706669f"},"headline":"URGENTE PLANTEAR ESTRATEGIAS PARA EL USO Y RE\u00daSO DEL AGUA: TONY RODR\u00cdGUEZ","datePublished":"2023-06-28T20:34:30+00:00","mainEntityOfPage":{"@id":"https:\/\/continuamosmx.com\/index.php\/2023\/06\/28\/urgente-plantear-estrategias-para-el-uso-y-reuso-del-agua-tony-rodriguez\/"},"wordCount":563,"commentCount":0,"publisher":{"@id":"https:\/\/continuamosmx.com\/#organization"},"image":{"@id":"https:\/\/continuamosmx.com\/index.php\/2023\/06\/28\/urgente-plantear-estrategias-para-el-uso-y-reuso-del-agua-tony-rodriguez\/#primaryimage"},"thumbnailUrl":"https:\/\/continuamosmx.com\/wp-content\/uploads\/2023\/06\/IMG-20230627-WA0253.jpg","keywords":["Agua","OPDM","Tlalnepantla","Tony Rodr\u00edguez"],"articleSection":["TLALNEPANTLA","TLALNEPANTLA"],"inLanguage":"es"},{"@type":"WebPage","@id":"https:\/\/continuamosmx.com\/index.php\/2023\/06\/28\/urgente-plantear-estrategias-para-el-uso-y-reuso-del-agua-tony-rodriguez\/","url":"https:\/\/continuamosmx.com\/index.php\/2023\/06\/28\/urgente-plantear-estrategias-para-el-uso-y-reuso-del-agua-tony-rodriguez\/","name":"URGENTE PLANTEAR ESTRATEGIAS PARA EL USO Y RE\u00daSO DEL AGUA: TONY RODR\u00cdGUEZ -","isPartOf":{"@id":"https:\/\/continuamosmx.com\/#website"},"primaryImageOfPage":{"@id":"https:\/\/continuamosmx.com\/index.php\/2023\/06\/28\/urgente-plantear-estrategias-para-el-uso-y-reuso-del-agua-tony-rodriguez\/#primaryimage"},"image":{"@id":"https:\/\/continuamosmx.com\/index.php\/2023\/06\/28\/urgente-plantear-estrategias-para-el-uso-y-reuso-del-agua-tony-rodriguez\/#primaryimage"},"thumbnailUrl":"https:\/\/continuamosmx.com\/wp-content\/uploads\/2023\/06\/IMG-20230627-WA0253.jpg","datePublished":"2023-06-28T20:34:30+00:00","breadcrumb":{"@id":"https:\/\/continuamosmx.com\/index.php\/2023\/06\/28\/urgente-plantear-estrategias-para-el-uso-y-reuso-del-agua-tony-rodriguez\/#breadcrumb"},"inLanguage":"es","potentialAction":[{"@type":"ReadAction","target":["https:\/\/continuamosmx.com\/index.php\/2023\/06\/28\/urgente-plantear-estrategias-para-el-uso-y-reuso-del-agua-tony-rodriguez\/"]}]},{"@type":"ImageObject","inLanguage":"es","@id":"https:\/\/continuamosmx.com\/index.php\/2023\/06\/28\/urgente-plantear-estrategias-para-el-uso-y-reuso-del-agua-tony-rodriguez\/#primaryimage","url":"https:\/\/continuamosmx.com\/wp-content\/uploads\/2023\/06\/IMG-20230627-WA0253.jpg","contentUrl":"https:\/\/continuamosmx.com\/wp-content\/uploads\/2023\/06\/IMG-20230627-WA0253.jpg","width":1600,"height":1200,"caption":"Tony Rodr\u00edguez agua cursos"},{"@type":"BreadcrumbList","@id":"https:\/\/continuamosmx.com\/index.php\/2023\/06\/28\/urgente-plantear-estrategias-para-el-uso-y-reuso-del-agua-tony-rodriguez\/#breadcrumb","itemListElement":[{"@type":"ListItem","position":1,"name":"Inicio","item":"https:\/\/continuamosmx.com\/"},{"@type":"ListItem","position":2,"name":"URGENTE PLANTEAR ESTRATEGIAS PARA EL USO Y RE\u00daSO DEL AGUA: TONY RODR\u00cdGUEZ"}]},{"@type":"WebSite","@id":"https:\/\/continuamosmx.com\/#website","url":"https:\/\/continuamosmx.com\/","name":"www.continuamosmx.com","description":"","publisher":{"@id":"https:\/\/continuamosmx.com\/#organization"},"potentialAction":[{"@type":"SearchAction","target":{"@type":"EntryPoint","urlTemplate":"https:\/\/continuamosmx.com\/?s={search_term_string}"},"query-input":{"@type":"PropertyValueSpecification","valueRequired":true,"valueName":"search_term_string"}}],"inLanguage":"es"},{"@type":"Organization","@id":"https:\/\/continuamosmx.com\/#organization","name":"ContinuamosMX","url":"https:\/\/continuamosmx.com\/","logo":{"@type":"ImageObject","inLanguage":"es","@id":"https:\/\/continuamosmx.com\/#\/schema\/logo\/image\/","url":"https:\/\/continuamosmx.com\/wp-content\/uploads\/2023\/04\/cropped-LOGO-CONTI-NUEVO.png","contentUrl":"https:\/\/continuamosmx.com\/wp-content\/uploads\/2023\/04\/cropped-LOGO-CONTI-NUEVO.png","width":1257,"height":430,"caption":"ContinuamosMX"},"image":{"@id":"https:\/\/continuamosmx.com\/#\/schema\/logo\/image\/"}},{"@type":"Person","@id":"https:\/\/continuamosmx.com\/#\/schema\/person\/597bf43bb6e9623635929d8de706669f","name":"ContinuamosMX","image":{"@type":"ImageObject","inLanguage":"es","@id":"https:\/\/secure.gravatar.com\/avatar\/559529727a6e1f51269882deb22b7cbf727c15cb0f7d75d495313386bc069382?s=96&d=mm&r=g","url":"https:\/\/secure.gravatar.com\/avatar\/559529727a6e1f51269882deb22b7cbf727c15cb0f7d75d495313386bc069382?s=96&d=mm&r=g","contentUrl":"https:\/\/secure.gravatar.com\/avatar\/559529727a6e1f51269882deb22b7cbf727c15cb0f7d75d495313386bc069382?s=96&d=mm&r=g","caption":"ContinuamosMX"},"sameAs":["http:\/\/continuamosmx.com"],"url":"https:\/\/continuamosmx.com\/index.php\/author\/cgbarnardhotmail-com\/"}]}},"_links":{"self":[{"href":"https:\/\/continuamosmx.com\/index.php\/wp-json\/wp\/v2\/posts\/44039","targetHints":{"allow":["GET"]}}],"collection":[{"href":"https:\/\/continuamosmx.com\/index.php\/wp-json\/wp\/v2\/posts"}],"about":[{"href":"https:\/\/continuamosmx.com\/index.php\/wp-json\/wp\/v2\/types\/post"}],"author":[{"embeddable":true,"href":"https:\/\/continuamosmx.com\/index.php\/wp-json\/wp\/v2\/users\/1"}],"replies":[{"embeddable":true,"href":"https:\/\/continuamosmx.com\/index.php\/wp-json\/wp\/v2\/comments?post=44039"}],"version-history":[{"count":1,"href":"https:\/\/continuamosmx.com\/index.php\/wp-json\/wp\/v2\/posts\/44039\/revisions"}],"predecessor-version":[{"id":44042,"href":"https:\/\/continuamosmx.com\/index.php\/wp-json\/wp\/v2\/posts\/44039\/revisions\/44042"}],"wp:featuredmedia":[{"embeddable":true,"href":"https:\/\/continuamosmx.com\/index.php\/wp-json\/wp\/v2\/media\/44041"}],"wp:attachment":[{"href":"https:\/\/continuamosmx.com\/index.php\/wp-json\/wp\/v2\/media?parent=44039"}],"wp:term":[{"taxonomy":"category","embeddable":true,"href":"https:\/\/continuamosmx.com\/index.php\/wp-json\/wp\/v2\/categories?post=44039"},{"taxonomy":"post_tag","embeddable":true,"href":"https:\/\/continuamosmx.com\/index.php\/wp-json\/wp\/v2\/tags?post=44039"}],"curies":[{"name":"wp","href":"https:\/\/api.w.org\/{rel}","templated":true}]}}