{"id":44020,"date":"2023-06-27T01:35:56","date_gmt":"2023-06-27T01:35:56","guid":{"rendered":"https:\/\/continuamosmx.com\/?p=44020"},"modified":"2023-06-27T01:35:56","modified_gmt":"2023-06-27T01:35:56","slug":"expo-venta-artesanal-innova-edomex-atizapan","status":"publish","type":"post","link":"https:\/\/continuamosmx.com\/index.php\/2023\/06\/27\/expo-venta-artesanal-innova-edomex-atizapan\/","title":{"rendered":"EXPO VENTA ARTESANAL \u201cINNOVA EDOMEX\u201d ATIZAP\u00c1N"},"content":{"rendered":"\n<p><strong>El objetivo es fomentar el consumo de los productos de los 125 municipios MEXIQUENSES.<\/strong><\/p>\n\n\n\n<p>REDACCI\u00d3N.<\/p>\n\n\n\n<p>ATIZAP\u00c1N, M\u00e9x.- Artesanos mexiquenses participar\u00e1n del 29 de junio al 2 de julio en la tercera edici\u00f3n de la expo venta artesanal INNOVA EDOM\u00c9X, la cual fue presentada en el patio central del Palacio Municipal de Atizap\u00e1n de Zaragoza, ya que tendr\u00e1 como sede esta demarcaci\u00f3n.<\/p>\n\n\n\n<p>Se trata de la m\u00e1s grande venta de artesan\u00edas en la entidad, que en esta ocasi\u00f3n, se dio a conocer en conferencia de prensa, no se realizar\u00e1 en la Capital mexiquense, aunque conserva su objetivo: mantener la esencia de la pr\u00e1ctica artesanal con un toque contempor\u00e1neo, al tiempo que los artistas generan un ingreso.<\/p>\n\n\n\n<p>\u201cEstoy seguro de que este foro servir\u00e1 de motivaci\u00f3n y de impulso a los artesanos no s\u00f3lo de Atizap\u00e1n de Zaragoza, sino de todo el Estado de M\u00e9xico\u201d, coment\u00f3 el Presidente Municipal, Pedro Rodr\u00edguez Villegas.<\/p>\n\n\n\n<p>\u201cMuy contento de que nos distingan, de que la gente vea que Atizap\u00e1n est\u00e1 sumado a los artesanos, tratando de promover nuestras ra\u00edces. Que la gente vea que aqu\u00ed hay un foro de expresi\u00f3n y generar ese ingreso para todos los artesanos que cada d\u00eda se esfuerzan para vender sus productos\u201d.<\/p>\n\n\n\n<p>En su intervenci\u00f3n, Ivett Tinoco Garc\u00eda, Secretaria de Cultura y Turismo del Estado de M\u00e9xico, explic\u00f3 que ha crecido la credencializaci\u00f3n de artesanos en la entidad, ya que, por ejemplo, de 8 tiendas de artesan\u00edas que recibi\u00f3 el IIFAEM al inicio de la Administraci\u00f3n estatal, la cifra supera las 14.<\/p>\n\n\n\n<p>\u201cEl Instituto recibe 6 millones de pesos anuales de una red de entre 7 y 8 tiendas de artesan\u00edas. Actualmente son m\u00e1s de 14 tiendas, m\u00e1s de 10 millones de pesos anuales. Esto quiere decir que hay m\u00e1s artesanos que se credencializaron, que confiaron en nosotros. De esa cifra, el comercio digital representa entre el 15 y el 20% en plataformas digitales\u201d, detall\u00f3.<\/p>\n\n\n\n<p>Y de acuerdo con Carolina Charbel Montesinos Mendoza, Directora General del Instituto de Investigaci\u00f3n y Fomento de las Artesan\u00edas del Estado de M\u00e9xico (IIFAEM), la entidad tiene m\u00e1s de 60 mil artesanas y artesanos a lo largo y ancho de los 125 municipios.<\/p>\n\n\n\n<p>Tambi\u00e9n detall\u00f3 que, adem\u00e1s de la venta de artesan\u00edas, habr\u00e1 actividades vivenciales para los asistentes con el objetivo de darles la experiencia de crear arte.<\/p>\n\n\n\n<p>\u201cHabr\u00e1 200 stands en donde los visitantes puedan hacer una pi\u00f1ata, un cuadro de popotillo, alguna pieza de alfarer\u00eda y, con esa sensibilizaci\u00f3n y teniendo de primera mano a los artesanos, puedan llevarse a sus casas una pieza de arte popular. Vamos a tener algunas muestras gastron\u00f3micas, vamos a tener catas de dulces, de conservas, de destilados, de mezcal mexiquense, de la chiva, que es tan famosa en el norte del Estado de M\u00e9xico; del mosquito, que es originario de Toluca\u201d, explic\u00f3 la Directora del IIFAEM.<\/p>\n\n\n\n<p>Se\u00f1al\u00f3 que la respuesta que han tenido por parte de los artesanos y p\u00fablico ha sido muy positiva, ya que cada vez m\u00e1s personas consumen y portan con mucho orgullo piezas artesanales.<\/p>\n","protected":false},"excerpt":{"rendered":"<p>El objetivo es fomentar el consumo de los productos de los 125 municipios MEXIQUENSES. REDACCI\u00d3N. ATIZAP\u00c1N, M\u00e9x.- Artesanos mexiquenses participar\u00e1n del 29 de junio al 2 de julio en la tercera edici\u00f3n de la expo venta artesanal INNOVA EDOM\u00c9X, la cual fue presentada en el patio central del Palacio Municipal de Atizap\u00e1n de Zaragoza, ya [&hellip;]<\/p>\n","protected":false},"author":6,"featured_media":44021,"comment_status":"open","ping_status":"open","sticky":false,"template":"","format":"standard","meta":{"footnotes":""},"categories":[20,15,4],"tags":[],"class_list":["post-44020","post","type-post","status-publish","format-standard","has-post-thumbnail","hentry","category-atizapan-de-zaragoza","category-cultura","category-locales"],"yoast_head":"<!-- This site is optimized with the Yoast SEO plugin v27.4 - https:\/\/yoast.com\/product\/yoast-seo-wordpress\/ -->\n<title>EXPO VENTA ARTESANAL \u201cINNOVA EDOMEX\u201d ATIZAP\u00c1N -<\/title>\n<meta name=\"robots\" content=\"index, follow, max-snippet:-1, max-image-preview:large, max-video-preview:-1\" \/>\n<link rel=\"canonical\" href=\"https:\/\/continuamosmx.com\/index.php\/2023\/06\/27\/expo-venta-artesanal-innova-edomex-atizapan\/\" \/>\n<meta property=\"og:locale\" content=\"es_ES\" \/>\n<meta property=\"og:type\" content=\"article\" \/>\n<meta property=\"og:title\" content=\"EXPO VENTA ARTESANAL \u201cINNOVA EDOMEX\u201d ATIZAP\u00c1N -\" \/>\n<meta property=\"og:description\" content=\"El objetivo es fomentar el consumo de los productos de los 125 municipios MEXIQUENSES. REDACCI\u00d3N. ATIZAP\u00c1N, M\u00e9x.- Artesanos mexiquenses participar\u00e1n del 29 de junio al 2 de julio en la tercera edici\u00f3n de la expo venta artesanal INNOVA EDOM\u00c9X, la cual fue presentada en el patio central del Palacio Municipal de Atizap\u00e1n de Zaragoza, ya [&hellip;]\" \/>\n<meta property=\"og:url\" content=\"https:\/\/continuamosmx.com\/index.php\/2023\/06\/27\/expo-venta-artesanal-innova-edomex-atizapan\/\" \/>\n<meta property=\"article:published_time\" content=\"2023-06-27T01:35:56+00:00\" \/>\n<meta property=\"og:image\" content=\"https:\/\/continuamosmx.com\/wp-content\/uploads\/2023\/06\/cul.jpg\" \/>\n\t<meta property=\"og:image:width\" content=\"1024\" \/>\n\t<meta property=\"og:image:height\" content=\"840\" \/>\n\t<meta property=\"og:image:type\" content=\"image\/jpeg\" \/>\n<meta name=\"author\" content=\"Continuamos MX\" \/>\n<meta name=\"twitter:card\" content=\"summary_large_image\" \/>\n<meta name=\"twitter:label1\" content=\"Escrito por\" \/>\n\t<meta name=\"twitter:data1\" content=\"Continuamos MX\" \/>\n\t<meta name=\"twitter:label2\" content=\"Tiempo de lectura\" \/>\n\t<meta name=\"twitter:data2\" content=\"3 minutos\" \/>\n<script type=\"application\/ld+json\" class=\"yoast-schema-graph\">{\"@context\":\"https:\\\/\\\/schema.org\",\"@graph\":[{\"@type\":\"Article\",\"@id\":\"https:\\\/\\\/continuamosmx.com\\\/index.php\\\/2023\\\/06\\\/27\\\/expo-venta-artesanal-innova-edomex-atizapan\\\/#article\",\"isPartOf\":{\"@id\":\"https:\\\/\\\/continuamosmx.com\\\/index.php\\\/2023\\\/06\\\/27\\\/expo-venta-artesanal-innova-edomex-atizapan\\\/\"},\"author\":{\"name\":\"Continuamos MX\",\"@id\":\"https:\\\/\\\/continuamosmx.com\\\/#\\\/schema\\\/person\\\/5eb5356acb1fad784da407d14f0e8d89\"},\"headline\":\"EXPO VENTA ARTESANAL \u201cINNOVA EDOMEX\u201d ATIZAP\u00c1N\",\"datePublished\":\"2023-06-27T01:35:56+00:00\",\"mainEntityOfPage\":{\"@id\":\"https:\\\/\\\/continuamosmx.com\\\/index.php\\\/2023\\\/06\\\/27\\\/expo-venta-artesanal-innova-edomex-atizapan\\\/\"},\"wordCount\":540,\"commentCount\":0,\"publisher\":{\"@id\":\"https:\\\/\\\/continuamosmx.com\\\/#organization\"},\"image\":{\"@id\":\"https:\\\/\\\/continuamosmx.com\\\/index.php\\\/2023\\\/06\\\/27\\\/expo-venta-artesanal-innova-edomex-atizapan\\\/#primaryimage\"},\"thumbnailUrl\":\"https:\\\/\\\/continuamosmx.com\\\/wp-content\\\/uploads\\\/2023\\\/06\\\/cul.jpg\",\"articleSection\":[\"ATIZAPAN DE ZARAGOZA\",\"CULTURA\",\"LOCALES\"],\"inLanguage\":\"es\"},{\"@type\":\"WebPage\",\"@id\":\"https:\\\/\\\/continuamosmx.com\\\/index.php\\\/2023\\\/06\\\/27\\\/expo-venta-artesanal-innova-edomex-atizapan\\\/\",\"url\":\"https:\\\/\\\/continuamosmx.com\\\/index.php\\\/2023\\\/06\\\/27\\\/expo-venta-artesanal-innova-edomex-atizapan\\\/\",\"name\":\"EXPO VENTA ARTESANAL \u201cINNOVA EDOMEX\u201d ATIZAP\u00c1N -\",\"isPartOf\":{\"@id\":\"https:\\\/\\\/continuamosmx.com\\\/#website\"},\"primaryImageOfPage\":{\"@id\":\"https:\\\/\\\/continuamosmx.com\\\/index.php\\\/2023\\\/06\\\/27\\\/expo-venta-artesanal-innova-edomex-atizapan\\\/#primaryimage\"},\"image\":{\"@id\":\"https:\\\/\\\/continuamosmx.com\\\/index.php\\\/2023\\\/06\\\/27\\\/expo-venta-artesanal-innova-edomex-atizapan\\\/#primaryimage\"},\"thumbnailUrl\":\"https:\\\/\\\/continuamosmx.com\\\/wp-content\\\/uploads\\\/2023\\\/06\\\/cul.jpg\",\"datePublished\":\"2023-06-27T01:35:56+00:00\",\"breadcrumb\":{\"@id\":\"https:\\\/\\\/continuamosmx.com\\\/index.php\\\/2023\\\/06\\\/27\\\/expo-venta-artesanal-innova-edomex-atizapan\\\/#breadcrumb\"},\"inLanguage\":\"es\",\"potentialAction\":[{\"@type\":\"ReadAction\",\"target\":[\"https:\\\/\\\/continuamosmx.com\\\/index.php\\\/2023\\\/06\\\/27\\\/expo-venta-artesanal-innova-edomex-atizapan\\\/\"]}]},{\"@type\":\"ImageObject\",\"inLanguage\":\"es\",\"@id\":\"https:\\\/\\\/continuamosmx.com\\\/index.php\\\/2023\\\/06\\\/27\\\/expo-venta-artesanal-innova-edomex-atizapan\\\/#primaryimage\",\"url\":\"https:\\\/\\\/continuamosmx.com\\\/wp-content\\\/uploads\\\/2023\\\/06\\\/cul.jpg\",\"contentUrl\":\"https:\\\/\\\/continuamosmx.com\\\/wp-content\\\/uploads\\\/2023\\\/06\\\/cul.jpg\",\"width\":1024,\"height\":840},{\"@type\":\"BreadcrumbList\",\"@id\":\"https:\\\/\\\/continuamosmx.com\\\/index.php\\\/2023\\\/06\\\/27\\\/expo-venta-artesanal-innova-edomex-atizapan\\\/#breadcrumb\",\"itemListElement\":[{\"@type\":\"ListItem\",\"position\":1,\"name\":\"Inicio\",\"item\":\"https:\\\/\\\/continuamosmx.com\\\/\"},{\"@type\":\"ListItem\",\"position\":2,\"name\":\"EXPO VENTA ARTESANAL \u201cINNOVA EDOMEX\u201d ATIZAP\u00c1N\"}]},{\"@type\":\"WebSite\",\"@id\":\"https:\\\/\\\/continuamosmx.com\\\/#website\",\"url\":\"https:\\\/\\\/continuamosmx.com\\\/\",\"name\":\"www.continuamosmx.com\",\"description\":\"\",\"publisher\":{\"@id\":\"https:\\\/\\\/continuamosmx.com\\\/#organization\"},\"potentialAction\":[{\"@type\":\"SearchAction\",\"target\":{\"@type\":\"EntryPoint\",\"urlTemplate\":\"https:\\\/\\\/continuamosmx.com\\\/?s={search_term_string}\"},\"query-input\":{\"@type\":\"PropertyValueSpecification\",\"valueRequired\":true,\"valueName\":\"search_term_string\"}}],\"inLanguage\":\"es\"},{\"@type\":\"Organization\",\"@id\":\"https:\\\/\\\/continuamosmx.com\\\/#organization\",\"name\":\"ContinuamosMX\",\"url\":\"https:\\\/\\\/continuamosmx.com\\\/\",\"logo\":{\"@type\":\"ImageObject\",\"inLanguage\":\"es\",\"@id\":\"https:\\\/\\\/continuamosmx.com\\\/#\\\/schema\\\/logo\\\/image\\\/\",\"url\":\"https:\\\/\\\/continuamosmx.com\\\/wp-content\\\/uploads\\\/2023\\\/04\\\/cropped-LOGO-CONTI-NUEVO.png\",\"contentUrl\":\"https:\\\/\\\/continuamosmx.com\\\/wp-content\\\/uploads\\\/2023\\\/04\\\/cropped-LOGO-CONTI-NUEVO.png\",\"width\":1257,\"height\":430,\"caption\":\"ContinuamosMX\"},\"image\":{\"@id\":\"https:\\\/\\\/continuamosmx.com\\\/#\\\/schema\\\/logo\\\/image\\\/\"}},{\"@type\":\"Person\",\"@id\":\"https:\\\/\\\/continuamosmx.com\\\/#\\\/schema\\\/person\\\/5eb5356acb1fad784da407d14f0e8d89\",\"name\":\"Continuamos MX\",\"image\":{\"@type\":\"ImageObject\",\"inLanguage\":\"es\",\"@id\":\"https:\\\/\\\/secure.gravatar.com\\\/avatar\\\/30d4f9723476a15f4da34d35fb3501f08d2357016c76051c6a85c354c7489589?s=96&d=mm&r=g\",\"url\":\"https:\\\/\\\/secure.gravatar.com\\\/avatar\\\/30d4f9723476a15f4da34d35fb3501f08d2357016c76051c6a85c354c7489589?s=96&d=mm&r=g\",\"contentUrl\":\"https:\\\/\\\/secure.gravatar.com\\\/avatar\\\/30d4f9723476a15f4da34d35fb3501f08d2357016c76051c6a85c354c7489589?s=96&d=mm&r=g\",\"caption\":\"Continuamos MX\"},\"sameAs\":[\"http:\\\/\\\/www.continuamos.mx\"],\"url\":\"https:\\\/\\\/continuamosmx.com\\\/index.php\\\/author\\\/continuamos\\\/\"}]}<\/script>\n<!-- \/ Yoast SEO plugin. -->","yoast_head_json":{"title":"EXPO VENTA ARTESANAL \u201cINNOVA EDOMEX\u201d ATIZAP\u00c1N -","robots":{"index":"index","follow":"follow","max-snippet":"max-snippet:-1","max-image-preview":"max-image-preview:large","max-video-preview":"max-video-preview:-1"},"canonical":"https:\/\/continuamosmx.com\/index.php\/2023\/06\/27\/expo-venta-artesanal-innova-edomex-atizapan\/","og_locale":"es_ES","og_type":"article","og_title":"EXPO VENTA ARTESANAL \u201cINNOVA EDOMEX\u201d ATIZAP\u00c1N -","og_description":"El objetivo es fomentar el consumo de los productos de los 125 municipios MEXIQUENSES. REDACCI\u00d3N. ATIZAP\u00c1N, M\u00e9x.- Artesanos mexiquenses participar\u00e1n del 29 de junio al 2 de julio en la tercera edici\u00f3n de la expo venta artesanal INNOVA EDOM\u00c9X, la cual fue presentada en el patio central del Palacio Municipal de Atizap\u00e1n de Zaragoza, ya [&hellip;]","og_url":"https:\/\/continuamosmx.com\/index.php\/2023\/06\/27\/expo-venta-artesanal-innova-edomex-atizapan\/","article_published_time":"2023-06-27T01:35:56+00:00","og_image":[{"width":1024,"height":840,"url":"https:\/\/continuamosmx.com\/wp-content\/uploads\/2023\/06\/cul.jpg","type":"image\/jpeg"}],"author":"Continuamos MX","twitter_card":"summary_large_image","twitter_misc":{"Escrito por":"Continuamos MX","Tiempo de lectura":"3 minutos"},"schema":{"@context":"https:\/\/schema.org","@graph":[{"@type":"Article","@id":"https:\/\/continuamosmx.com\/index.php\/2023\/06\/27\/expo-venta-artesanal-innova-edomex-atizapan\/#article","isPartOf":{"@id":"https:\/\/continuamosmx.com\/index.php\/2023\/06\/27\/expo-venta-artesanal-innova-edomex-atizapan\/"},"author":{"name":"Continuamos MX","@id":"https:\/\/continuamosmx.com\/#\/schema\/person\/5eb5356acb1fad784da407d14f0e8d89"},"headline":"EXPO VENTA ARTESANAL \u201cINNOVA EDOMEX\u201d ATIZAP\u00c1N","datePublished":"2023-06-27T01:35:56+00:00","mainEntityOfPage":{"@id":"https:\/\/continuamosmx.com\/index.php\/2023\/06\/27\/expo-venta-artesanal-innova-edomex-atizapan\/"},"wordCount":540,"commentCount":0,"publisher":{"@id":"https:\/\/continuamosmx.com\/#organization"},"image":{"@id":"https:\/\/continuamosmx.com\/index.php\/2023\/06\/27\/expo-venta-artesanal-innova-edomex-atizapan\/#primaryimage"},"thumbnailUrl":"https:\/\/continuamosmx.com\/wp-content\/uploads\/2023\/06\/cul.jpg","articleSection":["ATIZAPAN DE ZARAGOZA","CULTURA","LOCALES"],"inLanguage":"es"},{"@type":"WebPage","@id":"https:\/\/continuamosmx.com\/index.php\/2023\/06\/27\/expo-venta-artesanal-innova-edomex-atizapan\/","url":"https:\/\/continuamosmx.com\/index.php\/2023\/06\/27\/expo-venta-artesanal-innova-edomex-atizapan\/","name":"EXPO VENTA ARTESANAL \u201cINNOVA EDOMEX\u201d ATIZAP\u00c1N -","isPartOf":{"@id":"https:\/\/continuamosmx.com\/#website"},"primaryImageOfPage":{"@id":"https:\/\/continuamosmx.com\/index.php\/2023\/06\/27\/expo-venta-artesanal-innova-edomex-atizapan\/#primaryimage"},"image":{"@id":"https:\/\/continuamosmx.com\/index.php\/2023\/06\/27\/expo-venta-artesanal-innova-edomex-atizapan\/#primaryimage"},"thumbnailUrl":"https:\/\/continuamosmx.com\/wp-content\/uploads\/2023\/06\/cul.jpg","datePublished":"2023-06-27T01:35:56+00:00","breadcrumb":{"@id":"https:\/\/continuamosmx.com\/index.php\/2023\/06\/27\/expo-venta-artesanal-innova-edomex-atizapan\/#breadcrumb"},"inLanguage":"es","potentialAction":[{"@type":"ReadAction","target":["https:\/\/continuamosmx.com\/index.php\/2023\/06\/27\/expo-venta-artesanal-innova-edomex-atizapan\/"]}]},{"@type":"ImageObject","inLanguage":"es","@id":"https:\/\/continuamosmx.com\/index.php\/2023\/06\/27\/expo-venta-artesanal-innova-edomex-atizapan\/#primaryimage","url":"https:\/\/continuamosmx.com\/wp-content\/uploads\/2023\/06\/cul.jpg","contentUrl":"https:\/\/continuamosmx.com\/wp-content\/uploads\/2023\/06\/cul.jpg","width":1024,"height":840},{"@type":"BreadcrumbList","@id":"https:\/\/continuamosmx.com\/index.php\/2023\/06\/27\/expo-venta-artesanal-innova-edomex-atizapan\/#breadcrumb","itemListElement":[{"@type":"ListItem","position":1,"name":"Inicio","item":"https:\/\/continuamosmx.com\/"},{"@type":"ListItem","position":2,"name":"EXPO VENTA ARTESANAL \u201cINNOVA EDOMEX\u201d ATIZAP\u00c1N"}]},{"@type":"WebSite","@id":"https:\/\/continuamosmx.com\/#website","url":"https:\/\/continuamosmx.com\/","name":"www.continuamosmx.com","description":"","publisher":{"@id":"https:\/\/continuamosmx.com\/#organization"},"potentialAction":[{"@type":"SearchAction","target":{"@type":"EntryPoint","urlTemplate":"https:\/\/continuamosmx.com\/?s={search_term_string}"},"query-input":{"@type":"PropertyValueSpecification","valueRequired":true,"valueName":"search_term_string"}}],"inLanguage":"es"},{"@type":"Organization","@id":"https:\/\/continuamosmx.com\/#organization","name":"ContinuamosMX","url":"https:\/\/continuamosmx.com\/","logo":{"@type":"ImageObject","inLanguage":"es","@id":"https:\/\/continuamosmx.com\/#\/schema\/logo\/image\/","url":"https:\/\/continuamosmx.com\/wp-content\/uploads\/2023\/04\/cropped-LOGO-CONTI-NUEVO.png","contentUrl":"https:\/\/continuamosmx.com\/wp-content\/uploads\/2023\/04\/cropped-LOGO-CONTI-NUEVO.png","width":1257,"height":430,"caption":"ContinuamosMX"},"image":{"@id":"https:\/\/continuamosmx.com\/#\/schema\/logo\/image\/"}},{"@type":"Person","@id":"https:\/\/continuamosmx.com\/#\/schema\/person\/5eb5356acb1fad784da407d14f0e8d89","name":"Continuamos MX","image":{"@type":"ImageObject","inLanguage":"es","@id":"https:\/\/secure.gravatar.com\/avatar\/30d4f9723476a15f4da34d35fb3501f08d2357016c76051c6a85c354c7489589?s=96&d=mm&r=g","url":"https:\/\/secure.gravatar.com\/avatar\/30d4f9723476a15f4da34d35fb3501f08d2357016c76051c6a85c354c7489589?s=96&d=mm&r=g","contentUrl":"https:\/\/secure.gravatar.com\/avatar\/30d4f9723476a15f4da34d35fb3501f08d2357016c76051c6a85c354c7489589?s=96&d=mm&r=g","caption":"Continuamos MX"},"sameAs":["http:\/\/www.continuamos.mx"],"url":"https:\/\/continuamosmx.com\/index.php\/author\/continuamos\/"}]}},"_links":{"self":[{"href":"https:\/\/continuamosmx.com\/index.php\/wp-json\/wp\/v2\/posts\/44020","targetHints":{"allow":["GET"]}}],"collection":[{"href":"https:\/\/continuamosmx.com\/index.php\/wp-json\/wp\/v2\/posts"}],"about":[{"href":"https:\/\/continuamosmx.com\/index.php\/wp-json\/wp\/v2\/types\/post"}],"author":[{"embeddable":true,"href":"https:\/\/continuamosmx.com\/index.php\/wp-json\/wp\/v2\/users\/6"}],"replies":[{"embeddable":true,"href":"https:\/\/continuamosmx.com\/index.php\/wp-json\/wp\/v2\/comments?post=44020"}],"version-history":[{"count":1,"href":"https:\/\/continuamosmx.com\/index.php\/wp-json\/wp\/v2\/posts\/44020\/revisions"}],"predecessor-version":[{"id":44022,"href":"https:\/\/continuamosmx.com\/index.php\/wp-json\/wp\/v2\/posts\/44020\/revisions\/44022"}],"wp:featuredmedia":[{"embeddable":true,"href":"https:\/\/continuamosmx.com\/index.php\/wp-json\/wp\/v2\/media\/44021"}],"wp:attachment":[{"href":"https:\/\/continuamosmx.com\/index.php\/wp-json\/wp\/v2\/media?parent=44020"}],"wp:term":[{"taxonomy":"category","embeddable":true,"href":"https:\/\/continuamosmx.com\/index.php\/wp-json\/wp\/v2\/categories?post=44020"},{"taxonomy":"post_tag","embeddable":true,"href":"https:\/\/continuamosmx.com\/index.php\/wp-json\/wp\/v2\/tags?post=44020"}],"curies":[{"name":"wp","href":"https:\/\/api.w.org\/{rel}","templated":true}]}}