{"id":44017,"date":"2023-06-27T01:09:34","date_gmt":"2023-06-27T01:09:34","guid":{"rendered":"https:\/\/continuamosmx.com\/?p=44017"},"modified":"2023-06-27T01:09:35","modified_gmt":"2023-06-27T01:09:35","slug":"mas-patrullas-para-acolman","status":"publish","type":"post","link":"https:\/\/continuamosmx.com\/index.php\/2023\/06\/27\/mas-patrullas-para-acolman\/","title":{"rendered":"M\u00c1S PATRULLAS PARA ACOLMAN"},"content":{"rendered":"\n<p>+<strong>Elementos reciben seis patrullas nuevas por parte de la administraci\u00f3n que encabeza el presidente municipal Rigoberto Cort\u00e9s Melgoza.<\/strong><\/p>\n\n\n\n<p>ACOLMAN. Desde la explanada principal, el ejecutivo municipal L.C. Rigoberto Cort\u00e9s Melgoza hizo entrega de seis patrullas equipadas a los elementos de la Direcci\u00f3n de Seguridad P\u00fablica de Municipal en Acolman.<\/p>\n\n\n\n<p>A trav\u00e9s de su mensaje destac\u00f3 como prioritaria la renovaci\u00f3n de los cuerpos policiales, as\u00ed como del equipo que utilizan para la ejecuci\u00f3n de sus tareas.<\/p>\n\n\n\n<p>\u201cDesde el 2019 dijimos que pondr\u00edamos todo el empe\u00f1o para apoyar en el tema de seguridad y mantenemos con esta encomienda para que la polic\u00eda municipal tenga un papel importante en el resguardo de la paz social en el municipio\u201d, exclam\u00f3.<\/p>\n\n\n\n<p>Acompa\u00f1ado de los miembros de cabildo, Autoridades Auxiliares y servidores p\u00fablicos presidi\u00f3 la entrega de dichas unidades; de las cuales se\u00f1al\u00f3, cinco fueron adquiridas del Fondo de Aportaciones para el Fortalecimiento Municipal (FORTAMUN), cuya inversi\u00f3n fue de $ 3,218,200.<\/p>\n\n\n\n<p>Asimismo, hizo hincapi\u00e9 en que una de estas fue adquirida con el Fondo de Aportaciones para la Seguridad P\u00fablica (FASP) cuya inversi\u00f3n fue de $ 643,640.<\/p>\n\n\n\n<p>Enfatiz\u00f3 que la voluntad y ganas de seguir fortaleciendo en materia de seguridad; \u00aba cinco a\u00f1os de gobierno estamos conscientes que los equipos se van desgastando, pero desde cualquier \u00e1ngulo est\u00e1n buscando que la corporaci\u00f3n tenga lo necesario y pueden realizar un buen desempe\u00f1o\u201d, puntualiz\u00f3.<\/p>\n\n\n\n<p>En su oportunidad, el presidente del Sistema Municipal DIF, C.P. Osvaldo Cort\u00e9s Contreras celebr\u00f3 el inicio de la semana con la entrega de este equipamiento a los cuerpos de seguridad p\u00fablica, uno de los compromisos m\u00e1s grandes con ellos y la ciudadan\u00eda.<\/p>\n\n\n\n<p>Por su parte, el Director de Seguridad P\u00fablica Municipal, Omar Olvera R\u00edos detall\u00f3 que si un municipio es seguro, y con oportunidades, \u00e9ste puede salir, por lo que refrend\u00f3 su labor para mantener los espacios seguros en la demarcaci\u00f3n es prioritario, asever\u00f3.<\/p>\n\n\n\n<p>Cabe destacar que al inicio de este gobierno, la administraci\u00f3n que encabeza Cort\u00e9s Melgoza recibi\u00f3 ocho patrullas desvencijadas. Posteriormente, en 2019 se lograron sumar 13 y, en 2023, se agregaron 35 m\u00e1s con la finalidad de fortalecer la proximidad con la ciudadan\u00eda y garantizar la seguridad, paz y tranquilidad en la demarcaci\u00f3n.<\/p>\n","protected":false},"excerpt":{"rendered":"<p>+Elementos reciben seis patrullas nuevas por parte de la administraci\u00f3n que encabeza el presidente municipal Rigoberto Cort\u00e9s Melgoza. ACOLMAN. Desde la explanada principal, el ejecutivo municipal L.C. Rigoberto Cort\u00e9s Melgoza hizo entrega de seis patrullas equipadas a los elementos de la Direcci\u00f3n de Seguridad P\u00fablica de Municipal en Acolman. A trav\u00e9s de su mensaje destac\u00f3 [&hellip;]<\/p>\n","protected":false},"author":6,"featured_media":44018,"comment_status":"open","ping_status":"open","sticky":false,"template":"","format":"standard","meta":{"footnotes":""},"categories":[13,4],"tags":[],"class_list":["post-44017","post","type-post","status-publish","format-standard","has-post-thumbnail","hentry","category-acolman","category-locales"],"yoast_head":"<!-- This site is optimized with the Yoast SEO plugin v27.5 - https:\/\/yoast.com\/product\/yoast-seo-wordpress\/ -->\n<title>M\u00c1S PATRULLAS PARA ACOLMAN -<\/title>\n<meta name=\"robots\" content=\"index, follow, max-snippet:-1, max-image-preview:large, max-video-preview:-1\" \/>\n<link rel=\"canonical\" href=\"https:\/\/continuamosmx.com\/index.php\/2023\/06\/27\/mas-patrullas-para-acolman\/\" \/>\n<meta property=\"og:locale\" content=\"es_ES\" \/>\n<meta property=\"og:type\" content=\"article\" \/>\n<meta property=\"og:title\" content=\"M\u00c1S PATRULLAS PARA ACOLMAN -\" \/>\n<meta property=\"og:description\" content=\"+Elementos reciben seis patrullas nuevas por parte de la administraci\u00f3n que encabeza el presidente municipal Rigoberto Cort\u00e9s Melgoza. ACOLMAN. Desde la explanada principal, el ejecutivo municipal L.C. Rigoberto Cort\u00e9s Melgoza hizo entrega de seis patrullas equipadas a los elementos de la Direcci\u00f3n de Seguridad P\u00fablica de Municipal en Acolman. A trav\u00e9s de su mensaje destac\u00f3 [&hellip;]\" \/>\n<meta property=\"og:url\" content=\"https:\/\/continuamosmx.com\/index.php\/2023\/06\/27\/mas-patrullas-para-acolman\/\" \/>\n<meta property=\"article:published_time\" content=\"2023-06-27T01:09:34+00:00\" \/>\n<meta property=\"article:modified_time\" content=\"2023-06-27T01:09:35+00:00\" \/>\n<meta property=\"og:image\" content=\"https:\/\/continuamosmx.com\/wp-content\/uploads\/2023\/06\/acolman.jpg\" \/>\n\t<meta property=\"og:image:width\" content=\"1080\" \/>\n\t<meta property=\"og:image:height\" content=\"584\" \/>\n\t<meta property=\"og:image:type\" content=\"image\/jpeg\" \/>\n<meta name=\"author\" content=\"Continuamos MX\" \/>\n<meta name=\"twitter:card\" content=\"summary_large_image\" \/>\n<meta name=\"twitter:label1\" content=\"Escrito por\" \/>\n\t<meta name=\"twitter:data1\" content=\"Continuamos MX\" \/>\n\t<meta name=\"twitter:label2\" content=\"Tiempo de lectura\" \/>\n\t<meta name=\"twitter:data2\" content=\"2 minutos\" \/>\n<script type=\"application\/ld+json\" class=\"yoast-schema-graph\">{\"@context\":\"https:\\\/\\\/schema.org\",\"@graph\":[{\"@type\":\"Article\",\"@id\":\"https:\\\/\\\/continuamosmx.com\\\/index.php\\\/2023\\\/06\\\/27\\\/mas-patrullas-para-acolman\\\/#article\",\"isPartOf\":{\"@id\":\"https:\\\/\\\/continuamosmx.com\\\/index.php\\\/2023\\\/06\\\/27\\\/mas-patrullas-para-acolman\\\/\"},\"author\":{\"name\":\"Continuamos MX\",\"@id\":\"https:\\\/\\\/continuamosmx.com\\\/#\\\/schema\\\/person\\\/5eb5356acb1fad784da407d14f0e8d89\"},\"headline\":\"M\u00c1S PATRULLAS PARA ACOLMAN\",\"datePublished\":\"2023-06-27T01:09:34+00:00\",\"dateModified\":\"2023-06-27T01:09:35+00:00\",\"mainEntityOfPage\":{\"@id\":\"https:\\\/\\\/continuamosmx.com\\\/index.php\\\/2023\\\/06\\\/27\\\/mas-patrullas-para-acolman\\\/\"},\"wordCount\":393,\"commentCount\":0,\"publisher\":{\"@id\":\"https:\\\/\\\/continuamosmx.com\\\/#organization\"},\"image\":{\"@id\":\"https:\\\/\\\/continuamosmx.com\\\/index.php\\\/2023\\\/06\\\/27\\\/mas-patrullas-para-acolman\\\/#primaryimage\"},\"thumbnailUrl\":\"https:\\\/\\\/continuamosmx.com\\\/wp-content\\\/uploads\\\/2023\\\/06\\\/acolman.jpg\",\"articleSection\":[\"ACOLMAN\",\"LOCALES\"],\"inLanguage\":\"es\"},{\"@type\":\"WebPage\",\"@id\":\"https:\\\/\\\/continuamosmx.com\\\/index.php\\\/2023\\\/06\\\/27\\\/mas-patrullas-para-acolman\\\/\",\"url\":\"https:\\\/\\\/continuamosmx.com\\\/index.php\\\/2023\\\/06\\\/27\\\/mas-patrullas-para-acolman\\\/\",\"name\":\"M\u00c1S PATRULLAS PARA ACOLMAN -\",\"isPartOf\":{\"@id\":\"https:\\\/\\\/continuamosmx.com\\\/#website\"},\"primaryImageOfPage\":{\"@id\":\"https:\\\/\\\/continuamosmx.com\\\/index.php\\\/2023\\\/06\\\/27\\\/mas-patrullas-para-acolman\\\/#primaryimage\"},\"image\":{\"@id\":\"https:\\\/\\\/continuamosmx.com\\\/index.php\\\/2023\\\/06\\\/27\\\/mas-patrullas-para-acolman\\\/#primaryimage\"},\"thumbnailUrl\":\"https:\\\/\\\/continuamosmx.com\\\/wp-content\\\/uploads\\\/2023\\\/06\\\/acolman.jpg\",\"datePublished\":\"2023-06-27T01:09:34+00:00\",\"dateModified\":\"2023-06-27T01:09:35+00:00\",\"breadcrumb\":{\"@id\":\"https:\\\/\\\/continuamosmx.com\\\/index.php\\\/2023\\\/06\\\/27\\\/mas-patrullas-para-acolman\\\/#breadcrumb\"},\"inLanguage\":\"es\",\"potentialAction\":[{\"@type\":\"ReadAction\",\"target\":[\"https:\\\/\\\/continuamosmx.com\\\/index.php\\\/2023\\\/06\\\/27\\\/mas-patrullas-para-acolman\\\/\"]}]},{\"@type\":\"ImageObject\",\"inLanguage\":\"es\",\"@id\":\"https:\\\/\\\/continuamosmx.com\\\/index.php\\\/2023\\\/06\\\/27\\\/mas-patrullas-para-acolman\\\/#primaryimage\",\"url\":\"https:\\\/\\\/continuamosmx.com\\\/wp-content\\\/uploads\\\/2023\\\/06\\\/acolman.jpg\",\"contentUrl\":\"https:\\\/\\\/continuamosmx.com\\\/wp-content\\\/uploads\\\/2023\\\/06\\\/acolman.jpg\",\"width\":1080,\"height\":584},{\"@type\":\"BreadcrumbList\",\"@id\":\"https:\\\/\\\/continuamosmx.com\\\/index.php\\\/2023\\\/06\\\/27\\\/mas-patrullas-para-acolman\\\/#breadcrumb\",\"itemListElement\":[{\"@type\":\"ListItem\",\"position\":1,\"name\":\"Inicio\",\"item\":\"https:\\\/\\\/continuamosmx.com\\\/\"},{\"@type\":\"ListItem\",\"position\":2,\"name\":\"M\u00c1S PATRULLAS PARA ACOLMAN\"}]},{\"@type\":\"WebSite\",\"@id\":\"https:\\\/\\\/continuamosmx.com\\\/#website\",\"url\":\"https:\\\/\\\/continuamosmx.com\\\/\",\"name\":\"www.continuamosmx.com\",\"description\":\"\",\"publisher\":{\"@id\":\"https:\\\/\\\/continuamosmx.com\\\/#organization\"},\"potentialAction\":[{\"@type\":\"SearchAction\",\"target\":{\"@type\":\"EntryPoint\",\"urlTemplate\":\"https:\\\/\\\/continuamosmx.com\\\/?s={search_term_string}\"},\"query-input\":{\"@type\":\"PropertyValueSpecification\",\"valueRequired\":true,\"valueName\":\"search_term_string\"}}],\"inLanguage\":\"es\"},{\"@type\":\"Organization\",\"@id\":\"https:\\\/\\\/continuamosmx.com\\\/#organization\",\"name\":\"ContinuamosMX\",\"url\":\"https:\\\/\\\/continuamosmx.com\\\/\",\"logo\":{\"@type\":\"ImageObject\",\"inLanguage\":\"es\",\"@id\":\"https:\\\/\\\/continuamosmx.com\\\/#\\\/schema\\\/logo\\\/image\\\/\",\"url\":\"https:\\\/\\\/continuamosmx.com\\\/wp-content\\\/uploads\\\/2023\\\/04\\\/cropped-LOGO-CONTI-NUEVO.png\",\"contentUrl\":\"https:\\\/\\\/continuamosmx.com\\\/wp-content\\\/uploads\\\/2023\\\/04\\\/cropped-LOGO-CONTI-NUEVO.png\",\"width\":1257,\"height\":430,\"caption\":\"ContinuamosMX\"},\"image\":{\"@id\":\"https:\\\/\\\/continuamosmx.com\\\/#\\\/schema\\\/logo\\\/image\\\/\"}},{\"@type\":\"Person\",\"@id\":\"https:\\\/\\\/continuamosmx.com\\\/#\\\/schema\\\/person\\\/5eb5356acb1fad784da407d14f0e8d89\",\"name\":\"Continuamos MX\",\"image\":{\"@type\":\"ImageObject\",\"inLanguage\":\"es\",\"@id\":\"https:\\\/\\\/secure.gravatar.com\\\/avatar\\\/30d4f9723476a15f4da34d35fb3501f08d2357016c76051c6a85c354c7489589?s=96&d=mm&r=g\",\"url\":\"https:\\\/\\\/secure.gravatar.com\\\/avatar\\\/30d4f9723476a15f4da34d35fb3501f08d2357016c76051c6a85c354c7489589?s=96&d=mm&r=g\",\"contentUrl\":\"https:\\\/\\\/secure.gravatar.com\\\/avatar\\\/30d4f9723476a15f4da34d35fb3501f08d2357016c76051c6a85c354c7489589?s=96&d=mm&r=g\",\"caption\":\"Continuamos MX\"},\"sameAs\":[\"http:\\\/\\\/www.continuamos.mx\"],\"url\":\"https:\\\/\\\/continuamosmx.com\\\/index.php\\\/author\\\/continuamos\\\/\"}]}<\/script>\n<!-- \/ Yoast SEO plugin. -->","yoast_head_json":{"title":"M\u00c1S PATRULLAS PARA ACOLMAN -","robots":{"index":"index","follow":"follow","max-snippet":"max-snippet:-1","max-image-preview":"max-image-preview:large","max-video-preview":"max-video-preview:-1"},"canonical":"https:\/\/continuamosmx.com\/index.php\/2023\/06\/27\/mas-patrullas-para-acolman\/","og_locale":"es_ES","og_type":"article","og_title":"M\u00c1S PATRULLAS PARA ACOLMAN -","og_description":"+Elementos reciben seis patrullas nuevas por parte de la administraci\u00f3n que encabeza el presidente municipal Rigoberto Cort\u00e9s Melgoza. ACOLMAN. Desde la explanada principal, el ejecutivo municipal L.C. Rigoberto Cort\u00e9s Melgoza hizo entrega de seis patrullas equipadas a los elementos de la Direcci\u00f3n de Seguridad P\u00fablica de Municipal en Acolman. A trav\u00e9s de su mensaje destac\u00f3 [&hellip;]","og_url":"https:\/\/continuamosmx.com\/index.php\/2023\/06\/27\/mas-patrullas-para-acolman\/","article_published_time":"2023-06-27T01:09:34+00:00","article_modified_time":"2023-06-27T01:09:35+00:00","og_image":[{"width":1080,"height":584,"url":"https:\/\/continuamosmx.com\/wp-content\/uploads\/2023\/06\/acolman.jpg","type":"image\/jpeg"}],"author":"Continuamos MX","twitter_card":"summary_large_image","twitter_misc":{"Escrito por":"Continuamos MX","Tiempo de lectura":"2 minutos"},"schema":{"@context":"https:\/\/schema.org","@graph":[{"@type":"Article","@id":"https:\/\/continuamosmx.com\/index.php\/2023\/06\/27\/mas-patrullas-para-acolman\/#article","isPartOf":{"@id":"https:\/\/continuamosmx.com\/index.php\/2023\/06\/27\/mas-patrullas-para-acolman\/"},"author":{"name":"Continuamos MX","@id":"https:\/\/continuamosmx.com\/#\/schema\/person\/5eb5356acb1fad784da407d14f0e8d89"},"headline":"M\u00c1S PATRULLAS PARA ACOLMAN","datePublished":"2023-06-27T01:09:34+00:00","dateModified":"2023-06-27T01:09:35+00:00","mainEntityOfPage":{"@id":"https:\/\/continuamosmx.com\/index.php\/2023\/06\/27\/mas-patrullas-para-acolman\/"},"wordCount":393,"commentCount":0,"publisher":{"@id":"https:\/\/continuamosmx.com\/#organization"},"image":{"@id":"https:\/\/continuamosmx.com\/index.php\/2023\/06\/27\/mas-patrullas-para-acolman\/#primaryimage"},"thumbnailUrl":"https:\/\/continuamosmx.com\/wp-content\/uploads\/2023\/06\/acolman.jpg","articleSection":["ACOLMAN","LOCALES"],"inLanguage":"es"},{"@type":"WebPage","@id":"https:\/\/continuamosmx.com\/index.php\/2023\/06\/27\/mas-patrullas-para-acolman\/","url":"https:\/\/continuamosmx.com\/index.php\/2023\/06\/27\/mas-patrullas-para-acolman\/","name":"M\u00c1S PATRULLAS PARA ACOLMAN -","isPartOf":{"@id":"https:\/\/continuamosmx.com\/#website"},"primaryImageOfPage":{"@id":"https:\/\/continuamosmx.com\/index.php\/2023\/06\/27\/mas-patrullas-para-acolman\/#primaryimage"},"image":{"@id":"https:\/\/continuamosmx.com\/index.php\/2023\/06\/27\/mas-patrullas-para-acolman\/#primaryimage"},"thumbnailUrl":"https:\/\/continuamosmx.com\/wp-content\/uploads\/2023\/06\/acolman.jpg","datePublished":"2023-06-27T01:09:34+00:00","dateModified":"2023-06-27T01:09:35+00:00","breadcrumb":{"@id":"https:\/\/continuamosmx.com\/index.php\/2023\/06\/27\/mas-patrullas-para-acolman\/#breadcrumb"},"inLanguage":"es","potentialAction":[{"@type":"ReadAction","target":["https:\/\/continuamosmx.com\/index.php\/2023\/06\/27\/mas-patrullas-para-acolman\/"]}]},{"@type":"ImageObject","inLanguage":"es","@id":"https:\/\/continuamosmx.com\/index.php\/2023\/06\/27\/mas-patrullas-para-acolman\/#primaryimage","url":"https:\/\/continuamosmx.com\/wp-content\/uploads\/2023\/06\/acolman.jpg","contentUrl":"https:\/\/continuamosmx.com\/wp-content\/uploads\/2023\/06\/acolman.jpg","width":1080,"height":584},{"@type":"BreadcrumbList","@id":"https:\/\/continuamosmx.com\/index.php\/2023\/06\/27\/mas-patrullas-para-acolman\/#breadcrumb","itemListElement":[{"@type":"ListItem","position":1,"name":"Inicio","item":"https:\/\/continuamosmx.com\/"},{"@type":"ListItem","position":2,"name":"M\u00c1S PATRULLAS PARA ACOLMAN"}]},{"@type":"WebSite","@id":"https:\/\/continuamosmx.com\/#website","url":"https:\/\/continuamosmx.com\/","name":"www.continuamosmx.com","description":"","publisher":{"@id":"https:\/\/continuamosmx.com\/#organization"},"potentialAction":[{"@type":"SearchAction","target":{"@type":"EntryPoint","urlTemplate":"https:\/\/continuamosmx.com\/?s={search_term_string}"},"query-input":{"@type":"PropertyValueSpecification","valueRequired":true,"valueName":"search_term_string"}}],"inLanguage":"es"},{"@type":"Organization","@id":"https:\/\/continuamosmx.com\/#organization","name":"ContinuamosMX","url":"https:\/\/continuamosmx.com\/","logo":{"@type":"ImageObject","inLanguage":"es","@id":"https:\/\/continuamosmx.com\/#\/schema\/logo\/image\/","url":"https:\/\/continuamosmx.com\/wp-content\/uploads\/2023\/04\/cropped-LOGO-CONTI-NUEVO.png","contentUrl":"https:\/\/continuamosmx.com\/wp-content\/uploads\/2023\/04\/cropped-LOGO-CONTI-NUEVO.png","width":1257,"height":430,"caption":"ContinuamosMX"},"image":{"@id":"https:\/\/continuamosmx.com\/#\/schema\/logo\/image\/"}},{"@type":"Person","@id":"https:\/\/continuamosmx.com\/#\/schema\/person\/5eb5356acb1fad784da407d14f0e8d89","name":"Continuamos MX","image":{"@type":"ImageObject","inLanguage":"es","@id":"https:\/\/secure.gravatar.com\/avatar\/30d4f9723476a15f4da34d35fb3501f08d2357016c76051c6a85c354c7489589?s=96&d=mm&r=g","url":"https:\/\/secure.gravatar.com\/avatar\/30d4f9723476a15f4da34d35fb3501f08d2357016c76051c6a85c354c7489589?s=96&d=mm&r=g","contentUrl":"https:\/\/secure.gravatar.com\/avatar\/30d4f9723476a15f4da34d35fb3501f08d2357016c76051c6a85c354c7489589?s=96&d=mm&r=g","caption":"Continuamos MX"},"sameAs":["http:\/\/www.continuamos.mx"],"url":"https:\/\/continuamosmx.com\/index.php\/author\/continuamos\/"}]}},"_links":{"self":[{"href":"https:\/\/continuamosmx.com\/index.php\/wp-json\/wp\/v2\/posts\/44017","targetHints":{"allow":["GET"]}}],"collection":[{"href":"https:\/\/continuamosmx.com\/index.php\/wp-json\/wp\/v2\/posts"}],"about":[{"href":"https:\/\/continuamosmx.com\/index.php\/wp-json\/wp\/v2\/types\/post"}],"author":[{"embeddable":true,"href":"https:\/\/continuamosmx.com\/index.php\/wp-json\/wp\/v2\/users\/6"}],"replies":[{"embeddable":true,"href":"https:\/\/continuamosmx.com\/index.php\/wp-json\/wp\/v2\/comments?post=44017"}],"version-history":[{"count":1,"href":"https:\/\/continuamosmx.com\/index.php\/wp-json\/wp\/v2\/posts\/44017\/revisions"}],"predecessor-version":[{"id":44019,"href":"https:\/\/continuamosmx.com\/index.php\/wp-json\/wp\/v2\/posts\/44017\/revisions\/44019"}],"wp:featuredmedia":[{"embeddable":true,"href":"https:\/\/continuamosmx.com\/index.php\/wp-json\/wp\/v2\/media\/44018"}],"wp:attachment":[{"href":"https:\/\/continuamosmx.com\/index.php\/wp-json\/wp\/v2\/media?parent=44017"}],"wp:term":[{"taxonomy":"category","embeddable":true,"href":"https:\/\/continuamosmx.com\/index.php\/wp-json\/wp\/v2\/categories?post=44017"},{"taxonomy":"post_tag","embeddable":true,"href":"https:\/\/continuamosmx.com\/index.php\/wp-json\/wp\/v2\/tags?post=44017"}],"curies":[{"name":"wp","href":"https:\/\/api.w.org\/{rel}","templated":true}]}}