{"id":43931,"date":"2023-06-16T06:29:34","date_gmt":"2023-06-16T06:29:34","guid":{"rendered":"https:\/\/continuamosmx.com\/?p=43931"},"modified":"2023-06-16T06:29:35","modified_gmt":"2023-06-16T06:29:35","slug":"lista-feria-del-taco-texcoco-2023","status":"publish","type":"post","link":"https:\/\/continuamosmx.com\/index.php\/2023\/06\/16\/lista-feria-del-taco-texcoco-2023\/","title":{"rendered":"LISTA FERIA DEL TACO TEXCOCO 2023"},"content":{"rendered":"\n<p>*<strong>M\u00e1s de 50 taqueros exponiendo una gama de sabores y colores en un taco; habr\u00e1 presencia de artesanos locales.<\/strong><\/p>\n\n\n\n<p>REDACCI\u00d3N.<\/p>\n\n\n\n<p>TEXCOCO, M\u00e9x.- M\u00e1s de 50 expositores participar\u00e1n en la \u201cFeria del Taco Texcoco 2023\u201d en su segunda edici\u00f3n, la que se realizar\u00e1 del 17 y 18 de junio en la Alameda municipal de Texcoco, con la finalidad de ofrecer opciones de consumo, recreaci\u00f3n e incentivo al turismo en este municipio.<\/p>\n\n\n\n<p>La presidenta municipal Sandra Luz Falc\u00f3n Venegas, confi\u00f3 en que este tipo de eventos pueda incentivar la actividad comercial tanto para los taqueros, como los artesanos ofreciendo espacios de sano esparcimiento familiar.<\/p>\n\n\n\n<p>Ante ello la Direcci\u00f3n de Econ\u00f3mico municipal junto con los organizadores presentaron la log\u00edstica para la realizaci\u00f3n de la Segunda Feria del Taco Texcoco 2023, este fin de semana, que comenzar\u00e1 a las nueve de la ma\u00f1ana.<\/p>\n\n\n\n<p>La directora de Desarrollo econ\u00f3mico, Arleny Alena Soria V\u00e9lez, Omar Badillo organizador y presidente de \u201cResistencia parrillera\u201d Jos\u00e9 Antonio Villanueva expositor taquer\u00eda \u201cDelivery\u201d dieron a conocer las actividades para este fin de semana, que se junta con la celebraci\u00f3n del d\u00eda del padre.<\/p>\n\n\n\n<p>Para los amantes del taco, los taqueros de coraz\u00f3n, esta es la opci\u00f3n del pr\u00f3ximo fin de semana, para acudir a probar los tacos de canasta, de guisado, al pastor, tripa, cecina, carnitas, barbacoa, pancita, cortes, chistorra, en todas las variedades, \u201ctodo lo que quepa es una tortilla hace un taco\u201d, dijo Jos\u00e9 Antonio Villanueva.<\/p>\n\n\n\n<p>En la Segunda Feria del Taco, se dar\u00e1 cabida a los artesanos texcocanos para exponer sus productos, adem\u00e1s de que ser\u00e1 amenizado con m\u00fasica, baile y la pieza importante la variedad de sabores en los tacos de pastor, suadero, tripa, carne asada, barbacoa, carnitas, birria, de cochinita, de canasta, de guisados y uno que otro ex\u00f3tico como los tacos de jabal\u00ed as\u00ed podr\u00e1n degustar de las diferentes variedades de sabor, adem\u00e1s de que taqueros de Ecatepec, Chimalhuac\u00e1n, Ixtapaluca y Nezahualc\u00f3yotl se suman al evento gastron\u00f3mico.<\/p>\n\n\n\n<p>\u201cSe trata de un evento regional, en donde adem\u00e1s de las texcocanas y texcocanos, se invita a los habitantes de los municipios vecinos y de la Ciudad de M\u00e9xico para venir a degustar la gran variedad de tecos y de paso conocer el municipio de Texcoco\u201d, dijo Arleny Alena Soria.<\/p>\n","protected":false},"excerpt":{"rendered":"<p>*M\u00e1s de 50 taqueros exponiendo una gama de sabores y colores en un taco; habr\u00e1 presencia de artesanos locales. REDACCI\u00d3N. TEXCOCO, M\u00e9x.- M\u00e1s de 50 expositores participar\u00e1n en la \u201cFeria del Taco Texcoco 2023\u201d en su segunda edici\u00f3n, la que se realizar\u00e1 del 17 y 18 de junio en la Alameda municipal de Texcoco, con [&hellip;]<\/p>\n","protected":false},"author":6,"featured_media":43932,"comment_status":"open","ping_status":"open","sticky":false,"template":"","format":"standard","meta":{"footnotes":""},"categories":[4,6],"tags":[],"class_list":["post-43931","post","type-post","status-publish","format-standard","has-post-thumbnail","hentry","category-locales","category-texcoco"],"yoast_head":"<!-- This site is optimized with the Yoast SEO plugin v27.5 - https:\/\/yoast.com\/product\/yoast-seo-wordpress\/ -->\n<title>LISTA FERIA DEL TACO TEXCOCO 2023 -<\/title>\n<meta name=\"robots\" content=\"index, follow, max-snippet:-1, max-image-preview:large, max-video-preview:-1\" \/>\n<link rel=\"canonical\" href=\"https:\/\/continuamosmx.com\/index.php\/2023\/06\/16\/lista-feria-del-taco-texcoco-2023\/\" \/>\n<meta property=\"og:locale\" content=\"es_ES\" \/>\n<meta property=\"og:type\" content=\"article\" \/>\n<meta property=\"og:title\" content=\"LISTA FERIA DEL TACO TEXCOCO 2023 -\" \/>\n<meta property=\"og:description\" content=\"*M\u00e1s de 50 taqueros exponiendo una gama de sabores y colores en un taco; habr\u00e1 presencia de artesanos locales. REDACCI\u00d3N. TEXCOCO, M\u00e9x.- M\u00e1s de 50 expositores participar\u00e1n en la \u201cFeria del Taco Texcoco 2023\u201d en su segunda edici\u00f3n, la que se realizar\u00e1 del 17 y 18 de junio en la Alameda municipal de Texcoco, con [&hellip;]\" \/>\n<meta property=\"og:url\" content=\"https:\/\/continuamosmx.com\/index.php\/2023\/06\/16\/lista-feria-del-taco-texcoco-2023\/\" \/>\n<meta property=\"article:published_time\" content=\"2023-06-16T06:29:34+00:00\" \/>\n<meta property=\"article:modified_time\" content=\"2023-06-16T06:29:35+00:00\" \/>\n<meta property=\"og:image\" content=\"https:\/\/continuamosmx.com\/wp-content\/uploads\/2023\/06\/taco5.jpg\" \/>\n\t<meta property=\"og:image:width\" content=\"1600\" \/>\n\t<meta property=\"og:image:height\" content=\"1066\" \/>\n\t<meta property=\"og:image:type\" content=\"image\/jpeg\" \/>\n<meta name=\"author\" content=\"Continuamos MX\" \/>\n<meta name=\"twitter:card\" content=\"summary_large_image\" \/>\n<meta name=\"twitter:label1\" content=\"Escrito por\" \/>\n\t<meta name=\"twitter:data1\" content=\"Continuamos MX\" \/>\n\t<meta name=\"twitter:label2\" content=\"Tiempo de lectura\" \/>\n\t<meta name=\"twitter:data2\" content=\"2 minutos\" \/>\n<script type=\"application\/ld+json\" class=\"yoast-schema-graph\">{\"@context\":\"https:\\\/\\\/schema.org\",\"@graph\":[{\"@type\":\"Article\",\"@id\":\"https:\\\/\\\/continuamosmx.com\\\/index.php\\\/2023\\\/06\\\/16\\\/lista-feria-del-taco-texcoco-2023\\\/#article\",\"isPartOf\":{\"@id\":\"https:\\\/\\\/continuamosmx.com\\\/index.php\\\/2023\\\/06\\\/16\\\/lista-feria-del-taco-texcoco-2023\\\/\"},\"author\":{\"name\":\"Continuamos MX\",\"@id\":\"https:\\\/\\\/continuamosmx.com\\\/#\\\/schema\\\/person\\\/5eb5356acb1fad784da407d14f0e8d89\"},\"headline\":\"LISTA FERIA DEL TACO TEXCOCO 2023\",\"datePublished\":\"2023-06-16T06:29:34+00:00\",\"dateModified\":\"2023-06-16T06:29:35+00:00\",\"mainEntityOfPage\":{\"@id\":\"https:\\\/\\\/continuamosmx.com\\\/index.php\\\/2023\\\/06\\\/16\\\/lista-feria-del-taco-texcoco-2023\\\/\"},\"wordCount\":403,\"commentCount\":0,\"publisher\":{\"@id\":\"https:\\\/\\\/continuamosmx.com\\\/#organization\"},\"image\":{\"@id\":\"https:\\\/\\\/continuamosmx.com\\\/index.php\\\/2023\\\/06\\\/16\\\/lista-feria-del-taco-texcoco-2023\\\/#primaryimage\"},\"thumbnailUrl\":\"https:\\\/\\\/continuamosmx.com\\\/wp-content\\\/uploads\\\/2023\\\/06\\\/taco5.jpg\",\"articleSection\":[\"LOCALES\",\"TEXCOCO\"],\"inLanguage\":\"es\"},{\"@type\":\"WebPage\",\"@id\":\"https:\\\/\\\/continuamosmx.com\\\/index.php\\\/2023\\\/06\\\/16\\\/lista-feria-del-taco-texcoco-2023\\\/\",\"url\":\"https:\\\/\\\/continuamosmx.com\\\/index.php\\\/2023\\\/06\\\/16\\\/lista-feria-del-taco-texcoco-2023\\\/\",\"name\":\"LISTA FERIA DEL TACO TEXCOCO 2023 -\",\"isPartOf\":{\"@id\":\"https:\\\/\\\/continuamosmx.com\\\/#website\"},\"primaryImageOfPage\":{\"@id\":\"https:\\\/\\\/continuamosmx.com\\\/index.php\\\/2023\\\/06\\\/16\\\/lista-feria-del-taco-texcoco-2023\\\/#primaryimage\"},\"image\":{\"@id\":\"https:\\\/\\\/continuamosmx.com\\\/index.php\\\/2023\\\/06\\\/16\\\/lista-feria-del-taco-texcoco-2023\\\/#primaryimage\"},\"thumbnailUrl\":\"https:\\\/\\\/continuamosmx.com\\\/wp-content\\\/uploads\\\/2023\\\/06\\\/taco5.jpg\",\"datePublished\":\"2023-06-16T06:29:34+00:00\",\"dateModified\":\"2023-06-16T06:29:35+00:00\",\"breadcrumb\":{\"@id\":\"https:\\\/\\\/continuamosmx.com\\\/index.php\\\/2023\\\/06\\\/16\\\/lista-feria-del-taco-texcoco-2023\\\/#breadcrumb\"},\"inLanguage\":\"es\",\"potentialAction\":[{\"@type\":\"ReadAction\",\"target\":[\"https:\\\/\\\/continuamosmx.com\\\/index.php\\\/2023\\\/06\\\/16\\\/lista-feria-del-taco-texcoco-2023\\\/\"]}]},{\"@type\":\"ImageObject\",\"inLanguage\":\"es\",\"@id\":\"https:\\\/\\\/continuamosmx.com\\\/index.php\\\/2023\\\/06\\\/16\\\/lista-feria-del-taco-texcoco-2023\\\/#primaryimage\",\"url\":\"https:\\\/\\\/continuamosmx.com\\\/wp-content\\\/uploads\\\/2023\\\/06\\\/taco5.jpg\",\"contentUrl\":\"https:\\\/\\\/continuamosmx.com\\\/wp-content\\\/uploads\\\/2023\\\/06\\\/taco5.jpg\",\"width\":1600,\"height\":1066},{\"@type\":\"BreadcrumbList\",\"@id\":\"https:\\\/\\\/continuamosmx.com\\\/index.php\\\/2023\\\/06\\\/16\\\/lista-feria-del-taco-texcoco-2023\\\/#breadcrumb\",\"itemListElement\":[{\"@type\":\"ListItem\",\"position\":1,\"name\":\"Inicio\",\"item\":\"https:\\\/\\\/continuamosmx.com\\\/\"},{\"@type\":\"ListItem\",\"position\":2,\"name\":\"LISTA FERIA DEL TACO TEXCOCO 2023\"}]},{\"@type\":\"WebSite\",\"@id\":\"https:\\\/\\\/continuamosmx.com\\\/#website\",\"url\":\"https:\\\/\\\/continuamosmx.com\\\/\",\"name\":\"www.continuamosmx.com\",\"description\":\"\",\"publisher\":{\"@id\":\"https:\\\/\\\/continuamosmx.com\\\/#organization\"},\"potentialAction\":[{\"@type\":\"SearchAction\",\"target\":{\"@type\":\"EntryPoint\",\"urlTemplate\":\"https:\\\/\\\/continuamosmx.com\\\/?s={search_term_string}\"},\"query-input\":{\"@type\":\"PropertyValueSpecification\",\"valueRequired\":true,\"valueName\":\"search_term_string\"}}],\"inLanguage\":\"es\"},{\"@type\":\"Organization\",\"@id\":\"https:\\\/\\\/continuamosmx.com\\\/#organization\",\"name\":\"ContinuamosMX\",\"url\":\"https:\\\/\\\/continuamosmx.com\\\/\",\"logo\":{\"@type\":\"ImageObject\",\"inLanguage\":\"es\",\"@id\":\"https:\\\/\\\/continuamosmx.com\\\/#\\\/schema\\\/logo\\\/image\\\/\",\"url\":\"https:\\\/\\\/continuamosmx.com\\\/wp-content\\\/uploads\\\/2023\\\/04\\\/cropped-LOGO-CONTI-NUEVO.png\",\"contentUrl\":\"https:\\\/\\\/continuamosmx.com\\\/wp-content\\\/uploads\\\/2023\\\/04\\\/cropped-LOGO-CONTI-NUEVO.png\",\"width\":1257,\"height\":430,\"caption\":\"ContinuamosMX\"},\"image\":{\"@id\":\"https:\\\/\\\/continuamosmx.com\\\/#\\\/schema\\\/logo\\\/image\\\/\"}},{\"@type\":\"Person\",\"@id\":\"https:\\\/\\\/continuamosmx.com\\\/#\\\/schema\\\/person\\\/5eb5356acb1fad784da407d14f0e8d89\",\"name\":\"Continuamos MX\",\"image\":{\"@type\":\"ImageObject\",\"inLanguage\":\"es\",\"@id\":\"https:\\\/\\\/secure.gravatar.com\\\/avatar\\\/30d4f9723476a15f4da34d35fb3501f08d2357016c76051c6a85c354c7489589?s=96&d=mm&r=g\",\"url\":\"https:\\\/\\\/secure.gravatar.com\\\/avatar\\\/30d4f9723476a15f4da34d35fb3501f08d2357016c76051c6a85c354c7489589?s=96&d=mm&r=g\",\"contentUrl\":\"https:\\\/\\\/secure.gravatar.com\\\/avatar\\\/30d4f9723476a15f4da34d35fb3501f08d2357016c76051c6a85c354c7489589?s=96&d=mm&r=g\",\"caption\":\"Continuamos MX\"},\"sameAs\":[\"http:\\\/\\\/www.continuamos.mx\"],\"url\":\"https:\\\/\\\/continuamosmx.com\\\/index.php\\\/author\\\/continuamos\\\/\"}]}<\/script>\n<!-- \/ Yoast SEO plugin. -->","yoast_head_json":{"title":"LISTA FERIA DEL TACO TEXCOCO 2023 -","robots":{"index":"index","follow":"follow","max-snippet":"max-snippet:-1","max-image-preview":"max-image-preview:large","max-video-preview":"max-video-preview:-1"},"canonical":"https:\/\/continuamosmx.com\/index.php\/2023\/06\/16\/lista-feria-del-taco-texcoco-2023\/","og_locale":"es_ES","og_type":"article","og_title":"LISTA FERIA DEL TACO TEXCOCO 2023 -","og_description":"*M\u00e1s de 50 taqueros exponiendo una gama de sabores y colores en un taco; habr\u00e1 presencia de artesanos locales. REDACCI\u00d3N. TEXCOCO, M\u00e9x.- M\u00e1s de 50 expositores participar\u00e1n en la \u201cFeria del Taco Texcoco 2023\u201d en su segunda edici\u00f3n, la que se realizar\u00e1 del 17 y 18 de junio en la Alameda municipal de Texcoco, con [&hellip;]","og_url":"https:\/\/continuamosmx.com\/index.php\/2023\/06\/16\/lista-feria-del-taco-texcoco-2023\/","article_published_time":"2023-06-16T06:29:34+00:00","article_modified_time":"2023-06-16T06:29:35+00:00","og_image":[{"width":1600,"height":1066,"url":"https:\/\/continuamosmx.com\/wp-content\/uploads\/2023\/06\/taco5.jpg","type":"image\/jpeg"}],"author":"Continuamos MX","twitter_card":"summary_large_image","twitter_misc":{"Escrito por":"Continuamos MX","Tiempo de lectura":"2 minutos"},"schema":{"@context":"https:\/\/schema.org","@graph":[{"@type":"Article","@id":"https:\/\/continuamosmx.com\/index.php\/2023\/06\/16\/lista-feria-del-taco-texcoco-2023\/#article","isPartOf":{"@id":"https:\/\/continuamosmx.com\/index.php\/2023\/06\/16\/lista-feria-del-taco-texcoco-2023\/"},"author":{"name":"Continuamos MX","@id":"https:\/\/continuamosmx.com\/#\/schema\/person\/5eb5356acb1fad784da407d14f0e8d89"},"headline":"LISTA FERIA DEL TACO TEXCOCO 2023","datePublished":"2023-06-16T06:29:34+00:00","dateModified":"2023-06-16T06:29:35+00:00","mainEntityOfPage":{"@id":"https:\/\/continuamosmx.com\/index.php\/2023\/06\/16\/lista-feria-del-taco-texcoco-2023\/"},"wordCount":403,"commentCount":0,"publisher":{"@id":"https:\/\/continuamosmx.com\/#organization"},"image":{"@id":"https:\/\/continuamosmx.com\/index.php\/2023\/06\/16\/lista-feria-del-taco-texcoco-2023\/#primaryimage"},"thumbnailUrl":"https:\/\/continuamosmx.com\/wp-content\/uploads\/2023\/06\/taco5.jpg","articleSection":["LOCALES","TEXCOCO"],"inLanguage":"es"},{"@type":"WebPage","@id":"https:\/\/continuamosmx.com\/index.php\/2023\/06\/16\/lista-feria-del-taco-texcoco-2023\/","url":"https:\/\/continuamosmx.com\/index.php\/2023\/06\/16\/lista-feria-del-taco-texcoco-2023\/","name":"LISTA FERIA DEL TACO TEXCOCO 2023 -","isPartOf":{"@id":"https:\/\/continuamosmx.com\/#website"},"primaryImageOfPage":{"@id":"https:\/\/continuamosmx.com\/index.php\/2023\/06\/16\/lista-feria-del-taco-texcoco-2023\/#primaryimage"},"image":{"@id":"https:\/\/continuamosmx.com\/index.php\/2023\/06\/16\/lista-feria-del-taco-texcoco-2023\/#primaryimage"},"thumbnailUrl":"https:\/\/continuamosmx.com\/wp-content\/uploads\/2023\/06\/taco5.jpg","datePublished":"2023-06-16T06:29:34+00:00","dateModified":"2023-06-16T06:29:35+00:00","breadcrumb":{"@id":"https:\/\/continuamosmx.com\/index.php\/2023\/06\/16\/lista-feria-del-taco-texcoco-2023\/#breadcrumb"},"inLanguage":"es","potentialAction":[{"@type":"ReadAction","target":["https:\/\/continuamosmx.com\/index.php\/2023\/06\/16\/lista-feria-del-taco-texcoco-2023\/"]}]},{"@type":"ImageObject","inLanguage":"es","@id":"https:\/\/continuamosmx.com\/index.php\/2023\/06\/16\/lista-feria-del-taco-texcoco-2023\/#primaryimage","url":"https:\/\/continuamosmx.com\/wp-content\/uploads\/2023\/06\/taco5.jpg","contentUrl":"https:\/\/continuamosmx.com\/wp-content\/uploads\/2023\/06\/taco5.jpg","width":1600,"height":1066},{"@type":"BreadcrumbList","@id":"https:\/\/continuamosmx.com\/index.php\/2023\/06\/16\/lista-feria-del-taco-texcoco-2023\/#breadcrumb","itemListElement":[{"@type":"ListItem","position":1,"name":"Inicio","item":"https:\/\/continuamosmx.com\/"},{"@type":"ListItem","position":2,"name":"LISTA FERIA DEL TACO TEXCOCO 2023"}]},{"@type":"WebSite","@id":"https:\/\/continuamosmx.com\/#website","url":"https:\/\/continuamosmx.com\/","name":"www.continuamosmx.com","description":"","publisher":{"@id":"https:\/\/continuamosmx.com\/#organization"},"potentialAction":[{"@type":"SearchAction","target":{"@type":"EntryPoint","urlTemplate":"https:\/\/continuamosmx.com\/?s={search_term_string}"},"query-input":{"@type":"PropertyValueSpecification","valueRequired":true,"valueName":"search_term_string"}}],"inLanguage":"es"},{"@type":"Organization","@id":"https:\/\/continuamosmx.com\/#organization","name":"ContinuamosMX","url":"https:\/\/continuamosmx.com\/","logo":{"@type":"ImageObject","inLanguage":"es","@id":"https:\/\/continuamosmx.com\/#\/schema\/logo\/image\/","url":"https:\/\/continuamosmx.com\/wp-content\/uploads\/2023\/04\/cropped-LOGO-CONTI-NUEVO.png","contentUrl":"https:\/\/continuamosmx.com\/wp-content\/uploads\/2023\/04\/cropped-LOGO-CONTI-NUEVO.png","width":1257,"height":430,"caption":"ContinuamosMX"},"image":{"@id":"https:\/\/continuamosmx.com\/#\/schema\/logo\/image\/"}},{"@type":"Person","@id":"https:\/\/continuamosmx.com\/#\/schema\/person\/5eb5356acb1fad784da407d14f0e8d89","name":"Continuamos MX","image":{"@type":"ImageObject","inLanguage":"es","@id":"https:\/\/secure.gravatar.com\/avatar\/30d4f9723476a15f4da34d35fb3501f08d2357016c76051c6a85c354c7489589?s=96&d=mm&r=g","url":"https:\/\/secure.gravatar.com\/avatar\/30d4f9723476a15f4da34d35fb3501f08d2357016c76051c6a85c354c7489589?s=96&d=mm&r=g","contentUrl":"https:\/\/secure.gravatar.com\/avatar\/30d4f9723476a15f4da34d35fb3501f08d2357016c76051c6a85c354c7489589?s=96&d=mm&r=g","caption":"Continuamos MX"},"sameAs":["http:\/\/www.continuamos.mx"],"url":"https:\/\/continuamosmx.com\/index.php\/author\/continuamos\/"}]}},"_links":{"self":[{"href":"https:\/\/continuamosmx.com\/index.php\/wp-json\/wp\/v2\/posts\/43931","targetHints":{"allow":["GET"]}}],"collection":[{"href":"https:\/\/continuamosmx.com\/index.php\/wp-json\/wp\/v2\/posts"}],"about":[{"href":"https:\/\/continuamosmx.com\/index.php\/wp-json\/wp\/v2\/types\/post"}],"author":[{"embeddable":true,"href":"https:\/\/continuamosmx.com\/index.php\/wp-json\/wp\/v2\/users\/6"}],"replies":[{"embeddable":true,"href":"https:\/\/continuamosmx.com\/index.php\/wp-json\/wp\/v2\/comments?post=43931"}],"version-history":[{"count":1,"href":"https:\/\/continuamosmx.com\/index.php\/wp-json\/wp\/v2\/posts\/43931\/revisions"}],"predecessor-version":[{"id":43933,"href":"https:\/\/continuamosmx.com\/index.php\/wp-json\/wp\/v2\/posts\/43931\/revisions\/43933"}],"wp:featuredmedia":[{"embeddable":true,"href":"https:\/\/continuamosmx.com\/index.php\/wp-json\/wp\/v2\/media\/43932"}],"wp:attachment":[{"href":"https:\/\/continuamosmx.com\/index.php\/wp-json\/wp\/v2\/media?parent=43931"}],"wp:term":[{"taxonomy":"category","embeddable":true,"href":"https:\/\/continuamosmx.com\/index.php\/wp-json\/wp\/v2\/categories?post=43931"},{"taxonomy":"post_tag","embeddable":true,"href":"https:\/\/continuamosmx.com\/index.php\/wp-json\/wp\/v2\/tags?post=43931"}],"curies":[{"name":"wp","href":"https:\/\/api.w.org\/{rel}","templated":true}]}}