{"id":43916,"date":"2023-06-14T06:55:25","date_gmt":"2023-06-14T06:55:25","guid":{"rendered":"https:\/\/continuamosmx.com\/?p=43916"},"modified":"2023-06-14T06:55:26","modified_gmt":"2023-06-14T06:55:26","slug":"sigue-la-lucha-por-evitar-el-trabajo-infantil-en-atizapan","status":"publish","type":"post","link":"https:\/\/continuamosmx.com\/index.php\/2023\/06\/14\/sigue-la-lucha-por-evitar-el-trabajo-infantil-en-atizapan\/","title":{"rendered":"SIGUE LA LUCHA POR EVITAR EL TRABAJO INFANTIL EN ATIZAP\u00c1N"},"content":{"rendered":"\n<p>*<strong>El municipio recibi\u00f3 por segunda ocasi\u00f3n, distintivo del gobierno estatal por su labor contra el trabajo infantil<\/strong><\/p>\n\n\n\n<p>REDACCI\u00d3N.<\/p>\n\n\n\n<p>ATIZAP\u00c1N, M\u00e9x.- El gobierno que encabeza el alcalde Pedro Rodr\u00edguez Villegas, recibi\u00f3 por segunda ocasi\u00f3n el Distintivo Estado de M\u00e9xico Sin Trabajo Infantil (EDOMEXSTI) de manos de la Secretaria del Trabajo estatal y Presidenta de la Comisi\u00f3n Interinstitucional para Erradicar el Trabajo Infantil (CIETI), Maribel G\u00f3ngora Espinosa, en el marco del D\u00eda Mundial contra el Trabajo Infantil.<\/p>\n\n\n\n<p>En esta tercera edici\u00f3n de la entrega del reconocimiento, la Secretar\u00eda del Trabajo destac\u00f3 a los centros de trabajo del sector p\u00fablico y privado, organizaciones civiles y sindicales, as\u00ed como instituciones p\u00fablicas que han implementado buenas pr\u00e1cticas en materia de prevenci\u00f3n y erradicaci\u00f3n del trabajo infantil en la entidad mexiquense.<\/p>\n\n\n\n<p>En su mensaje de bienvenida, el alcalde panista resalt\u00f3 el trabajo realizado por la dependencia del gobierno mexiquense en el combate al trabajo infantil en los 125 municipios de la entidad mexiquense.<\/p>\n\n\n\n<p>\u201cSabemos que nos falta mucho por hacer, pero de la mano del Gobierno del Estado de M\u00e9xico vamos avanzando a pasos firmes y creando familias, municipios y empresas fuertes. El d\u00eda de hoy, el Gobierno que encabezo recibir\u00e1 por segundo a\u00f1o consecutivo el Distintivo EDOMEXSTI. Quiero reconocer a las 22 \u00e1reas de mi Administraci\u00f3n que han hecho esto posible, en especial al Sistema Municipal DIF que encabeza la Profesora Patricia Ar\u00e9valo Rubio; al comit\u00e9 municipal de Erradicaci\u00f3n del Trabajo Infantil, a las universidades p\u00fablicas y privadas, organizaciones internacionales, as\u00ed como la unidad de gesti\u00f3n y atenci\u00f3n del inter\u00e9s superior de la ni\u00f1ez y la adolescencia\u201d, se\u00f1al\u00f3 el Alcalde.<\/p>\n\n\n\n<p>\u201cLes comparto que nuestra pol\u00edtica p\u00fablica Atizap\u00e1n Sin Trabajo Infantil ser\u00e1 presentada como buena pr\u00e1ctica en la Quinta Bienal Latinoamericana y Caribe\u00f1a en Primeras Infancias, Ni\u00f1eces y Juventudes, a celebrarse del 17 al 21 de julio en Manizales, Caldas, Colombia. Atizap\u00e1n sigue trascendiendo por cosas positivas. Este mensaje, este evento y los distintivos deben ser en honor de las ni\u00f1as y ni\u00f1os quienes por el trabajo infantil perdieron toda esperanza de tener una vida digna y un futuro pr\u00f3spero\u201d.<\/p>\n\n\n\n<p>En total, fueron 20 reconocimientos los que se entregaron a gobiernos, entidades estatales y empresas socialmente responsables. Fue la presidenta del Sistema DIF Municipal, Patricia Ar\u00e9valo Rubio, quien recibi\u00f3 este reconocimiento para Atizap\u00e1n de Zaragoza.<\/p>\n\n\n\n<p>\u201cEs muy importante que sigamos trabajando el Gobierno, los municipios, el (Gobierno del) Estado, las dependencias, los empresarios. Realmente, debemos generar esa conciencia para erradicar el trabajo infantil, que nuestros ni\u00f1os estudien, se preparen, que tengan las mejores oportunidades de vida, que tengan derecho, sobre todo, a ser felices\u201d, consider\u00f3 la presidenta del DIF atizapense.<\/p>\n\n\n\n<p>En su intervenci\u00f3n, Maribel G\u00f3ngora Espinosa, Secretaria del Trabajo en la entidad, expres\u00f3 su agradecimiento a los integrantes de la CIETI, que tiene como objetivo coordinar las pol\u00edticas y acciones para prevenir, combatir y erradicar el trabajo infantil, as\u00ed como dise\u00f1ar y dar seguimiento a los programas y acciones de las dependencias participantes.<\/p>\n\n\n\n<p>\u201cSabemos que el reto es muy grande, pero estoy segura de que, con el trabajo coordinado con los \u00e1mbitos estatal, federal, municipal, el \u00e1mbito privado, social, continuaremos con este gran trabajo que se ha generado desde la Comisi\u00f3n para la Erradicaci\u00f3n del Trabajo Infantil\u201d, refiri\u00f3 la Secretaria.<\/p>\n\n\n\n<p>\u201cQueremos ni\u00f1as y ni\u00f1os en el Estado de M\u00e9xico que realmente tengan un bienestar y una calidad de vida. Esos ni\u00f1os y esas ni\u00f1as tienen que estar estudiando, no trabajando; esas ni\u00f1as y esos ni\u00f1os tienen que estar atendiendo su salud, no estar realizando trabajos forzosos\u201d.<\/p>\n\n\n\n<p>Salvador S\u00e1nchez Ladrillero, Director General de Inspecci\u00f3n e Inclusi\u00f3n Laboral de la Secretar\u00eda del Trabajo mexiquense, agreg\u00f3 que en esta entrega y en el combate al trabajo infantil hay una suma de esfuerzos de la Organizaci\u00f3n de las Naciones Unidas (ONU) y de la Organizaci\u00f3n Internacional del Trabajo (OIT). A nivel estatal, dijo, desde el 2021 se reconoce a los centros de trabajo sociales, productivos y organizaciones sindicales que han implementado buenas pr\u00e1cticas para evitar que ni\u00f1as y ni\u00f1os trabajen.<\/p>\n\n\n\n<p>Para erradicar el trabajo infantil, en Atizap\u00e1n se instal\u00f3 el Sistema Integral de Protecci\u00f3n de los Derechos de Ni\u00f1as, Ni\u00f1os y Adolescentes (SIPINNA) y se implement\u00f3 la Oficina de Presidencia para la Gesti\u00f3n y Atenci\u00f3n del Inter\u00e9s Superior de la Ni\u00f1ez.<\/p>\n","protected":false},"excerpt":{"rendered":"<p>*El municipio recibi\u00f3 por segunda ocasi\u00f3n, distintivo del gobierno estatal por su labor contra el trabajo infantil REDACCI\u00d3N. ATIZAP\u00c1N, M\u00e9x.- El gobierno que encabeza el alcalde Pedro Rodr\u00edguez Villegas, recibi\u00f3 por segunda ocasi\u00f3n el Distintivo Estado de M\u00e9xico Sin Trabajo Infantil (EDOMEXSTI) de manos de la Secretaria del Trabajo estatal y Presidenta de la Comisi\u00f3n [&hellip;]<\/p>\n","protected":false},"author":6,"featured_media":43917,"comment_status":"open","ping_status":"open","sticky":false,"template":"","format":"standard","meta":{"footnotes":""},"categories":[20,4],"tags":[],"class_list":["post-43916","post","type-post","status-publish","format-standard","has-post-thumbnail","hentry","category-atizapan-de-zaragoza","category-locales"],"yoast_head":"<!-- This site is optimized with the Yoast SEO plugin v27.5 - https:\/\/yoast.com\/product\/yoast-seo-wordpress\/ -->\n<title>SIGUE LA LUCHA POR EVITAR EL TRABAJO INFANTIL EN ATIZAP\u00c1N -<\/title>\n<meta name=\"robots\" content=\"index, follow, max-snippet:-1, max-image-preview:large, max-video-preview:-1\" \/>\n<link rel=\"canonical\" href=\"https:\/\/continuamosmx.com\/index.php\/2023\/06\/14\/sigue-la-lucha-por-evitar-el-trabajo-infantil-en-atizapan\/\" \/>\n<meta property=\"og:locale\" content=\"es_ES\" \/>\n<meta property=\"og:type\" content=\"article\" \/>\n<meta property=\"og:title\" content=\"SIGUE LA LUCHA POR EVITAR EL TRABAJO INFANTIL EN ATIZAP\u00c1N -\" \/>\n<meta property=\"og:description\" content=\"*El municipio recibi\u00f3 por segunda ocasi\u00f3n, distintivo del gobierno estatal por su labor contra el trabajo infantil REDACCI\u00d3N. ATIZAP\u00c1N, M\u00e9x.- El gobierno que encabeza el alcalde Pedro Rodr\u00edguez Villegas, recibi\u00f3 por segunda ocasi\u00f3n el Distintivo Estado de M\u00e9xico Sin Trabajo Infantil (EDOMEXSTI) de manos de la Secretaria del Trabajo estatal y Presidenta de la Comisi\u00f3n [&hellip;]\" \/>\n<meta property=\"og:url\" content=\"https:\/\/continuamosmx.com\/index.php\/2023\/06\/14\/sigue-la-lucha-por-evitar-el-trabajo-infantil-en-atizapan\/\" \/>\n<meta property=\"article:published_time\" content=\"2023-06-14T06:55:25+00:00\" \/>\n<meta property=\"article:modified_time\" content=\"2023-06-14T06:55:26+00:00\" \/>\n<meta property=\"og:image\" content=\"https:\/\/continuamosmx.com\/wp-content\/uploads\/2023\/06\/pedro4.jpg\" \/>\n\t<meta property=\"og:image:width\" content=\"1024\" \/>\n\t<meta property=\"og:image:height\" content=\"582\" \/>\n\t<meta property=\"og:image:type\" content=\"image\/jpeg\" \/>\n<meta name=\"author\" content=\"Continuamos MX\" \/>\n<meta name=\"twitter:card\" content=\"summary_large_image\" \/>\n<meta name=\"twitter:label1\" content=\"Escrito por\" \/>\n\t<meta name=\"twitter:data1\" content=\"Continuamos MX\" \/>\n\t<meta name=\"twitter:label2\" content=\"Tiempo de lectura\" \/>\n\t<meta name=\"twitter:data2\" content=\"4 minutos\" \/>\n<script type=\"application\/ld+json\" class=\"yoast-schema-graph\">{\"@context\":\"https:\\\/\\\/schema.org\",\"@graph\":[{\"@type\":\"Article\",\"@id\":\"https:\\\/\\\/continuamosmx.com\\\/index.php\\\/2023\\\/06\\\/14\\\/sigue-la-lucha-por-evitar-el-trabajo-infantil-en-atizapan\\\/#article\",\"isPartOf\":{\"@id\":\"https:\\\/\\\/continuamosmx.com\\\/index.php\\\/2023\\\/06\\\/14\\\/sigue-la-lucha-por-evitar-el-trabajo-infantil-en-atizapan\\\/\"},\"author\":{\"name\":\"Continuamos MX\",\"@id\":\"https:\\\/\\\/continuamosmx.com\\\/#\\\/schema\\\/person\\\/5eb5356acb1fad784da407d14f0e8d89\"},\"headline\":\"SIGUE LA LUCHA POR EVITAR EL TRABAJO INFANTIL EN ATIZAP\u00c1N\",\"datePublished\":\"2023-06-14T06:55:25+00:00\",\"dateModified\":\"2023-06-14T06:55:26+00:00\",\"mainEntityOfPage\":{\"@id\":\"https:\\\/\\\/continuamosmx.com\\\/index.php\\\/2023\\\/06\\\/14\\\/sigue-la-lucha-por-evitar-el-trabajo-infantil-en-atizapan\\\/\"},\"wordCount\":779,\"commentCount\":0,\"publisher\":{\"@id\":\"https:\\\/\\\/continuamosmx.com\\\/#organization\"},\"image\":{\"@id\":\"https:\\\/\\\/continuamosmx.com\\\/index.php\\\/2023\\\/06\\\/14\\\/sigue-la-lucha-por-evitar-el-trabajo-infantil-en-atizapan\\\/#primaryimage\"},\"thumbnailUrl\":\"https:\\\/\\\/continuamosmx.com\\\/wp-content\\\/uploads\\\/2023\\\/06\\\/pedro4.jpg\",\"articleSection\":[\"ATIZAPAN DE ZARAGOZA\",\"LOCALES\"],\"inLanguage\":\"es\"},{\"@type\":\"WebPage\",\"@id\":\"https:\\\/\\\/continuamosmx.com\\\/index.php\\\/2023\\\/06\\\/14\\\/sigue-la-lucha-por-evitar-el-trabajo-infantil-en-atizapan\\\/\",\"url\":\"https:\\\/\\\/continuamosmx.com\\\/index.php\\\/2023\\\/06\\\/14\\\/sigue-la-lucha-por-evitar-el-trabajo-infantil-en-atizapan\\\/\",\"name\":\"SIGUE LA LUCHA POR EVITAR EL TRABAJO INFANTIL EN ATIZAP\u00c1N -\",\"isPartOf\":{\"@id\":\"https:\\\/\\\/continuamosmx.com\\\/#website\"},\"primaryImageOfPage\":{\"@id\":\"https:\\\/\\\/continuamosmx.com\\\/index.php\\\/2023\\\/06\\\/14\\\/sigue-la-lucha-por-evitar-el-trabajo-infantil-en-atizapan\\\/#primaryimage\"},\"image\":{\"@id\":\"https:\\\/\\\/continuamosmx.com\\\/index.php\\\/2023\\\/06\\\/14\\\/sigue-la-lucha-por-evitar-el-trabajo-infantil-en-atizapan\\\/#primaryimage\"},\"thumbnailUrl\":\"https:\\\/\\\/continuamosmx.com\\\/wp-content\\\/uploads\\\/2023\\\/06\\\/pedro4.jpg\",\"datePublished\":\"2023-06-14T06:55:25+00:00\",\"dateModified\":\"2023-06-14T06:55:26+00:00\",\"breadcrumb\":{\"@id\":\"https:\\\/\\\/continuamosmx.com\\\/index.php\\\/2023\\\/06\\\/14\\\/sigue-la-lucha-por-evitar-el-trabajo-infantil-en-atizapan\\\/#breadcrumb\"},\"inLanguage\":\"es\",\"potentialAction\":[{\"@type\":\"ReadAction\",\"target\":[\"https:\\\/\\\/continuamosmx.com\\\/index.php\\\/2023\\\/06\\\/14\\\/sigue-la-lucha-por-evitar-el-trabajo-infantil-en-atizapan\\\/\"]}]},{\"@type\":\"ImageObject\",\"inLanguage\":\"es\",\"@id\":\"https:\\\/\\\/continuamosmx.com\\\/index.php\\\/2023\\\/06\\\/14\\\/sigue-la-lucha-por-evitar-el-trabajo-infantil-en-atizapan\\\/#primaryimage\",\"url\":\"https:\\\/\\\/continuamosmx.com\\\/wp-content\\\/uploads\\\/2023\\\/06\\\/pedro4.jpg\",\"contentUrl\":\"https:\\\/\\\/continuamosmx.com\\\/wp-content\\\/uploads\\\/2023\\\/06\\\/pedro4.jpg\",\"width\":1024,\"height\":582},{\"@type\":\"BreadcrumbList\",\"@id\":\"https:\\\/\\\/continuamosmx.com\\\/index.php\\\/2023\\\/06\\\/14\\\/sigue-la-lucha-por-evitar-el-trabajo-infantil-en-atizapan\\\/#breadcrumb\",\"itemListElement\":[{\"@type\":\"ListItem\",\"position\":1,\"name\":\"Inicio\",\"item\":\"https:\\\/\\\/continuamosmx.com\\\/\"},{\"@type\":\"ListItem\",\"position\":2,\"name\":\"SIGUE LA LUCHA POR EVITAR EL TRABAJO INFANTIL EN ATIZAP\u00c1N\"}]},{\"@type\":\"WebSite\",\"@id\":\"https:\\\/\\\/continuamosmx.com\\\/#website\",\"url\":\"https:\\\/\\\/continuamosmx.com\\\/\",\"name\":\"www.continuamosmx.com\",\"description\":\"\",\"publisher\":{\"@id\":\"https:\\\/\\\/continuamosmx.com\\\/#organization\"},\"potentialAction\":[{\"@type\":\"SearchAction\",\"target\":{\"@type\":\"EntryPoint\",\"urlTemplate\":\"https:\\\/\\\/continuamosmx.com\\\/?s={search_term_string}\"},\"query-input\":{\"@type\":\"PropertyValueSpecification\",\"valueRequired\":true,\"valueName\":\"search_term_string\"}}],\"inLanguage\":\"es\"},{\"@type\":\"Organization\",\"@id\":\"https:\\\/\\\/continuamosmx.com\\\/#organization\",\"name\":\"ContinuamosMX\",\"url\":\"https:\\\/\\\/continuamosmx.com\\\/\",\"logo\":{\"@type\":\"ImageObject\",\"inLanguage\":\"es\",\"@id\":\"https:\\\/\\\/continuamosmx.com\\\/#\\\/schema\\\/logo\\\/image\\\/\",\"url\":\"https:\\\/\\\/continuamosmx.com\\\/wp-content\\\/uploads\\\/2023\\\/04\\\/cropped-LOGO-CONTI-NUEVO.png\",\"contentUrl\":\"https:\\\/\\\/continuamosmx.com\\\/wp-content\\\/uploads\\\/2023\\\/04\\\/cropped-LOGO-CONTI-NUEVO.png\",\"width\":1257,\"height\":430,\"caption\":\"ContinuamosMX\"},\"image\":{\"@id\":\"https:\\\/\\\/continuamosmx.com\\\/#\\\/schema\\\/logo\\\/image\\\/\"}},{\"@type\":\"Person\",\"@id\":\"https:\\\/\\\/continuamosmx.com\\\/#\\\/schema\\\/person\\\/5eb5356acb1fad784da407d14f0e8d89\",\"name\":\"Continuamos MX\",\"image\":{\"@type\":\"ImageObject\",\"inLanguage\":\"es\",\"@id\":\"https:\\\/\\\/secure.gravatar.com\\\/avatar\\\/30d4f9723476a15f4da34d35fb3501f08d2357016c76051c6a85c354c7489589?s=96&d=mm&r=g\",\"url\":\"https:\\\/\\\/secure.gravatar.com\\\/avatar\\\/30d4f9723476a15f4da34d35fb3501f08d2357016c76051c6a85c354c7489589?s=96&d=mm&r=g\",\"contentUrl\":\"https:\\\/\\\/secure.gravatar.com\\\/avatar\\\/30d4f9723476a15f4da34d35fb3501f08d2357016c76051c6a85c354c7489589?s=96&d=mm&r=g\",\"caption\":\"Continuamos MX\"},\"sameAs\":[\"http:\\\/\\\/www.continuamos.mx\"],\"url\":\"https:\\\/\\\/continuamosmx.com\\\/index.php\\\/author\\\/continuamos\\\/\"}]}<\/script>\n<!-- \/ Yoast SEO plugin. -->","yoast_head_json":{"title":"SIGUE LA LUCHA POR EVITAR EL TRABAJO INFANTIL EN ATIZAP\u00c1N -","robots":{"index":"index","follow":"follow","max-snippet":"max-snippet:-1","max-image-preview":"max-image-preview:large","max-video-preview":"max-video-preview:-1"},"canonical":"https:\/\/continuamosmx.com\/index.php\/2023\/06\/14\/sigue-la-lucha-por-evitar-el-trabajo-infantil-en-atizapan\/","og_locale":"es_ES","og_type":"article","og_title":"SIGUE LA LUCHA POR EVITAR EL TRABAJO INFANTIL EN ATIZAP\u00c1N -","og_description":"*El municipio recibi\u00f3 por segunda ocasi\u00f3n, distintivo del gobierno estatal por su labor contra el trabajo infantil REDACCI\u00d3N. ATIZAP\u00c1N, M\u00e9x.- El gobierno que encabeza el alcalde Pedro Rodr\u00edguez Villegas, recibi\u00f3 por segunda ocasi\u00f3n el Distintivo Estado de M\u00e9xico Sin Trabajo Infantil (EDOMEXSTI) de manos de la Secretaria del Trabajo estatal y Presidenta de la Comisi\u00f3n [&hellip;]","og_url":"https:\/\/continuamosmx.com\/index.php\/2023\/06\/14\/sigue-la-lucha-por-evitar-el-trabajo-infantil-en-atizapan\/","article_published_time":"2023-06-14T06:55:25+00:00","article_modified_time":"2023-06-14T06:55:26+00:00","og_image":[{"width":1024,"height":582,"url":"https:\/\/continuamosmx.com\/wp-content\/uploads\/2023\/06\/pedro4.jpg","type":"image\/jpeg"}],"author":"Continuamos MX","twitter_card":"summary_large_image","twitter_misc":{"Escrito por":"Continuamos MX","Tiempo de lectura":"4 minutos"},"schema":{"@context":"https:\/\/schema.org","@graph":[{"@type":"Article","@id":"https:\/\/continuamosmx.com\/index.php\/2023\/06\/14\/sigue-la-lucha-por-evitar-el-trabajo-infantil-en-atizapan\/#article","isPartOf":{"@id":"https:\/\/continuamosmx.com\/index.php\/2023\/06\/14\/sigue-la-lucha-por-evitar-el-trabajo-infantil-en-atizapan\/"},"author":{"name":"Continuamos MX","@id":"https:\/\/continuamosmx.com\/#\/schema\/person\/5eb5356acb1fad784da407d14f0e8d89"},"headline":"SIGUE LA LUCHA POR EVITAR EL TRABAJO INFANTIL EN ATIZAP\u00c1N","datePublished":"2023-06-14T06:55:25+00:00","dateModified":"2023-06-14T06:55:26+00:00","mainEntityOfPage":{"@id":"https:\/\/continuamosmx.com\/index.php\/2023\/06\/14\/sigue-la-lucha-por-evitar-el-trabajo-infantil-en-atizapan\/"},"wordCount":779,"commentCount":0,"publisher":{"@id":"https:\/\/continuamosmx.com\/#organization"},"image":{"@id":"https:\/\/continuamosmx.com\/index.php\/2023\/06\/14\/sigue-la-lucha-por-evitar-el-trabajo-infantil-en-atizapan\/#primaryimage"},"thumbnailUrl":"https:\/\/continuamosmx.com\/wp-content\/uploads\/2023\/06\/pedro4.jpg","articleSection":["ATIZAPAN DE ZARAGOZA","LOCALES"],"inLanguage":"es"},{"@type":"WebPage","@id":"https:\/\/continuamosmx.com\/index.php\/2023\/06\/14\/sigue-la-lucha-por-evitar-el-trabajo-infantil-en-atizapan\/","url":"https:\/\/continuamosmx.com\/index.php\/2023\/06\/14\/sigue-la-lucha-por-evitar-el-trabajo-infantil-en-atizapan\/","name":"SIGUE LA LUCHA POR EVITAR EL TRABAJO INFANTIL EN ATIZAP\u00c1N -","isPartOf":{"@id":"https:\/\/continuamosmx.com\/#website"},"primaryImageOfPage":{"@id":"https:\/\/continuamosmx.com\/index.php\/2023\/06\/14\/sigue-la-lucha-por-evitar-el-trabajo-infantil-en-atizapan\/#primaryimage"},"image":{"@id":"https:\/\/continuamosmx.com\/index.php\/2023\/06\/14\/sigue-la-lucha-por-evitar-el-trabajo-infantil-en-atizapan\/#primaryimage"},"thumbnailUrl":"https:\/\/continuamosmx.com\/wp-content\/uploads\/2023\/06\/pedro4.jpg","datePublished":"2023-06-14T06:55:25+00:00","dateModified":"2023-06-14T06:55:26+00:00","breadcrumb":{"@id":"https:\/\/continuamosmx.com\/index.php\/2023\/06\/14\/sigue-la-lucha-por-evitar-el-trabajo-infantil-en-atizapan\/#breadcrumb"},"inLanguage":"es","potentialAction":[{"@type":"ReadAction","target":["https:\/\/continuamosmx.com\/index.php\/2023\/06\/14\/sigue-la-lucha-por-evitar-el-trabajo-infantil-en-atizapan\/"]}]},{"@type":"ImageObject","inLanguage":"es","@id":"https:\/\/continuamosmx.com\/index.php\/2023\/06\/14\/sigue-la-lucha-por-evitar-el-trabajo-infantil-en-atizapan\/#primaryimage","url":"https:\/\/continuamosmx.com\/wp-content\/uploads\/2023\/06\/pedro4.jpg","contentUrl":"https:\/\/continuamosmx.com\/wp-content\/uploads\/2023\/06\/pedro4.jpg","width":1024,"height":582},{"@type":"BreadcrumbList","@id":"https:\/\/continuamosmx.com\/index.php\/2023\/06\/14\/sigue-la-lucha-por-evitar-el-trabajo-infantil-en-atizapan\/#breadcrumb","itemListElement":[{"@type":"ListItem","position":1,"name":"Inicio","item":"https:\/\/continuamosmx.com\/"},{"@type":"ListItem","position":2,"name":"SIGUE LA LUCHA POR EVITAR EL TRABAJO INFANTIL EN ATIZAP\u00c1N"}]},{"@type":"WebSite","@id":"https:\/\/continuamosmx.com\/#website","url":"https:\/\/continuamosmx.com\/","name":"www.continuamosmx.com","description":"","publisher":{"@id":"https:\/\/continuamosmx.com\/#organization"},"potentialAction":[{"@type":"SearchAction","target":{"@type":"EntryPoint","urlTemplate":"https:\/\/continuamosmx.com\/?s={search_term_string}"},"query-input":{"@type":"PropertyValueSpecification","valueRequired":true,"valueName":"search_term_string"}}],"inLanguage":"es"},{"@type":"Organization","@id":"https:\/\/continuamosmx.com\/#organization","name":"ContinuamosMX","url":"https:\/\/continuamosmx.com\/","logo":{"@type":"ImageObject","inLanguage":"es","@id":"https:\/\/continuamosmx.com\/#\/schema\/logo\/image\/","url":"https:\/\/continuamosmx.com\/wp-content\/uploads\/2023\/04\/cropped-LOGO-CONTI-NUEVO.png","contentUrl":"https:\/\/continuamosmx.com\/wp-content\/uploads\/2023\/04\/cropped-LOGO-CONTI-NUEVO.png","width":1257,"height":430,"caption":"ContinuamosMX"},"image":{"@id":"https:\/\/continuamosmx.com\/#\/schema\/logo\/image\/"}},{"@type":"Person","@id":"https:\/\/continuamosmx.com\/#\/schema\/person\/5eb5356acb1fad784da407d14f0e8d89","name":"Continuamos MX","image":{"@type":"ImageObject","inLanguage":"es","@id":"https:\/\/secure.gravatar.com\/avatar\/30d4f9723476a15f4da34d35fb3501f08d2357016c76051c6a85c354c7489589?s=96&d=mm&r=g","url":"https:\/\/secure.gravatar.com\/avatar\/30d4f9723476a15f4da34d35fb3501f08d2357016c76051c6a85c354c7489589?s=96&d=mm&r=g","contentUrl":"https:\/\/secure.gravatar.com\/avatar\/30d4f9723476a15f4da34d35fb3501f08d2357016c76051c6a85c354c7489589?s=96&d=mm&r=g","caption":"Continuamos MX"},"sameAs":["http:\/\/www.continuamos.mx"],"url":"https:\/\/continuamosmx.com\/index.php\/author\/continuamos\/"}]}},"_links":{"self":[{"href":"https:\/\/continuamosmx.com\/index.php\/wp-json\/wp\/v2\/posts\/43916","targetHints":{"allow":["GET"]}}],"collection":[{"href":"https:\/\/continuamosmx.com\/index.php\/wp-json\/wp\/v2\/posts"}],"about":[{"href":"https:\/\/continuamosmx.com\/index.php\/wp-json\/wp\/v2\/types\/post"}],"author":[{"embeddable":true,"href":"https:\/\/continuamosmx.com\/index.php\/wp-json\/wp\/v2\/users\/6"}],"replies":[{"embeddable":true,"href":"https:\/\/continuamosmx.com\/index.php\/wp-json\/wp\/v2\/comments?post=43916"}],"version-history":[{"count":1,"href":"https:\/\/continuamosmx.com\/index.php\/wp-json\/wp\/v2\/posts\/43916\/revisions"}],"predecessor-version":[{"id":43918,"href":"https:\/\/continuamosmx.com\/index.php\/wp-json\/wp\/v2\/posts\/43916\/revisions\/43918"}],"wp:featuredmedia":[{"embeddable":true,"href":"https:\/\/continuamosmx.com\/index.php\/wp-json\/wp\/v2\/media\/43917"}],"wp:attachment":[{"href":"https:\/\/continuamosmx.com\/index.php\/wp-json\/wp\/v2\/media?parent=43916"}],"wp:term":[{"taxonomy":"category","embeddable":true,"href":"https:\/\/continuamosmx.com\/index.php\/wp-json\/wp\/v2\/categories?post=43916"},{"taxonomy":"post_tag","embeddable":true,"href":"https:\/\/continuamosmx.com\/index.php\/wp-json\/wp\/v2\/tags?post=43916"}],"curies":[{"name":"wp","href":"https:\/\/api.w.org\/{rel}","templated":true}]}}