{"id":43885,"date":"2023-06-12T07:44:03","date_gmt":"2023-06-12T07:44:03","guid":{"rendered":"https:\/\/continuamosmx.com\/?p=43885"},"modified":"2023-06-12T07:44:03","modified_gmt":"2023-06-12T07:44:03","slug":"dif-de-atizapan-contra-la-discriminacion","status":"publish","type":"post","link":"https:\/\/continuamosmx.com\/index.php\/2023\/06\/12\/dif-de-atizapan-contra-la-discriminacion\/","title":{"rendered":"DIF DE ATIZAP\u00c1N CONTRA LA DISCRIMINACI\u00d3N"},"content":{"rendered":"\n<p>*<strong>Transforman sal\u00f3n de Cabildo de Atizap\u00e1n en Asamblea General de la ONU.<\/strong><\/p>\n\n\n\n<p>REDACCI\u00d3N.<\/p>\n\n\n\n<p>ATIZAP\u00c1N, M\u00e9x.- La presidenta del Sistema DIF, Patricia Ar\u00e9valo Rubio, en representaci\u00f3n del alcalde Pedro Rodr\u00edguez se mostr\u00f3 en contra de la discriminaci\u00f3n hacia las personas.<\/p>\n\n\n\n<p>Con la din\u00e1mica de las Escuelas Preparatorias Oficiales con el Modelo de las Naciones Unidas (EPOMUN), d\u00f3nde se discuti\u00f3 sobre la la discriminaci\u00f3n social, evento que se realiz\u00f3 en el sal\u00f3n de Cabildo Adolfo L\u00f3pez Mateos.<\/p>\n\n\n\n<p>Ah\u00ed Patricia Ar\u00e9valo se mostr\u00f3 entusiasmada al presenciar las diversas discusiones que generaron las y los estudiantes de las preparatorias de la zona BG028 en tipo Asamblea General de la Organizaci\u00f3n de las Naciones Unidas (ONU).<\/p>\n\n\n\n<p>\u00abEstos espacios son para ustedes, para que debatan y lleguen a acuerdos. Tenemos que hacer algo en contra de la discriminaci\u00f3n y no podemos estar esperando a que alguien lo haga. Me da mucho gusto que est\u00e9n trabajando valores como el respeto, si queremos hacer algo, debemos comenzar por respetarnos\u201d, estableci\u00f3 Ar\u00e9valo Rubio.<\/p>\n\n\n\n<p>Agreg\u00f3 que la superaci\u00f3n de una sociedad radica en el trabajo en equipo y que por ello es necesario darse cuenta que \u201ctodos nos necesitamos\u201d para construir un pa\u00eds mejor, adem\u00e1s de trabajar valores positivos en el seno familiar y escolar. La Presidenta del DIF, cerr\u00f3 su participaci\u00f3n con la frase de la Madre Teresa de Calcuta y recalc\u00f3: \u201cEl que no vive para servir, no sirve para vivir\u201d.<\/p>\n\n\n\n<p>Propuestas como ampliar las materias educativas con visi\u00f3n de igualdad e implementar una campa\u00f1a mundial conjunta para dar a conocer y hacer valer los derechos humanos de las personas, fueron parte de las propuestas que Preparatorias de Atizap\u00e1n de Zaragoza, Naucalpan, Nicol\u00e1s Romero y Jilotzingo pusieron sobre la mesa.<\/p>\n\n\n\n<p>Salvador Alejandro Moys\u00e9n Noriega, Supervisor Escolar de la Zona BG028, expres\u00f3 su agradecimiento al alcalde panista Pedro Rodr\u00edguez al facilitar el uso del Sal\u00f3n de Cabildo y con ello simular un verdadero sal\u00f3n de discusiones.<\/p>\n\n\n\n<p>A las y los estudiantes, les dijo que la experiencia que se llevan al representar a pa\u00edses como M\u00e9xico, Estados Unidos, Rusia, Brasil, Sud\u00e1frica, Alemania, China , Catar, Jap\u00f3n y Afganist\u00e1n, les servir\u00e1 para su crecimiento escolar y personal al defender las ideolog\u00edas de estas naciones y llegar a acuerdos.<\/p>\n","protected":false},"excerpt":{"rendered":"<p>*Transforman sal\u00f3n de Cabildo de Atizap\u00e1n en Asamblea General de la ONU. REDACCI\u00d3N. ATIZAP\u00c1N, M\u00e9x.- La presidenta del Sistema DIF, Patricia Ar\u00e9valo Rubio, en representaci\u00f3n del alcalde Pedro Rodr\u00edguez se mostr\u00f3 en contra de la discriminaci\u00f3n hacia las personas. Con la din\u00e1mica de las Escuelas Preparatorias Oficiales con el Modelo de las Naciones Unidas (EPOMUN), [&hellip;]<\/p>\n","protected":false},"author":6,"featured_media":43886,"comment_status":"open","ping_status":"open","sticky":false,"template":"","format":"standard","meta":{"footnotes":""},"categories":[20,4],"tags":[],"class_list":["post-43885","post","type-post","status-publish","format-standard","has-post-thumbnail","hentry","category-atizapan-de-zaragoza","category-locales"],"yoast_head":"<!-- This site is optimized with the Yoast SEO plugin v27.5 - https:\/\/yoast.com\/product\/yoast-seo-wordpress\/ -->\n<title>DIF DE ATIZAP\u00c1N CONTRA LA DISCRIMINACI\u00d3N -<\/title>\n<meta name=\"robots\" content=\"index, follow, max-snippet:-1, max-image-preview:large, max-video-preview:-1\" \/>\n<link rel=\"canonical\" href=\"https:\/\/continuamosmx.com\/index.php\/2023\/06\/12\/dif-de-atizapan-contra-la-discriminacion\/\" \/>\n<meta property=\"og:locale\" content=\"es_ES\" \/>\n<meta property=\"og:type\" content=\"article\" \/>\n<meta property=\"og:title\" content=\"DIF DE ATIZAP\u00c1N CONTRA LA DISCRIMINACI\u00d3N -\" \/>\n<meta property=\"og:description\" content=\"*Transforman sal\u00f3n de Cabildo de Atizap\u00e1n en Asamblea General de la ONU. REDACCI\u00d3N. ATIZAP\u00c1N, M\u00e9x.- La presidenta del Sistema DIF, Patricia Ar\u00e9valo Rubio, en representaci\u00f3n del alcalde Pedro Rodr\u00edguez se mostr\u00f3 en contra de la discriminaci\u00f3n hacia las personas. Con la din\u00e1mica de las Escuelas Preparatorias Oficiales con el Modelo de las Naciones Unidas (EPOMUN), [&hellip;]\" \/>\n<meta property=\"og:url\" content=\"https:\/\/continuamosmx.com\/index.php\/2023\/06\/12\/dif-de-atizapan-contra-la-discriminacion\/\" \/>\n<meta property=\"article:published_time\" content=\"2023-06-12T07:44:03+00:00\" \/>\n<meta property=\"og:image\" content=\"https:\/\/continuamosmx.com\/wp-content\/uploads\/2023\/06\/ATI.jpg\" \/>\n\t<meta property=\"og:image:width\" content=\"1024\" \/>\n\t<meta property=\"og:image:height\" content=\"609\" \/>\n\t<meta property=\"og:image:type\" content=\"image\/jpeg\" \/>\n<meta name=\"author\" content=\"Continuamos MX\" \/>\n<meta name=\"twitter:card\" content=\"summary_large_image\" \/>\n<meta name=\"twitter:label1\" content=\"Escrito por\" \/>\n\t<meta name=\"twitter:data1\" content=\"Continuamos MX\" \/>\n\t<meta name=\"twitter:label2\" content=\"Tiempo de lectura\" \/>\n\t<meta name=\"twitter:data2\" content=\"2 minutos\" \/>\n<script type=\"application\/ld+json\" class=\"yoast-schema-graph\">{\"@context\":\"https:\\\/\\\/schema.org\",\"@graph\":[{\"@type\":\"Article\",\"@id\":\"https:\\\/\\\/continuamosmx.com\\\/index.php\\\/2023\\\/06\\\/12\\\/dif-de-atizapan-contra-la-discriminacion\\\/#article\",\"isPartOf\":{\"@id\":\"https:\\\/\\\/continuamosmx.com\\\/index.php\\\/2023\\\/06\\\/12\\\/dif-de-atizapan-contra-la-discriminacion\\\/\"},\"author\":{\"name\":\"Continuamos MX\",\"@id\":\"https:\\\/\\\/continuamosmx.com\\\/#\\\/schema\\\/person\\\/5eb5356acb1fad784da407d14f0e8d89\"},\"headline\":\"DIF DE ATIZAP\u00c1N CONTRA LA DISCRIMINACI\u00d3N\",\"datePublished\":\"2023-06-12T07:44:03+00:00\",\"mainEntityOfPage\":{\"@id\":\"https:\\\/\\\/continuamosmx.com\\\/index.php\\\/2023\\\/06\\\/12\\\/dif-de-atizapan-contra-la-discriminacion\\\/\"},\"wordCount\":412,\"commentCount\":0,\"publisher\":{\"@id\":\"https:\\\/\\\/continuamosmx.com\\\/#organization\"},\"image\":{\"@id\":\"https:\\\/\\\/continuamosmx.com\\\/index.php\\\/2023\\\/06\\\/12\\\/dif-de-atizapan-contra-la-discriminacion\\\/#primaryimage\"},\"thumbnailUrl\":\"https:\\\/\\\/continuamosmx.com\\\/wp-content\\\/uploads\\\/2023\\\/06\\\/ATI.jpg\",\"articleSection\":[\"ATIZAPAN DE ZARAGOZA\",\"LOCALES\"],\"inLanguage\":\"es\"},{\"@type\":\"WebPage\",\"@id\":\"https:\\\/\\\/continuamosmx.com\\\/index.php\\\/2023\\\/06\\\/12\\\/dif-de-atizapan-contra-la-discriminacion\\\/\",\"url\":\"https:\\\/\\\/continuamosmx.com\\\/index.php\\\/2023\\\/06\\\/12\\\/dif-de-atizapan-contra-la-discriminacion\\\/\",\"name\":\"DIF DE ATIZAP\u00c1N CONTRA LA DISCRIMINACI\u00d3N -\",\"isPartOf\":{\"@id\":\"https:\\\/\\\/continuamosmx.com\\\/#website\"},\"primaryImageOfPage\":{\"@id\":\"https:\\\/\\\/continuamosmx.com\\\/index.php\\\/2023\\\/06\\\/12\\\/dif-de-atizapan-contra-la-discriminacion\\\/#primaryimage\"},\"image\":{\"@id\":\"https:\\\/\\\/continuamosmx.com\\\/index.php\\\/2023\\\/06\\\/12\\\/dif-de-atizapan-contra-la-discriminacion\\\/#primaryimage\"},\"thumbnailUrl\":\"https:\\\/\\\/continuamosmx.com\\\/wp-content\\\/uploads\\\/2023\\\/06\\\/ATI.jpg\",\"datePublished\":\"2023-06-12T07:44:03+00:00\",\"breadcrumb\":{\"@id\":\"https:\\\/\\\/continuamosmx.com\\\/index.php\\\/2023\\\/06\\\/12\\\/dif-de-atizapan-contra-la-discriminacion\\\/#breadcrumb\"},\"inLanguage\":\"es\",\"potentialAction\":[{\"@type\":\"ReadAction\",\"target\":[\"https:\\\/\\\/continuamosmx.com\\\/index.php\\\/2023\\\/06\\\/12\\\/dif-de-atizapan-contra-la-discriminacion\\\/\"]}]},{\"@type\":\"ImageObject\",\"inLanguage\":\"es\",\"@id\":\"https:\\\/\\\/continuamosmx.com\\\/index.php\\\/2023\\\/06\\\/12\\\/dif-de-atizapan-contra-la-discriminacion\\\/#primaryimage\",\"url\":\"https:\\\/\\\/continuamosmx.com\\\/wp-content\\\/uploads\\\/2023\\\/06\\\/ATI.jpg\",\"contentUrl\":\"https:\\\/\\\/continuamosmx.com\\\/wp-content\\\/uploads\\\/2023\\\/06\\\/ATI.jpg\",\"width\":1024,\"height\":609},{\"@type\":\"BreadcrumbList\",\"@id\":\"https:\\\/\\\/continuamosmx.com\\\/index.php\\\/2023\\\/06\\\/12\\\/dif-de-atizapan-contra-la-discriminacion\\\/#breadcrumb\",\"itemListElement\":[{\"@type\":\"ListItem\",\"position\":1,\"name\":\"Inicio\",\"item\":\"https:\\\/\\\/continuamosmx.com\\\/\"},{\"@type\":\"ListItem\",\"position\":2,\"name\":\"DIF DE ATIZAP\u00c1N CONTRA LA DISCRIMINACI\u00d3N\"}]},{\"@type\":\"WebSite\",\"@id\":\"https:\\\/\\\/continuamosmx.com\\\/#website\",\"url\":\"https:\\\/\\\/continuamosmx.com\\\/\",\"name\":\"www.continuamosmx.com\",\"description\":\"\",\"publisher\":{\"@id\":\"https:\\\/\\\/continuamosmx.com\\\/#organization\"},\"potentialAction\":[{\"@type\":\"SearchAction\",\"target\":{\"@type\":\"EntryPoint\",\"urlTemplate\":\"https:\\\/\\\/continuamosmx.com\\\/?s={search_term_string}\"},\"query-input\":{\"@type\":\"PropertyValueSpecification\",\"valueRequired\":true,\"valueName\":\"search_term_string\"}}],\"inLanguage\":\"es\"},{\"@type\":\"Organization\",\"@id\":\"https:\\\/\\\/continuamosmx.com\\\/#organization\",\"name\":\"ContinuamosMX\",\"url\":\"https:\\\/\\\/continuamosmx.com\\\/\",\"logo\":{\"@type\":\"ImageObject\",\"inLanguage\":\"es\",\"@id\":\"https:\\\/\\\/continuamosmx.com\\\/#\\\/schema\\\/logo\\\/image\\\/\",\"url\":\"https:\\\/\\\/continuamosmx.com\\\/wp-content\\\/uploads\\\/2023\\\/04\\\/cropped-LOGO-CONTI-NUEVO.png\",\"contentUrl\":\"https:\\\/\\\/continuamosmx.com\\\/wp-content\\\/uploads\\\/2023\\\/04\\\/cropped-LOGO-CONTI-NUEVO.png\",\"width\":1257,\"height\":430,\"caption\":\"ContinuamosMX\"},\"image\":{\"@id\":\"https:\\\/\\\/continuamosmx.com\\\/#\\\/schema\\\/logo\\\/image\\\/\"}},{\"@type\":\"Person\",\"@id\":\"https:\\\/\\\/continuamosmx.com\\\/#\\\/schema\\\/person\\\/5eb5356acb1fad784da407d14f0e8d89\",\"name\":\"Continuamos MX\",\"image\":{\"@type\":\"ImageObject\",\"inLanguage\":\"es\",\"@id\":\"https:\\\/\\\/secure.gravatar.com\\\/avatar\\\/30d4f9723476a15f4da34d35fb3501f08d2357016c76051c6a85c354c7489589?s=96&d=mm&r=g\",\"url\":\"https:\\\/\\\/secure.gravatar.com\\\/avatar\\\/30d4f9723476a15f4da34d35fb3501f08d2357016c76051c6a85c354c7489589?s=96&d=mm&r=g\",\"contentUrl\":\"https:\\\/\\\/secure.gravatar.com\\\/avatar\\\/30d4f9723476a15f4da34d35fb3501f08d2357016c76051c6a85c354c7489589?s=96&d=mm&r=g\",\"caption\":\"Continuamos MX\"},\"sameAs\":[\"http:\\\/\\\/www.continuamos.mx\"],\"url\":\"https:\\\/\\\/continuamosmx.com\\\/index.php\\\/author\\\/continuamos\\\/\"}]}<\/script>\n<!-- \/ Yoast SEO plugin. -->","yoast_head_json":{"title":"DIF DE ATIZAP\u00c1N CONTRA LA DISCRIMINACI\u00d3N -","robots":{"index":"index","follow":"follow","max-snippet":"max-snippet:-1","max-image-preview":"max-image-preview:large","max-video-preview":"max-video-preview:-1"},"canonical":"https:\/\/continuamosmx.com\/index.php\/2023\/06\/12\/dif-de-atizapan-contra-la-discriminacion\/","og_locale":"es_ES","og_type":"article","og_title":"DIF DE ATIZAP\u00c1N CONTRA LA DISCRIMINACI\u00d3N -","og_description":"*Transforman sal\u00f3n de Cabildo de Atizap\u00e1n en Asamblea General de la ONU. REDACCI\u00d3N. ATIZAP\u00c1N, M\u00e9x.- La presidenta del Sistema DIF, Patricia Ar\u00e9valo Rubio, en representaci\u00f3n del alcalde Pedro Rodr\u00edguez se mostr\u00f3 en contra de la discriminaci\u00f3n hacia las personas. Con la din\u00e1mica de las Escuelas Preparatorias Oficiales con el Modelo de las Naciones Unidas (EPOMUN), [&hellip;]","og_url":"https:\/\/continuamosmx.com\/index.php\/2023\/06\/12\/dif-de-atizapan-contra-la-discriminacion\/","article_published_time":"2023-06-12T07:44:03+00:00","og_image":[{"width":1024,"height":609,"url":"https:\/\/continuamosmx.com\/wp-content\/uploads\/2023\/06\/ATI.jpg","type":"image\/jpeg"}],"author":"Continuamos MX","twitter_card":"summary_large_image","twitter_misc":{"Escrito por":"Continuamos MX","Tiempo de lectura":"2 minutos"},"schema":{"@context":"https:\/\/schema.org","@graph":[{"@type":"Article","@id":"https:\/\/continuamosmx.com\/index.php\/2023\/06\/12\/dif-de-atizapan-contra-la-discriminacion\/#article","isPartOf":{"@id":"https:\/\/continuamosmx.com\/index.php\/2023\/06\/12\/dif-de-atizapan-contra-la-discriminacion\/"},"author":{"name":"Continuamos MX","@id":"https:\/\/continuamosmx.com\/#\/schema\/person\/5eb5356acb1fad784da407d14f0e8d89"},"headline":"DIF DE ATIZAP\u00c1N CONTRA LA DISCRIMINACI\u00d3N","datePublished":"2023-06-12T07:44:03+00:00","mainEntityOfPage":{"@id":"https:\/\/continuamosmx.com\/index.php\/2023\/06\/12\/dif-de-atizapan-contra-la-discriminacion\/"},"wordCount":412,"commentCount":0,"publisher":{"@id":"https:\/\/continuamosmx.com\/#organization"},"image":{"@id":"https:\/\/continuamosmx.com\/index.php\/2023\/06\/12\/dif-de-atizapan-contra-la-discriminacion\/#primaryimage"},"thumbnailUrl":"https:\/\/continuamosmx.com\/wp-content\/uploads\/2023\/06\/ATI.jpg","articleSection":["ATIZAPAN DE ZARAGOZA","LOCALES"],"inLanguage":"es"},{"@type":"WebPage","@id":"https:\/\/continuamosmx.com\/index.php\/2023\/06\/12\/dif-de-atizapan-contra-la-discriminacion\/","url":"https:\/\/continuamosmx.com\/index.php\/2023\/06\/12\/dif-de-atizapan-contra-la-discriminacion\/","name":"DIF DE ATIZAP\u00c1N CONTRA LA DISCRIMINACI\u00d3N -","isPartOf":{"@id":"https:\/\/continuamosmx.com\/#website"},"primaryImageOfPage":{"@id":"https:\/\/continuamosmx.com\/index.php\/2023\/06\/12\/dif-de-atizapan-contra-la-discriminacion\/#primaryimage"},"image":{"@id":"https:\/\/continuamosmx.com\/index.php\/2023\/06\/12\/dif-de-atizapan-contra-la-discriminacion\/#primaryimage"},"thumbnailUrl":"https:\/\/continuamosmx.com\/wp-content\/uploads\/2023\/06\/ATI.jpg","datePublished":"2023-06-12T07:44:03+00:00","breadcrumb":{"@id":"https:\/\/continuamosmx.com\/index.php\/2023\/06\/12\/dif-de-atizapan-contra-la-discriminacion\/#breadcrumb"},"inLanguage":"es","potentialAction":[{"@type":"ReadAction","target":["https:\/\/continuamosmx.com\/index.php\/2023\/06\/12\/dif-de-atizapan-contra-la-discriminacion\/"]}]},{"@type":"ImageObject","inLanguage":"es","@id":"https:\/\/continuamosmx.com\/index.php\/2023\/06\/12\/dif-de-atizapan-contra-la-discriminacion\/#primaryimage","url":"https:\/\/continuamosmx.com\/wp-content\/uploads\/2023\/06\/ATI.jpg","contentUrl":"https:\/\/continuamosmx.com\/wp-content\/uploads\/2023\/06\/ATI.jpg","width":1024,"height":609},{"@type":"BreadcrumbList","@id":"https:\/\/continuamosmx.com\/index.php\/2023\/06\/12\/dif-de-atizapan-contra-la-discriminacion\/#breadcrumb","itemListElement":[{"@type":"ListItem","position":1,"name":"Inicio","item":"https:\/\/continuamosmx.com\/"},{"@type":"ListItem","position":2,"name":"DIF DE ATIZAP\u00c1N CONTRA LA DISCRIMINACI\u00d3N"}]},{"@type":"WebSite","@id":"https:\/\/continuamosmx.com\/#website","url":"https:\/\/continuamosmx.com\/","name":"www.continuamosmx.com","description":"","publisher":{"@id":"https:\/\/continuamosmx.com\/#organization"},"potentialAction":[{"@type":"SearchAction","target":{"@type":"EntryPoint","urlTemplate":"https:\/\/continuamosmx.com\/?s={search_term_string}"},"query-input":{"@type":"PropertyValueSpecification","valueRequired":true,"valueName":"search_term_string"}}],"inLanguage":"es"},{"@type":"Organization","@id":"https:\/\/continuamosmx.com\/#organization","name":"ContinuamosMX","url":"https:\/\/continuamosmx.com\/","logo":{"@type":"ImageObject","inLanguage":"es","@id":"https:\/\/continuamosmx.com\/#\/schema\/logo\/image\/","url":"https:\/\/continuamosmx.com\/wp-content\/uploads\/2023\/04\/cropped-LOGO-CONTI-NUEVO.png","contentUrl":"https:\/\/continuamosmx.com\/wp-content\/uploads\/2023\/04\/cropped-LOGO-CONTI-NUEVO.png","width":1257,"height":430,"caption":"ContinuamosMX"},"image":{"@id":"https:\/\/continuamosmx.com\/#\/schema\/logo\/image\/"}},{"@type":"Person","@id":"https:\/\/continuamosmx.com\/#\/schema\/person\/5eb5356acb1fad784da407d14f0e8d89","name":"Continuamos MX","image":{"@type":"ImageObject","inLanguage":"es","@id":"https:\/\/secure.gravatar.com\/avatar\/30d4f9723476a15f4da34d35fb3501f08d2357016c76051c6a85c354c7489589?s=96&d=mm&r=g","url":"https:\/\/secure.gravatar.com\/avatar\/30d4f9723476a15f4da34d35fb3501f08d2357016c76051c6a85c354c7489589?s=96&d=mm&r=g","contentUrl":"https:\/\/secure.gravatar.com\/avatar\/30d4f9723476a15f4da34d35fb3501f08d2357016c76051c6a85c354c7489589?s=96&d=mm&r=g","caption":"Continuamos MX"},"sameAs":["http:\/\/www.continuamos.mx"],"url":"https:\/\/continuamosmx.com\/index.php\/author\/continuamos\/"}]}},"_links":{"self":[{"href":"https:\/\/continuamosmx.com\/index.php\/wp-json\/wp\/v2\/posts\/43885","targetHints":{"allow":["GET"]}}],"collection":[{"href":"https:\/\/continuamosmx.com\/index.php\/wp-json\/wp\/v2\/posts"}],"about":[{"href":"https:\/\/continuamosmx.com\/index.php\/wp-json\/wp\/v2\/types\/post"}],"author":[{"embeddable":true,"href":"https:\/\/continuamosmx.com\/index.php\/wp-json\/wp\/v2\/users\/6"}],"replies":[{"embeddable":true,"href":"https:\/\/continuamosmx.com\/index.php\/wp-json\/wp\/v2\/comments?post=43885"}],"version-history":[{"count":1,"href":"https:\/\/continuamosmx.com\/index.php\/wp-json\/wp\/v2\/posts\/43885\/revisions"}],"predecessor-version":[{"id":43887,"href":"https:\/\/continuamosmx.com\/index.php\/wp-json\/wp\/v2\/posts\/43885\/revisions\/43887"}],"wp:featuredmedia":[{"embeddable":true,"href":"https:\/\/continuamosmx.com\/index.php\/wp-json\/wp\/v2\/media\/43886"}],"wp:attachment":[{"href":"https:\/\/continuamosmx.com\/index.php\/wp-json\/wp\/v2\/media?parent=43885"}],"wp:term":[{"taxonomy":"category","embeddable":true,"href":"https:\/\/continuamosmx.com\/index.php\/wp-json\/wp\/v2\/categories?post=43885"},{"taxonomy":"post_tag","embeddable":true,"href":"https:\/\/continuamosmx.com\/index.php\/wp-json\/wp\/v2\/tags?post=43885"}],"curies":[{"name":"wp","href":"https:\/\/api.w.org\/{rel}","templated":true}]}}